{"id":176659,"date":"2018-11-07T09:41:15","date_gmt":"2018-11-07T11:41:15","guid":{"rendered":"http:\/\/franciscanos.org.br\/?p=176659"},"modified":"2020-06-06T16:46:40","modified_gmt":"2020-06-06T19:46:40","slug":"franciscano-e-nomeado-arcebispo-de-vitoria-es","status":"publish","type":"post","link":"https:\/\/franciscanos.org.br\/noticias\/franciscano-e-nomeado-arcebispo-de-vitoria-es.html","title":{"rendered":"Franciscano \u00e9 nomeado Arcebispo de Vit\u00f3ria"},"content":{"rendered":"<p><img loading=\"lazy\" class=\"alignright wp-image-176660\" src=\"http:\/\/franciscanos.org.br\/wp-content\/uploads\/2018\/11\/dario_071118-2.jpg\" alt=\"dario_071118 2\" width=\"400\" height=\"600\" \/>Dom Frei Dario Campos, OFM; \u00e9 o novo Arcebispo da Arquidiocese de Vit\u00f3ria do Esp\u00edrito Santo. Ele foi nomeado hoje, 7 de novembro, pelo Papa Francisco e sucede a Dom Luiz Mancilha Vilela cuja ren\u00fancia foi aceita pelo Papa nesta mesma data. A posse ser\u00e1 no dia 5 de janeiro, \u00e0s 10h, na Catedral Metropolitana de Vit\u00f3ria.<\/p>\n<p>Dom Dario \u00e9 Capixaba, nascido em Castelo no dia 9 de junho de 1948. \u00c9 franciscano da Ordem dos Frades Menores. Fez profiss\u00e3o religiosa em 10 de janeiro de 1975 e foi ordenado sacerdote em 8 de dezembro de 1977. Sua ordena\u00e7\u00e3o episcopal foi em 26 de setembro de 2000, em Belo Horizonte (MG), ap\u00f3s ser nomeado bispo coadjutor de Ara\u00e7ua\u00ed (MG). Dom Dario tornou-se bispo titular em 2001, permanecendo at\u00e9 2004 na diocese do Norte de Minas, quando foi nomeado bispo de Leopoldina (MG). Neste per\u00edodo, foi membro do Conselho Episcopal de Pastoral do regional Leste 2 da Confer\u00eancia Nacional dos Bispos do Brasil (CNBB) e respons\u00e1vel pelo Setor Voca\u00e7\u00f5es e Minist\u00e9rios (2002 a 2006) e pelos Presbit\u00e9rios do regional, al\u00e9m do Setor de Anima\u00e7\u00e3o Vocacional (2006 a 2010).<\/p>\n<p>Dom Dario tomou posse na diocese de Cachoeiro de Itapemirim no dia 10 de julho de 2011. Seu lema episcopal \u00e9 \u201cNas tuas M\u00e3os\u201d.<\/p>\n<p>Em\u00a0carta, <strong><a href=\"http:\/\/aves.org.br\/publicacao\/carta-de-dom-dario-arcebispo-eleito-da-arquidiocese-de-vitoria-ao-povo\" target=\"_blank\" rel=\"noopener noreferrer\">divulgada no site da Arquidiocese de Vit\u00f3ria<\/a><\/strong>, o novo Arcebispo afirmou:<\/p>\n<p>&#8220;Venho com humildade, colocar-me \u00e0 servi\u00e7o da Igreja, a fim de somar for\u00e7as e contribuir, para que esse caminho continue sendo trilhado, na Alegria do Evangelho. Nesses \u00faltimos anos, presente no Estado do Esp\u00edrito Santo, mesmo de longe, pude reconhecer as muitas For\u00e7as Vivas da gra\u00e7a de Deus espalhadas por todos os lugares da Arquidiocese, sinais do Reino que desejo conhecer, ajudar a crescer e promover a constru\u00e7\u00e3o de novos espa\u00e7os. Sobretudo, aceno para o fato de a Arquidiocese ser uma Igreja de Comunidades Eclesiais de Base, sinais claros de uma Igreja em Sa\u00edda, que toca as realidades e as vidas das fam\u00edlias, principalmente, daquelas em situa\u00e7\u00e3o de dificuldades, viol\u00eancia e mis\u00e9ria. De fato, \u00e9 a partir de nossas CEB\u00b4s que nascem verdadeiros crist\u00e3os e crist\u00e3s, disc\u00edpulos mission\u00e1rios, formados pela escuta da Palavra e pelo alimento da Eucaristia, capazes de fazer a diferen\u00e7a em todos os \u00e2mbitos da sociedade, desde a participa\u00e7\u00e3o na vida p\u00fablica at\u00e9 a defesa da vida e da natureza&#8221;.<\/p>\n<p>No site da CNBB, Dom Leonardo Ulrich Steiner,\u00a0Secret\u00e1rio Geral da CNBB,<a href=\"http:\/\/www.cnbb.org.br\/papa-francisco-nomeia-arcebispo-para-a-arquidiocese-de-vitoria-do-espirito-santo\/\" target=\"_blank\" rel=\"noopener noreferrer\"><strong> divulgou uma nota saudando Dom Dario<\/strong><\/a>:<\/p>\n<p>&#8220;Agradecemos a Deus a caminhada episcopal de dom Dario na diocese de Cachoeiro de Itapemerim (ES) e, em comunh\u00e3o com as comunidades da diocese, desejamos um minist\u00e9rio episcopal fecundo na ton\u00e2ncia da alegria do Evangelho, na unidade e partilha fraterna com o Povo que o espera na Arquidiocese de Vit\u00f3ria. Nossa Senhora da Vit\u00f3ria, padroeira da Arquidiocese, o acompanhe no seu minist\u00e9rio episcopal&#8221;.<\/p>\n<hr \/>\n<p>Fonte: <a href=\"http:\/\/www.cnbb.org.br\/papa-francisco-nomeia-arcebispo-para-a-arquidiocese-de-vitoria-do-espirito-santo\/\" target=\"_blank\" rel=\"noopener noreferrer\">CNBB <\/a>e <a href=\"http:\/\/aves.org.br\/noticia\/dom-dario-campos-e-o-novo-arcebispo-de-vitoria\" target=\"_blank\" rel=\"noopener noreferrer\">Arquidiocese de Vit\u00f3ria<\/a><\/p>\n","protected":false},"excerpt":{"rendered":"<p>Nomea\u00e7\u00e3o do Papa Francisco<\/p>\n","protected":false},"author":1,"featured_media":191007,"comment_status":"open","ping_status":"open","sticky":false,"template":"","format":"standard","meta":[],"categories":[1],"tags":[1635],"acf":[],"yoast_head":"<!-- This site is optimized with the Yoast SEO plugin v19.2 - https:\/\/yoast.com\/wordpress\/plugins\/seo\/ -->\n<title>Franciscano \u00e9 nomeado Arcebispo de Vit\u00f3ria - Not\u00edcias - Franciscanos<\/title>\n<meta name=\"robots\" content=\"index, follow, max-snippet:-1, max-image-preview:large, max-video-preview:-1\" \/>\n<link rel=\"canonical\" href=\"https:\/\/franciscanos.org.br\/noticias\/franciscano-e-nomeado-arcebispo-de-vitoria-es.html\" \/>\n<meta property=\"og:locale\" content=\"pt_BR\" \/>\n<meta property=\"og:type\" content=\"article\" \/>\n<meta property=\"og:title\" content=\"Franciscano \u00e9 nomeado Arcebispo de Vit\u00f3ria - Not\u00edcias - Franciscanos\" \/>\n<meta property=\"og:description\" content=\"Nomea\u00e7\u00e3o do Papa Francisco\" \/>\n<meta property=\"og:url\" content=\"https:\/\/franciscanos.org.br\/noticias\/franciscano-e-nomeado-arcebispo-de-vitoria-es.html\" \/>\n<meta property=\"og:site_name\" content=\"Not\u00edcias - Franciscanos\" \/>\n<meta property=\"article:published_time\" content=\"2018-11-07T11:41:15+00:00\" \/>\n<meta property=\"article:modified_time\" content=\"2020-06-06T19:46:40+00:00\" \/>\n<meta property=\"og:image\" content=\"https:\/\/franciscanos.org.br\/noticias\/wp-content\/uploads\/2018\/11\/dario_071118-2-1.jpg\" \/>\n\t<meta property=\"og:image:width\" content=\"273\" \/>\n\t<meta property=\"og:image:height\" content=\"181\" \/>\n\t<meta property=\"og:image:type\" content=\"image\/jpeg\" \/>\n<meta name=\"author\" content=\"admin\" \/>\n<meta name=\"twitter:card\" content=\"summary_large_image\" \/>\n<meta name=\"twitter:label1\" content=\"Escrito por\" \/>\n\t<meta name=\"twitter:data1\" content=\"admin\" \/>\n\t<meta name=\"twitter:label2\" content=\"Est. tempo de leitura\" \/>\n\t<meta name=\"twitter:data2\" content=\"2 minutos\" \/>\n<script type=\"application\/ld+json\" class=\"yoast-schema-graph\">{\"@context\":\"https:\/\/schema.org\",\"@graph\":[{\"@type\":\"WebSite\",\"@id\":\"https:\/\/franciscanos.org.br\/noticias\/#website\",\"url\":\"https:\/\/franciscanos.org.br\/noticias\/\",\"name\":\"Not\u00edcias - Franciscanos\",\"description\":\"Prov\u00edncia Franciscana da Imaculada Concei\u00e7\u00e3o do Brasil - Ordem dos Frades Menores - OFM\",\"potentialAction\":[{\"@type\":\"SearchAction\",\"target\":{\"@type\":\"EntryPoint\",\"urlTemplate\":\"https:\/\/franciscanos.org.br\/noticias\/?s={search_term_string}\"},\"query-input\":\"required name=search_term_string\"}],\"inLanguage\":\"pt-BR\"},{\"@type\":\"ImageObject\",\"inLanguage\":\"pt-BR\",\"@id\":\"https:\/\/franciscanos.org.br\/noticias\/franciscano-e-nomeado-arcebispo-de-vitoria-es.html#primaryimage\",\"url\":\"https:\/\/franciscanos.org.br\/noticias\/wp-content\/uploads\/2018\/11\/dario_071118-2-1.jpg\",\"contentUrl\":\"https:\/\/franciscanos.org.br\/noticias\/wp-content\/uploads\/2018\/11\/dario_071118-2-1.jpg\",\"width\":273,\"height\":181},{\"@type\":\"WebPage\",\"@id\":\"https:\/\/franciscanos.org.br\/noticias\/franciscano-e-nomeado-arcebispo-de-vitoria-es.html#webpage\",\"url\":\"https:\/\/franciscanos.org.br\/noticias\/franciscano-e-nomeado-arcebispo-de-vitoria-es.html\",\"name\":\"Franciscano \u00e9 nomeado Arcebispo de Vit\u00f3ria - Not\u00edcias - Franciscanos\",\"isPartOf\":{\"@id\":\"https:\/\/franciscanos.org.br\/noticias\/#website\"},\"primaryImageOfPage\":{\"@id\":\"https:\/\/franciscanos.org.br\/noticias\/franciscano-e-nomeado-arcebispo-de-vitoria-es.html#primaryimage\"},\"datePublished\":\"2018-11-07T11:41:15+00:00\",\"dateModified\":\"2020-06-06T19:46:40+00:00\",\"author\":{\"@id\":\"https:\/\/franciscanos.org.br\/noticias\/#\/schema\/person\/b38fbf43118f02820bd932f2e4b14ad3\"},\"breadcrumb\":{\"@id\":\"https:\/\/franciscanos.org.br\/noticias\/franciscano-e-nomeado-arcebispo-de-vitoria-es.html#breadcrumb\"},\"inLanguage\":\"pt-BR\",\"potentialAction\":[{\"@type\":\"ReadAction\",\"target\":[\"https:\/\/franciscanos.org.br\/noticias\/franciscano-e-nomeado-arcebispo-de-vitoria-es.html\"]}]},{\"@type\":\"BreadcrumbList\",\"@id\":\"https:\/\/franciscanos.org.br\/noticias\/franciscano-e-nomeado-arcebispo-de-vitoria-es.html#breadcrumb\",\"itemListElement\":[{\"@type\":\"ListItem\",\"position\":1,\"name\":\"Home\",\"item\":\"https:\/\/franciscanos.org.br\/noticias\"},{\"@type\":\"ListItem\",\"position\":2,\"name\":\"Franciscano \u00e9 nomeado Arcebispo de Vit\u00f3ria\"}]},{\"@type\":\"Person\",\"@id\":\"https:\/\/franciscanos.org.br\/noticias\/#\/schema\/person\/b38fbf43118f02820bd932f2e4b14ad3\",\"name\":\"admin\",\"image\":{\"@type\":\"ImageObject\",\"inLanguage\":\"pt-BR\",\"@id\":\"https:\/\/franciscanos.org.br\/noticias\/#\/schema\/person\/image\/\",\"url\":\"https:\/\/secure.gravatar.com\/avatar\/e8495742d34d0ba6448ea1c628263b3e?s=96&d=mm&r=g\",\"contentUrl\":\"https:\/\/secure.gravatar.com\/avatar\/e8495742d34d0ba6448ea1c628263b3e?s=96&d=mm&r=g\",\"caption\":\"admin\"},\"url\":\"https:\/\/franciscanos.org.br\/noticias\/author\/admin\"}]}<\/script>\n<!-- \/ Yoast SEO plugin. -->","yoast_head_json":{"title":"Franciscano \u00e9 nomeado Arcebispo de Vit\u00f3ria - Not\u00edcias - Franciscanos","robots":{"index":"index","follow":"follow","max-snippet":"max-snippet:-1","max-image-preview":"max-image-preview:large","max-video-preview":"max-video-preview:-1"},"canonical":"https:\/\/franciscanos.org.br\/noticias\/franciscano-e-nomeado-arcebispo-de-vitoria-es.html","og_locale":"pt_BR","og_type":"article","og_title":"Franciscano \u00e9 nomeado Arcebispo de Vit\u00f3ria - Not\u00edcias - Franciscanos","og_description":"Nomea\u00e7\u00e3o do Papa Francisco","og_url":"https:\/\/franciscanos.org.br\/noticias\/franciscano-e-nomeado-arcebispo-de-vitoria-es.html","og_site_name":"Not\u00edcias - Franciscanos","article_published_time":"2018-11-07T11:41:15+00:00","article_modified_time":"2020-06-06T19:46:40+00:00","og_image":[{"width":273,"height":181,"url":"https:\/\/franciscanos.org.br\/noticias\/wp-content\/uploads\/2018\/11\/dario_071118-2-1.jpg","type":"image\/jpeg"}],"author":"admin","twitter_card":"summary_large_image","twitter_misc":{"Escrito por":"admin","Est. tempo de leitura":"2 minutos"},"schema":{"@context":"https:\/\/schema.org","@graph":[{"@type":"WebSite","@id":"https:\/\/franciscanos.org.br\/noticias\/#website","url":"https:\/\/franciscanos.org.br\/noticias\/","name":"Not\u00edcias - Franciscanos","description":"Prov\u00edncia Franciscana da Imaculada Concei\u00e7\u00e3o do Brasil - Ordem dos Frades Menores - OFM","potentialAction":[{"@type":"SearchAction","target":{"@type":"EntryPoint","urlTemplate":"https:\/\/franciscanos.org.br\/noticias\/?s={search_term_string}"},"query-input":"required name=search_term_string"}],"inLanguage":"pt-BR"},{"@type":"ImageObject","inLanguage":"pt-BR","@id":"https:\/\/franciscanos.org.br\/noticias\/franciscano-e-nomeado-arcebispo-de-vitoria-es.html#primaryimage","url":"https:\/\/franciscanos.org.br\/noticias\/wp-content\/uploads\/2018\/11\/dario_071118-2-1.jpg","contentUrl":"https:\/\/franciscanos.org.br\/noticias\/wp-content\/uploads\/2018\/11\/dario_071118-2-1.jpg","width":273,"height":181},{"@type":"WebPage","@id":"https:\/\/franciscanos.org.br\/noticias\/franciscano-e-nomeado-arcebispo-de-vitoria-es.html#webpage","url":"https:\/\/franciscanos.org.br\/noticias\/franciscano-e-nomeado-arcebispo-de-vitoria-es.html","name":"Franciscano \u00e9 nomeado Arcebispo de Vit\u00f3ria - Not\u00edcias - Franciscanos","isPartOf":{"@id":"https:\/\/franciscanos.org.br\/noticias\/#website"},"primaryImageOfPage":{"@id":"https:\/\/franciscanos.org.br\/noticias\/franciscano-e-nomeado-arcebispo-de-vitoria-es.html#primaryimage"},"datePublished":"2018-11-07T11:41:15+00:00","dateModified":"2020-06-06T19:46:40+00:00","author":{"@id":"https:\/\/franciscanos.org.br\/noticias\/#\/schema\/person\/b38fbf43118f02820bd932f2e4b14ad3"},"breadcrumb":{"@id":"https:\/\/franciscanos.org.br\/noticias\/franciscano-e-nomeado-arcebispo-de-vitoria-es.html#breadcrumb"},"inLanguage":"pt-BR","potentialAction":[{"@type":"ReadAction","target":["https:\/\/franciscanos.org.br\/noticias\/franciscano-e-nomeado-arcebispo-de-vitoria-es.html"]}]},{"@type":"BreadcrumbList","@id":"https:\/\/franciscanos.org.br\/noticias\/franciscano-e-nomeado-arcebispo-de-vitoria-es.html#breadcrumb","itemListElement":[{"@type":"ListItem","position":1,"name":"Home","item":"https:\/\/franciscanos.org.br\/noticias"},{"@type":"ListItem","position":2,"name":"Franciscano \u00e9 nomeado Arcebispo de Vit\u00f3ria"}]},{"@type":"Person","@id":"https:\/\/franciscanos.org.br\/noticias\/#\/schema\/person\/b38fbf43118f02820bd932f2e4b14ad3","name":"admin","image":{"@type":"ImageObject","inLanguage":"pt-BR","@id":"https:\/\/franciscanos.org.br\/noticias\/#\/schema\/person\/image\/","url":"https:\/\/secure.gravatar.com\/avatar\/e8495742d34d0ba6448ea1c628263b3e?s=96&d=mm&r=g","contentUrl":"https:\/\/secure.gravatar.com\/avatar\/e8495742d34d0ba6448ea1c628263b3e?s=96&d=mm&r=g","caption":"admin"},"url":"https:\/\/franciscanos.org.br\/noticias\/author\/admin"}]}},"_links":{"self":[{"href":"https:\/\/franciscanos.org.br\/noticias\/wp-json\/wp\/v2\/posts\/176659"}],"collection":[{"href":"https:\/\/franciscanos.org.br\/noticias\/wp-json\/wp\/v2\/posts"}],"about":[{"href":"https:\/\/franciscanos.org.br\/noticias\/wp-json\/wp\/v2\/types\/post"}],"author":[{"embeddable":true,"href":"https:\/\/franciscanos.org.br\/noticias\/wp-json\/wp\/v2\/users\/1"}],"replies":[{"embeddable":true,"href":"https:\/\/franciscanos.org.br\/noticias\/wp-json\/wp\/v2\/comments?post=176659"}],"version-history":[{"count":1,"href":"https:\/\/franciscanos.org.br\/noticias\/wp-json\/wp\/v2\/posts\/176659\/revisions"}],"predecessor-version":[{"id":224703,"href":"https:\/\/franciscanos.org.br\/noticias\/wp-json\/wp\/v2\/posts\/176659\/revisions\/224703"}],"wp:featuredmedia":[{"embeddable":true,"href":"https:\/\/franciscanos.org.br\/noticias\/wp-json\/wp\/v2\/media\/191007"}],"wp:attachment":[{"href":"https:\/\/franciscanos.org.br\/noticias\/wp-json\/wp\/v2\/media?parent=176659"}],"wp:term":[{"taxonomy":"category","embeddable":true,"href":"https:\/\/franciscanos.org.br\/noticias\/wp-json\/wp\/v2\/categories?post=176659"},{"taxonomy":"post_tag","embeddable":true,"href":"https:\/\/franciscanos.org.br\/noticias\/wp-json\/wp\/v2\/tags?post=176659"}],"curies":[{"name":"wp","href":"https:\/\/api.w.org\/{rel}","templated":true}]}}