{"id":17530,"date":"2012-04-15T08:02:36","date_gmt":"2012-04-15T11:02:36","guid":{"rendered":"http:\/\/new.franciscanos.org.br\/?p=17530"},"modified":"2019-09-18T13:16:00","modified_gmt":"2019-09-18T16:16:00","slug":"igreja-da-vila-clementino-lota-para-a-ordenacao-diaconal-de-frei-roberto-ishara","status":"publish","type":"post","link":"https:\/\/franciscanos.org.br\/noticias\/igreja-da-vila-clementino-lota-para-a-ordenacao-diaconal-de-frei-roberto-ishara.html","title":{"rendered":"Igreja da Vila Clementino lota para a ordena\u00e7\u00e3o diaconal de Frei Roberto Ishara"},"content":{"rendered":"<p>A ordena\u00e7\u00e3o diaconal de Frei Roberto Ishara lotou a Igreja\u00a0 S\u00e3o Francisco de Assis, na Vila Clementino, em S\u00e3o Paulo, no segundo\u00a0 domingo da P\u00e1scoa (15\/4), \u00e0s 19 horas. Na presen\u00e7a do Ministro Provincial, Frei Fid\u00eancio Vanboemmel, do Vig\u00e1rio Provincial, Frei Est\u00eav\u00e3o Ottenbreit, do Definidor Geral para o Brasil, Fr ei Nestor In\u00e1cio Schwerz, do representante do Ministro Geral da Ordem para as Irm\u00e3s de Vida Contemplativa, Frei Rafael Blanco e\u00a0 de bom n\u00famero de frades das Fraternidades do Regional de S\u00e3o Paulo, Dom Tom\u00e9 Ferreira da Silva, Bispo auxiliar da Arquidiocese de S\u00e3o Paulo e Vig\u00e1rio Episcopal da Regi\u00e3o Ipiranga acolheu o pedido de Frei FId\u00eancio e ordenou di\u00e1cono Frei Roberto Ishara. Na prociss\u00e3o de entrada, ele entrou na Igreja ao lado de seus pais M\u00e1rio Yuko e Nely Eiko e acompanhado de seus 4 irm\u00e3os, cunhados, e seus 4 sobrinhos. A Fam\u00edlia Ishara era s\u00f3 contentamento.<br \/>\n<a href=\"http:\/\/franciscanos.org.br\/wp-content\/uploads\/2012\/04\/2248_110512.jpg\"><img loading=\"lazy\" class=\"alignleft size-full wp-image-17559\" title=\"2248_110512\" src=\"http:\/\/franciscanos.org.br\/wp-content\/uploads\/2012\/04\/2248_110512.jpg\" alt=\"\" width=\"300\" height=\"225\" \/><\/a>O Bispo ordenante Dom Tom\u00e9 fez uma brilhante prega\u00e7\u00e3o destacando em cinco pontos o significado e miss\u00e3o do di\u00e1cono na Igreja. O Bispo foi muito feliz ao lembrar a Frei Roberto que ele tem um modelo de santo, entre tantos outros, que perfeitamente viveu esta proposta evang\u00e9lica na radicalidade: S\u00e3o Francisco de Assis. Convidou-o a buscar em S\u00e3o Francisco de Assis o exemplo de fidelidade ao Evangelho e \u00e0 Igreja, numa vida simples, de servi\u00e7o \u00e0 Igreja e aos irm\u00e3os, na simplicidade de quem se coloca na atitude de lavar os p\u00e9s dos irm\u00e3os, no cuidado dos doentes e de modo muito especial na solidariedade com os mais pobres.<br \/>\nFrei Roberto, que foi transferido de Petr\u00f3polis, no final de 2011, ao t\u00e9rmino do curso de Teologia, para a Sede Provincial, foi acolhido no in\u00edcio deste ano de 2012 em nossa Fraternidade e assumiu nosso Projeto Fraterno de Vida e Miss\u00e3o nesta Par\u00f3quia de S\u00e3o Francisco de Assis na Vila Clementino. Entre outros trabalhos, ele ajuda na coordena\u00e7\u00e3o da Liturgia e catequese e, juntamente com Frei Euclydes Pezzamiglio e um bom grupo de leigos, faz a anima\u00e7\u00e3o da Pastoral da Sa\u00fade e visita\u00e7\u00e3o aos doentes nos quase 10 hospitais do per\u00edmetro da nossa par\u00f3quia. Com sua simplicidade, alegria, cordialidade e vestido sempre com o burel franciscano, podemos bem imaginar o quanto de simpatia Frei Roberto congrega ao seu redor.\u00a0 Isto ficou evidenciado durante a ordena\u00e7\u00e3o diaconal, quando o povo espontaneamente, por v\u00e1rias vezes, aplaudiu Frei Roberto.<br \/>\n<a href=\"http:\/\/franciscanos.org.br\/wp-content\/uploads\/2012\/04\/2249_110512.jpg\"><img loading=\"lazy\" class=\"alignright size-full wp-image-17560\" title=\"2249_110512\" src=\"http:\/\/franciscanos.org.br\/wp-content\/uploads\/2012\/04\/2249_110512.jpg\" alt=\"\" width=\"300\" height=\"225\" \/><\/a>No final da celebra\u00e7\u00e3o de ordena\u00e7\u00e3o, Frei Fid\u00eancio , tomando a palavra, apresentou os dois confrades, Frei Alisson Zaneti e Frei Jeferson Broca, colegas de turma de Frei Roberto, que no dia 21 de abril viajaram\u00a0 para a Miss\u00e3o em Angola. Frei Djalmo Fuck, nosso P\u00e1roco, que acolheu o Bispo e apresentou todos os frades no in\u00edcio da celebra\u00e7\u00e3o, tamb\u00e9m ao final agradeceu a presen\u00e7a de todos e passou a palavra ao rec\u00e9m-ordenado di\u00e1cono, que agradeceu a todos. Foi novamente muito aplaudido. A Ordena\u00e7\u00e3o Presbiteral de Frei Roberto Ishara ser\u00e1 ainda neste ano, no dia 20 de outubro, \u00e0s 15 horas, na Igreja S\u00e3o Francisco de Assis, junto \u00e0 Sede Provincial.<br \/>\n<strong>Frei M\u00e1rio Luiz Tagliari<\/strong><\/p>\n","protected":false},"excerpt":{"rendered":"<p>Ordena\u00e7\u00e3o Diaconal <\/p>\n","protected":false},"author":1,"featured_media":211158,"comment_status":"closed","ping_status":"closed","sticky":false,"template":"","format":"standard","meta":[],"categories":[1],"tags":[317,275],"acf":[],"yoast_head":"<!-- This site is optimized with the Yoast SEO plugin v19.2 - https:\/\/yoast.com\/wordpress\/plugins\/seo\/ -->\n<title>Igreja da Vila Clementino lota para a ordena\u00e7\u00e3o diaconal de Frei Roberto Ishara - Not\u00edcias - Franciscanos<\/title>\n<meta name=\"robots\" content=\"index, follow, max-snippet:-1, max-image-preview:large, max-video-preview:-1\" \/>\n<link rel=\"canonical\" href=\"https:\/\/franciscanos.org.br\/noticias\/igreja-da-vila-clementino-lota-para-a-ordenacao-diaconal-de-frei-roberto-ishara.html\" \/>\n<meta property=\"og:locale\" content=\"pt_BR\" \/>\n<meta property=\"og:type\" content=\"article\" \/>\n<meta property=\"og:title\" content=\"Igreja da Vila Clementino lota para a ordena\u00e7\u00e3o diaconal de Frei Roberto Ishara - Not\u00edcias - Franciscanos\" \/>\n<meta property=\"og:description\" content=\"Ordena\u00e7\u00e3o Diaconal\" \/>\n<meta property=\"og:url\" content=\"https:\/\/franciscanos.org.br\/noticias\/igreja-da-vila-clementino-lota-para-a-ordenacao-diaconal-de-frei-roberto-ishara.html\" \/>\n<meta property=\"og:site_name\" content=\"Not\u00edcias - Franciscanos\" \/>\n<meta property=\"article:published_time\" content=\"2012-04-15T11:02:36+00:00\" \/>\n<meta property=\"article:modified_time\" content=\"2019-09-18T16:16:00+00:00\" \/>\n<meta property=\"og:image\" content=\"https:\/\/franciscanos.org.br\/noticias\/wp-content\/uploads\/2012\/04\/2248_110512.jpg\" \/>\n\t<meta property=\"og:image:width\" content=\"273\" \/>\n\t<meta property=\"og:image:height\" content=\"181\" \/>\n\t<meta property=\"og:image:type\" content=\"image\/jpeg\" \/>\n<meta name=\"author\" content=\"admin\" \/>\n<meta name=\"twitter:card\" content=\"summary_large_image\" \/>\n<meta name=\"twitter:label1\" content=\"Escrito por\" \/>\n\t<meta name=\"twitter:data1\" content=\"admin\" \/>\n\t<meta name=\"twitter:label2\" content=\"Est. tempo de leitura\" \/>\n\t<meta name=\"twitter:data2\" content=\"3 minutos\" \/>\n<script type=\"application\/ld+json\" class=\"yoast-schema-graph\">{\"@context\":\"https:\/\/schema.org\",\"@graph\":[{\"@type\":\"WebSite\",\"@id\":\"https:\/\/franciscanos.org.br\/noticias\/#website\",\"url\":\"https:\/\/franciscanos.org.br\/noticias\/\",\"name\":\"Not\u00edcias - Franciscanos\",\"description\":\"Prov\u00edncia Franciscana da Imaculada Concei\u00e7\u00e3o do Brasil - Ordem dos Frades Menores - OFM\",\"potentialAction\":[{\"@type\":\"SearchAction\",\"target\":{\"@type\":\"EntryPoint\",\"urlTemplate\":\"https:\/\/franciscanos.org.br\/noticias\/?s={search_term_string}\"},\"query-input\":\"required name=search_term_string\"}],\"inLanguage\":\"pt-BR\"},{\"@type\":\"ImageObject\",\"inLanguage\":\"pt-BR\",\"@id\":\"https:\/\/franciscanos.org.br\/noticias\/igreja-da-vila-clementino-lota-para-a-ordenacao-diaconal-de-frei-roberto-ishara.html#primaryimage\",\"url\":\"https:\/\/franciscanos.org.br\/noticias\/wp-content\/uploads\/2012\/04\/2248_110512.jpg\",\"contentUrl\":\"https:\/\/franciscanos.org.br\/noticias\/wp-content\/uploads\/2012\/04\/2248_110512.jpg\",\"width\":273,\"height\":181},{\"@type\":\"WebPage\",\"@id\":\"https:\/\/franciscanos.org.br\/noticias\/igreja-da-vila-clementino-lota-para-a-ordenacao-diaconal-de-frei-roberto-ishara.html#webpage\",\"url\":\"https:\/\/franciscanos.org.br\/noticias\/igreja-da-vila-clementino-lota-para-a-ordenacao-diaconal-de-frei-roberto-ishara.html\",\"name\":\"Igreja da Vila Clementino lota para a ordena\u00e7\u00e3o diaconal de Frei Roberto Ishara - Not\u00edcias - Franciscanos\",\"isPartOf\":{\"@id\":\"https:\/\/franciscanos.org.br\/noticias\/#website\"},\"primaryImageOfPage\":{\"@id\":\"https:\/\/franciscanos.org.br\/noticias\/igreja-da-vila-clementino-lota-para-a-ordenacao-diaconal-de-frei-roberto-ishara.html#primaryimage\"},\"datePublished\":\"2012-04-15T11:02:36+00:00\",\"dateModified\":\"2019-09-18T16:16:00+00:00\",\"author\":{\"@id\":\"https:\/\/franciscanos.org.br\/noticias\/#\/schema\/person\/b38fbf43118f02820bd932f2e4b14ad3\"},\"breadcrumb\":{\"@id\":\"https:\/\/franciscanos.org.br\/noticias\/igreja-da-vila-clementino-lota-para-a-ordenacao-diaconal-de-frei-roberto-ishara.html#breadcrumb\"},\"inLanguage\":\"pt-BR\",\"potentialAction\":[{\"@type\":\"ReadAction\",\"target\":[\"https:\/\/franciscanos.org.br\/noticias\/igreja-da-vila-clementino-lota-para-a-ordenacao-diaconal-de-frei-roberto-ishara.html\"]}]},{\"@type\":\"BreadcrumbList\",\"@id\":\"https:\/\/franciscanos.org.br\/noticias\/igreja-da-vila-clementino-lota-para-a-ordenacao-diaconal-de-frei-roberto-ishara.html#breadcrumb\",\"itemListElement\":[{\"@type\":\"ListItem\",\"position\":1,\"name\":\"Home\",\"item\":\"https:\/\/franciscanos.org.br\/noticias\"},{\"@type\":\"ListItem\",\"position\":2,\"name\":\"Igreja da Vila Clementino lota para a ordena\u00e7\u00e3o diaconal de Frei Roberto Ishara\"}]},{\"@type\":\"Person\",\"@id\":\"https:\/\/franciscanos.org.br\/noticias\/#\/schema\/person\/b38fbf43118f02820bd932f2e4b14ad3\",\"name\":\"admin\",\"image\":{\"@type\":\"ImageObject\",\"inLanguage\":\"pt-BR\",\"@id\":\"https:\/\/franciscanos.org.br\/noticias\/#\/schema\/person\/image\/\",\"url\":\"https:\/\/secure.gravatar.com\/avatar\/e8495742d34d0ba6448ea1c628263b3e?s=96&d=mm&r=g\",\"contentUrl\":\"https:\/\/secure.gravatar.com\/avatar\/e8495742d34d0ba6448ea1c628263b3e?s=96&d=mm&r=g\",\"caption\":\"admin\"},\"url\":\"https:\/\/franciscanos.org.br\/noticias\/author\/admin\"}]}<\/script>\n<!-- \/ Yoast SEO plugin. -->","yoast_head_json":{"title":"Igreja da Vila Clementino lota para a ordena\u00e7\u00e3o diaconal de Frei Roberto Ishara - Not\u00edcias - Franciscanos","robots":{"index":"index","follow":"follow","max-snippet":"max-snippet:-1","max-image-preview":"max-image-preview:large","max-video-preview":"max-video-preview:-1"},"canonical":"https:\/\/franciscanos.org.br\/noticias\/igreja-da-vila-clementino-lota-para-a-ordenacao-diaconal-de-frei-roberto-ishara.html","og_locale":"pt_BR","og_type":"article","og_title":"Igreja da Vila Clementino lota para a ordena\u00e7\u00e3o diaconal de Frei Roberto Ishara - Not\u00edcias - Franciscanos","og_description":"Ordena\u00e7\u00e3o Diaconal","og_url":"https:\/\/franciscanos.org.br\/noticias\/igreja-da-vila-clementino-lota-para-a-ordenacao-diaconal-de-frei-roberto-ishara.html","og_site_name":"Not\u00edcias - Franciscanos","article_published_time":"2012-04-15T11:02:36+00:00","article_modified_time":"2019-09-18T16:16:00+00:00","og_image":[{"width":273,"height":181,"url":"https:\/\/franciscanos.org.br\/noticias\/wp-content\/uploads\/2012\/04\/2248_110512.jpg","type":"image\/jpeg"}],"author":"admin","twitter_card":"summary_large_image","twitter_misc":{"Escrito por":"admin","Est. tempo de leitura":"3 minutos"},"schema":{"@context":"https:\/\/schema.org","@graph":[{"@type":"WebSite","@id":"https:\/\/franciscanos.org.br\/noticias\/#website","url":"https:\/\/franciscanos.org.br\/noticias\/","name":"Not\u00edcias - Franciscanos","description":"Prov\u00edncia Franciscana da Imaculada Concei\u00e7\u00e3o do Brasil - Ordem dos Frades Menores - OFM","potentialAction":[{"@type":"SearchAction","target":{"@type":"EntryPoint","urlTemplate":"https:\/\/franciscanos.org.br\/noticias\/?s={search_term_string}"},"query-input":"required name=search_term_string"}],"inLanguage":"pt-BR"},{"@type":"ImageObject","inLanguage":"pt-BR","@id":"https:\/\/franciscanos.org.br\/noticias\/igreja-da-vila-clementino-lota-para-a-ordenacao-diaconal-de-frei-roberto-ishara.html#primaryimage","url":"https:\/\/franciscanos.org.br\/noticias\/wp-content\/uploads\/2012\/04\/2248_110512.jpg","contentUrl":"https:\/\/franciscanos.org.br\/noticias\/wp-content\/uploads\/2012\/04\/2248_110512.jpg","width":273,"height":181},{"@type":"WebPage","@id":"https:\/\/franciscanos.org.br\/noticias\/igreja-da-vila-clementino-lota-para-a-ordenacao-diaconal-de-frei-roberto-ishara.html#webpage","url":"https:\/\/franciscanos.org.br\/noticias\/igreja-da-vila-clementino-lota-para-a-ordenacao-diaconal-de-frei-roberto-ishara.html","name":"Igreja da Vila Clementino lota para a ordena\u00e7\u00e3o diaconal de Frei Roberto Ishara - Not\u00edcias - Franciscanos","isPartOf":{"@id":"https:\/\/franciscanos.org.br\/noticias\/#website"},"primaryImageOfPage":{"@id":"https:\/\/franciscanos.org.br\/noticias\/igreja-da-vila-clementino-lota-para-a-ordenacao-diaconal-de-frei-roberto-ishara.html#primaryimage"},"datePublished":"2012-04-15T11:02:36+00:00","dateModified":"2019-09-18T16:16:00+00:00","author":{"@id":"https:\/\/franciscanos.org.br\/noticias\/#\/schema\/person\/b38fbf43118f02820bd932f2e4b14ad3"},"breadcrumb":{"@id":"https:\/\/franciscanos.org.br\/noticias\/igreja-da-vila-clementino-lota-para-a-ordenacao-diaconal-de-frei-roberto-ishara.html#breadcrumb"},"inLanguage":"pt-BR","potentialAction":[{"@type":"ReadAction","target":["https:\/\/franciscanos.org.br\/noticias\/igreja-da-vila-clementino-lota-para-a-ordenacao-diaconal-de-frei-roberto-ishara.html"]}]},{"@type":"BreadcrumbList","@id":"https:\/\/franciscanos.org.br\/noticias\/igreja-da-vila-clementino-lota-para-a-ordenacao-diaconal-de-frei-roberto-ishara.html#breadcrumb","itemListElement":[{"@type":"ListItem","position":1,"name":"Home","item":"https:\/\/franciscanos.org.br\/noticias"},{"@type":"ListItem","position":2,"name":"Igreja da Vila Clementino lota para a ordena\u00e7\u00e3o diaconal de Frei Roberto Ishara"}]},{"@type":"Person","@id":"https:\/\/franciscanos.org.br\/noticias\/#\/schema\/person\/b38fbf43118f02820bd932f2e4b14ad3","name":"admin","image":{"@type":"ImageObject","inLanguage":"pt-BR","@id":"https:\/\/franciscanos.org.br\/noticias\/#\/schema\/person\/image\/","url":"https:\/\/secure.gravatar.com\/avatar\/e8495742d34d0ba6448ea1c628263b3e?s=96&d=mm&r=g","contentUrl":"https:\/\/secure.gravatar.com\/avatar\/e8495742d34d0ba6448ea1c628263b3e?s=96&d=mm&r=g","caption":"admin"},"url":"https:\/\/franciscanos.org.br\/noticias\/author\/admin"}]}},"_links":{"self":[{"href":"https:\/\/franciscanos.org.br\/noticias\/wp-json\/wp\/v2\/posts\/17530"}],"collection":[{"href":"https:\/\/franciscanos.org.br\/noticias\/wp-json\/wp\/v2\/posts"}],"about":[{"href":"https:\/\/franciscanos.org.br\/noticias\/wp-json\/wp\/v2\/types\/post"}],"author":[{"embeddable":true,"href":"https:\/\/franciscanos.org.br\/noticias\/wp-json\/wp\/v2\/users\/1"}],"replies":[{"embeddable":true,"href":"https:\/\/franciscanos.org.br\/noticias\/wp-json\/wp\/v2\/comments?post=17530"}],"version-history":[{"count":0,"href":"https:\/\/franciscanos.org.br\/noticias\/wp-json\/wp\/v2\/posts\/17530\/revisions"}],"wp:featuredmedia":[{"embeddable":true,"href":"https:\/\/franciscanos.org.br\/noticias\/wp-json\/wp\/v2\/media\/211158"}],"wp:attachment":[{"href":"https:\/\/franciscanos.org.br\/noticias\/wp-json\/wp\/v2\/media?parent=17530"}],"wp:term":[{"taxonomy":"category","embeddable":true,"href":"https:\/\/franciscanos.org.br\/noticias\/wp-json\/wp\/v2\/categories?post=17530"},{"taxonomy":"post_tag","embeddable":true,"href":"https:\/\/franciscanos.org.br\/noticias\/wp-json\/wp\/v2\/tags?post=17530"}],"curies":[{"name":"wp","href":"https:\/\/api.w.org\/{rel}","templated":true}]}}