{"id":173905,"date":"2018-10-10T07:25:32","date_gmt":"2018-10-10T10:25:32","guid":{"rendered":"http:\/\/franciscanos.org.br\/?p=173905"},"modified":"2020-06-24T10:11:12","modified_gmt":"2020-06-24T13:11:12","slug":"para-mim-o-drogado-e-o-leproso-daquele-tempo-entrevista-com-frei-hans-stapel-fundador-da-fazenda-da-esperanca","status":"publish","type":"post","link":"https:\/\/franciscanos.org.br\/noticias\/para-mim-o-drogado-e-o-leproso-daquele-tempo-entrevista-com-frei-hans-stapel-fundador-da-fazenda-da-esperanca.html","title":{"rendered":"Frei Hans: \u201cPara mim, o drogado \u00e9 o leproso daquele tempo\u201d"},"content":{"rendered":"<p><img loading=\"lazy\" class=\"size-full wp-image-179000 alignleft\" src=\"http:\/\/franciscanos.org.br\/2018\/wp-content\/uploads\/2018\/10\/hans_071118_830.jpg\" alt=\"\" width=\"840\" height=\"500\" srcset=\"https:\/\/franciscanos.org.br\/noticias\/wp-content\/uploads\/2018\/10\/hans_071118_830.jpg 840w, https:\/\/franciscanos.org.br\/noticias\/wp-content\/uploads\/2018\/10\/hans_071118_830-450x268.jpg 450w, https:\/\/franciscanos.org.br\/noticias\/wp-content\/uploads\/2018\/10\/hans_071118_830-768x457.jpg 768w, https:\/\/franciscanos.org.br\/noticias\/wp-content\/uploads\/2018\/10\/hans_071118_830-150x89.jpg 150w\" sizes=\"(max-width: 840px) 100vw, 840px\" \/><\/p>\n<p><em>No dia 29 de junho, a Fazenda da Esperan\u00e7a celebrou seus 35 anos de funda\u00e7\u00e3o. Na ocasi\u00e3o, os fundadores Frei Hans Stapel, Iraci Leite, Lucilene Rosendo e Nelson Giovanelli fizeram uma viagem \u00e0 Terra Santa, onde ocorreu a entroniza\u00e7\u00e3o do Vitral \u201cO Sim de Maria\u201d na Bas\u00edlica da Anuncia\u00e7\u00e3o em Nazar\u00e9. Esta foi a primeira viagem internacional de Frei Hans ap\u00f3s o tratamento contra um linfoma n\u00e3o Hodkins no pulm\u00e3o, diagnosticado em setembro de 2017.<\/em><\/p>\n<p><em>Neste tempo de celebra\u00e7\u00e3o, Frei Hans faz um recorrido de sua trajet\u00f3ria como frade menor e fundador da Fazenda da Esperan\u00e7a, que hoje conta com mais de 139 casas, em 22 pa\u00edses.<\/em><\/p>\n<p>Entrevista a\u00a0<strong>\u00c9rika Augusto<\/strong><\/p>\n<p><strong>Site Franciscanos\u00a0<\/strong>\u2013 <strong>Frei, como e quando surgiu sua voca\u00e7\u00e3o?<\/strong><\/p>\n<p><strong>Frei Hans Stapel<\/strong>: Tive uma experi\u00eancia que marcou muito a minha hist\u00f3ria. Na escola, com 7 ou 8 anos, o professor perguntou se algu\u00e9m sabia o que queria ser. Eu, muito espont\u00e2neo, levantei e disse: \u201cQuero ser padre\u201d. Talvez por influ\u00eancia do p\u00e1roco que tinha na \u00e9poca, n\u00e3o sei por qu\u00ea. E ele come\u00e7ou a rir e disse: \u201cMas para ser sacerdote precisa ser muito inteligente e voc\u00ea n\u00e3o \u00e9\u201d. Ent\u00e3o eu esqueci, nunca mais falei de voca\u00e7\u00e3o. Terminei a escola, depois me formei como gr\u00e1fico, mas com 18 anos o desejo de ser sacerdote voltou de novo. Mas pensei: \u201cN\u00e3o posso ser padre porque tem que ser inteligente\u201d. Mas era muito forte. Ent\u00e3o pensei: \u201cVou tentar, se n\u00e3o der, paci\u00eancia\u201d. Entrei aos 18 anos, precisava estudar Latim, Grego, foram seis anos de estudos. Mas consegui. Nesta \u00e9poca, a Nig\u00e9ria estava em guerra. Com um grupo de estudantes fizemos uma campanha e fomos para l\u00e1, levar alimentos, medicamentos. Alugamos um avi\u00e3o e enchemos de coisas. Esta experi\u00eancia foi muito forte. Ali nasceu o desejo da miss\u00e3o. Depois decidi vir para o Brasil e assim cheguei \u00e0 Prov\u00edncia, aos 26 anos, em 1972.<\/p>\n<div id=\"attachment_179001\" style=\"width: 510px\" class=\"wp-caption alignright\"><img aria-describedby=\"caption-attachment-179001\" loading=\"lazy\" class=\"wp-image-179001\" src=\"http:\/\/franciscanos.org.br\/2018\/wp-content\/uploads\/2018\/10\/hans_071118_3.jpg\" alt=\"\" width=\"500\" height=\"347\" srcset=\"https:\/\/franciscanos.org.br\/noticias\/wp-content\/uploads\/2018\/10\/hans_071118_3.jpg 600w, https:\/\/franciscanos.org.br\/noticias\/wp-content\/uploads\/2018\/10\/hans_071118_3-450x312.jpg 450w, https:\/\/franciscanos.org.br\/noticias\/wp-content\/uploads\/2018\/10\/hans_071118_3-150x104.jpg 150w\" sizes=\"(max-width: 500px) 100vw, 500px\" \/><p id=\"caption-attachment-179001\" class=\"wp-caption-text\">Frei Hans e o cofundador da Fazenda da Esperan\u00e7a, Nelson Giovanelli.<\/p><\/div>\n<p><strong>Site Franciscanos\u00a0<\/strong><em>\u00a0\u2013 <\/em><strong>E por que ser franciscano?<\/strong><\/p>\n<p><strong>Frei Hans<\/strong>: Quando trabalhava e estudava para ser gr\u00e1fico, n\u00f3s t\u00ednhamos o costume de ir \u00e0 missa dos franciscanos. Era uma missa silenciosa. O padre n\u00e3o dizia nenhuma palavra. Chegava, fazia os ritos e s\u00f3. Foi muito bom para mim, tive tempo de conversar com Deus. Ali nasceu o desejo de ser frade, mas depois, na \u00c1frica, isso se confirmou. L\u00e1 havia os padres brancos, que eram respons\u00e1veis pela miss\u00e3o. Depois vim para o Brasil, fiz toda a forma\u00e7\u00e3o na Prov\u00edncia. A primeira transfer\u00eancia foi para Guaratinguet\u00e1, onde fiquei 12 anos como p\u00e1roco na Par\u00f3quia Nossa Senhora da Gl\u00f3ria. E aqui nasceu este trabalho com os drogados, m\u00e3es solteiras, crian\u00e7as abandonadas.<\/p>\n<p>Estando aqui, a Prov\u00edncia perguntou se eu n\u00e3o queria ser liberado para este trabalho. Eu aceitei, com uma condi\u00e7\u00e3o, que naquele tempo n\u00e3o gostei. A Prov\u00edncia n\u00e3o poderia enviar nenhum frade para me ajudar e tamb\u00e9m n\u00e3o contribuiria financeiramente. Eu precisava entender o que Deus queria de mim, s\u00f3 mais tarde entendi. Para poder nascer a Fazenda, precisava de uma certa liberdade. Se dependesse do Definit\u00f3rio Provincial ou das decis\u00f5es de fora, hoje n\u00e3o ter\u00edamos tantas Fazendas.<\/p>\n<p><strong>Site Franciscanos\u00a0<\/strong><em>\u00a0\u2013 <\/em><strong>O trabalho da Fazenda da Esperan\u00e7a surgiu a partir da realidade local?<\/strong><\/p>\n<p><strong>Frei Hans:<\/strong> Como p\u00e1roco, chegavam v\u00e1rios problemas na minha porta: m\u00e3es solteiras, crian\u00e7as abandonadas, drogados, travestis. Acolhi todos na casa paroquial. Paralelamente, Nelson, um jovem que ficava na esquina com os drogados, vinha pedir ajuda para eles. Come\u00e7amos a nos encontrar, viver juntos a Palavra, colocar o Evangelho em pr\u00e1tica e eles conseguiam se libertar. Mas existia o desejo de ficar junto. Alugamos uma casa e eles mesmos pagavam aluguel, trabalhavam, iam nas casas cortar grama, cuidar do jardim. E isso sobreviveu. Depois a coisa cresceu, ganhamos um terreno, constru\u00edmos a primeira casa e at\u00e9 hoje n\u00e3o para de crescer. Hoje s\u00e3o 139 Fazendas, em 22 pa\u00edses. Temos mais 50 terrenos que j\u00e1 foram doados, que ser\u00e3o futuras Fazendas. Vamos preparar o espa\u00e7o e pensar numa equipe para atuar nestes locais. A maior parte das Fazendas est\u00e1 no Brasil, s\u00e3o 90 at\u00e9 o momento.<\/p>\n<p><strong>Site Franciscanos\u00a0<\/strong><em>\u00a0\u2013<\/em><strong> Quais tra\u00e7os que o senhor v\u00ea da espiritualidade franciscana na Fazenda da Esperan\u00e7a?<\/strong><\/p>\n<p><strong>Frei Hans:<\/strong> Tem tudo a ver com ele. Para mim, o drogado \u00e9 o leproso daquele tempo. Aquele que est\u00e1 abandonado, sozinho, destru\u00eddo, \u00e0s vezes n\u00e3o compreende nem a si mesmo e n\u00e3o \u00e9 compreendido pelos outros, os pais n\u00e3o aguentam mais.\u00a0 Eles est\u00e3o em desespero. Francisco viu Jesus no outro, isso \u00e9 colocar em pr\u00e1tica o Evangelho. Quando v\u00edamos Jesus no outro, isso dava um resultado bom, fez com que eles se recuperassem. Todas as frases do Evangelho te levam ao amor. N\u00e3o tem nenhuma frase que leve o ser humano a fechar-se em si mesmo. Todos tem que sair de si. Mesmo se sou agredido, se algu\u00e9m bate na esquerda, d\u00ea a direita, se roubam a t\u00fanica d\u00ea o manto. O Evangelho nada mais \u00e9 do que um ensinamento de amor. E isso \u00e9 a solu\u00e7\u00e3o para o problema. A droga \u00e9 um grito do amor. Eles n\u00e3o receberam amor. Os pais \u00e0s vezes est\u00e3o separados, ou foram abusados muito cedo. Tantas coisas que levam para este caminho: colegas, desejo de descobrir o mundo, comprar a felicidade e acabam frustrados. Uma vez entrando neste jeito de amar, sair de si, eles descobrem uma alegria que d\u00e1 for\u00e7a para se recuperar este drama do ego\u00edsmo, da droga, do \u00e1lcool, do sexo. Tudo \u00e9 uma mesma coisa: o ego\u00edsmo. \u00c9 bonito ver como eles conseguem e a alegria que encontram. \u00c9 muito bonito.<\/p>\n<p><strong>Site Franciscanos\u00a0<\/strong>\u00a0\u2013<strong> A Igreja no Brasil este ano vive o &#8220;Ano do Laicato&#8221;. Como foi o processo de funda\u00e7\u00e3o da Fazenda ao lado de leigos, na \u00e9poca?<\/strong><\/p>\n<p><strong>Frei Hans:<\/strong> Desde o in\u00edcio, minha casa sempre esteve aberta para jovens que queriam fazer uma experi\u00eancia. Vieram muitos jovens da Europa e ficavam um ano comigo, tamb\u00e9m jovens do Brasil. Sempre dei a chance para eles poderem se doar. E muitos encontraram sua voca\u00e7\u00e3o. Dom Bernardo, que hoje \u00e9 bispo de \u00d3bidos, no Par\u00e1, ficou dois anos comigo quando jovem; Padre Cristian, que hoje \u00e9 respons\u00e1vel pela Fazenda em Pedrinhas, veio aqui quando era jovem. S\u00e3o muitas voca\u00e7\u00f5es! Padres, freiras do mundo todo, que encontraram a voca\u00e7\u00e3o aqui. Tamb\u00e9m o Nelson, que come\u00e7ou comigo este Projeto, era um jovem da Par\u00f3quia que queria viver a Palavra. E assim nasceu nele o desejo de se encontrar com aqueles na esquina. Depois chegaram sempre mais. Tinha um grupo grande que come\u00e7ou a se consagrar atrav\u00e9s das minhas m\u00e3os, mas como uma consagra\u00e7\u00e3o pessoal. O Cardeal Alo\u00edsio Lorscheider, que era arcebispo de Aparecida na \u00e9poca, quando viu que eram muitos jovens, me chamou e disse: \u201cFrei, voc\u00ea tem que fazer alguma coisa\u201d. Eu respondia que n\u00e3o queria fundar nada e ele dizia: \u201cVoc\u00ea est\u00e1 muito seguro, voc\u00ea \u00e9 frade, quando ficar velho tem a Prov\u00edncia. E esses jovens, como ficam?\u201d. Isso me tocou. Juntos fizemos o estatuto e nasceu essa Fam\u00edlia da Esperan\u00e7a, uma associa\u00e7\u00e3o de fi\u00e9is, que recebeu a aprova\u00e7\u00e3o da Arquidiocese de Aparecida. Depois, a coisa cresceu e nos outros pa\u00edses os bispos diziam a mesma coisa. Assim fomos para Roma e, depois de cinco anos, recebemos a aprova\u00e7\u00e3o definitiva. Hoje somos mais de mil membros que fazem parte da fam\u00edlia. S\u00e3o padres, consagrados masculinos e femininos, celibat\u00e1rios que se doam totalmente, fam\u00edlias internas que vivem nas Fazendas e os volunt\u00e1rios da Esperan\u00e7a que tamb\u00e9m fazem parte da fam\u00edlia e doam tudo o que podem, tornando isso poss\u00edvel.<\/p>\n<p><strong>Site Franciscanos &#8211; E podem ir a todas as Fazendas?<\/strong><\/p>\n<p><strong>Frei Hans &#8211;<\/strong>\u00a0Sim. Com estes \u00e9 poss\u00edvel ir ao mundo inteiro, porque s\u00e3o dispon\u00edveis. Se quisesse fazer tudo isso com funcion\u00e1rios, seria imposs\u00edvel. \u00c9 necess\u00e1rio contar com pessoas que se doam totalmente. Confesso que para mim foi sempre uma novidade. Tudo crescia, e eu n\u00e3o tinha planejado. Queria viver o Evangelho e descobrir a for\u00e7a que existe quando dois ou tr\u00eas est\u00e3o unidos, pois Deus se torna presente. Isso \u00e9 uma coisa extraordin\u00e1ria. E onde Ele est\u00e1, faz os milagres que toda vida Ele fez. Ele n\u00e3o pode ser diferente. O ser d\u2019Ele \u00e9 um doar-se totalmente. Hoje Ele expulsa dem\u00f4nios, cura, multiplica os p\u00e3es e chama as voca\u00e7\u00f5es, como Ele sempre chamou. Para mim, este crescimento todo tem muito a ver com essa presen\u00e7a d\u2019Ele entre n\u00f3s. Sempre procuramos fazer este pacto de querer dar a vida um pelo outro, buscar viver o Evangelho. Lembro-me de uma vez, em Assis, no t\u00famulo de S\u00e3o Francisco, Nelson e eu fizemos um pacto de nos dispormos a dar a vida um pelo outro. Mais tarde, fizemos o mesmo com as duas fundadoras, Luci e Iraci, respons\u00e1veis pela parte feminina da Fazenda. Juntos, fizemos este pacto no t\u00famulo de S\u00e3o Francisco. Eu tenho a convic\u00e7\u00e3o: quando as pessoas se querem bem e Deus se torna presente, \u00e9 que acontecem os milagres. Porque Deus \u00e9 sempre o mesmo. E onde Ele est\u00e1, Ele faz os milagres.<\/p>\n<p>Mesmo quando a Prov\u00edncia n\u00e3o p\u00f4de me ajudar, e hoje a obra cresceu e se espalhou no mundo inteiro, tamb\u00e9m com muitos bens e estrutura, nunca faltou nada. A provid\u00eancia nunca faltou. \u00c9 extraordin\u00e1rio! Basta ser fiel neste amor rec\u00edproco, na viv\u00eancia do Evangelho. E isso tem tudo a ver com S\u00e3o Francisco. Ele vivia o Evangelho com radicalidade. Eu sempre me perguntei: como \u00e9 poss\u00edvel? T\u00e3o jovem, havia tantos que o seguiam, tantas voca\u00e7\u00f5es, cinco mil no Cap\u00edtulo das Esteiras. N\u00e3o tinha r\u00e1dio, carro, n\u00e3o tinha nada disso, mas a mensagem se espalhava t\u00e3o r\u00e1pido! Depois outro fato pra mim muito importante, j\u00e1 como jovem, antes de chegar ao Brasil, tive a possibilidade de conhecer o movimento dos <em>Focolares.<\/em> Conheci a fundadora Chiara Lubich e isso tamb\u00e9m me ajudou muito. Ela tamb\u00e9m tem o costume de viver a Palavra, colocar em pr\u00e1tica o Evangelho. Vi que ela era da Ordem Terceira e que ela colocava em pr\u00e1tica aquilo que Francisco tinha j\u00e1 vivido mais de 800 anos atr\u00e1s. Eu digo que as duas espiritualidades, o carisma da unidade e da fraternidade, s\u00e3o a origem do carisma da esperan\u00e7a.<\/p>\n<p><strong>Site Franciscanos &#8211; Como \u00e9 a estrutura da Fazenda?<\/strong><\/p>\n<p><strong>Frei Hans<\/strong> &#8211; H\u00e1 3 anos elegemos a nova presid\u00eancia da Fazenda. Isso \u00e9 muito bom. Observo, acompanho, mas eles levam para frente. Quando t\u00ednhamos que tomar a decis\u00e3o, pouco tempo depois o Papa Bento renunciou. Foi a confirma\u00e7\u00e3o. O caminho \u00e9 esse, n\u00e3o se pode se apegar \u00e0s coisas. Tem que ser aberto e confiar. Os quatro membros s\u00e3o da Fam\u00edlia da Esperan\u00e7a. Vemos tudo juntos, mas a responsabilidade \u00e9 deles.<\/p>\n<p>J\u00e1 podemos ver em vida que a obra vai para frente. \u00c9 absurdo quando o fundador fica preso, depois morre e tudo acaba. O carisma sempre \u00e9 algo de Deus, que a gente n\u00e3o pode prender. N\u00e3o gosto quando fazem este culto da pessoa. O carisma \u00e9 de Deus e todos que entram na Fam\u00edlia s\u00e3o fundadores, s\u00e3o eles que levam o carisma para frente, n\u00e3o s\u00f3 o fundador. Como S\u00e3o Francisco. Quando ele morreu, os frades continuaram. O carisma vai muito al\u00e9m da pessoa que Deus escolheu para levar para frente. Isso me d\u00e1 muito alegria. Temos que ter o cuidado de n\u00e3o deixar entrar divis\u00e3o numa obra. Temos que conversar. Se existe um problema, temos que falar. Todo m\u00eas temos uma videoconfer\u00eancia com todas as Fazendas do mundo. Isso \u00e9 importante, pois a divis\u00e3o \u00e9 um grande perigo.<\/p>\n<p><img loading=\"lazy\" class=\"alignleft size-full wp-image-179003\" src=\"http:\/\/franciscanos.org.br\/2018\/wp-content\/uploads\/2018\/10\/hans_071118_4.jpg\" alt=\"\" width=\"840\" height=\"400\" srcset=\"https:\/\/franciscanos.org.br\/noticias\/wp-content\/uploads\/2018\/10\/hans_071118_4.jpg 840w, https:\/\/franciscanos.org.br\/noticias\/wp-content\/uploads\/2018\/10\/hans_071118_4-450x214.jpg 450w, https:\/\/franciscanos.org.br\/noticias\/wp-content\/uploads\/2018\/10\/hans_071118_4-768x366.jpg 768w, https:\/\/franciscanos.org.br\/noticias\/wp-content\/uploads\/2018\/10\/hans_071118_4-150x71.jpg 150w\" sizes=\"(max-width: 840px) 100vw, 840px\" \/><\/p>\n<p><strong>Site Franciscanos\u00a0<\/strong><em>\u00a0\u2013 <\/em><strong>O senhor e o Nelson tiveram uma audi\u00eancia com o Papa Francisco em 2016. Ele j\u00e1 conhecia a Fazenda da Esperan\u00e7a? Como foi o encontro?<\/strong><\/p>\n<p><strong>Frei Hans:<\/strong> Sim, ele j\u00e1 conhecia a de Buenos Aires. Come\u00e7amos na Argentina na Diocese de De\u00e1n Funes, com um bispo franciscano, Dom Aurelio Jos\u00e9 K\u00fchn. Ele, na Confer\u00eancia dos Bispos, falava das Fazendas, que estavam crescendo. Hoje s\u00e3o onze Fazendas na Argentina. Bergoglio, naquele tempo, sempre dava um dinheirinho para ele e dizia: para as suas Fazendas. Ent\u00e3o ele j\u00e1 ajudava economicamente as Fazendas. Estivemos com ele por outras raz\u00f5es, mas ele se interessava pelas Fazendas. Foram diversos encontros com ele, muito profundos. T\u00ednhamos tempo, pod\u00edamos conversar sobre tudo, foi muito bom. Ele \u00e9 muito concreto, muito inteligente. Pouco tempo atr\u00e1s chamou o Nelson para fazer parte da Pontif\u00edcia Comiss\u00e3o para a Tutela de Menores. Nelson faz parte desta equipe. Ele \u00e9 um homem muito concreto, que coloca em pr\u00e1tica as coisas simples, vive, fala. \u00c9 um homem certo e justo neste tempo em que estamos.<\/p>\n<p><strong>Site Franciscanos\u00a0<\/strong>\u00a0\u2013<strong> Quais s\u00e3o os planos da Fazenda para os pr\u00f3ximos anos?<\/strong><\/p>\n<p><strong>Frei Hans:<\/strong> Para ser sincero nunca tivemos planos. Lembro bem no in\u00edcio, quando a Fazenda cresceu, foi preocupa\u00e7\u00e3o para a Prov\u00edncia, porque estava crescendo algo novo. Tinham medo do que poderia acontecer depois, algum esc\u00e2ndalo ou problema para a Prov\u00edncia. Ent\u00e3o mandaram uma Comiss\u00e3o para conversar. O frade que fazia parte sempre perguntava onde eu queria chegar. Eu dizia: \u201cN\u00e3o quero chegar a lugar nenhum\u201d. \u201cMas quantas Fazendas voc\u00ea quer?\u201d, ele perguntava. Eu respondia: \u201cN\u00e3o sei, pergunte a Deus. Eu n\u00e3o quero nada, eu n\u00e3o sei o que Deus quer, mas eu quero fazer a vontade d\u2019Ele. Estou disposto a realizar o que Ele deseja\u201d. Se voc\u00ea me perguntar, tenho que dizer a mesma coisa: \u201cN\u00e3o sei o que Deus quer\u201d. Mas sinto que a obra ainda \u00e9 com crian\u00e7as, jovens, at\u00e9 35 anos. Deus deve ter muitos planos e n\u00f3s estamos atentos para descobrir. Sempre tem coisas novas. No in\u00edcio eu pensava que s\u00f3 se tratava de drogados. Mas depois vimos os pais, que precisavam de tanta ajuda, tanta esperan\u00e7a. A\u00ed vieram os jovens, as religiosas. Hoje temos mais de vinte congrega\u00e7\u00f5es religiosas que trabalham conosco. Depois veio o grupo Esperan\u00e7a Viva, que s\u00e3o os ex-acolhidos da Fazenda, que continuam se encontrando, trazem os familiares. S\u00e3o mais de 200 grupos em todo o mundo. Eles se encontram toda semana e procuram juntos se apoiar para ficar em p\u00e9 e tamb\u00e9m ajudam outros que ainda est\u00e3o na droga. V\u00e3o nas cracol\u00e2ndias da vida, nas cadeias. Tudo isso nasceu sem planejar. Era a necessidade diante do que acontecia, n\u00f3s acompanhamos. Estou aberto para aquilo que Deus quer. Mas sinto que ainda tem muita coisa para crescer. A droga infelizmente se espalha sempre mais. E com ela, cresce a viol\u00eancia. Sinto que a esperan\u00e7a precisa chegar a muitos lugares. Na pol\u00edtica, na educa\u00e7\u00e3o. Em tudo falta a esperan\u00e7a.<\/p>\n<p><strong>Site Franciscanos\u00a0<\/strong>\u00a0\u2013 <strong>Quantas pessoas j\u00e1 passaram pelas Fazendas?<\/strong><\/p>\n<p><strong>Frei Hans:<\/strong> Hoje, pela estat\u00edstica, j\u00e1 passaram mais de 30 mil pessoas. No momento est\u00e3o mais de 3 mil pessoas conosco nas Fazendas. Eles ficam um ano conosco e depois alguns permanecem. Outros ficam mais um ano. Depende de cada um. Cada um \u00e9 uma hist\u00f3ria.<\/p>\n<p><strong>Site Franciscanos\u00a0<\/strong><em>\u00a0\u2013 <\/em><strong>Como era sua rela\u00e7\u00e3o com o Papa Bento XVI?<\/strong><\/p>\n<p><strong>Frei Hans:<\/strong> Tinha-o encontrado uma vez. Foi na Pra\u00e7a S\u00e3o Pedro. Eu disse: \u201cSua Imin\u00eancia, sou Frei Hans, frade alem\u00e3o, estudo em Petr\u00f3polis, sou aluno de Leonardo Boff. Ele disse: \u201cEnt\u00e3o me ajude a compreender seu confrade\u201d. E ele falou de algumas coisas que estavam acontecendo naquele tempo e que ele n\u00e3o entendia. Foi a \u00fanica conversa que tivemos. Depois, quando eu soube que ele viria ao Brasil, pensei que ele poderia vir \u00e0 Fazenda, j\u00e1 que estaria t\u00e3o perto. Mas n\u00e3o sabia como fazer. Senti o apelo de convid\u00e1-lo cada vez mais forte. Ent\u00e3o falei com o Nelson, vimos com alguns bispos amigos. Comecei a pedir aos bispos e cardeais se poderiam escrever uma carta convidando-o. Juntei 80 cartas. Quando tinha tudo pronto, recebi um convite de um cardeal da Alemanha, meu antigo professor, que me convidou para que desse um testemunho durante o primeiro Congresso da Enc\u00edclica \u2018Deus caritas est\u2019. Todos que deram testemunho tiveram a oportunidade de falar pessoalmente com o Papa Bento. Apresentei-me rapidamente e perguntei: \u201cSanto Padre, posso contar com a sua presen\u00e7a no meio desses jovens como pai que abra\u00e7a o filho pr\u00f3digo?\u201d. Ele respondeu em alem\u00e3o: \u201cSim, pode\u201d. Assumi isso, entreguei todas estas cartas e come\u00e7amos a nos preparar. Oficialmente a confirma\u00e7\u00e3o demorou bastante, mas est\u00e1vamos bem adiantados. E ele veio realmente. Isso foi muito marcante para ele e tamb\u00e9m para n\u00f3s. Ele ficou muito tocado. Cada vez que o encontrava depois, em outras ocasi\u00f5es, ele sempre me falava destes testemunhos dos jovens, afirmando ser obra de Deus.<\/p>\n<p>Uma vez tendo este relacionamento, nunca deixei de visit\u00e1-lo quando estava em Roma, principalmente agora, que ele \u00e9 em\u00e9rito. Ele tem mais tempo, pode sentar-se no sof\u00e1 e conversar. Ele tem uma boa vis\u00e3o, uma abertura muito grande. Sua humildade em renunciar foi muito bacana. J\u00e1 convidei tamb\u00e9m o Papa Francisco, vamos ver. Onde os Papas pisam, acontece a hist\u00f3ria, \u00e9 impressionante.<\/p>\n","protected":false},"excerpt":{"rendered":"<p>Entrevista<\/p>\n","protected":false},"author":1,"featured_media":223916,"comment_status":"open","ping_status":"open","sticky":false,"template":"","format":"standard","meta":[],"categories":[758],"tags":[17,720,860],"acf":[],"yoast_head":"<!-- This site is optimized with the Yoast SEO plugin v19.2 - https:\/\/yoast.com\/wordpress\/plugins\/seo\/ -->\n<title>Frei Hans: \u201cPara mim, o drogado \u00e9 o leproso daquele tempo\u201d - Not\u00edcias - Franciscanos<\/title>\n<meta name=\"robots\" content=\"index, follow, max-snippet:-1, max-image-preview:large, max-video-preview:-1\" \/>\n<link rel=\"canonical\" href=\"https:\/\/franciscanos.org.br\/noticias\/para-mim-o-drogado-e-o-leproso-daquele-tempo-entrevista-com-frei-hans-stapel-fundador-da-fazenda-da-esperanca.html\" \/>\n<meta property=\"og:locale\" content=\"pt_BR\" \/>\n<meta property=\"og:type\" content=\"article\" \/>\n<meta property=\"og:title\" content=\"Frei Hans: \u201cPara mim, o drogado \u00e9 o leproso daquele tempo\u201d - Not\u00edcias - Franciscanos\" \/>\n<meta property=\"og:description\" content=\"Entrevista\" \/>\n<meta property=\"og:url\" content=\"https:\/\/franciscanos.org.br\/noticias\/para-mim-o-drogado-e-o-leproso-daquele-tempo-entrevista-com-frei-hans-stapel-fundador-da-fazenda-da-esperanca.html\" \/>\n<meta property=\"og:site_name\" content=\"Not\u00edcias - Franciscanos\" \/>\n<meta property=\"article:published_time\" content=\"2018-10-10T10:25:32+00:00\" \/>\n<meta property=\"article:modified_time\" content=\"2020-06-24T13:11:12+00:00\" \/>\n<meta property=\"og:image\" content=\"https:\/\/franciscanos.org.br\/noticias\/wp-content\/uploads\/2018\/10\/hans_071118_830-1.jpg\" \/>\n\t<meta property=\"og:image:width\" content=\"800\" \/>\n\t<meta property=\"og:image:height\" content=\"601\" \/>\n\t<meta property=\"og:image:type\" content=\"image\/jpeg\" \/>\n<meta name=\"author\" content=\"admin\" \/>\n<meta name=\"twitter:card\" content=\"summary_large_image\" \/>\n<meta name=\"twitter:label1\" content=\"Escrito por\" \/>\n\t<meta name=\"twitter:data1\" content=\"admin\" \/>\n\t<meta name=\"twitter:label2\" content=\"Est. tempo de leitura\" \/>\n\t<meta name=\"twitter:data2\" content=\"15 minutos\" \/>\n<script type=\"application\/ld+json\" class=\"yoast-schema-graph\">{\"@context\":\"https:\/\/schema.org\",\"@graph\":[{\"@type\":\"WebSite\",\"@id\":\"https:\/\/franciscanos.org.br\/noticias\/#website\",\"url\":\"https:\/\/franciscanos.org.br\/noticias\/\",\"name\":\"Not\u00edcias - Franciscanos\",\"description\":\"Prov\u00edncia Franciscana da Imaculada Concei\u00e7\u00e3o do Brasil - Ordem dos Frades Menores - OFM\",\"potentialAction\":[{\"@type\":\"SearchAction\",\"target\":{\"@type\":\"EntryPoint\",\"urlTemplate\":\"https:\/\/franciscanos.org.br\/noticias\/?s={search_term_string}\"},\"query-input\":\"required name=search_term_string\"}],\"inLanguage\":\"pt-BR\"},{\"@type\":\"ImageObject\",\"inLanguage\":\"pt-BR\",\"@id\":\"https:\/\/franciscanos.org.br\/noticias\/para-mim-o-drogado-e-o-leproso-daquele-tempo-entrevista-com-frei-hans-stapel-fundador-da-fazenda-da-esperanca.html#primaryimage\",\"url\":\"https:\/\/franciscanos.org.br\/noticias\/wp-content\/uploads\/2018\/10\/hans_071118_830-1.jpg\",\"contentUrl\":\"https:\/\/franciscanos.org.br\/noticias\/wp-content\/uploads\/2018\/10\/hans_071118_830-1.jpg\",\"width\":800,\"height\":601},{\"@type\":\"WebPage\",\"@id\":\"https:\/\/franciscanos.org.br\/noticias\/para-mim-o-drogado-e-o-leproso-daquele-tempo-entrevista-com-frei-hans-stapel-fundador-da-fazenda-da-esperanca.html#webpage\",\"url\":\"https:\/\/franciscanos.org.br\/noticias\/para-mim-o-drogado-e-o-leproso-daquele-tempo-entrevista-com-frei-hans-stapel-fundador-da-fazenda-da-esperanca.html\",\"name\":\"Frei Hans: \u201cPara mim, o drogado \u00e9 o leproso daquele tempo\u201d - Not\u00edcias - Franciscanos\",\"isPartOf\":{\"@id\":\"https:\/\/franciscanos.org.br\/noticias\/#website\"},\"primaryImageOfPage\":{\"@id\":\"https:\/\/franciscanos.org.br\/noticias\/para-mim-o-drogado-e-o-leproso-daquele-tempo-entrevista-com-frei-hans-stapel-fundador-da-fazenda-da-esperanca.html#primaryimage\"},\"datePublished\":\"2018-10-10T10:25:32+00:00\",\"dateModified\":\"2020-06-24T13:11:12+00:00\",\"author\":{\"@id\":\"https:\/\/franciscanos.org.br\/noticias\/#\/schema\/person\/b38fbf43118f02820bd932f2e4b14ad3\"},\"breadcrumb\":{\"@id\":\"https:\/\/franciscanos.org.br\/noticias\/para-mim-o-drogado-e-o-leproso-daquele-tempo-entrevista-com-frei-hans-stapel-fundador-da-fazenda-da-esperanca.html#breadcrumb\"},\"inLanguage\":\"pt-BR\",\"potentialAction\":[{\"@type\":\"ReadAction\",\"target\":[\"https:\/\/franciscanos.org.br\/noticias\/para-mim-o-drogado-e-o-leproso-daquele-tempo-entrevista-com-frei-hans-stapel-fundador-da-fazenda-da-esperanca.html\"]}]},{\"@type\":\"BreadcrumbList\",\"@id\":\"https:\/\/franciscanos.org.br\/noticias\/para-mim-o-drogado-e-o-leproso-daquele-tempo-entrevista-com-frei-hans-stapel-fundador-da-fazenda-da-esperanca.html#breadcrumb\",\"itemListElement\":[{\"@type\":\"ListItem\",\"position\":1,\"name\":\"Home\",\"item\":\"https:\/\/franciscanos.org.br\/noticias\"},{\"@type\":\"ListItem\",\"position\":2,\"name\":\"Frei Hans: \u201cPara mim, o drogado \u00e9 o leproso daquele tempo\u201d\"}]},{\"@type\":\"Person\",\"@id\":\"https:\/\/franciscanos.org.br\/noticias\/#\/schema\/person\/b38fbf43118f02820bd932f2e4b14ad3\",\"name\":\"admin\",\"image\":{\"@type\":\"ImageObject\",\"inLanguage\":\"pt-BR\",\"@id\":\"https:\/\/franciscanos.org.br\/noticias\/#\/schema\/person\/image\/\",\"url\":\"https:\/\/secure.gravatar.com\/avatar\/e8495742d34d0ba6448ea1c628263b3e?s=96&d=mm&r=g\",\"contentUrl\":\"https:\/\/secure.gravatar.com\/avatar\/e8495742d34d0ba6448ea1c628263b3e?s=96&d=mm&r=g\",\"caption\":\"admin\"},\"url\":\"https:\/\/franciscanos.org.br\/noticias\/author\/admin\"}]}<\/script>\n<!-- \/ Yoast SEO plugin. -->","yoast_head_json":{"title":"Frei Hans: \u201cPara mim, o drogado \u00e9 o leproso daquele tempo\u201d - Not\u00edcias - Franciscanos","robots":{"index":"index","follow":"follow","max-snippet":"max-snippet:-1","max-image-preview":"max-image-preview:large","max-video-preview":"max-video-preview:-1"},"canonical":"https:\/\/franciscanos.org.br\/noticias\/para-mim-o-drogado-e-o-leproso-daquele-tempo-entrevista-com-frei-hans-stapel-fundador-da-fazenda-da-esperanca.html","og_locale":"pt_BR","og_type":"article","og_title":"Frei Hans: \u201cPara mim, o drogado \u00e9 o leproso daquele tempo\u201d - Not\u00edcias - Franciscanos","og_description":"Entrevista","og_url":"https:\/\/franciscanos.org.br\/noticias\/para-mim-o-drogado-e-o-leproso-daquele-tempo-entrevista-com-frei-hans-stapel-fundador-da-fazenda-da-esperanca.html","og_site_name":"Not\u00edcias - Franciscanos","article_published_time":"2018-10-10T10:25:32+00:00","article_modified_time":"2020-06-24T13:11:12+00:00","og_image":[{"width":800,"height":601,"url":"https:\/\/franciscanos.org.br\/noticias\/wp-content\/uploads\/2018\/10\/hans_071118_830-1.jpg","type":"image\/jpeg"}],"author":"admin","twitter_card":"summary_large_image","twitter_misc":{"Escrito por":"admin","Est. tempo de leitura":"15 minutos"},"schema":{"@context":"https:\/\/schema.org","@graph":[{"@type":"WebSite","@id":"https:\/\/franciscanos.org.br\/noticias\/#website","url":"https:\/\/franciscanos.org.br\/noticias\/","name":"Not\u00edcias - Franciscanos","description":"Prov\u00edncia Franciscana da Imaculada Concei\u00e7\u00e3o do Brasil - Ordem dos Frades Menores - OFM","potentialAction":[{"@type":"SearchAction","target":{"@type":"EntryPoint","urlTemplate":"https:\/\/franciscanos.org.br\/noticias\/?s={search_term_string}"},"query-input":"required name=search_term_string"}],"inLanguage":"pt-BR"},{"@type":"ImageObject","inLanguage":"pt-BR","@id":"https:\/\/franciscanos.org.br\/noticias\/para-mim-o-drogado-e-o-leproso-daquele-tempo-entrevista-com-frei-hans-stapel-fundador-da-fazenda-da-esperanca.html#primaryimage","url":"https:\/\/franciscanos.org.br\/noticias\/wp-content\/uploads\/2018\/10\/hans_071118_830-1.jpg","contentUrl":"https:\/\/franciscanos.org.br\/noticias\/wp-content\/uploads\/2018\/10\/hans_071118_830-1.jpg","width":800,"height":601},{"@type":"WebPage","@id":"https:\/\/franciscanos.org.br\/noticias\/para-mim-o-drogado-e-o-leproso-daquele-tempo-entrevista-com-frei-hans-stapel-fundador-da-fazenda-da-esperanca.html#webpage","url":"https:\/\/franciscanos.org.br\/noticias\/para-mim-o-drogado-e-o-leproso-daquele-tempo-entrevista-com-frei-hans-stapel-fundador-da-fazenda-da-esperanca.html","name":"Frei Hans: \u201cPara mim, o drogado \u00e9 o leproso daquele tempo\u201d - Not\u00edcias - Franciscanos","isPartOf":{"@id":"https:\/\/franciscanos.org.br\/noticias\/#website"},"primaryImageOfPage":{"@id":"https:\/\/franciscanos.org.br\/noticias\/para-mim-o-drogado-e-o-leproso-daquele-tempo-entrevista-com-frei-hans-stapel-fundador-da-fazenda-da-esperanca.html#primaryimage"},"datePublished":"2018-10-10T10:25:32+00:00","dateModified":"2020-06-24T13:11:12+00:00","author":{"@id":"https:\/\/franciscanos.org.br\/noticias\/#\/schema\/person\/b38fbf43118f02820bd932f2e4b14ad3"},"breadcrumb":{"@id":"https:\/\/franciscanos.org.br\/noticias\/para-mim-o-drogado-e-o-leproso-daquele-tempo-entrevista-com-frei-hans-stapel-fundador-da-fazenda-da-esperanca.html#breadcrumb"},"inLanguage":"pt-BR","potentialAction":[{"@type":"ReadAction","target":["https:\/\/franciscanos.org.br\/noticias\/para-mim-o-drogado-e-o-leproso-daquele-tempo-entrevista-com-frei-hans-stapel-fundador-da-fazenda-da-esperanca.html"]}]},{"@type":"BreadcrumbList","@id":"https:\/\/franciscanos.org.br\/noticias\/para-mim-o-drogado-e-o-leproso-daquele-tempo-entrevista-com-frei-hans-stapel-fundador-da-fazenda-da-esperanca.html#breadcrumb","itemListElement":[{"@type":"ListItem","position":1,"name":"Home","item":"https:\/\/franciscanos.org.br\/noticias"},{"@type":"ListItem","position":2,"name":"Frei Hans: \u201cPara mim, o drogado \u00e9 o leproso daquele tempo\u201d"}]},{"@type":"Person","@id":"https:\/\/franciscanos.org.br\/noticias\/#\/schema\/person\/b38fbf43118f02820bd932f2e4b14ad3","name":"admin","image":{"@type":"ImageObject","inLanguage":"pt-BR","@id":"https:\/\/franciscanos.org.br\/noticias\/#\/schema\/person\/image\/","url":"https:\/\/secure.gravatar.com\/avatar\/e8495742d34d0ba6448ea1c628263b3e?s=96&d=mm&r=g","contentUrl":"https:\/\/secure.gravatar.com\/avatar\/e8495742d34d0ba6448ea1c628263b3e?s=96&d=mm&r=g","caption":"admin"},"url":"https:\/\/franciscanos.org.br\/noticias\/author\/admin"}]}},"_links":{"self":[{"href":"https:\/\/franciscanos.org.br\/noticias\/wp-json\/wp\/v2\/posts\/173905"}],"collection":[{"href":"https:\/\/franciscanos.org.br\/noticias\/wp-json\/wp\/v2\/posts"}],"about":[{"href":"https:\/\/franciscanos.org.br\/noticias\/wp-json\/wp\/v2\/types\/post"}],"author":[{"embeddable":true,"href":"https:\/\/franciscanos.org.br\/noticias\/wp-json\/wp\/v2\/users\/1"}],"replies":[{"embeddable":true,"href":"https:\/\/franciscanos.org.br\/noticias\/wp-json\/wp\/v2\/comments?post=173905"}],"version-history":[{"count":1,"href":"https:\/\/franciscanos.org.br\/noticias\/wp-json\/wp\/v2\/posts\/173905\/revisions"}],"predecessor-version":[{"id":223917,"href":"https:\/\/franciscanos.org.br\/noticias\/wp-json\/wp\/v2\/posts\/173905\/revisions\/223917"}],"wp:featuredmedia":[{"embeddable":true,"href":"https:\/\/franciscanos.org.br\/noticias\/wp-json\/wp\/v2\/media\/223916"}],"wp:attachment":[{"href":"https:\/\/franciscanos.org.br\/noticias\/wp-json\/wp\/v2\/media?parent=173905"}],"wp:term":[{"taxonomy":"category","embeddable":true,"href":"https:\/\/franciscanos.org.br\/noticias\/wp-json\/wp\/v2\/categories?post=173905"},{"taxonomy":"post_tag","embeddable":true,"href":"https:\/\/franciscanos.org.br\/noticias\/wp-json\/wp\/v2\/tags?post=173905"}],"curies":[{"name":"wp","href":"https:\/\/api.w.org\/{rel}","templated":true}]}}