{"id":173897,"date":"2018-10-08T09:44:58","date_gmt":"2018-10-08T12:44:58","guid":{"rendered":"http:\/\/franciscanos.org.br\/?p=173897"},"modified":"2018-11-26T14:54:30","modified_gmt":"2018-11-26T16:54:30","slug":"paroquia-do-rosario-celebra-sua-padroeira-2","status":"publish","type":"post","link":"https:\/\/franciscanos.org.br\/noticias\/paroquia-do-rosario-celebra-sua-padroeira-2.html","title":{"rendered":"Par\u00f3quia do Ros\u00e1rio celebra sua Padroeira"},"content":{"rendered":"<p><img loading=\"lazy\" class=\"aligncenter\" src=\"http:\/\/franciscanos.org.br\/wp-content\/uploads\/2018\/10\/rosario_081018p.jpg\" alt=\"rosario_081018p\" width=\"830\" height=\"553\" \/><\/p>\n<blockquote>\n<p style=\"text-align: left;\">\u201cEm Jesus, com Maria, restauramos a vida!\u201d<\/p>\n<\/blockquote>\n<p>Neste dia festivo em que homenageamos Nossa Senhora do Ros\u00e1rio, refletimos sobre o \u201cSim\u201d de Maria que entregou sua vida para que se realizasse o projeto de Deus.<\/p>\n<p>Com o acolhimento \u00e0s dez comunidades que comp\u00f5em a Par\u00f3quia, teve in\u00edcio a santa missa, presidida por nosso arcebispo Dom Luiz Mancilha Vilela, que agradeceu aos freis franciscanos pelo belo trabalho e por tanto bem que a fam\u00edlia franciscana tem realizado em nosso estado e pelo povo cat\u00f3lico. Lembrou, ainda, que a partir da nossa par\u00f3quia, surgiram v\u00e1rias outras par\u00f3quias. Isso significa um trabalho que gerou vida nova entre as comunidades.<\/p>\n<p>Na homilia, Dom Luiz, chama a aten\u00e7\u00e3o para um cen\u00e1rio muito especial: \u201cDiante da igreja mais antiga do Esp\u00edrito Santo, nos deparamos com um quadro muito importante que \u00e9 uma par\u00f3quia sobre a b\u00ean\u00e7\u00e3o da m\u00e3e de Deus. B\u00ean\u00e7\u00e3o da m\u00e3e de Deus em que a piedade popular expressa louvores e agradecimentos atrav\u00e9s de um gesto t\u00e3o simples e t\u00e3o importante: a ora\u00e7\u00e3o do Ter\u00e7o. O ter\u00e7o \u00e9 um instrumento de santifica\u00e7\u00e3o de todo aquele que cr\u00ea. Com Maria, nossa m\u00e3e, vamos restaurando a nossa vida e a vida da nossa fam\u00edlia. A fam\u00edlia brasileira cat\u00f3lica, cresceu muito em volta da ora\u00e7\u00e3o do ter\u00e7o. Esse era o costume das fam\u00edlias antigas. A ora\u00e7\u00e3o do ter\u00e7o, essa ora\u00e7\u00e3o da piedade popular, nos leva a atitudes profundamente marianas, atitude do sil\u00eancio. E no sil\u00eancio h\u00e1 a abertura \u00e0 a\u00e7\u00e3o do Esp\u00edrito Santo. O Esp\u00edrito Santo \u00e9 que fez com que viesse at\u00e9 n\u00f3s a palavra redentora de Nosso Senhor Jesus Cristo, no seio de Maria, m\u00e3e da nova humanidade. Maria \u00e9 m\u00e3e da vida nova. Ela \u00e9 m\u00e3e Daquele que veio trazer vida e vida em abund\u00e2ncia. Nossa Senhora \u00e9 mestra da f\u00e9, que nos ensina a crer e a abrir o cora\u00e7\u00e3o para Deus em nossa vida. Maria \u00e9 modelo daquela que sabe fazer sil\u00eancio no cora\u00e7\u00e3o, que tem o cora\u00e7\u00e3o para Deus. Ela nos ensinou a dizer \u2018fa\u00e7a-se em mim, segundo a vossa palavra\u2019. Ela nos ensinou a ser obedientes aos des\u00edgnios do Senhor.\u201d<\/p>\n<p><img loading=\"lazy\" class=\"aligncenter\" src=\"http:\/\/franciscanos.org.br\/wp-content\/uploads\/2018\/10\/rosario_081018_1.jpg\" alt=\"rosario_081018_1\" width=\"830\" height=\"455\" \/><\/p>\n<p>Dom Luiz refor\u00e7a que a ora\u00e7\u00e3o em fam\u00edlia traz vida de uni\u00e3o, amizade, paz e harmonia. Ele pediu para que possamos olhar para nossas fam\u00edlias, para que sejam fam\u00edlias de f\u00e9, esperan\u00e7a e caridade. E ainda que nunca desanimemos diante das dificuldades que a vida nos apresenta. Assim como Jesus n\u00e3o desanimou diante da cruz e venceu a morte.<\/p>\n<p>Ao final da missa, foi feita uma homenagem \u00e0 Nossa Senhora, com mulheres de v\u00e1rias gera\u00e7\u00f5es, retratando que a devo\u00e7\u00e3o e o amor \u00e0 Nossa Senhora passam de gera\u00e7\u00e3o em gera\u00e7\u00e3o.<\/p>\n<p><em>Pascom do Santu\u00e1rio Divino Esp\u00edrito Santo<\/em><\/p>\n<p><img loading=\"lazy\" class=\"aligncenter\" src=\"http:\/\/franciscanos.org.br\/wp-content\/uploads\/2018\/10\/rosario_081018.jpg\" alt=\"rosario_081018\" width=\"830\" height=\"553\" \/><\/p>\n","protected":false},"excerpt":{"rendered":"<p>Vila Velha<\/p>\n","protected":false},"author":1,"featured_media":191462,"comment_status":"open","ping_status":"open","sticky":false,"template":"","format":"standard","meta":[],"categories":[1],"tags":[231],"acf":[],"yoast_head":"<!-- This site is optimized with the Yoast SEO plugin v19.2 - https:\/\/yoast.com\/wordpress\/plugins\/seo\/ -->\n<title>Par\u00f3quia do Ros\u00e1rio celebra sua Padroeira - Not\u00edcias - Franciscanos<\/title>\n<meta name=\"robots\" content=\"index, follow, max-snippet:-1, max-image-preview:large, max-video-preview:-1\" \/>\n<link rel=\"canonical\" href=\"https:\/\/franciscanos.org.br\/noticias\/paroquia-do-rosario-celebra-sua-padroeira-2.html\" \/>\n<meta property=\"og:locale\" content=\"pt_BR\" \/>\n<meta property=\"og:type\" content=\"article\" \/>\n<meta property=\"og:title\" content=\"Par\u00f3quia do Ros\u00e1rio celebra sua Padroeira - Not\u00edcias - Franciscanos\" \/>\n<meta property=\"og:description\" content=\"Vila Velha\" \/>\n<meta property=\"og:url\" content=\"https:\/\/franciscanos.org.br\/noticias\/paroquia-do-rosario-celebra-sua-padroeira-2.html\" \/>\n<meta property=\"og:site_name\" content=\"Not\u00edcias - Franciscanos\" \/>\n<meta property=\"article:published_time\" content=\"2018-10-08T12:44:58+00:00\" \/>\n<meta property=\"article:modified_time\" content=\"2018-11-26T16:54:30+00:00\" \/>\n<meta property=\"og:image\" content=\"https:\/\/franciscanos.org.br\/noticias\/wp-content\/uploads\/2018\/10\/rosario_081018.jpg\" \/>\n\t<meta property=\"og:image:width\" content=\"273\" \/>\n\t<meta property=\"og:image:height\" content=\"181\" \/>\n\t<meta property=\"og:image:type\" content=\"image\/jpeg\" \/>\n<meta name=\"author\" content=\"admin\" \/>\n<meta name=\"twitter:card\" content=\"summary_large_image\" \/>\n<meta name=\"twitter:label1\" content=\"Escrito por\" \/>\n\t<meta name=\"twitter:data1\" content=\"admin\" \/>\n\t<meta name=\"twitter:label2\" content=\"Est. tempo de leitura\" \/>\n\t<meta name=\"twitter:data2\" content=\"3 minutos\" \/>\n<script type=\"application\/ld+json\" class=\"yoast-schema-graph\">{\"@context\":\"https:\/\/schema.org\",\"@graph\":[{\"@type\":\"WebSite\",\"@id\":\"https:\/\/franciscanos.org.br\/noticias\/#website\",\"url\":\"https:\/\/franciscanos.org.br\/noticias\/\",\"name\":\"Not\u00edcias - Franciscanos\",\"description\":\"Prov\u00edncia Franciscana da Imaculada Concei\u00e7\u00e3o do Brasil - Ordem dos Frades Menores - OFM\",\"potentialAction\":[{\"@type\":\"SearchAction\",\"target\":{\"@type\":\"EntryPoint\",\"urlTemplate\":\"https:\/\/franciscanos.org.br\/noticias\/?s={search_term_string}\"},\"query-input\":\"required name=search_term_string\"}],\"inLanguage\":\"pt-BR\"},{\"@type\":\"ImageObject\",\"inLanguage\":\"pt-BR\",\"@id\":\"https:\/\/franciscanos.org.br\/noticias\/paroquia-do-rosario-celebra-sua-padroeira-2.html#primaryimage\",\"url\":\"https:\/\/franciscanos.org.br\/noticias\/wp-content\/uploads\/2018\/10\/rosario_081018.jpg\",\"contentUrl\":\"https:\/\/franciscanos.org.br\/noticias\/wp-content\/uploads\/2018\/10\/rosario_081018.jpg\",\"width\":273,\"height\":181},{\"@type\":\"WebPage\",\"@id\":\"https:\/\/franciscanos.org.br\/noticias\/paroquia-do-rosario-celebra-sua-padroeira-2.html#webpage\",\"url\":\"https:\/\/franciscanos.org.br\/noticias\/paroquia-do-rosario-celebra-sua-padroeira-2.html\",\"name\":\"Par\u00f3quia do Ros\u00e1rio celebra sua Padroeira - Not\u00edcias - Franciscanos\",\"isPartOf\":{\"@id\":\"https:\/\/franciscanos.org.br\/noticias\/#website\"},\"primaryImageOfPage\":{\"@id\":\"https:\/\/franciscanos.org.br\/noticias\/paroquia-do-rosario-celebra-sua-padroeira-2.html#primaryimage\"},\"datePublished\":\"2018-10-08T12:44:58+00:00\",\"dateModified\":\"2018-11-26T16:54:30+00:00\",\"author\":{\"@id\":\"https:\/\/franciscanos.org.br\/noticias\/#\/schema\/person\/b38fbf43118f02820bd932f2e4b14ad3\"},\"breadcrumb\":{\"@id\":\"https:\/\/franciscanos.org.br\/noticias\/paroquia-do-rosario-celebra-sua-padroeira-2.html#breadcrumb\"},\"inLanguage\":\"pt-BR\",\"potentialAction\":[{\"@type\":\"ReadAction\",\"target\":[\"https:\/\/franciscanos.org.br\/noticias\/paroquia-do-rosario-celebra-sua-padroeira-2.html\"]}]},{\"@type\":\"BreadcrumbList\",\"@id\":\"https:\/\/franciscanos.org.br\/noticias\/paroquia-do-rosario-celebra-sua-padroeira-2.html#breadcrumb\",\"itemListElement\":[{\"@type\":\"ListItem\",\"position\":1,\"name\":\"Home\",\"item\":\"https:\/\/franciscanos.org.br\/noticias\"},{\"@type\":\"ListItem\",\"position\":2,\"name\":\"Par\u00f3quia do Ros\u00e1rio celebra sua Padroeira\"}]},{\"@type\":\"Person\",\"@id\":\"https:\/\/franciscanos.org.br\/noticias\/#\/schema\/person\/b38fbf43118f02820bd932f2e4b14ad3\",\"name\":\"admin\",\"image\":{\"@type\":\"ImageObject\",\"inLanguage\":\"pt-BR\",\"@id\":\"https:\/\/franciscanos.org.br\/noticias\/#\/schema\/person\/image\/\",\"url\":\"https:\/\/secure.gravatar.com\/avatar\/e8495742d34d0ba6448ea1c628263b3e?s=96&d=mm&r=g\",\"contentUrl\":\"https:\/\/secure.gravatar.com\/avatar\/e8495742d34d0ba6448ea1c628263b3e?s=96&d=mm&r=g\",\"caption\":\"admin\"},\"url\":\"https:\/\/franciscanos.org.br\/noticias\/author\/admin\"}]}<\/script>\n<!-- \/ Yoast SEO plugin. -->","yoast_head_json":{"title":"Par\u00f3quia do Ros\u00e1rio celebra sua Padroeira - Not\u00edcias - Franciscanos","robots":{"index":"index","follow":"follow","max-snippet":"max-snippet:-1","max-image-preview":"max-image-preview:large","max-video-preview":"max-video-preview:-1"},"canonical":"https:\/\/franciscanos.org.br\/noticias\/paroquia-do-rosario-celebra-sua-padroeira-2.html","og_locale":"pt_BR","og_type":"article","og_title":"Par\u00f3quia do Ros\u00e1rio celebra sua Padroeira - Not\u00edcias - Franciscanos","og_description":"Vila Velha","og_url":"https:\/\/franciscanos.org.br\/noticias\/paroquia-do-rosario-celebra-sua-padroeira-2.html","og_site_name":"Not\u00edcias - Franciscanos","article_published_time":"2018-10-08T12:44:58+00:00","article_modified_time":"2018-11-26T16:54:30+00:00","og_image":[{"width":273,"height":181,"url":"https:\/\/franciscanos.org.br\/noticias\/wp-content\/uploads\/2018\/10\/rosario_081018.jpg","type":"image\/jpeg"}],"author":"admin","twitter_card":"summary_large_image","twitter_misc":{"Escrito por":"admin","Est. tempo de leitura":"3 minutos"},"schema":{"@context":"https:\/\/schema.org","@graph":[{"@type":"WebSite","@id":"https:\/\/franciscanos.org.br\/noticias\/#website","url":"https:\/\/franciscanos.org.br\/noticias\/","name":"Not\u00edcias - Franciscanos","description":"Prov\u00edncia Franciscana da Imaculada Concei\u00e7\u00e3o do Brasil - Ordem dos Frades Menores - OFM","potentialAction":[{"@type":"SearchAction","target":{"@type":"EntryPoint","urlTemplate":"https:\/\/franciscanos.org.br\/noticias\/?s={search_term_string}"},"query-input":"required name=search_term_string"}],"inLanguage":"pt-BR"},{"@type":"ImageObject","inLanguage":"pt-BR","@id":"https:\/\/franciscanos.org.br\/noticias\/paroquia-do-rosario-celebra-sua-padroeira-2.html#primaryimage","url":"https:\/\/franciscanos.org.br\/noticias\/wp-content\/uploads\/2018\/10\/rosario_081018.jpg","contentUrl":"https:\/\/franciscanos.org.br\/noticias\/wp-content\/uploads\/2018\/10\/rosario_081018.jpg","width":273,"height":181},{"@type":"WebPage","@id":"https:\/\/franciscanos.org.br\/noticias\/paroquia-do-rosario-celebra-sua-padroeira-2.html#webpage","url":"https:\/\/franciscanos.org.br\/noticias\/paroquia-do-rosario-celebra-sua-padroeira-2.html","name":"Par\u00f3quia do Ros\u00e1rio celebra sua Padroeira - Not\u00edcias - Franciscanos","isPartOf":{"@id":"https:\/\/franciscanos.org.br\/noticias\/#website"},"primaryImageOfPage":{"@id":"https:\/\/franciscanos.org.br\/noticias\/paroquia-do-rosario-celebra-sua-padroeira-2.html#primaryimage"},"datePublished":"2018-10-08T12:44:58+00:00","dateModified":"2018-11-26T16:54:30+00:00","author":{"@id":"https:\/\/franciscanos.org.br\/noticias\/#\/schema\/person\/b38fbf43118f02820bd932f2e4b14ad3"},"breadcrumb":{"@id":"https:\/\/franciscanos.org.br\/noticias\/paroquia-do-rosario-celebra-sua-padroeira-2.html#breadcrumb"},"inLanguage":"pt-BR","potentialAction":[{"@type":"ReadAction","target":["https:\/\/franciscanos.org.br\/noticias\/paroquia-do-rosario-celebra-sua-padroeira-2.html"]}]},{"@type":"BreadcrumbList","@id":"https:\/\/franciscanos.org.br\/noticias\/paroquia-do-rosario-celebra-sua-padroeira-2.html#breadcrumb","itemListElement":[{"@type":"ListItem","position":1,"name":"Home","item":"https:\/\/franciscanos.org.br\/noticias"},{"@type":"ListItem","position":2,"name":"Par\u00f3quia do Ros\u00e1rio celebra sua Padroeira"}]},{"@type":"Person","@id":"https:\/\/franciscanos.org.br\/noticias\/#\/schema\/person\/b38fbf43118f02820bd932f2e4b14ad3","name":"admin","image":{"@type":"ImageObject","inLanguage":"pt-BR","@id":"https:\/\/franciscanos.org.br\/noticias\/#\/schema\/person\/image\/","url":"https:\/\/secure.gravatar.com\/avatar\/e8495742d34d0ba6448ea1c628263b3e?s=96&d=mm&r=g","contentUrl":"https:\/\/secure.gravatar.com\/avatar\/e8495742d34d0ba6448ea1c628263b3e?s=96&d=mm&r=g","caption":"admin"},"url":"https:\/\/franciscanos.org.br\/noticias\/author\/admin"}]}},"_links":{"self":[{"href":"https:\/\/franciscanos.org.br\/noticias\/wp-json\/wp\/v2\/posts\/173897"}],"collection":[{"href":"https:\/\/franciscanos.org.br\/noticias\/wp-json\/wp\/v2\/posts"}],"about":[{"href":"https:\/\/franciscanos.org.br\/noticias\/wp-json\/wp\/v2\/types\/post"}],"author":[{"embeddable":true,"href":"https:\/\/franciscanos.org.br\/noticias\/wp-json\/wp\/v2\/users\/1"}],"replies":[{"embeddable":true,"href":"https:\/\/franciscanos.org.br\/noticias\/wp-json\/wp\/v2\/comments?post=173897"}],"version-history":[{"count":0,"href":"https:\/\/franciscanos.org.br\/noticias\/wp-json\/wp\/v2\/posts\/173897\/revisions"}],"wp:featuredmedia":[{"embeddable":true,"href":"https:\/\/franciscanos.org.br\/noticias\/wp-json\/wp\/v2\/media\/191462"}],"wp:attachment":[{"href":"https:\/\/franciscanos.org.br\/noticias\/wp-json\/wp\/v2\/media?parent=173897"}],"wp:term":[{"taxonomy":"category","embeddable":true,"href":"https:\/\/franciscanos.org.br\/noticias\/wp-json\/wp\/v2\/categories?post=173897"},{"taxonomy":"post_tag","embeddable":true,"href":"https:\/\/franciscanos.org.br\/noticias\/wp-json\/wp\/v2\/tags?post=173897"}],"curies":[{"name":"wp","href":"https:\/\/api.w.org\/{rel}","templated":true}]}}