{"id":173849,"date":"2018-10-08T08:28:08","date_gmt":"2018-10-08T11:28:08","guid":{"rendered":"http:\/\/franciscanos.org.br\/?p=173849"},"modified":"2018-11-26T15:20:42","modified_gmt":"2018-11-26T17:20:42","slug":"a-experiencia-missionaria-de-aline-alves","status":"publish","type":"post","link":"https:\/\/franciscanos.org.br\/noticias\/a-experiencia-missionaria-de-aline-alves.html","title":{"rendered":"A experi\u00eancia mission\u00e1ria de Aline Alves na Bahia"},"content":{"rendered":"<p><strong><img loading=\"lazy\" class=\"size-full wp-image-191465 aligncenter\" src=\"https:\/\/franciscanos.org.br\/noticias\/wp-content\/uploads\/2018\/10\/Aline-830.jpg\" alt=\"\" width=\"830\" height=\"618\" srcset=\"https:\/\/franciscanos.org.br\/noticias\/wp-content\/uploads\/2018\/10\/Aline-830.jpg 830w, https:\/\/franciscanos.org.br\/noticias\/wp-content\/uploads\/2018\/10\/Aline-830-450x335.jpg 450w, https:\/\/franciscanos.org.br\/noticias\/wp-content\/uploads\/2018\/10\/Aline-830-768x572.jpg 768w, https:\/\/franciscanos.org.br\/noticias\/wp-content\/uploads\/2018\/10\/Aline-830-150x112.jpg 150w\" sizes=\"(max-width: 830px) 100vw, 830px\" \/><\/strong><em>Aos 32 anos, a jovem Aline Neves, natural de Nil\u00f3polis (RJ) faz uma experi\u00eancia mission\u00e1ria na Diocese de Barra (BA), como volunt\u00e1ria na Par\u00f3quia Nossa Senhora da Piedade. A par\u00f3quia possui 30 comunidades e fica no distrito de Cocal, munic\u00edpio de Brotas de Maca\u00fabas, sert\u00e3o da Bahia. Frei Mois\u00e9is Beserra de Lima \u00e9 o p\u00e1roco local. A Diocese de Barra \u00e9 pastoreada por Dom Lu\u00eds Flavio Cappio, bispo franciscano pertencente \u00e0 Prov\u00edncia da Imaculada Concei\u00e7\u00e3o do Brasil.<\/em><\/p>\n<p><em>Frei Diego Melo, coordenador do Servi\u00e7o de Anima\u00e7\u00e3o Vocacional (SAV), ajudou neste processo. Aline conta que o desejo de ser mission\u00e1ria nasceu depois da participa\u00e7\u00e3o em eventos organizados pelo SAV, como as Caminhadas e Miss\u00f5es Franciscanas. Em 2017, surgiu o convite para uma miss\u00e3o na Diocese de Barra. Ela voltou sozinha, em setembro e depois decidiu deixar sua vida no Rio de Janeiro para ser mission\u00e1ria em Cocal.<\/em><\/p>\n<p><strong>Site Franciscanos<\/strong> \u2013\u00a0<em>Como come\u00e7ou seu envolvimento mais direto, mais engajado, na vida da Igreja?<\/em><\/p>\n<p><strong>Aline Neves<\/strong> &#8211; Meu envolvimento aconteceu desde quando comecei a fazer a catequese, ainda crian\u00e7a. Fui sozinha num batizado e gostei. Pedi aos meus pais para entrar na catequese. Logo em seguida, depois da catequese, continuei. Ajudava na Pastoral do Negro, sempre que necess\u00e1rio, e na Pastoral do Teatro. Atuava na Pastoral da Juventude, Catequese, mas com uma atua\u00e7\u00e3o mais intensa com a juventude e catequese. At\u00e9 come\u00e7ar a conhecer a Caminhada Franciscana e me encantar por S\u00e3o Francisco e querer vivenci\u00e1-lo cada vez mais. Desde ent\u00e3o, eu n\u00e3o sa\u00ed mais. Entendi bem a proposta de servir \u00e0 comunidade, aquela comunidade que me acolheu enquanto crian\u00e7a na catequese, que me preparou. Depois fiz Crisma, entrei no grupo de jovens e fui me engajando nos movimentos.<\/p>\n<p><strong>Site Franciscanos<\/strong><em>\u00a0\u2013 O que este engajamento crescente representa na sua vida?<\/em><\/p>\n<p><strong>Aline<\/strong> &#8211; A minha caminhada na Igreja foi aos poucos. Em cada fase da minha vida fui vivendo um tipo de atividade, contribuindo com um servi\u00e7o na Igreja. Da catequese fui para o grupo de jovens e l\u00e1, enquanto Pastoral da Juventude (PJ), nas forma\u00e7\u00f5es sobre Igreja, sociedade, pol\u00edticas p\u00fablicas, abri minha cabe\u00e7a pra uma Igreja em sa\u00edda, que olha o povo, sobretudo os pobres, e despertou o meu interesse em querer continuar aquele trabalho. O engajamento e o discernimento que eu tenho hoje come\u00e7aram na PJ. Eu devo isso a ela, at\u00e9 a carreira que quis seguir tem a ver com as quest\u00f5es que refleti a partir da PJ, com a forma\u00e7\u00e3o e o preparo que ela me deu. Fiquei muito tempo servindo \u00e0 Pastoral da Juventude. Em seguida, passei a coordenar o Encontro de Jovens que amam a Cristo (EJAC), que est\u00e1 no seu 12\u00ba encontro. Depois, houve a necessidade de eu ir para a catequese. Meu p\u00e1roco, na \u00e9poca, perguntou se eu podia assumir uma turma e a coordena\u00e7\u00e3o da Catequese na Comunidade Santo Ant\u00f4nio, que estava precisando. A comunidade estava sem ningu\u00e9m e eu acredito que uma Igreja sem catequese \u00e9 uma Igreja que carece de um importante pilar. E assim eu aceitei.<\/p>\n<p>Esse engajamento \u00e9 a chama que aquece a minha vida. Tem \u00e9poca que essa chama est\u00e1 alta ou baixa. Teve um per\u00edodo na minha vida em que a chama estava um pouco mais baixa e a\u00ed vieram as Caminhadas e Miss\u00f5es Franciscanas, que acenderam essa chama de novo. Estar engajada \u00e9 o combust\u00edvel que eu preciso para sobreviver. Como a gente precisa se alimentar, trabalhar, eu preciso estar engajada na Igreja, com as coisas de Jesus. Quando eu n\u00e3o estava muito engajada, minha vida estava triste, mais sombria. Quando eu volto a me engajar, a servir \u00e0 Igreja, \u00e0s pessoas, como Cristo pediu, isso me trouxe uma vida nova, isso me fez reviver, me fez renascer. A minha chama aumenta! O engajamento pra mim \u00e9 o que mant\u00e9m a minha vida.<\/p>\n<p><strong>Site Franciscanos\u00a0<\/strong><em>\u2013 Como surgiu no seu cora\u00e7\u00e3o este desejo mission\u00e1rio?<\/em><\/p>\n<p><strong>Aline<\/strong> &#8211; Acho que este desejo sempre esteve aqui, s\u00f3 que n\u00e3o o identificava como desejo de ser mission\u00e1ria. Por alguns anos da minha vida, trabalhei nas periferias da minha cidade, as periferias existenciais. Trabalhei com jovens e mulheres em situa\u00e7\u00e3o de vulnerabilidade social e me descobri nesse trabalho, ao ajudar o jovem, aquele que est\u00e1 exclu\u00eddo, aquele que ningu\u00e9m quer, que por alguma dificuldade se perdeu na vida e se entregou \u00e0s drogas ou cometeu um ato ilegal e est\u00e1 preso. Ningu\u00e9m quer saber deles, as pessoas esquecem que ali Cristo tamb\u00e9m est\u00e1. Eu me envolvi demais nesse trabalho e cada vez mais queria estar trabalhando, queria estar nas periferias ajudando, contribuindo de alguma forma. Mas at\u00e9 ent\u00e3o era um trabalho profissional. Eu era gestora de projetos sociais, mas n\u00e3o deixei de ser crist\u00e3, ent\u00e3o n\u00e3o tinha como separar a \u2018Aline profissional\u2019 da \u2018Aline crist\u00e3\u2019, que tem consci\u00eancia de que deve levar a Palavra de Cristo a todos os povos e a todas as pessoas. Eu tinha consci\u00eancia de que Cristo estava ali, naqueles jovens e naquelas mulheres que est\u00e3o exclu\u00eddas da sociedade.<\/p>\n<p>A\u00ed veio todo esse movimento na nossa Prov\u00edncia, o trabalho do Frei Diego Melo, animando a juventude, promovendo as Caminhadas e as Miss\u00f5es Franciscanas. Quando veio o convite pra participar da primeira Caminhada, passei a perceber que aquele meu anseio, na verdade, era um anseio mission\u00e1rio. Na primeira caminhada, quando cheguei na Fazenda da Esperan\u00e7a e encontrei aquelas pessoas, para quem a sociedade virou as costas, aqueles exclu\u00eddos, onde conseguimos perceber o rosto misericordioso de Deus, ali percebi que era aquilo que eu queria pra minha vida: estar no meio de quem precisa ouvir a Palavra de Cristo, ir ao encontro de Cristo no meu irm\u00e3o, perceber que aquelas pessoas fazem parte da minha vida, da sociedade onde eu moro e que eu n\u00e3o posso ser conivente com essa l\u00f3gica que exclui, porque Jesus n\u00e3o excluiu ningu\u00e9m. Se \u00e9 ali que Cristo est\u00e1, \u00e9 ali que eu quero estar tamb\u00e9m.<\/p>\n<p>Depois da caminhada, veio a minha primeira miss\u00e3o na Prov\u00edncia, em Curitiba (PR). A miss\u00e3o foi perfeita, eu fiquei num assentamento do Movimento dos Trabalhadores Rurais Sem Terra (MST), onde senti fortemente a presen\u00e7a de Cristo. Senti que queria mais. Num destes encontros, estava muito angustiada e conversei com o Frei Diego. Disse que n\u00e3o estava mais satisfeita com o meu trabalho na Par\u00f3quia. Aquilo que eu estava fazendo l\u00e1, na Catequese, aquela contribui\u00e7\u00e3o, j\u00e1 n\u00e3o inflamava mais o meu cora\u00e7\u00e3o, senti que era pouco, que eu precisava fazer algo mais. Ele me aconselhou e disse: \u201cVoc\u00ea precisa jogar suas redes em \u00e1guas mais profundas, chega um momento em que s\u00f3 ali n\u00e3o d\u00e1 mais pra gente\u201d. E de fato, aquilo ficou no meu cora\u00e7\u00e3o, foi passando alguns anos e surgiu a oportunidade. Um belo dia surgiu o convite de vir fazer miss\u00e3o aqui em Cocal, n\u00e3o pensei duas vezes e vim. Foi uma miss\u00e3o muito boa e eu tive certeza que eu queria era viver essa vida de mission\u00e1ria, de levar o Cristo, de encontrar o Cristo onde Ele est\u00e1.<\/p>\n<p><strong>Site Franciscanos\u00a0<\/strong><em>\u2013 Quais desafios voc\u00ea enfrentou a partir desta decis\u00e3o?<\/em><\/p>\n<p><strong>Aline<\/strong> &#8211; Eu tive alguns desafios. Estou aqui no Cocal, no Sert\u00e3o Baiano. Sa\u00ed do Rio de Janeiro, da minha Par\u00f3quia e vim pra c\u00e1. O maior desafio foi me afastar da minha fam\u00edlia, que \u00e9 minha base, meu porto seguro, o que eu tenho de mais valioso na minha vida. Mas o apoio deles me deu for\u00e7a. Antes de vir, estava triste, por conta dessa chama que estava bem fraca l\u00e1. Eles sentiram essa necessidade e me apoiaram. A despedida ali, no aeroporto, eu entrando no avi\u00e3o e vendo-os ficar foi a parte mais dura. E ainda \u00e9, quando acaba o dia aqui, quando eu fecho a minha porta e vou deitar. A\u00ed eu lembro e bate saudade da fam\u00edlia. Mas eu sei que eles est\u00e3o bem e a hora que eu quiser eu posso voltar, mas as gra\u00e7as e b\u00ean\u00e7\u00e3os que eu recebo aqui suprem minhas necessidades, esse anseio de t\u00ea-los perto de mim.<\/p>\n<p>Depois vieram outros desafios. Conforme v\u00e3o passando os dias, v\u00e3o surgindo outros desafios na vida. Porque eu sou uma leiga, que sa\u00ed da minha cidade, larguei emprego, fam\u00edlia, para vir servir a Cristo e \u00e0s pessoas daqui, porque eu senti este chamado na primeira miss\u00e3o que eu fiz em Cocal. Como foi algo que senti fortemente, lutei bastante para conseguir vir. Pensei, busquei conselhos, deixei Deus falar em meu cora\u00e7\u00e3o para saber se era isso mesmo. Com a ajuda da minha fam\u00edlia e o apoio dos meus amigos, eu consegui vir. A cada dia \u00e9 um desafio novo: morar sozinha, trabalhar para me sustentar e fazer a miss\u00e3o. Mas estou aqui porque tenho Cristo e Ele me d\u00e1 for\u00e7a. Quando voc\u00ea serve a Cristo, nada lhe falta. Tudo o que voc\u00ea necessita, Ele providencia. Atrav\u00e9s de um irm\u00e3o, de outra pessoa, mas Ele providencia.<\/p>\n<p><strong>Site Franciscanos\u00a0<\/strong><em>\u2013 Como est\u00e1 sendo fazer este trabalho de miss\u00e3o?<\/em><\/p>\n<p><strong>Aline<\/strong> &#8211; A experi\u00eancia est\u00e1 sendo muito rica. Hoje eu sou uma nova pessoa por conta da vida aqui. \u00c9 uma cultura diferente, pessoas diferentes, mas o Cristo \u00e9 o mesmo. Eu trabalho, dou aula para as crian\u00e7as, ajudo na Par\u00f3quia de todas as formas, nas celebra\u00e7\u00f5es, adora\u00e7\u00e3o, Catequese, grupos de forma\u00e7\u00e3o.<\/p>\n<p><strong>Site Franciscanos\u00a0<\/strong><em>\u2013 Como voc\u00ea foi recebida pela comunidade do povoado de Cocal?<\/em><\/p>\n<p>Aline &#8211; A minha acolhida no Cocal foi a melhor poss\u00edvel. O carinho do povo comigo foi o que me motivou a vir novamente para c\u00e1. Eu vim a primeira vez em julho de 2017, fiz uma semana de miss\u00e3o junto aos outros 15 jovens e, na hora de ir embora, fui com dor no cora\u00e7\u00e3o, tristeza, l\u00e1grimas e as pessoas com o mesmo sentimento. Quando chegamos pela primeira vez, fomos muito bem acolhidos. Voltei uma segunda vez, em setembro de 2017, na Festa da Padroeira. Vim sozinha e fui muito bem acolhida, muito acalentada pelo povo. A\u00ed veio o desejo de voltar e fazer uma experi\u00eancia maior, recebi essa resposta do povo, que pediu para eu ficar aqui. S\u00f3 confirmei meu chamado.<\/p>\n<p>Quando cheguei, fui muito bem recebida e ainda sou. As pessoas me tratam com muito carinho, com muito amor. Sempre tem algu\u00e9m para me ajudar quando eu preciso. Quando voc\u00ea vem para um lugar que \u00e9 longe de tudo e voc\u00ea \u00e9 bem acolhida, a miss\u00e3o fica muito mais f\u00e1cil. Esse carinho do povo foi o ponto m\u00e1ximo para eu ficar aqui. Eu n\u00e3o sei se conseguiria estar num lugar, mesmo para servir a Cristo, onde eu n\u00e3o fosse bem acolhida, onde eu sentisse que as pessoas n\u00e3o gostassem de mim.<\/p>\n<p><strong>Site Franciscanos\u00a0<\/strong>\u2013 Quais s\u00e3o os seus planos para o futuro?<\/p>\n<p><strong>Aline &#8211;<\/strong> O futuro est\u00e1 na m\u00e3o de Deus, como a minha vida tamb\u00e9m est\u00e1 entregue a Ele. Se hoje estou aqui, \u00e9 porque eu ouvi o chamado d\u2019Ele. Vou ficar nessa miss\u00e3o at\u00e9 quando Ele achar que eu devo ficar. Da mesma maneira que ouvi o chamado d\u2019Ele para estar aqui, se for da vontade de Deus que eu retorne para minha comunidade de origem, l\u00e1 eu estarei. Vou para onde Ele me guiar. A minha vida \u00e9 guiada por Deus. Eu louvo e agrade\u00e7o todo dia por Ele estar conduzindo a minha vida, e est\u00e1 conduzindo muito bem. A proposta inicial \u00e9 ficar por um ano. Hoje tenho emprego para me sustentar. Pretendo ir ao Rio de Janeiro no fim do ano, passar as f\u00e9rias escolares e voltar no ano que vem. Aqui participo de uma escola sacramental, onde nos preparamos para receber o minist\u00e9rio da Eucaristia e da Palavra. Estou fazendo a miss\u00e3o e estudando tamb\u00e9m. Se for da vontade d\u2019Ele que eu fique aqui mais um ou dois anos, ficarei. O quanto for necess\u00e1rio, o quanto Ele quiser que eu fique aqui. Eu pedi muito a Deus uma mudan\u00e7a de vida, um sentido novo para minha vida e Ele me deu. Vou aproveitar ao m\u00e1ximo desse desejo concedido por Ele para mim. Onde Ele mandar, eu irei. O futuro de fato a Deus pertence e o meu futuro, presente, a vida inteira, pertencem a Ele.<\/p>\n","protected":false},"excerpt":{"rendered":"<p>Ano do Laicato<\/p>\n","protected":false},"author":1,"featured_media":191467,"comment_status":"open","ping_status":"open","sticky":false,"template":"","format":"standard","meta":[],"categories":[758],"tags":[122],"acf":[],"yoast_head":"<!-- This site is optimized with the Yoast SEO plugin v19.2 - https:\/\/yoast.com\/wordpress\/plugins\/seo\/ -->\n<title>A experi\u00eancia mission\u00e1ria de Aline Alves na Bahia - Not\u00edcias - Franciscanos<\/title>\n<meta name=\"robots\" content=\"index, follow, max-snippet:-1, max-image-preview:large, max-video-preview:-1\" \/>\n<link rel=\"canonical\" href=\"https:\/\/franciscanos.org.br\/noticias\/a-experiencia-missionaria-de-aline-alves.html\" \/>\n<meta property=\"og:locale\" content=\"pt_BR\" \/>\n<meta property=\"og:type\" content=\"article\" \/>\n<meta property=\"og:title\" content=\"A experi\u00eancia mission\u00e1ria de Aline Alves na Bahia - Not\u00edcias - Franciscanos\" \/>\n<meta property=\"og:description\" content=\"Ano do Laicato\" \/>\n<meta property=\"og:url\" content=\"https:\/\/franciscanos.org.br\/noticias\/a-experiencia-missionaria-de-aline-alves.html\" \/>\n<meta property=\"og:site_name\" content=\"Not\u00edcias - Franciscanos\" \/>\n<meta property=\"article:published_time\" content=\"2018-10-08T11:28:08+00:00\" \/>\n<meta property=\"article:modified_time\" content=\"2018-11-26T17:20:42+00:00\" \/>\n<meta property=\"og:image\" content=\"https:\/\/franciscanos.org.br\/noticias\/wp-content\/uploads\/2018\/10\/1line-830.jpg\" \/>\n\t<meta property=\"og:image:width\" content=\"273\" \/>\n\t<meta property=\"og:image:height\" content=\"181\" \/>\n\t<meta property=\"og:image:type\" content=\"image\/jpeg\" \/>\n<meta name=\"author\" content=\"admin\" \/>\n<meta name=\"twitter:card\" content=\"summary_large_image\" \/>\n<meta name=\"twitter:label1\" content=\"Escrito por\" \/>\n\t<meta name=\"twitter:data1\" content=\"admin\" \/>\n\t<meta name=\"twitter:label2\" content=\"Est. tempo de leitura\" \/>\n\t<meta name=\"twitter:data2\" content=\"11 minutos\" \/>\n<script type=\"application\/ld+json\" class=\"yoast-schema-graph\">{\"@context\":\"https:\/\/schema.org\",\"@graph\":[{\"@type\":\"WebSite\",\"@id\":\"https:\/\/franciscanos.org.br\/noticias\/#website\",\"url\":\"https:\/\/franciscanos.org.br\/noticias\/\",\"name\":\"Not\u00edcias - Franciscanos\",\"description\":\"Prov\u00edncia Franciscana da Imaculada Concei\u00e7\u00e3o do Brasil - Ordem dos Frades Menores - OFM\",\"potentialAction\":[{\"@type\":\"SearchAction\",\"target\":{\"@type\":\"EntryPoint\",\"urlTemplate\":\"https:\/\/franciscanos.org.br\/noticias\/?s={search_term_string}\"},\"query-input\":\"required name=search_term_string\"}],\"inLanguage\":\"pt-BR\"},{\"@type\":\"ImageObject\",\"inLanguage\":\"pt-BR\",\"@id\":\"https:\/\/franciscanos.org.br\/noticias\/a-experiencia-missionaria-de-aline-alves.html#primaryimage\",\"url\":\"https:\/\/franciscanos.org.br\/noticias\/wp-content\/uploads\/2018\/10\/1line-830.jpg\",\"contentUrl\":\"https:\/\/franciscanos.org.br\/noticias\/wp-content\/uploads\/2018\/10\/1line-830.jpg\",\"width\":273,\"height\":181},{\"@type\":\"WebPage\",\"@id\":\"https:\/\/franciscanos.org.br\/noticias\/a-experiencia-missionaria-de-aline-alves.html#webpage\",\"url\":\"https:\/\/franciscanos.org.br\/noticias\/a-experiencia-missionaria-de-aline-alves.html\",\"name\":\"A experi\u00eancia mission\u00e1ria de Aline Alves na Bahia - Not\u00edcias - Franciscanos\",\"isPartOf\":{\"@id\":\"https:\/\/franciscanos.org.br\/noticias\/#website\"},\"primaryImageOfPage\":{\"@id\":\"https:\/\/franciscanos.org.br\/noticias\/a-experiencia-missionaria-de-aline-alves.html#primaryimage\"},\"datePublished\":\"2018-10-08T11:28:08+00:00\",\"dateModified\":\"2018-11-26T17:20:42+00:00\",\"author\":{\"@id\":\"https:\/\/franciscanos.org.br\/noticias\/#\/schema\/person\/b38fbf43118f02820bd932f2e4b14ad3\"},\"breadcrumb\":{\"@id\":\"https:\/\/franciscanos.org.br\/noticias\/a-experiencia-missionaria-de-aline-alves.html#breadcrumb\"},\"inLanguage\":\"pt-BR\",\"potentialAction\":[{\"@type\":\"ReadAction\",\"target\":[\"https:\/\/franciscanos.org.br\/noticias\/a-experiencia-missionaria-de-aline-alves.html\"]}]},{\"@type\":\"BreadcrumbList\",\"@id\":\"https:\/\/franciscanos.org.br\/noticias\/a-experiencia-missionaria-de-aline-alves.html#breadcrumb\",\"itemListElement\":[{\"@type\":\"ListItem\",\"position\":1,\"name\":\"Home\",\"item\":\"https:\/\/franciscanos.org.br\/noticias\"},{\"@type\":\"ListItem\",\"position\":2,\"name\":\"A experi\u00eancia mission\u00e1ria de Aline Alves na Bahia\"}]},{\"@type\":\"Person\",\"@id\":\"https:\/\/franciscanos.org.br\/noticias\/#\/schema\/person\/b38fbf43118f02820bd932f2e4b14ad3\",\"name\":\"admin\",\"image\":{\"@type\":\"ImageObject\",\"inLanguage\":\"pt-BR\",\"@id\":\"https:\/\/franciscanos.org.br\/noticias\/#\/schema\/person\/image\/\",\"url\":\"https:\/\/secure.gravatar.com\/avatar\/e8495742d34d0ba6448ea1c628263b3e?s=96&d=mm&r=g\",\"contentUrl\":\"https:\/\/secure.gravatar.com\/avatar\/e8495742d34d0ba6448ea1c628263b3e?s=96&d=mm&r=g\",\"caption\":\"admin\"},\"url\":\"https:\/\/franciscanos.org.br\/noticias\/author\/admin\"}]}<\/script>\n<!-- \/ Yoast SEO plugin. -->","yoast_head_json":{"title":"A experi\u00eancia mission\u00e1ria de Aline Alves na Bahia - Not\u00edcias - Franciscanos","robots":{"index":"index","follow":"follow","max-snippet":"max-snippet:-1","max-image-preview":"max-image-preview:large","max-video-preview":"max-video-preview:-1"},"canonical":"https:\/\/franciscanos.org.br\/noticias\/a-experiencia-missionaria-de-aline-alves.html","og_locale":"pt_BR","og_type":"article","og_title":"A experi\u00eancia mission\u00e1ria de Aline Alves na Bahia - Not\u00edcias - Franciscanos","og_description":"Ano do Laicato","og_url":"https:\/\/franciscanos.org.br\/noticias\/a-experiencia-missionaria-de-aline-alves.html","og_site_name":"Not\u00edcias - Franciscanos","article_published_time":"2018-10-08T11:28:08+00:00","article_modified_time":"2018-11-26T17:20:42+00:00","og_image":[{"width":273,"height":181,"url":"https:\/\/franciscanos.org.br\/noticias\/wp-content\/uploads\/2018\/10\/1line-830.jpg","type":"image\/jpeg"}],"author":"admin","twitter_card":"summary_large_image","twitter_misc":{"Escrito por":"admin","Est. tempo de leitura":"11 minutos"},"schema":{"@context":"https:\/\/schema.org","@graph":[{"@type":"WebSite","@id":"https:\/\/franciscanos.org.br\/noticias\/#website","url":"https:\/\/franciscanos.org.br\/noticias\/","name":"Not\u00edcias - Franciscanos","description":"Prov\u00edncia Franciscana da Imaculada Concei\u00e7\u00e3o do Brasil - Ordem dos Frades Menores - OFM","potentialAction":[{"@type":"SearchAction","target":{"@type":"EntryPoint","urlTemplate":"https:\/\/franciscanos.org.br\/noticias\/?s={search_term_string}"},"query-input":"required name=search_term_string"}],"inLanguage":"pt-BR"},{"@type":"ImageObject","inLanguage":"pt-BR","@id":"https:\/\/franciscanos.org.br\/noticias\/a-experiencia-missionaria-de-aline-alves.html#primaryimage","url":"https:\/\/franciscanos.org.br\/noticias\/wp-content\/uploads\/2018\/10\/1line-830.jpg","contentUrl":"https:\/\/franciscanos.org.br\/noticias\/wp-content\/uploads\/2018\/10\/1line-830.jpg","width":273,"height":181},{"@type":"WebPage","@id":"https:\/\/franciscanos.org.br\/noticias\/a-experiencia-missionaria-de-aline-alves.html#webpage","url":"https:\/\/franciscanos.org.br\/noticias\/a-experiencia-missionaria-de-aline-alves.html","name":"A experi\u00eancia mission\u00e1ria de Aline Alves na Bahia - Not\u00edcias - Franciscanos","isPartOf":{"@id":"https:\/\/franciscanos.org.br\/noticias\/#website"},"primaryImageOfPage":{"@id":"https:\/\/franciscanos.org.br\/noticias\/a-experiencia-missionaria-de-aline-alves.html#primaryimage"},"datePublished":"2018-10-08T11:28:08+00:00","dateModified":"2018-11-26T17:20:42+00:00","author":{"@id":"https:\/\/franciscanos.org.br\/noticias\/#\/schema\/person\/b38fbf43118f02820bd932f2e4b14ad3"},"breadcrumb":{"@id":"https:\/\/franciscanos.org.br\/noticias\/a-experiencia-missionaria-de-aline-alves.html#breadcrumb"},"inLanguage":"pt-BR","potentialAction":[{"@type":"ReadAction","target":["https:\/\/franciscanos.org.br\/noticias\/a-experiencia-missionaria-de-aline-alves.html"]}]},{"@type":"BreadcrumbList","@id":"https:\/\/franciscanos.org.br\/noticias\/a-experiencia-missionaria-de-aline-alves.html#breadcrumb","itemListElement":[{"@type":"ListItem","position":1,"name":"Home","item":"https:\/\/franciscanos.org.br\/noticias"},{"@type":"ListItem","position":2,"name":"A experi\u00eancia mission\u00e1ria de Aline Alves na Bahia"}]},{"@type":"Person","@id":"https:\/\/franciscanos.org.br\/noticias\/#\/schema\/person\/b38fbf43118f02820bd932f2e4b14ad3","name":"admin","image":{"@type":"ImageObject","inLanguage":"pt-BR","@id":"https:\/\/franciscanos.org.br\/noticias\/#\/schema\/person\/image\/","url":"https:\/\/secure.gravatar.com\/avatar\/e8495742d34d0ba6448ea1c628263b3e?s=96&d=mm&r=g","contentUrl":"https:\/\/secure.gravatar.com\/avatar\/e8495742d34d0ba6448ea1c628263b3e?s=96&d=mm&r=g","caption":"admin"},"url":"https:\/\/franciscanos.org.br\/noticias\/author\/admin"}]}},"_links":{"self":[{"href":"https:\/\/franciscanos.org.br\/noticias\/wp-json\/wp\/v2\/posts\/173849"}],"collection":[{"href":"https:\/\/franciscanos.org.br\/noticias\/wp-json\/wp\/v2\/posts"}],"about":[{"href":"https:\/\/franciscanos.org.br\/noticias\/wp-json\/wp\/v2\/types\/post"}],"author":[{"embeddable":true,"href":"https:\/\/franciscanos.org.br\/noticias\/wp-json\/wp\/v2\/users\/1"}],"replies":[{"embeddable":true,"href":"https:\/\/franciscanos.org.br\/noticias\/wp-json\/wp\/v2\/comments?post=173849"}],"version-history":[{"count":0,"href":"https:\/\/franciscanos.org.br\/noticias\/wp-json\/wp\/v2\/posts\/173849\/revisions"}],"wp:featuredmedia":[{"embeddable":true,"href":"https:\/\/franciscanos.org.br\/noticias\/wp-json\/wp\/v2\/media\/191467"}],"wp:attachment":[{"href":"https:\/\/franciscanos.org.br\/noticias\/wp-json\/wp\/v2\/media?parent=173849"}],"wp:term":[{"taxonomy":"category","embeddable":true,"href":"https:\/\/franciscanos.org.br\/noticias\/wp-json\/wp\/v2\/categories?post=173849"},{"taxonomy":"post_tag","embeddable":true,"href":"https:\/\/franciscanos.org.br\/noticias\/wp-json\/wp\/v2\/tags?post=173849"}],"curies":[{"name":"wp","href":"https:\/\/api.w.org\/{rel}","templated":true}]}}