{"id":173831,"date":"2018-10-07T13:08:49","date_gmt":"2018-10-07T16:08:49","guid":{"rendered":"http:\/\/franciscanos.org.br\/?p=173831"},"modified":"2019-07-02T12:48:13","modified_gmt":"2019-07-02T15:48:13","slug":"matrimonio-e-amor-e-fidelidade-mas-a-igreja-esta-proxima-das-situacoes-de-crise","status":"publish","type":"post","link":"https:\/\/franciscanos.org.br\/noticias\/matrimonio-e-amor-e-fidelidade-mas-a-igreja-esta-proxima-das-situacoes-de-crise.html","title":{"rendered":"Igreja est\u00e1 pr\u00f3xima das situa\u00e7\u00f5es de crise do matrim\u00f4nio"},"content":{"rendered":"<p><img loading=\"lazy\" class=\"alignleft\" src=\"http:\/\/franciscanos.org.br\/wp-content\/uploads\/2018\/10\/angelus_071018.jpg\" alt=\"angelus_071018\" width=\"820\" height=\"431\" \/><\/p>\n<p><strong>Cidade do Vaticano<\/strong> &#8211; &#8220;No projeto original do Criador, n\u00e3o h\u00e1 homem que se case com uma mulher e, se as coisas n\u00e3o v\u00e3o bem, ele a repudia. N\u00e3o. Em vez disso, h\u00e1 o homem e a mulher chamados a reconhecerem-se, completarem-se, a ajudarem-se mutuamente no matrim\u00f4nio&#8221;: essa a advert\u00eancia feita pelo Papa Francisco que, no Angelus deste domingo na Pra\u00e7a S\u00e3o Pedro, comentou o Evangelho que &#8220;oferece a palavra de Jesus sobre o matrim\u00f4nio&#8221;.<\/p>\n<p>&#8220;Este ensinamento de Jesus \u00e9 muito claro e defende a dignidade do matrim\u00f4nio, &#8211; disse o Papa &#8211; como uni\u00e3o de amor que implica a fidelidade. O que permite que casais se mantenham unidos no matrim\u00f4nio \u2013 explicou Francisco &#8211; \u00e9 um amor de doa\u00e7\u00e3o rec\u00edproca apoiado pela gra\u00e7a de Cristo. Se, ao inv\u00e9s, prevalece nos c\u00f4njuges, o interesse individual, a pr\u00f3pria satisfa\u00e7\u00e3o, ent\u00e3o a uni\u00e3o deles n\u00e3o ser\u00e1 capaz de resistir&#8221;.<\/p>\n<p>Mas, o Papa esclareceu: &#8220;\u00e9 a mesma p\u00e1gina do Evangelho a nos lembrar, com grande realismo, que o homem e a mulher, chamados a viver a experi\u00eancia do relacionamento e do amor, podem dolorosamente fazer gestos que a colocam em crise. Jesus n\u00e3o admite o rep\u00fadio e tudo o que pode levar ao naufr\u00e1gio do relacionamento. O faz para confirmar o des\u00edgnio de Deus, no qual se destacam a for\u00e7a e a beleza do relacionamento humano.<\/p>\n<p>\u201cA Igreja, m\u00e3e e mestra \u2013 disse o Papa \u2013 que compartilha as alegrias e as fadigas das pessoas, por um lado, n\u00e3o se cansa de confirmar a beleza da fam\u00edlia como nos foi entregue pela Escritura e pela Tradi\u00e7\u00e3o; ao mesmo tempo &#8211; assegurou Francisco &#8211; se esfor\u00e7a para fazer sentir concretamente a sua proximidade materna \u00e0queles que vivem a experi\u00eancia de relacionamentos rompidos ou levados avante de maneira dolorosa e fadigosa&#8221;.<\/p>\n<p>&#8220;O modo de agir do pr\u00f3prio Deus com o seu povo infiel, isto \u00e9 conosco, nos ensina que o amor ferido pode ser curado por Deus atrav\u00e9s da miseric\u00f3rdia e do perd\u00e3o. Portanto, \u00e0 Igreja, nestas situa\u00e7\u00f5es, n\u00e3o \u00e9 solicitado imediatamente e somente a condena\u00e7\u00e3o. Pelo contr\u00e1rio &#8211; concluiu o Papa -, em face de tantos dolorosos fracassos conjugais, a Igreja se sente chamada a viver a sua presen\u00e7a de caridade e de miseric\u00f3rdia, para levar de volta a Deus os cora\u00e7\u00f5es feridos e perdidos&#8221;.<\/p>\n","protected":false},"excerpt":{"rendered":"<p>Angelus<\/p>\n","protected":false},"author":1,"featured_media":191480,"comment_status":"open","ping_status":"open","sticky":false,"template":"","format":"standard","meta":[],"categories":[1428],"tags":[403],"acf":[],"yoast_head":"<!-- This site is optimized with the Yoast SEO plugin v19.2 - https:\/\/yoast.com\/wordpress\/plugins\/seo\/ -->\n<title>Igreja est\u00e1 pr\u00f3xima das situa\u00e7\u00f5es de crise do matrim\u00f4nio - Not\u00edcias - Franciscanos<\/title>\n<meta name=\"robots\" content=\"index, follow, max-snippet:-1, max-image-preview:large, max-video-preview:-1\" \/>\n<link rel=\"canonical\" href=\"https:\/\/franciscanos.org.br\/noticias\/matrimonio-e-amor-e-fidelidade-mas-a-igreja-esta-proxima-das-situacoes-de-crise.html\" \/>\n<meta property=\"og:locale\" content=\"pt_BR\" \/>\n<meta property=\"og:type\" content=\"article\" \/>\n<meta property=\"og:title\" content=\"Igreja est\u00e1 pr\u00f3xima das situa\u00e7\u00f5es de crise do matrim\u00f4nio - Not\u00edcias - Franciscanos\" \/>\n<meta property=\"og:description\" content=\"Angelus\" \/>\n<meta property=\"og:url\" content=\"https:\/\/franciscanos.org.br\/noticias\/matrimonio-e-amor-e-fidelidade-mas-a-igreja-esta-proxima-das-situacoes-de-crise.html\" \/>\n<meta property=\"og:site_name\" content=\"Not\u00edcias - Franciscanos\" \/>\n<meta property=\"article:published_time\" content=\"2018-10-07T16:08:49+00:00\" \/>\n<meta property=\"article:modified_time\" content=\"2019-07-02T15:48:13+00:00\" \/>\n<meta property=\"og:image\" content=\"https:\/\/franciscanos.org.br\/noticias\/wp-content\/uploads\/2018\/10\/angelus_071018.jpg\" \/>\n\t<meta property=\"og:image:width\" content=\"273\" \/>\n\t<meta property=\"og:image:height\" content=\"181\" \/>\n\t<meta property=\"og:image:type\" content=\"image\/jpeg\" \/>\n<meta name=\"author\" content=\"admin\" \/>\n<meta name=\"twitter:card\" content=\"summary_large_image\" \/>\n<meta name=\"twitter:label1\" content=\"Escrito por\" \/>\n\t<meta name=\"twitter:data1\" content=\"admin\" \/>\n\t<meta name=\"twitter:label2\" content=\"Est. tempo de leitura\" \/>\n\t<meta name=\"twitter:data2\" content=\"2 minutos\" \/>\n<script type=\"application\/ld+json\" class=\"yoast-schema-graph\">{\"@context\":\"https:\/\/schema.org\",\"@graph\":[{\"@type\":\"WebSite\",\"@id\":\"https:\/\/franciscanos.org.br\/noticias\/#website\",\"url\":\"https:\/\/franciscanos.org.br\/noticias\/\",\"name\":\"Not\u00edcias - Franciscanos\",\"description\":\"Prov\u00edncia Franciscana da Imaculada Concei\u00e7\u00e3o do Brasil - Ordem dos Frades Menores - OFM\",\"potentialAction\":[{\"@type\":\"SearchAction\",\"target\":{\"@type\":\"EntryPoint\",\"urlTemplate\":\"https:\/\/franciscanos.org.br\/noticias\/?s={search_term_string}\"},\"query-input\":\"required name=search_term_string\"}],\"inLanguage\":\"pt-BR\"},{\"@type\":\"ImageObject\",\"inLanguage\":\"pt-BR\",\"@id\":\"https:\/\/franciscanos.org.br\/noticias\/matrimonio-e-amor-e-fidelidade-mas-a-igreja-esta-proxima-das-situacoes-de-crise.html#primaryimage\",\"url\":\"https:\/\/franciscanos.org.br\/noticias\/wp-content\/uploads\/2018\/10\/angelus_071018.jpg\",\"contentUrl\":\"https:\/\/franciscanos.org.br\/noticias\/wp-content\/uploads\/2018\/10\/angelus_071018.jpg\",\"width\":273,\"height\":181},{\"@type\":\"WebPage\",\"@id\":\"https:\/\/franciscanos.org.br\/noticias\/matrimonio-e-amor-e-fidelidade-mas-a-igreja-esta-proxima-das-situacoes-de-crise.html#webpage\",\"url\":\"https:\/\/franciscanos.org.br\/noticias\/matrimonio-e-amor-e-fidelidade-mas-a-igreja-esta-proxima-das-situacoes-de-crise.html\",\"name\":\"Igreja est\u00e1 pr\u00f3xima das situa\u00e7\u00f5es de crise do matrim\u00f4nio - Not\u00edcias - Franciscanos\",\"isPartOf\":{\"@id\":\"https:\/\/franciscanos.org.br\/noticias\/#website\"},\"primaryImageOfPage\":{\"@id\":\"https:\/\/franciscanos.org.br\/noticias\/matrimonio-e-amor-e-fidelidade-mas-a-igreja-esta-proxima-das-situacoes-de-crise.html#primaryimage\"},\"datePublished\":\"2018-10-07T16:08:49+00:00\",\"dateModified\":\"2019-07-02T15:48:13+00:00\",\"author\":{\"@id\":\"https:\/\/franciscanos.org.br\/noticias\/#\/schema\/person\/b38fbf43118f02820bd932f2e4b14ad3\"},\"breadcrumb\":{\"@id\":\"https:\/\/franciscanos.org.br\/noticias\/matrimonio-e-amor-e-fidelidade-mas-a-igreja-esta-proxima-das-situacoes-de-crise.html#breadcrumb\"},\"inLanguage\":\"pt-BR\",\"potentialAction\":[{\"@type\":\"ReadAction\",\"target\":[\"https:\/\/franciscanos.org.br\/noticias\/matrimonio-e-amor-e-fidelidade-mas-a-igreja-esta-proxima-das-situacoes-de-crise.html\"]}]},{\"@type\":\"BreadcrumbList\",\"@id\":\"https:\/\/franciscanos.org.br\/noticias\/matrimonio-e-amor-e-fidelidade-mas-a-igreja-esta-proxima-das-situacoes-de-crise.html#breadcrumb\",\"itemListElement\":[{\"@type\":\"ListItem\",\"position\":1,\"name\":\"Home\",\"item\":\"https:\/\/franciscanos.org.br\/noticias\"},{\"@type\":\"ListItem\",\"position\":2,\"name\":\"Igreja est\u00e1 pr\u00f3xima das situa\u00e7\u00f5es de crise do matrim\u00f4nio\"}]},{\"@type\":\"Person\",\"@id\":\"https:\/\/franciscanos.org.br\/noticias\/#\/schema\/person\/b38fbf43118f02820bd932f2e4b14ad3\",\"name\":\"admin\",\"image\":{\"@type\":\"ImageObject\",\"inLanguage\":\"pt-BR\",\"@id\":\"https:\/\/franciscanos.org.br\/noticias\/#\/schema\/person\/image\/\",\"url\":\"https:\/\/secure.gravatar.com\/avatar\/e8495742d34d0ba6448ea1c628263b3e?s=96&d=mm&r=g\",\"contentUrl\":\"https:\/\/secure.gravatar.com\/avatar\/e8495742d34d0ba6448ea1c628263b3e?s=96&d=mm&r=g\",\"caption\":\"admin\"},\"url\":\"https:\/\/franciscanos.org.br\/noticias\/author\/admin\"}]}<\/script>\n<!-- \/ Yoast SEO plugin. -->","yoast_head_json":{"title":"Igreja est\u00e1 pr\u00f3xima das situa\u00e7\u00f5es de crise do matrim\u00f4nio - Not\u00edcias - Franciscanos","robots":{"index":"index","follow":"follow","max-snippet":"max-snippet:-1","max-image-preview":"max-image-preview:large","max-video-preview":"max-video-preview:-1"},"canonical":"https:\/\/franciscanos.org.br\/noticias\/matrimonio-e-amor-e-fidelidade-mas-a-igreja-esta-proxima-das-situacoes-de-crise.html","og_locale":"pt_BR","og_type":"article","og_title":"Igreja est\u00e1 pr\u00f3xima das situa\u00e7\u00f5es de crise do matrim\u00f4nio - Not\u00edcias - Franciscanos","og_description":"Angelus","og_url":"https:\/\/franciscanos.org.br\/noticias\/matrimonio-e-amor-e-fidelidade-mas-a-igreja-esta-proxima-das-situacoes-de-crise.html","og_site_name":"Not\u00edcias - Franciscanos","article_published_time":"2018-10-07T16:08:49+00:00","article_modified_time":"2019-07-02T15:48:13+00:00","og_image":[{"width":273,"height":181,"url":"https:\/\/franciscanos.org.br\/noticias\/wp-content\/uploads\/2018\/10\/angelus_071018.jpg","type":"image\/jpeg"}],"author":"admin","twitter_card":"summary_large_image","twitter_misc":{"Escrito por":"admin","Est. tempo de leitura":"2 minutos"},"schema":{"@context":"https:\/\/schema.org","@graph":[{"@type":"WebSite","@id":"https:\/\/franciscanos.org.br\/noticias\/#website","url":"https:\/\/franciscanos.org.br\/noticias\/","name":"Not\u00edcias - Franciscanos","description":"Prov\u00edncia Franciscana da Imaculada Concei\u00e7\u00e3o do Brasil - Ordem dos Frades Menores - OFM","potentialAction":[{"@type":"SearchAction","target":{"@type":"EntryPoint","urlTemplate":"https:\/\/franciscanos.org.br\/noticias\/?s={search_term_string}"},"query-input":"required name=search_term_string"}],"inLanguage":"pt-BR"},{"@type":"ImageObject","inLanguage":"pt-BR","@id":"https:\/\/franciscanos.org.br\/noticias\/matrimonio-e-amor-e-fidelidade-mas-a-igreja-esta-proxima-das-situacoes-de-crise.html#primaryimage","url":"https:\/\/franciscanos.org.br\/noticias\/wp-content\/uploads\/2018\/10\/angelus_071018.jpg","contentUrl":"https:\/\/franciscanos.org.br\/noticias\/wp-content\/uploads\/2018\/10\/angelus_071018.jpg","width":273,"height":181},{"@type":"WebPage","@id":"https:\/\/franciscanos.org.br\/noticias\/matrimonio-e-amor-e-fidelidade-mas-a-igreja-esta-proxima-das-situacoes-de-crise.html#webpage","url":"https:\/\/franciscanos.org.br\/noticias\/matrimonio-e-amor-e-fidelidade-mas-a-igreja-esta-proxima-das-situacoes-de-crise.html","name":"Igreja est\u00e1 pr\u00f3xima das situa\u00e7\u00f5es de crise do matrim\u00f4nio - Not\u00edcias - Franciscanos","isPartOf":{"@id":"https:\/\/franciscanos.org.br\/noticias\/#website"},"primaryImageOfPage":{"@id":"https:\/\/franciscanos.org.br\/noticias\/matrimonio-e-amor-e-fidelidade-mas-a-igreja-esta-proxima-das-situacoes-de-crise.html#primaryimage"},"datePublished":"2018-10-07T16:08:49+00:00","dateModified":"2019-07-02T15:48:13+00:00","author":{"@id":"https:\/\/franciscanos.org.br\/noticias\/#\/schema\/person\/b38fbf43118f02820bd932f2e4b14ad3"},"breadcrumb":{"@id":"https:\/\/franciscanos.org.br\/noticias\/matrimonio-e-amor-e-fidelidade-mas-a-igreja-esta-proxima-das-situacoes-de-crise.html#breadcrumb"},"inLanguage":"pt-BR","potentialAction":[{"@type":"ReadAction","target":["https:\/\/franciscanos.org.br\/noticias\/matrimonio-e-amor-e-fidelidade-mas-a-igreja-esta-proxima-das-situacoes-de-crise.html"]}]},{"@type":"BreadcrumbList","@id":"https:\/\/franciscanos.org.br\/noticias\/matrimonio-e-amor-e-fidelidade-mas-a-igreja-esta-proxima-das-situacoes-de-crise.html#breadcrumb","itemListElement":[{"@type":"ListItem","position":1,"name":"Home","item":"https:\/\/franciscanos.org.br\/noticias"},{"@type":"ListItem","position":2,"name":"Igreja est\u00e1 pr\u00f3xima das situa\u00e7\u00f5es de crise do matrim\u00f4nio"}]},{"@type":"Person","@id":"https:\/\/franciscanos.org.br\/noticias\/#\/schema\/person\/b38fbf43118f02820bd932f2e4b14ad3","name":"admin","image":{"@type":"ImageObject","inLanguage":"pt-BR","@id":"https:\/\/franciscanos.org.br\/noticias\/#\/schema\/person\/image\/","url":"https:\/\/secure.gravatar.com\/avatar\/e8495742d34d0ba6448ea1c628263b3e?s=96&d=mm&r=g","contentUrl":"https:\/\/secure.gravatar.com\/avatar\/e8495742d34d0ba6448ea1c628263b3e?s=96&d=mm&r=g","caption":"admin"},"url":"https:\/\/franciscanos.org.br\/noticias\/author\/admin"}]}},"_links":{"self":[{"href":"https:\/\/franciscanos.org.br\/noticias\/wp-json\/wp\/v2\/posts\/173831"}],"collection":[{"href":"https:\/\/franciscanos.org.br\/noticias\/wp-json\/wp\/v2\/posts"}],"about":[{"href":"https:\/\/franciscanos.org.br\/noticias\/wp-json\/wp\/v2\/types\/post"}],"author":[{"embeddable":true,"href":"https:\/\/franciscanos.org.br\/noticias\/wp-json\/wp\/v2\/users\/1"}],"replies":[{"embeddable":true,"href":"https:\/\/franciscanos.org.br\/noticias\/wp-json\/wp\/v2\/comments?post=173831"}],"version-history":[{"count":0,"href":"https:\/\/franciscanos.org.br\/noticias\/wp-json\/wp\/v2\/posts\/173831\/revisions"}],"wp:featuredmedia":[{"embeddable":true,"href":"https:\/\/franciscanos.org.br\/noticias\/wp-json\/wp\/v2\/media\/191480"}],"wp:attachment":[{"href":"https:\/\/franciscanos.org.br\/noticias\/wp-json\/wp\/v2\/media?parent=173831"}],"wp:term":[{"taxonomy":"category","embeddable":true,"href":"https:\/\/franciscanos.org.br\/noticias\/wp-json\/wp\/v2\/categories?post=173831"},{"taxonomy":"post_tag","embeddable":true,"href":"https:\/\/franciscanos.org.br\/noticias\/wp-json\/wp\/v2\/tags?post=173831"}],"curies":[{"name":"wp","href":"https:\/\/api.w.org\/{rel}","templated":true}]}}