{"id":173825,"date":"2018-10-07T07:35:24","date_gmt":"2018-10-07T10:35:24","guid":{"rendered":"http:\/\/franciscanos.org.br\/?p=173825"},"modified":"2020-06-06T18:35:09","modified_gmt":"2020-06-06T21:35:09","slug":"papa-aos-jovens-apaixonem-se-pela-liberdade-de-jesus","status":"publish","type":"post","link":"https:\/\/franciscanos.org.br\/noticias\/papa-aos-jovens-apaixonem-se-pela-liberdade-de-jesus.html","title":{"rendered":"Papa aos jovens: &#8220;Apaixonem-se pela liberdade de Jesus&#8221;"},"content":{"rendered":"<p><strong><img loading=\"lazy\" class=\"alignleft size-full wp-image-191482\" src=\"https:\/\/franciscanos.org.br\/noticias\/wp-content\/uploads\/2018\/10\/sinodo_out.jpeg\" alt=\"\" width=\"980\" height=\"550\" srcset=\"https:\/\/franciscanos.org.br\/noticias\/wp-content\/uploads\/2018\/10\/sinodo_out.jpeg 980w, https:\/\/franciscanos.org.br\/noticias\/wp-content\/uploads\/2018\/10\/sinodo_out-450x253.jpeg 450w, https:\/\/franciscanos.org.br\/noticias\/wp-content\/uploads\/2018\/10\/sinodo_out-768x431.jpeg 768w, https:\/\/franciscanos.org.br\/noticias\/wp-content\/uploads\/2018\/10\/sinodo_out-150x84.jpeg 150w\" sizes=\"(max-width: 980px) 100vw, 980px\" \/>Cidade do Vaticano<\/strong> &#8211; O Santo Padre encontrou-se na tarde deste s\u00e1bado (06\/10) na Sala Paulo VI com cerca de sete mil jovens por ocasi\u00e3o do S\u00ednodo dos Bispos, em andamento no Vaticano de 3 a 28 de outubro.<\/p>\n<p>Testemunhos e cantos marcaram o evento, do qual o Papa participou desde o primeiro momento.<\/p>\n<p>Ap\u00f3s os testemunhos, o Papa ouviu nove perguntas, \u00e0s quais disse que n\u00e3o poderia responder porque, do contr\u00e1rio, \u201canularia o S\u00ednodo\u201d. \u201cAs respostas devem vir de todos, sem medo.\u201d Mas ofereceu aos jovens alguns ideias para refletir, concentrando-se em alguns aspectos.<\/p>\n<p><strong>Encontrar o pr\u00f3prio caminho<\/strong><\/p>\n<p>O primeiro deles, a import\u00e2ncia de cada um fazer o seu pr\u00f3prio caminho, \u201csejam jovens em caminho olhando o horizonte, n\u00e3o o espelho\u201d ou sentados no sof\u00e1. \u201cEncontrem a si mesmos fazendo, indo em busca do bem, da verdade e do belo\u201d.<\/p>\n<p><strong>Coer\u00eancia de vida<\/strong><\/p>\n<p>Outro conceito reiterado pelo Papa foi a coer\u00eancia de vida. Isso \u00e9 fundamental n\u00e3o s\u00f3 para os cl\u00e9rigos, que correm o risco de ceder \u00e0s tenta\u00e7\u00f5es do clericalismo, mas tamb\u00e9m para os jovens. \u201cSigam a estrada das bem-aventuran\u00e7as. N\u00e3o o caminho da mundanidade, do clericalismo, que \u00e9 uma das piores pervers\u00f5es da Igreja.\u201d<\/p>\n<p><strong>Leil\u00e3o<\/strong><\/p>\n<p>Francisco tamb\u00e9m foi enf\u00e1tico ao recordar \u00e0 juventude de que ela n\u00e3o tem pre\u00e7o. \u201cVoc\u00eas n\u00e3o s\u00e3o mercadorias num leil\u00e3o. Por favor, n\u00e3o se deixem comprar, n\u00e3o se deixem seduzir, n\u00e3o se deixam escravizar pelas coloniza\u00e7\u00f5es ideol\u00f3gicas. Apaixonem-se pela liberdade de Jesus.\u201d<\/p>\n<p><strong>Testemunho concreto<\/strong><\/p>\n<p>O Papa falou ainda dos riscos representados pela rede e a necessidade de um testemunho \u201cconcreto, n\u00e3o l\u00edquido\u201d e a coragem do acolhimento. \u201cOs populismos est\u00e3o na moda, que nada t\u00eam a ver com o popular. O popular \u00e9 a cultura do povo. O populismo \u00e9 o contr\u00e1rio: \u00e9 o fechamento num \u00fanico modelo. O amor \u00e9 a palavra que abre todas as portas.<\/p>\n<p>O Pont\u00edfice finalizou falando da import\u00e2ncia das ra\u00edzes e do di\u00e1logo entre as gera\u00e7\u00f5es. \u201cTomem as ra\u00edzes e levem-nas avante para dar fruto e tamb\u00e9m voc\u00eas se tornar\u00e3o ra\u00edzes dos outros.\u201d<\/p>\n<p>Muito obrigado. Estas s\u00e3o orienta\u00e7\u00f5es. As respostas, a eles (padres sinodais)!, disse o Papa em tom de brincadeira.<\/p>\n<hr \/>\n<p><em>Fonte: Vatican News<\/em><\/p>\n","protected":false},"excerpt":{"rendered":"<p>S\u00ednodo dos Jovens<\/p>\n","protected":false},"author":1,"featured_media":191484,"comment_status":"open","ping_status":"open","sticky":false,"template":"","format":"standard","meta":[],"categories":[1428],"tags":[839],"acf":[],"yoast_head":"<!-- This site is optimized with the Yoast SEO plugin v19.2 - https:\/\/yoast.com\/wordpress\/plugins\/seo\/ -->\n<title>Papa aos jovens: &quot;Apaixonem-se pela liberdade de Jesus&quot; - Not\u00edcias - Franciscanos<\/title>\n<meta name=\"robots\" content=\"index, follow, max-snippet:-1, max-image-preview:large, max-video-preview:-1\" \/>\n<link rel=\"canonical\" href=\"https:\/\/franciscanos.org.br\/noticias\/papa-aos-jovens-apaixonem-se-pela-liberdade-de-jesus.html\" \/>\n<meta property=\"og:locale\" content=\"pt_BR\" \/>\n<meta property=\"og:type\" content=\"article\" \/>\n<meta property=\"og:title\" content=\"Papa aos jovens: &quot;Apaixonem-se pela liberdade de Jesus&quot; - Not\u00edcias - Franciscanos\" \/>\n<meta property=\"og:description\" content=\"S\u00ednodo dos Jovens\" \/>\n<meta property=\"og:url\" content=\"https:\/\/franciscanos.org.br\/noticias\/papa-aos-jovens-apaixonem-se-pela-liberdade-de-jesus.html\" \/>\n<meta property=\"og:site_name\" content=\"Not\u00edcias - Franciscanos\" \/>\n<meta property=\"article:published_time\" content=\"2018-10-07T10:35:24+00:00\" \/>\n<meta property=\"article:modified_time\" content=\"2020-06-06T21:35:09+00:00\" \/>\n<meta property=\"og:image\" content=\"https:\/\/franciscanos.org.br\/noticias\/wp-content\/uploads\/2018\/10\/sinodo_out-273.jpg\" \/>\n\t<meta property=\"og:image:width\" content=\"273\" \/>\n\t<meta property=\"og:image:height\" content=\"181\" \/>\n\t<meta property=\"og:image:type\" content=\"image\/jpeg\" \/>\n<meta name=\"author\" content=\"admin\" \/>\n<meta name=\"twitter:card\" content=\"summary_large_image\" \/>\n<meta name=\"twitter:label1\" content=\"Escrito por\" \/>\n\t<meta name=\"twitter:data1\" content=\"admin\" \/>\n\t<meta name=\"twitter:label2\" content=\"Est. tempo de leitura\" \/>\n\t<meta name=\"twitter:data2\" content=\"2 minutos\" \/>\n<script type=\"application\/ld+json\" class=\"yoast-schema-graph\">{\"@context\":\"https:\/\/schema.org\",\"@graph\":[{\"@type\":\"WebSite\",\"@id\":\"https:\/\/franciscanos.org.br\/noticias\/#website\",\"url\":\"https:\/\/franciscanos.org.br\/noticias\/\",\"name\":\"Not\u00edcias - Franciscanos\",\"description\":\"Prov\u00edncia Franciscana da Imaculada Concei\u00e7\u00e3o do Brasil - Ordem dos Frades Menores - OFM\",\"potentialAction\":[{\"@type\":\"SearchAction\",\"target\":{\"@type\":\"EntryPoint\",\"urlTemplate\":\"https:\/\/franciscanos.org.br\/noticias\/?s={search_term_string}\"},\"query-input\":\"required name=search_term_string\"}],\"inLanguage\":\"pt-BR\"},{\"@type\":\"ImageObject\",\"inLanguage\":\"pt-BR\",\"@id\":\"https:\/\/franciscanos.org.br\/noticias\/papa-aos-jovens-apaixonem-se-pela-liberdade-de-jesus.html#primaryimage\",\"url\":\"https:\/\/franciscanos.org.br\/noticias\/wp-content\/uploads\/2018\/10\/sinodo_out-273.jpg\",\"contentUrl\":\"https:\/\/franciscanos.org.br\/noticias\/wp-content\/uploads\/2018\/10\/sinodo_out-273.jpg\",\"width\":273,\"height\":181},{\"@type\":\"WebPage\",\"@id\":\"https:\/\/franciscanos.org.br\/noticias\/papa-aos-jovens-apaixonem-se-pela-liberdade-de-jesus.html#webpage\",\"url\":\"https:\/\/franciscanos.org.br\/noticias\/papa-aos-jovens-apaixonem-se-pela-liberdade-de-jesus.html\",\"name\":\"Papa aos jovens: \\\"Apaixonem-se pela liberdade de Jesus\\\" - Not\u00edcias - Franciscanos\",\"isPartOf\":{\"@id\":\"https:\/\/franciscanos.org.br\/noticias\/#website\"},\"primaryImageOfPage\":{\"@id\":\"https:\/\/franciscanos.org.br\/noticias\/papa-aos-jovens-apaixonem-se-pela-liberdade-de-jesus.html#primaryimage\"},\"datePublished\":\"2018-10-07T10:35:24+00:00\",\"dateModified\":\"2020-06-06T21:35:09+00:00\",\"author\":{\"@id\":\"https:\/\/franciscanos.org.br\/noticias\/#\/schema\/person\/b38fbf43118f02820bd932f2e4b14ad3\"},\"breadcrumb\":{\"@id\":\"https:\/\/franciscanos.org.br\/noticias\/papa-aos-jovens-apaixonem-se-pela-liberdade-de-jesus.html#breadcrumb\"},\"inLanguage\":\"pt-BR\",\"potentialAction\":[{\"@type\":\"ReadAction\",\"target\":[\"https:\/\/franciscanos.org.br\/noticias\/papa-aos-jovens-apaixonem-se-pela-liberdade-de-jesus.html\"]}]},{\"@type\":\"BreadcrumbList\",\"@id\":\"https:\/\/franciscanos.org.br\/noticias\/papa-aos-jovens-apaixonem-se-pela-liberdade-de-jesus.html#breadcrumb\",\"itemListElement\":[{\"@type\":\"ListItem\",\"position\":1,\"name\":\"Home\",\"item\":\"https:\/\/franciscanos.org.br\/noticias\"},{\"@type\":\"ListItem\",\"position\":2,\"name\":\"Papa aos jovens: &#8220;Apaixonem-se pela liberdade de Jesus&#8221;\"}]},{\"@type\":\"Person\",\"@id\":\"https:\/\/franciscanos.org.br\/noticias\/#\/schema\/person\/b38fbf43118f02820bd932f2e4b14ad3\",\"name\":\"admin\",\"image\":{\"@type\":\"ImageObject\",\"inLanguage\":\"pt-BR\",\"@id\":\"https:\/\/franciscanos.org.br\/noticias\/#\/schema\/person\/image\/\",\"url\":\"https:\/\/secure.gravatar.com\/avatar\/e8495742d34d0ba6448ea1c628263b3e?s=96&d=mm&r=g\",\"contentUrl\":\"https:\/\/secure.gravatar.com\/avatar\/e8495742d34d0ba6448ea1c628263b3e?s=96&d=mm&r=g\",\"caption\":\"admin\"},\"url\":\"https:\/\/franciscanos.org.br\/noticias\/author\/admin\"}]}<\/script>\n<!-- \/ Yoast SEO plugin. -->","yoast_head_json":{"title":"Papa aos jovens: \"Apaixonem-se pela liberdade de Jesus\" - Not\u00edcias - Franciscanos","robots":{"index":"index","follow":"follow","max-snippet":"max-snippet:-1","max-image-preview":"max-image-preview:large","max-video-preview":"max-video-preview:-1"},"canonical":"https:\/\/franciscanos.org.br\/noticias\/papa-aos-jovens-apaixonem-se-pela-liberdade-de-jesus.html","og_locale":"pt_BR","og_type":"article","og_title":"Papa aos jovens: \"Apaixonem-se pela liberdade de Jesus\" - Not\u00edcias - Franciscanos","og_description":"S\u00ednodo dos Jovens","og_url":"https:\/\/franciscanos.org.br\/noticias\/papa-aos-jovens-apaixonem-se-pela-liberdade-de-jesus.html","og_site_name":"Not\u00edcias - Franciscanos","article_published_time":"2018-10-07T10:35:24+00:00","article_modified_time":"2020-06-06T21:35:09+00:00","og_image":[{"width":273,"height":181,"url":"https:\/\/franciscanos.org.br\/noticias\/wp-content\/uploads\/2018\/10\/sinodo_out-273.jpg","type":"image\/jpeg"}],"author":"admin","twitter_card":"summary_large_image","twitter_misc":{"Escrito por":"admin","Est. tempo de leitura":"2 minutos"},"schema":{"@context":"https:\/\/schema.org","@graph":[{"@type":"WebSite","@id":"https:\/\/franciscanos.org.br\/noticias\/#website","url":"https:\/\/franciscanos.org.br\/noticias\/","name":"Not\u00edcias - Franciscanos","description":"Prov\u00edncia Franciscana da Imaculada Concei\u00e7\u00e3o do Brasil - Ordem dos Frades Menores - OFM","potentialAction":[{"@type":"SearchAction","target":{"@type":"EntryPoint","urlTemplate":"https:\/\/franciscanos.org.br\/noticias\/?s={search_term_string}"},"query-input":"required name=search_term_string"}],"inLanguage":"pt-BR"},{"@type":"ImageObject","inLanguage":"pt-BR","@id":"https:\/\/franciscanos.org.br\/noticias\/papa-aos-jovens-apaixonem-se-pela-liberdade-de-jesus.html#primaryimage","url":"https:\/\/franciscanos.org.br\/noticias\/wp-content\/uploads\/2018\/10\/sinodo_out-273.jpg","contentUrl":"https:\/\/franciscanos.org.br\/noticias\/wp-content\/uploads\/2018\/10\/sinodo_out-273.jpg","width":273,"height":181},{"@type":"WebPage","@id":"https:\/\/franciscanos.org.br\/noticias\/papa-aos-jovens-apaixonem-se-pela-liberdade-de-jesus.html#webpage","url":"https:\/\/franciscanos.org.br\/noticias\/papa-aos-jovens-apaixonem-se-pela-liberdade-de-jesus.html","name":"Papa aos jovens: \"Apaixonem-se pela liberdade de Jesus\" - Not\u00edcias - Franciscanos","isPartOf":{"@id":"https:\/\/franciscanos.org.br\/noticias\/#website"},"primaryImageOfPage":{"@id":"https:\/\/franciscanos.org.br\/noticias\/papa-aos-jovens-apaixonem-se-pela-liberdade-de-jesus.html#primaryimage"},"datePublished":"2018-10-07T10:35:24+00:00","dateModified":"2020-06-06T21:35:09+00:00","author":{"@id":"https:\/\/franciscanos.org.br\/noticias\/#\/schema\/person\/b38fbf43118f02820bd932f2e4b14ad3"},"breadcrumb":{"@id":"https:\/\/franciscanos.org.br\/noticias\/papa-aos-jovens-apaixonem-se-pela-liberdade-de-jesus.html#breadcrumb"},"inLanguage":"pt-BR","potentialAction":[{"@type":"ReadAction","target":["https:\/\/franciscanos.org.br\/noticias\/papa-aos-jovens-apaixonem-se-pela-liberdade-de-jesus.html"]}]},{"@type":"BreadcrumbList","@id":"https:\/\/franciscanos.org.br\/noticias\/papa-aos-jovens-apaixonem-se-pela-liberdade-de-jesus.html#breadcrumb","itemListElement":[{"@type":"ListItem","position":1,"name":"Home","item":"https:\/\/franciscanos.org.br\/noticias"},{"@type":"ListItem","position":2,"name":"Papa aos jovens: &#8220;Apaixonem-se pela liberdade de Jesus&#8221;"}]},{"@type":"Person","@id":"https:\/\/franciscanos.org.br\/noticias\/#\/schema\/person\/b38fbf43118f02820bd932f2e4b14ad3","name":"admin","image":{"@type":"ImageObject","inLanguage":"pt-BR","@id":"https:\/\/franciscanos.org.br\/noticias\/#\/schema\/person\/image\/","url":"https:\/\/secure.gravatar.com\/avatar\/e8495742d34d0ba6448ea1c628263b3e?s=96&d=mm&r=g","contentUrl":"https:\/\/secure.gravatar.com\/avatar\/e8495742d34d0ba6448ea1c628263b3e?s=96&d=mm&r=g","caption":"admin"},"url":"https:\/\/franciscanos.org.br\/noticias\/author\/admin"}]}},"_links":{"self":[{"href":"https:\/\/franciscanos.org.br\/noticias\/wp-json\/wp\/v2\/posts\/173825"}],"collection":[{"href":"https:\/\/franciscanos.org.br\/noticias\/wp-json\/wp\/v2\/posts"}],"about":[{"href":"https:\/\/franciscanos.org.br\/noticias\/wp-json\/wp\/v2\/types\/post"}],"author":[{"embeddable":true,"href":"https:\/\/franciscanos.org.br\/noticias\/wp-json\/wp\/v2\/users\/1"}],"replies":[{"embeddable":true,"href":"https:\/\/franciscanos.org.br\/noticias\/wp-json\/wp\/v2\/comments?post=173825"}],"version-history":[{"count":1,"href":"https:\/\/franciscanos.org.br\/noticias\/wp-json\/wp\/v2\/posts\/173825\/revisions"}],"predecessor-version":[{"id":224757,"href":"https:\/\/franciscanos.org.br\/noticias\/wp-json\/wp\/v2\/posts\/173825\/revisions\/224757"}],"wp:featuredmedia":[{"embeddable":true,"href":"https:\/\/franciscanos.org.br\/noticias\/wp-json\/wp\/v2\/media\/191484"}],"wp:attachment":[{"href":"https:\/\/franciscanos.org.br\/noticias\/wp-json\/wp\/v2\/media?parent=173825"}],"wp:term":[{"taxonomy":"category","embeddable":true,"href":"https:\/\/franciscanos.org.br\/noticias\/wp-json\/wp\/v2\/categories?post=173825"},{"taxonomy":"post_tag","embeddable":true,"href":"https:\/\/franciscanos.org.br\/noticias\/wp-json\/wp\/v2\/tags?post=173825"}],"curies":[{"name":"wp","href":"https:\/\/api.w.org\/{rel}","templated":true}]}}