{"id":173788,"date":"2018-10-05T10:56:04","date_gmt":"2018-10-05T13:56:04","guid":{"rendered":"http:\/\/franciscanos.org.br\/?p=173788"},"modified":"2020-06-06T18:36:10","modified_gmt":"2020-06-06T21:36:10","slug":"igreja-quer-sonhar-com-os-jovens-e-caminhar-com-eles","status":"publish","type":"post","link":"https:\/\/franciscanos.org.br\/noticias\/igreja-quer-sonhar-com-os-jovens-e-caminhar-com-eles.html","title":{"rendered":"Igreja quer sonhar com os jovens e caminhar com eles"},"content":{"rendered":"<p><strong><img loading=\"lazy\" class=\"alignleft size-full wp-image-191486\" src=\"https:\/\/franciscanos.org.br\/noticias\/wp-content\/uploads\/2018\/10\/sinodo05102018_2.jpg\" alt=\"\" width=\"820\" height=\"432\" srcset=\"https:\/\/franciscanos.org.br\/noticias\/wp-content\/uploads\/2018\/10\/sinodo05102018_2.jpg 820w, https:\/\/franciscanos.org.br\/noticias\/wp-content\/uploads\/2018\/10\/sinodo05102018_2-450x237.jpg 450w, https:\/\/franciscanos.org.br\/noticias\/wp-content\/uploads\/2018\/10\/sinodo05102018_2-768x405.jpg 768w, https:\/\/franciscanos.org.br\/noticias\/wp-content\/uploads\/2018\/10\/sinodo05102018_2-150x79.jpg 150w\" sizes=\"(max-width: 820px) 100vw, 820px\" \/>Cidade do Vaticano<\/strong> &#8211; Realizou-se no in\u00edcio da tarde desta quinta-feira (04\/10), na Sala de Imprensa da Santa S\u00e9, o primeiro boletim dedicado \u00e0 XV Assembleia Geral Ordin\u00e1ria do S\u00ednodo dos Bispos. Com o tema \u201cOs jovens, a f\u00e9 e o discernimento vocacional\u201d, o encontro sinodal teve in\u00edcio no Vaticano na quarta-feira, 03 de outubro, e prosseguir\u00e1 at\u00e9 o pr\u00f3ximo dia 28.<\/p>\n<p>Presente no <em>briefing<\/em> o prefeito do Dicast\u00e9rio vaticano para a Comunica\u00e7\u00e3o e presidente da Comiss\u00e3o sinodal para a Informa\u00e7\u00e3o, Paolo Ruffini; a colaboradora do secret\u00e1rio especial do S\u00ednodo e docente de Sociologia e processos culturais e comunicativos da Universidade Cat\u00f3lica de Mil\u00e3o, Chiara Giaccardi; o bispo de Quilmes e padre sinodal eleito pela Confer\u00eancia episcopal argentina, Dom Carlos Jos\u00e9 Tissera; e o jovem vietnamita, auditor no S\u00ednodo, Joseph Cao Huu Minh Tri.<\/p>\n<p>Os 25 pronunciamentos feitos at\u00e9 a segunda Congrega\u00e7\u00e3o Geral na Sala do S\u00ednodo evidenciaram o \u201cdesejo constante de sonhar com os jovens, para fazer a Igreja caminhar com eles\u201d, disse Ruffini.<\/p>\n<p><strong>Discernimento e credibilidade da Igreja<\/strong><\/p>\n<p>O prefeito do referido Dicast\u00e9rio vaticano apresentou aos jornalistas os muitos temas tocados: o do descarte, da afetividade e da sexualidade, bem como das migra\u00e7\u00f5es e da voca\u00e7\u00e3o, \u201cno sentido mais amplo: a voca\u00e7\u00e3o \u00e0 dimens\u00e3o mais bonita e espiritual da vida, a rela\u00e7\u00e3o com Deus\u201d. N\u00e3o por \u00faltimo, o tema da \u201ccredibilidade da Igreja\u201d.<\/p>\n<p>Durante alguns testemunhos, precisou Ruffini, foi reiterado um pedido de perd\u00e3o, n\u00e3o somente pela quest\u00e3o \u201cdos abusos\u201d, mas tamb\u00e9m por todas as vezes que a Igreja \u201cn\u00e3o esteve \u00e0 altura de seus deveres\u201d.<\/p>\n<p><strong>Discernir e caminhar realmente juntos<\/strong><\/p>\n<p>Em un\u00edssono, os participantes do S\u00ednodo expressaram satisfa\u00e7\u00e3o pelo pedido do Papa Francisco a um intervalo de sil\u00eancio de tr\u00eas minutos entre um pronunciamento e outro: uma escolha \u201c\u00fatil\u201d para discernir, disse Dom Tissera, e \u201ccaminhar realmente juntos\u201d.<\/p>\n<p>\u201cO S\u00ednodo n\u00e3o \u00e9 um parlamento, mas um lugar de discernimento; um lugar espiritual, n\u00e3o um debate de ideias\u201d, disse o diretor da revista jesu\u00edta \u201cLa Civilt\u00e0 Cattolica\u201d e secret\u00e1rio da Comiss\u00e3o sinodal para a informa\u00e7\u00e3o, Pe. Antonio Spadaro.<\/p>\n<p><strong>Coer\u00eancia e concretude<\/strong><\/p>\n<p>O bispo de Quilmes precisou em seguida que este S\u00ednodo \u201c\u00e9 um momento privilegiado para a Igreja\u201d para colocar-se \u00e0 \u201cescuta\u201d dos jovens, que representam \u201cuma b\u00ean\u00e7\u00e3o\u201d, uma escuta capaz tamb\u00e9m de perceber seus sil\u00eancios.<\/p>\n<p>Esta \u201coportunidade\u201d, prosseguiu o prelado, deve sobretudo permitir \u00e0 Igreja oferecer aquela coer\u00eancia que os jovens buscam, ajudar e favorecer \u201co encontro entre Jesus e os jovens\u201d.<\/p>\n<p>De fato, os bispos, os sacerdotes representam \u201cintermedi\u00e1rios\u201d desta amizade e devem recordar aos jovens que a vida deles \u00e9 preciosa e que n\u00e3o est\u00e3o sozinhos, acrescentou.<\/p>\n<p><strong>Jovens: encontrar \u201cas verdadeiras paix\u00f5es da vida\u201d<\/strong><\/p>\n<p>Ao tomar a palavra no briefing, Chiara Giaccardi evidenciou a concretude dos testemunhos pronunciados na Sala do S\u00ednodo, e a tang\u00edvel vontade de colocar-se \u00e0 escuta. Por sua vez, o jovem auditor vietnamita expressou a alegria de participar deste encontro sinodal e fez votos de que a Igreja ajude sempre mais os jovens, para al\u00e9m das muitas dificuldades, a encontrar \u201cas verdadeiras paix\u00f5es\u201d da vida.<\/p>\n<hr \/>\n<p><em>Fonte: Vatican News<\/em><\/p>\n","protected":false},"excerpt":{"rendered":"<p>S\u00ednodo dos Jovens<\/p>\n","protected":false},"author":1,"featured_media":191488,"comment_status":"open","ping_status":"open","sticky":false,"template":"","format":"standard","meta":[],"categories":[1428],"tags":[839],"acf":[],"yoast_head":"<!-- This site is optimized with the Yoast SEO plugin v19.2 - https:\/\/yoast.com\/wordpress\/plugins\/seo\/ -->\n<title>Igreja quer sonhar com os jovens e caminhar com eles - Not\u00edcias - Franciscanos<\/title>\n<meta name=\"robots\" content=\"index, follow, max-snippet:-1, max-image-preview:large, max-video-preview:-1\" \/>\n<link rel=\"canonical\" href=\"https:\/\/franciscanos.org.br\/noticias\/igreja-quer-sonhar-com-os-jovens-e-caminhar-com-eles.html\" \/>\n<meta property=\"og:locale\" content=\"pt_BR\" \/>\n<meta property=\"og:type\" content=\"article\" \/>\n<meta property=\"og:title\" content=\"Igreja quer sonhar com os jovens e caminhar com eles - Not\u00edcias - Franciscanos\" \/>\n<meta property=\"og:description\" content=\"S\u00ednodo dos Jovens\" \/>\n<meta property=\"og:url\" content=\"https:\/\/franciscanos.org.br\/noticias\/igreja-quer-sonhar-com-os-jovens-e-caminhar-com-eles.html\" \/>\n<meta property=\"og:site_name\" content=\"Not\u00edcias - Franciscanos\" \/>\n<meta property=\"article:published_time\" content=\"2018-10-05T13:56:04+00:00\" \/>\n<meta property=\"article:modified_time\" content=\"2020-06-06T21:36:10+00:00\" \/>\n<meta property=\"og:image\" content=\"https:\/\/franciscanos.org.br\/noticias\/wp-content\/uploads\/2018\/10\/sinodo05102018-2.jpg\" \/>\n\t<meta property=\"og:image:width\" content=\"273\" \/>\n\t<meta property=\"og:image:height\" content=\"181\" \/>\n\t<meta property=\"og:image:type\" content=\"image\/jpeg\" \/>\n<meta name=\"author\" content=\"admin\" \/>\n<meta name=\"twitter:card\" content=\"summary_large_image\" \/>\n<meta name=\"twitter:label1\" content=\"Escrito por\" \/>\n\t<meta name=\"twitter:data1\" content=\"admin\" \/>\n\t<meta name=\"twitter:label2\" content=\"Est. tempo de leitura\" \/>\n\t<meta name=\"twitter:data2\" content=\"3 minutos\" \/>\n<script type=\"application\/ld+json\" class=\"yoast-schema-graph\">{\"@context\":\"https:\/\/schema.org\",\"@graph\":[{\"@type\":\"WebSite\",\"@id\":\"https:\/\/franciscanos.org.br\/noticias\/#website\",\"url\":\"https:\/\/franciscanos.org.br\/noticias\/\",\"name\":\"Not\u00edcias - Franciscanos\",\"description\":\"Prov\u00edncia Franciscana da Imaculada Concei\u00e7\u00e3o do Brasil - Ordem dos Frades Menores - OFM\",\"potentialAction\":[{\"@type\":\"SearchAction\",\"target\":{\"@type\":\"EntryPoint\",\"urlTemplate\":\"https:\/\/franciscanos.org.br\/noticias\/?s={search_term_string}\"},\"query-input\":\"required name=search_term_string\"}],\"inLanguage\":\"pt-BR\"},{\"@type\":\"ImageObject\",\"inLanguage\":\"pt-BR\",\"@id\":\"https:\/\/franciscanos.org.br\/noticias\/igreja-quer-sonhar-com-os-jovens-e-caminhar-com-eles.html#primaryimage\",\"url\":\"https:\/\/franciscanos.org.br\/noticias\/wp-content\/uploads\/2018\/10\/sinodo05102018-2.jpg\",\"contentUrl\":\"https:\/\/franciscanos.org.br\/noticias\/wp-content\/uploads\/2018\/10\/sinodo05102018-2.jpg\",\"width\":273,\"height\":181},{\"@type\":\"WebPage\",\"@id\":\"https:\/\/franciscanos.org.br\/noticias\/igreja-quer-sonhar-com-os-jovens-e-caminhar-com-eles.html#webpage\",\"url\":\"https:\/\/franciscanos.org.br\/noticias\/igreja-quer-sonhar-com-os-jovens-e-caminhar-com-eles.html\",\"name\":\"Igreja quer sonhar com os jovens e caminhar com eles - Not\u00edcias - Franciscanos\",\"isPartOf\":{\"@id\":\"https:\/\/franciscanos.org.br\/noticias\/#website\"},\"primaryImageOfPage\":{\"@id\":\"https:\/\/franciscanos.org.br\/noticias\/igreja-quer-sonhar-com-os-jovens-e-caminhar-com-eles.html#primaryimage\"},\"datePublished\":\"2018-10-05T13:56:04+00:00\",\"dateModified\":\"2020-06-06T21:36:10+00:00\",\"author\":{\"@id\":\"https:\/\/franciscanos.org.br\/noticias\/#\/schema\/person\/b38fbf43118f02820bd932f2e4b14ad3\"},\"breadcrumb\":{\"@id\":\"https:\/\/franciscanos.org.br\/noticias\/igreja-quer-sonhar-com-os-jovens-e-caminhar-com-eles.html#breadcrumb\"},\"inLanguage\":\"pt-BR\",\"potentialAction\":[{\"@type\":\"ReadAction\",\"target\":[\"https:\/\/franciscanos.org.br\/noticias\/igreja-quer-sonhar-com-os-jovens-e-caminhar-com-eles.html\"]}]},{\"@type\":\"BreadcrumbList\",\"@id\":\"https:\/\/franciscanos.org.br\/noticias\/igreja-quer-sonhar-com-os-jovens-e-caminhar-com-eles.html#breadcrumb\",\"itemListElement\":[{\"@type\":\"ListItem\",\"position\":1,\"name\":\"Home\",\"item\":\"https:\/\/franciscanos.org.br\/noticias\"},{\"@type\":\"ListItem\",\"position\":2,\"name\":\"Igreja quer sonhar com os jovens e caminhar com eles\"}]},{\"@type\":\"Person\",\"@id\":\"https:\/\/franciscanos.org.br\/noticias\/#\/schema\/person\/b38fbf43118f02820bd932f2e4b14ad3\",\"name\":\"admin\",\"image\":{\"@type\":\"ImageObject\",\"inLanguage\":\"pt-BR\",\"@id\":\"https:\/\/franciscanos.org.br\/noticias\/#\/schema\/person\/image\/\",\"url\":\"https:\/\/secure.gravatar.com\/avatar\/e8495742d34d0ba6448ea1c628263b3e?s=96&d=mm&r=g\",\"contentUrl\":\"https:\/\/secure.gravatar.com\/avatar\/e8495742d34d0ba6448ea1c628263b3e?s=96&d=mm&r=g\",\"caption\":\"admin\"},\"url\":\"https:\/\/franciscanos.org.br\/noticias\/author\/admin\"}]}<\/script>\n<!-- \/ Yoast SEO plugin. -->","yoast_head_json":{"title":"Igreja quer sonhar com os jovens e caminhar com eles - Not\u00edcias - Franciscanos","robots":{"index":"index","follow":"follow","max-snippet":"max-snippet:-1","max-image-preview":"max-image-preview:large","max-video-preview":"max-video-preview:-1"},"canonical":"https:\/\/franciscanos.org.br\/noticias\/igreja-quer-sonhar-com-os-jovens-e-caminhar-com-eles.html","og_locale":"pt_BR","og_type":"article","og_title":"Igreja quer sonhar com os jovens e caminhar com eles - Not\u00edcias - Franciscanos","og_description":"S\u00ednodo dos Jovens","og_url":"https:\/\/franciscanos.org.br\/noticias\/igreja-quer-sonhar-com-os-jovens-e-caminhar-com-eles.html","og_site_name":"Not\u00edcias - Franciscanos","article_published_time":"2018-10-05T13:56:04+00:00","article_modified_time":"2020-06-06T21:36:10+00:00","og_image":[{"width":273,"height":181,"url":"https:\/\/franciscanos.org.br\/noticias\/wp-content\/uploads\/2018\/10\/sinodo05102018-2.jpg","type":"image\/jpeg"}],"author":"admin","twitter_card":"summary_large_image","twitter_misc":{"Escrito por":"admin","Est. tempo de leitura":"3 minutos"},"schema":{"@context":"https:\/\/schema.org","@graph":[{"@type":"WebSite","@id":"https:\/\/franciscanos.org.br\/noticias\/#website","url":"https:\/\/franciscanos.org.br\/noticias\/","name":"Not\u00edcias - Franciscanos","description":"Prov\u00edncia Franciscana da Imaculada Concei\u00e7\u00e3o do Brasil - Ordem dos Frades Menores - OFM","potentialAction":[{"@type":"SearchAction","target":{"@type":"EntryPoint","urlTemplate":"https:\/\/franciscanos.org.br\/noticias\/?s={search_term_string}"},"query-input":"required name=search_term_string"}],"inLanguage":"pt-BR"},{"@type":"ImageObject","inLanguage":"pt-BR","@id":"https:\/\/franciscanos.org.br\/noticias\/igreja-quer-sonhar-com-os-jovens-e-caminhar-com-eles.html#primaryimage","url":"https:\/\/franciscanos.org.br\/noticias\/wp-content\/uploads\/2018\/10\/sinodo05102018-2.jpg","contentUrl":"https:\/\/franciscanos.org.br\/noticias\/wp-content\/uploads\/2018\/10\/sinodo05102018-2.jpg","width":273,"height":181},{"@type":"WebPage","@id":"https:\/\/franciscanos.org.br\/noticias\/igreja-quer-sonhar-com-os-jovens-e-caminhar-com-eles.html#webpage","url":"https:\/\/franciscanos.org.br\/noticias\/igreja-quer-sonhar-com-os-jovens-e-caminhar-com-eles.html","name":"Igreja quer sonhar com os jovens e caminhar com eles - Not\u00edcias - Franciscanos","isPartOf":{"@id":"https:\/\/franciscanos.org.br\/noticias\/#website"},"primaryImageOfPage":{"@id":"https:\/\/franciscanos.org.br\/noticias\/igreja-quer-sonhar-com-os-jovens-e-caminhar-com-eles.html#primaryimage"},"datePublished":"2018-10-05T13:56:04+00:00","dateModified":"2020-06-06T21:36:10+00:00","author":{"@id":"https:\/\/franciscanos.org.br\/noticias\/#\/schema\/person\/b38fbf43118f02820bd932f2e4b14ad3"},"breadcrumb":{"@id":"https:\/\/franciscanos.org.br\/noticias\/igreja-quer-sonhar-com-os-jovens-e-caminhar-com-eles.html#breadcrumb"},"inLanguage":"pt-BR","potentialAction":[{"@type":"ReadAction","target":["https:\/\/franciscanos.org.br\/noticias\/igreja-quer-sonhar-com-os-jovens-e-caminhar-com-eles.html"]}]},{"@type":"BreadcrumbList","@id":"https:\/\/franciscanos.org.br\/noticias\/igreja-quer-sonhar-com-os-jovens-e-caminhar-com-eles.html#breadcrumb","itemListElement":[{"@type":"ListItem","position":1,"name":"Home","item":"https:\/\/franciscanos.org.br\/noticias"},{"@type":"ListItem","position":2,"name":"Igreja quer sonhar com os jovens e caminhar com eles"}]},{"@type":"Person","@id":"https:\/\/franciscanos.org.br\/noticias\/#\/schema\/person\/b38fbf43118f02820bd932f2e4b14ad3","name":"admin","image":{"@type":"ImageObject","inLanguage":"pt-BR","@id":"https:\/\/franciscanos.org.br\/noticias\/#\/schema\/person\/image\/","url":"https:\/\/secure.gravatar.com\/avatar\/e8495742d34d0ba6448ea1c628263b3e?s=96&d=mm&r=g","contentUrl":"https:\/\/secure.gravatar.com\/avatar\/e8495742d34d0ba6448ea1c628263b3e?s=96&d=mm&r=g","caption":"admin"},"url":"https:\/\/franciscanos.org.br\/noticias\/author\/admin"}]}},"_links":{"self":[{"href":"https:\/\/franciscanos.org.br\/noticias\/wp-json\/wp\/v2\/posts\/173788"}],"collection":[{"href":"https:\/\/franciscanos.org.br\/noticias\/wp-json\/wp\/v2\/posts"}],"about":[{"href":"https:\/\/franciscanos.org.br\/noticias\/wp-json\/wp\/v2\/types\/post"}],"author":[{"embeddable":true,"href":"https:\/\/franciscanos.org.br\/noticias\/wp-json\/wp\/v2\/users\/1"}],"replies":[{"embeddable":true,"href":"https:\/\/franciscanos.org.br\/noticias\/wp-json\/wp\/v2\/comments?post=173788"}],"version-history":[{"count":1,"href":"https:\/\/franciscanos.org.br\/noticias\/wp-json\/wp\/v2\/posts\/173788\/revisions"}],"predecessor-version":[{"id":224758,"href":"https:\/\/franciscanos.org.br\/noticias\/wp-json\/wp\/v2\/posts\/173788\/revisions\/224758"}],"wp:featuredmedia":[{"embeddable":true,"href":"https:\/\/franciscanos.org.br\/noticias\/wp-json\/wp\/v2\/media\/191488"}],"wp:attachment":[{"href":"https:\/\/franciscanos.org.br\/noticias\/wp-json\/wp\/v2\/media?parent=173788"}],"wp:term":[{"taxonomy":"category","embeddable":true,"href":"https:\/\/franciscanos.org.br\/noticias\/wp-json\/wp\/v2\/categories?post=173788"},{"taxonomy":"post_tag","embeddable":true,"href":"https:\/\/franciscanos.org.br\/noticias\/wp-json\/wp\/v2\/tags?post=173788"}],"curies":[{"name":"wp","href":"https:\/\/api.w.org\/{rel}","templated":true}]}}