{"id":173774,"date":"2018-10-05T00:28:44","date_gmt":"2018-10-05T03:28:44","guid":{"rendered":"http:\/\/franciscanos.org.br\/?p=173774"},"modified":"2018-11-26T16:28:25","modified_gmt":"2018-11-26T18:28:25","slug":"editora-vozes-celebra-os-80-anos-da-folhinha-do-sagrado-coracao-de-jesus","status":"publish","type":"post","link":"https:\/\/franciscanos.org.br\/noticias\/editora-vozes-celebra-os-80-anos-da-folhinha-do-sagrado-coracao-de-jesus.html","title":{"rendered":"Editora Vozes celebra os 80 anos da Folhinha do Sagrado Cora\u00e7\u00e3o de Jesus"},"content":{"rendered":"<p><img loading=\"lazy\" class=\"alignleft\" src=\"http:\/\/franciscanos.org.br\/wp-content\/uploads\/2018\/10\/folhinha_051018.jpg\" alt=\"folhinha_051018\" width=\"830\" height=\"468\" \/><\/p>\n<p>A Editora Vozes, seus funcion\u00e1rios e o editor de Produtos Sazonais, Frei Edrian Pasini, reuniram-se na \u00faltima semana para comemorar os 80 anos de uma das mais antigas publica\u00e7\u00f5es do pa\u00eds, a Folhinha do Sagrado Cora\u00e7\u00e3o de Jesus. Fizeram-se presentes os diretores Frei Gilberto Garcia e Frei Volney Berkenbrock e tamb\u00e9m frades do Convento do Sagrado Cora\u00e7\u00e3o de Jesus, membros da Prov\u00edncia Franciscana da Imaculada Concei\u00e7\u00e3o do Brasil.<\/p>\n<div id=\"attachment_173776\" style=\"width: 203px\" class=\"wp-caption alignright\"><img aria-describedby=\"caption-attachment-173776\" loading=\"lazy\" class=\"wp-image-173776\" src=\"http:\/\/franciscanos.org.br\/wp-content\/uploads\/2018\/10\/folhinha_051018_3.jpg\" alt=\"folhinha_051018_3\" width=\"193\" height=\"206\" \/><p id=\"caption-attachment-173776\" class=\"wp-caption-text\">Frei Edrian<\/p><\/div>\n<p>Frei Edrian fez uma breve exposi\u00e7\u00e3o, resgatando a hist\u00f3ria da Folhinha, que em 2019 marca a octag\u00e9sima edi\u00e7\u00e3o, desde as etapas da reda\u00e7\u00e3o at\u00e9 a produ\u00e7\u00e3o industrial, entremeando comoventes depoimentos de leitores. Pontuou que, hoje, a Folhinha do Sagrado \u00e9 um patrim\u00f4nio n\u00e3o apenas da Vozes, mas dos seus leitores.<\/p>\n<p>Na ocasi\u00e3o, os funcion\u00e1rios da Pavema, setor respons\u00e1vel pela impress\u00e3o da Folhinha, foram homenageados por sua dedica\u00e7\u00e3o na montagem do calend\u00e1rio que est\u00e1 presente h\u00e1 dezenas de anos nos lares de todo o Brasil.<\/p>\n<p>Diante de um painel com as 80 imagens do Sagrado Cora\u00e7\u00e3o de Jesus, Frei Gilberto analisou a mem\u00f3ria visual das estampas que sinaliza cada momento em que foram feitas, enquanto que Frei Volney apontou que o processo da confec\u00e7\u00e3o da Folhinha passa praticamente por todos os setores da Editora, tendo o nome ligado \u00e0 Igreja e ao convento dos Frades Franciscanos em Petr\u00f3polis.<\/p>\n<p>A festa se estendeu com o corte do bolo comemorativo e, ao final, cada funcion\u00e1rio foi presenteado com exemplares da Folhinha e um livreto contando a sua hist\u00f3ria.<\/p>\n<p><img loading=\"lazy\" class=\"alignleft\" src=\"http:\/\/franciscanos.org.br\/wp-content\/uploads\/2018\/10\/folhinha_051018_2.jpg\" alt=\"folhinha_051018_2\" width=\"830\" height=\"468\" \/><\/p>\n","protected":false},"excerpt":{"rendered":"<p>Folhinha do Sagrado<\/p>\n","protected":false},"author":1,"featured_media":191502,"comment_status":"open","ping_status":"open","sticky":false,"template":"","format":"standard","meta":[],"categories":[1],"tags":[65],"acf":[],"yoast_head":"<!-- This site is optimized with the Yoast SEO plugin v19.2 - https:\/\/yoast.com\/wordpress\/plugins\/seo\/ -->\n<title>Editora Vozes celebra os 80 anos da Folhinha do Sagrado Cora\u00e7\u00e3o de Jesus - Not\u00edcias - Franciscanos<\/title>\n<meta name=\"robots\" content=\"index, follow, max-snippet:-1, max-image-preview:large, max-video-preview:-1\" \/>\n<link rel=\"canonical\" href=\"https:\/\/franciscanos.org.br\/noticias\/editora-vozes-celebra-os-80-anos-da-folhinha-do-sagrado-coracao-de-jesus.html\" \/>\n<meta property=\"og:locale\" content=\"pt_BR\" \/>\n<meta property=\"og:type\" content=\"article\" \/>\n<meta property=\"og:title\" content=\"Editora Vozes celebra os 80 anos da Folhinha do Sagrado Cora\u00e7\u00e3o de Jesus - Not\u00edcias - Franciscanos\" \/>\n<meta property=\"og:description\" content=\"Folhinha do Sagrado\" \/>\n<meta property=\"og:url\" content=\"https:\/\/franciscanos.org.br\/noticias\/editora-vozes-celebra-os-80-anos-da-folhinha-do-sagrado-coracao-de-jesus.html\" \/>\n<meta property=\"og:site_name\" content=\"Not\u00edcias - Franciscanos\" \/>\n<meta property=\"article:published_time\" content=\"2018-10-05T03:28:44+00:00\" \/>\n<meta property=\"article:modified_time\" content=\"2018-11-26T18:28:25+00:00\" \/>\n<meta property=\"og:image\" content=\"https:\/\/franciscanos.org.br\/noticias\/wp-content\/uploads\/2018\/10\/folhinha_051018_2.jpg\" \/>\n\t<meta property=\"og:image:width\" content=\"273\" \/>\n\t<meta property=\"og:image:height\" content=\"181\" \/>\n\t<meta property=\"og:image:type\" content=\"image\/jpeg\" \/>\n<meta name=\"author\" content=\"admin\" \/>\n<meta name=\"twitter:card\" content=\"summary_large_image\" \/>\n<meta name=\"twitter:label1\" content=\"Escrito por\" \/>\n\t<meta name=\"twitter:data1\" content=\"admin\" \/>\n\t<meta name=\"twitter:label2\" content=\"Est. tempo de leitura\" \/>\n\t<meta name=\"twitter:data2\" content=\"1 minuto\" \/>\n<script type=\"application\/ld+json\" class=\"yoast-schema-graph\">{\"@context\":\"https:\/\/schema.org\",\"@graph\":[{\"@type\":\"WebSite\",\"@id\":\"https:\/\/franciscanos.org.br\/noticias\/#website\",\"url\":\"https:\/\/franciscanos.org.br\/noticias\/\",\"name\":\"Not\u00edcias - Franciscanos\",\"description\":\"Prov\u00edncia Franciscana da Imaculada Concei\u00e7\u00e3o do Brasil - Ordem dos Frades Menores - OFM\",\"potentialAction\":[{\"@type\":\"SearchAction\",\"target\":{\"@type\":\"EntryPoint\",\"urlTemplate\":\"https:\/\/franciscanos.org.br\/noticias\/?s={search_term_string}\"},\"query-input\":\"required name=search_term_string\"}],\"inLanguage\":\"pt-BR\"},{\"@type\":\"ImageObject\",\"inLanguage\":\"pt-BR\",\"@id\":\"https:\/\/franciscanos.org.br\/noticias\/editora-vozes-celebra-os-80-anos-da-folhinha-do-sagrado-coracao-de-jesus.html#primaryimage\",\"url\":\"https:\/\/franciscanos.org.br\/noticias\/wp-content\/uploads\/2018\/10\/folhinha_051018_2.jpg\",\"contentUrl\":\"https:\/\/franciscanos.org.br\/noticias\/wp-content\/uploads\/2018\/10\/folhinha_051018_2.jpg\",\"width\":273,\"height\":181},{\"@type\":\"WebPage\",\"@id\":\"https:\/\/franciscanos.org.br\/noticias\/editora-vozes-celebra-os-80-anos-da-folhinha-do-sagrado-coracao-de-jesus.html#webpage\",\"url\":\"https:\/\/franciscanos.org.br\/noticias\/editora-vozes-celebra-os-80-anos-da-folhinha-do-sagrado-coracao-de-jesus.html\",\"name\":\"Editora Vozes celebra os 80 anos da Folhinha do Sagrado Cora\u00e7\u00e3o de Jesus - Not\u00edcias - Franciscanos\",\"isPartOf\":{\"@id\":\"https:\/\/franciscanos.org.br\/noticias\/#website\"},\"primaryImageOfPage\":{\"@id\":\"https:\/\/franciscanos.org.br\/noticias\/editora-vozes-celebra-os-80-anos-da-folhinha-do-sagrado-coracao-de-jesus.html#primaryimage\"},\"datePublished\":\"2018-10-05T03:28:44+00:00\",\"dateModified\":\"2018-11-26T18:28:25+00:00\",\"author\":{\"@id\":\"https:\/\/franciscanos.org.br\/noticias\/#\/schema\/person\/b38fbf43118f02820bd932f2e4b14ad3\"},\"breadcrumb\":{\"@id\":\"https:\/\/franciscanos.org.br\/noticias\/editora-vozes-celebra-os-80-anos-da-folhinha-do-sagrado-coracao-de-jesus.html#breadcrumb\"},\"inLanguage\":\"pt-BR\",\"potentialAction\":[{\"@type\":\"ReadAction\",\"target\":[\"https:\/\/franciscanos.org.br\/noticias\/editora-vozes-celebra-os-80-anos-da-folhinha-do-sagrado-coracao-de-jesus.html\"]}]},{\"@type\":\"BreadcrumbList\",\"@id\":\"https:\/\/franciscanos.org.br\/noticias\/editora-vozes-celebra-os-80-anos-da-folhinha-do-sagrado-coracao-de-jesus.html#breadcrumb\",\"itemListElement\":[{\"@type\":\"ListItem\",\"position\":1,\"name\":\"Home\",\"item\":\"https:\/\/franciscanos.org.br\/noticias\"},{\"@type\":\"ListItem\",\"position\":2,\"name\":\"Editora Vozes celebra os 80 anos da Folhinha do Sagrado Cora\u00e7\u00e3o de Jesus\"}]},{\"@type\":\"Person\",\"@id\":\"https:\/\/franciscanos.org.br\/noticias\/#\/schema\/person\/b38fbf43118f02820bd932f2e4b14ad3\",\"name\":\"admin\",\"image\":{\"@type\":\"ImageObject\",\"inLanguage\":\"pt-BR\",\"@id\":\"https:\/\/franciscanos.org.br\/noticias\/#\/schema\/person\/image\/\",\"url\":\"https:\/\/secure.gravatar.com\/avatar\/e8495742d34d0ba6448ea1c628263b3e?s=96&d=mm&r=g\",\"contentUrl\":\"https:\/\/secure.gravatar.com\/avatar\/e8495742d34d0ba6448ea1c628263b3e?s=96&d=mm&r=g\",\"caption\":\"admin\"},\"url\":\"https:\/\/franciscanos.org.br\/noticias\/author\/admin\"}]}<\/script>\n<!-- \/ Yoast SEO plugin. -->","yoast_head_json":{"title":"Editora Vozes celebra os 80 anos da Folhinha do Sagrado Cora\u00e7\u00e3o de Jesus - Not\u00edcias - Franciscanos","robots":{"index":"index","follow":"follow","max-snippet":"max-snippet:-1","max-image-preview":"max-image-preview:large","max-video-preview":"max-video-preview:-1"},"canonical":"https:\/\/franciscanos.org.br\/noticias\/editora-vozes-celebra-os-80-anos-da-folhinha-do-sagrado-coracao-de-jesus.html","og_locale":"pt_BR","og_type":"article","og_title":"Editora Vozes celebra os 80 anos da Folhinha do Sagrado Cora\u00e7\u00e3o de Jesus - Not\u00edcias - Franciscanos","og_description":"Folhinha do Sagrado","og_url":"https:\/\/franciscanos.org.br\/noticias\/editora-vozes-celebra-os-80-anos-da-folhinha-do-sagrado-coracao-de-jesus.html","og_site_name":"Not\u00edcias - Franciscanos","article_published_time":"2018-10-05T03:28:44+00:00","article_modified_time":"2018-11-26T18:28:25+00:00","og_image":[{"width":273,"height":181,"url":"https:\/\/franciscanos.org.br\/noticias\/wp-content\/uploads\/2018\/10\/folhinha_051018_2.jpg","type":"image\/jpeg"}],"author":"admin","twitter_card":"summary_large_image","twitter_misc":{"Escrito por":"admin","Est. tempo de leitura":"1 minuto"},"schema":{"@context":"https:\/\/schema.org","@graph":[{"@type":"WebSite","@id":"https:\/\/franciscanos.org.br\/noticias\/#website","url":"https:\/\/franciscanos.org.br\/noticias\/","name":"Not\u00edcias - Franciscanos","description":"Prov\u00edncia Franciscana da Imaculada Concei\u00e7\u00e3o do Brasil - Ordem dos Frades Menores - OFM","potentialAction":[{"@type":"SearchAction","target":{"@type":"EntryPoint","urlTemplate":"https:\/\/franciscanos.org.br\/noticias\/?s={search_term_string}"},"query-input":"required name=search_term_string"}],"inLanguage":"pt-BR"},{"@type":"ImageObject","inLanguage":"pt-BR","@id":"https:\/\/franciscanos.org.br\/noticias\/editora-vozes-celebra-os-80-anos-da-folhinha-do-sagrado-coracao-de-jesus.html#primaryimage","url":"https:\/\/franciscanos.org.br\/noticias\/wp-content\/uploads\/2018\/10\/folhinha_051018_2.jpg","contentUrl":"https:\/\/franciscanos.org.br\/noticias\/wp-content\/uploads\/2018\/10\/folhinha_051018_2.jpg","width":273,"height":181},{"@type":"WebPage","@id":"https:\/\/franciscanos.org.br\/noticias\/editora-vozes-celebra-os-80-anos-da-folhinha-do-sagrado-coracao-de-jesus.html#webpage","url":"https:\/\/franciscanos.org.br\/noticias\/editora-vozes-celebra-os-80-anos-da-folhinha-do-sagrado-coracao-de-jesus.html","name":"Editora Vozes celebra os 80 anos da Folhinha do Sagrado Cora\u00e7\u00e3o de Jesus - Not\u00edcias - Franciscanos","isPartOf":{"@id":"https:\/\/franciscanos.org.br\/noticias\/#website"},"primaryImageOfPage":{"@id":"https:\/\/franciscanos.org.br\/noticias\/editora-vozes-celebra-os-80-anos-da-folhinha-do-sagrado-coracao-de-jesus.html#primaryimage"},"datePublished":"2018-10-05T03:28:44+00:00","dateModified":"2018-11-26T18:28:25+00:00","author":{"@id":"https:\/\/franciscanos.org.br\/noticias\/#\/schema\/person\/b38fbf43118f02820bd932f2e4b14ad3"},"breadcrumb":{"@id":"https:\/\/franciscanos.org.br\/noticias\/editora-vozes-celebra-os-80-anos-da-folhinha-do-sagrado-coracao-de-jesus.html#breadcrumb"},"inLanguage":"pt-BR","potentialAction":[{"@type":"ReadAction","target":["https:\/\/franciscanos.org.br\/noticias\/editora-vozes-celebra-os-80-anos-da-folhinha-do-sagrado-coracao-de-jesus.html"]}]},{"@type":"BreadcrumbList","@id":"https:\/\/franciscanos.org.br\/noticias\/editora-vozes-celebra-os-80-anos-da-folhinha-do-sagrado-coracao-de-jesus.html#breadcrumb","itemListElement":[{"@type":"ListItem","position":1,"name":"Home","item":"https:\/\/franciscanos.org.br\/noticias"},{"@type":"ListItem","position":2,"name":"Editora Vozes celebra os 80 anos da Folhinha do Sagrado Cora\u00e7\u00e3o de Jesus"}]},{"@type":"Person","@id":"https:\/\/franciscanos.org.br\/noticias\/#\/schema\/person\/b38fbf43118f02820bd932f2e4b14ad3","name":"admin","image":{"@type":"ImageObject","inLanguage":"pt-BR","@id":"https:\/\/franciscanos.org.br\/noticias\/#\/schema\/person\/image\/","url":"https:\/\/secure.gravatar.com\/avatar\/e8495742d34d0ba6448ea1c628263b3e?s=96&d=mm&r=g","contentUrl":"https:\/\/secure.gravatar.com\/avatar\/e8495742d34d0ba6448ea1c628263b3e?s=96&d=mm&r=g","caption":"admin"},"url":"https:\/\/franciscanos.org.br\/noticias\/author\/admin"}]}},"_links":{"self":[{"href":"https:\/\/franciscanos.org.br\/noticias\/wp-json\/wp\/v2\/posts\/173774"}],"collection":[{"href":"https:\/\/franciscanos.org.br\/noticias\/wp-json\/wp\/v2\/posts"}],"about":[{"href":"https:\/\/franciscanos.org.br\/noticias\/wp-json\/wp\/v2\/types\/post"}],"author":[{"embeddable":true,"href":"https:\/\/franciscanos.org.br\/noticias\/wp-json\/wp\/v2\/users\/1"}],"replies":[{"embeddable":true,"href":"https:\/\/franciscanos.org.br\/noticias\/wp-json\/wp\/v2\/comments?post=173774"}],"version-history":[{"count":0,"href":"https:\/\/franciscanos.org.br\/noticias\/wp-json\/wp\/v2\/posts\/173774\/revisions"}],"wp:featuredmedia":[{"embeddable":true,"href":"https:\/\/franciscanos.org.br\/noticias\/wp-json\/wp\/v2\/media\/191502"}],"wp:attachment":[{"href":"https:\/\/franciscanos.org.br\/noticias\/wp-json\/wp\/v2\/media?parent=173774"}],"wp:term":[{"taxonomy":"category","embeddable":true,"href":"https:\/\/franciscanos.org.br\/noticias\/wp-json\/wp\/v2\/categories?post=173774"},{"taxonomy":"post_tag","embeddable":true,"href":"https:\/\/franciscanos.org.br\/noticias\/wp-json\/wp\/v2\/tags?post=173774"}],"curies":[{"name":"wp","href":"https:\/\/api.w.org\/{rel}","templated":true}]}}