{"id":173723,"date":"2018-10-05T00:00:29","date_gmt":"2018-10-05T03:00:29","guid":{"rendered":"http:\/\/franciscanos.org.br\/?p=173723"},"modified":"2018-11-26T16:31:53","modified_gmt":"2018-11-26T18:31:53","slug":"largo-sao-francisco-celebra-com-festa-seu-padroeiro","status":"publish","type":"post","link":"https:\/\/franciscanos.org.br\/noticias\/largo-sao-francisco-celebra-com-festa-seu-padroeiro.html","title":{"rendered":"Largo S\u00e3o Francisco celebra com festa o Padroeiro"},"content":{"rendered":"<p><img loading=\"lazy\" class=\"alignleft\" src=\"http:\/\/franciscanos.org.br\/wp-content\/uploads\/2018\/10\/largo_041018-830n.jpg\" alt=\"largo_041018 830n\" width=\"830\" height=\"400\" \/><strong>\u00c9rika Augusto<\/strong><\/p>\n<p><strong>S\u00e3o Paulo (SP) \u2013 <\/strong>Desde as primeiras horas da manh\u00e3, o movimento era intenso no Largo S\u00e3o Francisco, regi\u00e3o central de S\u00e3o Paulo. Tudo ao redor recorda o santo. Rua S\u00e3o Francisco, Largo S\u00e3o Francisco, Universidade S\u00e3o Francisco. Como lembrou o reitor e p\u00e1roco, Frei Alvaci Mendes da Luz, esta foi a primeira igreja na cidade dedicada ao santo. \u00c9 prov\u00e1vel que h\u00e1 371 anos esta festa aconte\u00e7a, de forma diferente, mas seguramente os olhos dos paulistanos se voltavam para este espa\u00e7o a cada dia 4 de outubro.<\/p>\n<p>Com missas a cada hora e meia, os devotos lotaram a igreja em todas as celebra\u00e7\u00f5es, muitos acompanhados de seus animais, fotos ou objetos de devo\u00e7\u00e3o. Ao final de cada missa, os presentes eram convidados a passar em frente ao andor com a imagem do santo, decorado com flores coloridas e passarinhos. J\u00e1 no come\u00e7o da noite,\u00a0a jovem Tamiris foi acompanhada de Max para agradecer S\u00e3o Francisco por uma gra\u00e7a alcan\u00e7ada. Em maio, o cachorro da ra\u00e7a labrador foi atropelado e passou por um longo processo de recupera\u00e7\u00e3o. Ela trouxe o animal como forma de agradecimento por sua plena recupera\u00e7\u00e3o.<\/p>\n<p><strong>Ser os pequenos de Deus, pede Dom Eduardo<\/strong><\/p>\n<p><img loading=\"lazy\" class=\"alignleft wp-image-173727\" src=\"http:\/\/franciscanos.org.br\/wp-content\/uploads\/2018\/10\/largo_041018_meio.jpg\" alt=\"largo_041018_meio\" width=\"403\" height=\"441\" \/>\u00c0s 15h, a celebra\u00e7\u00e3o foi presidida por Dom Eduardo Vieira dos Santos, bispo auxiliar da Regi\u00e3o S\u00e9. Com sua habitual simpatia, o bispo conquistou os presentes em sua homilia. Ele afirmou que S\u00e3o Francisco deve ser para todos um testemunho de algu\u00e9m que teve muita f\u00e9 em Deus. Em sua vida, Francisco viveu e pregou a paz. Uma paz que n\u00e3o \u00e9 apenas a aus\u00eancia de conflitos, mas a paz que Jesus desejou aos seus ap\u00f3stolos e que deseja a cada um de n\u00f3s. \u201cA paz de Deus enche o nosso interior, porque quando o nosso interior est\u00e1 vazio de Deus, come\u00e7amos a colocar coisas de fora: riqueza, prazer, poder, dinheiro. Mas quando estamos em paz com Deus, como fez S\u00e3o Francisco e outros santos e santas de Deus, Ele nos basta\u201d, assegurou.<\/p>\n<p>Dom Eduardo disse que o compromisso dos crist\u00e3os batizados \u00e9 testemunhar o amor de Deus na realidade onde est\u00e1. \u201cAonde quer que estejamos, somos chamados a viver este amor. Quantos desafios temos nesta cidade? O mundo precisa de convers\u00e3o, n\u00f3s precisamos de convers\u00e3o. O mundo precisa de ora\u00e7\u00e3o, n\u00f3s precisamos de ora\u00e7\u00e3o\u201d, clamou.<\/p>\n<p>Ele concluiu sua homilia entoando uma can\u00e7\u00e3o conhecida dos brasileiros: \u201cAmar como Jesus amou\u201d, de Padre Zezinho.<\/p>\n<p><big><strong>Abrir espa\u00e7o em nossa vidas para a a\u00e7\u00e3o de Deus, pede Frei M\u00e1rio<\/strong><\/big><\/p>\n<p>\u201cO Evangelho \u00e9 revela\u00e7\u00e3o para quem abre espa\u00e7o para Deus em sua vida. Quando nos fechamos no ego\u00edsmo, em nossa pr\u00f3pria vontade, em nosso orgulho, em nossa mania de querer saber tudo, de passar por cima dos outros, n\u00e3o h\u00e1 lugar para Deus, para o amor. Quando nos fazemos pequenos, irm\u00e3o e irm\u00e3 um do outro, a\u00ed h\u00e1 espa\u00e7o para o amor. E se h\u00e1 amor, h\u00e1 Deus no cora\u00e7\u00e3o\u201d, foi a afirma\u00e7\u00e3o de Frei M\u00e1rio Tagliari, guardi\u00e3o do Convento S\u00e3o Francisco, durante a missa das 18h, que encerrou as festividades.<\/p>\n<p>Ele pediu que os presentes n\u00e3o olhassem para S\u00e3o Francisco j\u00e1 chagado, feito santo, mas para olharem toda a trajet\u00f3ria de vida, sua convers\u00e3o e seu modo de viver o Evangelho, que fez com que ele, no final de sua vida, fosse o \u2018Alter Christus\u2019, o outro Cristo. \u201cEste Francisco, identificado com as chagas de Cristo, foi o ponto final de sua vida. Mas como diz Santa Clara, n\u00e3o perca de vista seu ponto de partida. O ponto de partida \u00e9 o dia a dia, \u00e9 a nossa f\u00e9, o Evangelho vivo que podemos assumir\u201d, declarou o pregador.<\/p>\n<p><iframe loading=\"lazy\" src=\"https:\/\/www.youtube.com\/embed\/RJoex2hVQRk\" width=\"100%\" height=\"480\" frameborder=\"0\" allowfullscreen=\"allowfullscreen\"><\/iframe><\/p>\n<p>Sobre o atual momento pol\u00edtico, o frade pediu que os presentes pedissem a intercess\u00e3o do Esp\u00edrito Santo em sua escolha nas elei\u00e7\u00f5es do pr\u00f3ximo domingo. \u201cQue saibamos escolher de fato as pessoas que tem propostas muito concretas para cuidar dos pobres. Os bancos j\u00e1 cuidam dos ricos. S\u00f3 no centro de S\u00e3o Paulo temos 8 mil moradores de rua. Vivemos uma sociedade que descarta as pessoas. Nosso modo de vida produz pessoas \u00e0 margem da sociedade\u201d, denunciou o frade, recordando o trabalho realizado no Convento com os moradores de rua, promovido pelo Servi\u00e7o Franciscano de Solidariedade (Sefras).<\/p>\n<p>Ao final da celebra\u00e7\u00e3o, Frei Alvaci fez os agradecimentos a todos que ajudaram na organiza\u00e7\u00e3o e realiza\u00e7\u00e3o da festa deste ano.<big><\/big><big><\/big><\/p>\n","protected":false},"excerpt":{"rendered":"<p>Festa de S. Francisco<\/p>\n","protected":false},"author":1,"featured_media":191505,"comment_status":"open","ping_status":"open","sticky":false,"template":"","format":"standard","meta":[],"categories":[1],"tags":[312],"acf":[],"yoast_head":"<!-- This site is optimized with the Yoast SEO plugin v19.2 - https:\/\/yoast.com\/wordpress\/plugins\/seo\/ -->\n<title>Largo S\u00e3o Francisco celebra com festa o Padroeiro - Not\u00edcias - Franciscanos<\/title>\n<meta name=\"robots\" content=\"index, follow, max-snippet:-1, max-image-preview:large, max-video-preview:-1\" \/>\n<link rel=\"canonical\" href=\"https:\/\/franciscanos.org.br\/noticias\/largo-sao-francisco-celebra-com-festa-seu-padroeiro.html\" \/>\n<meta property=\"og:locale\" content=\"pt_BR\" \/>\n<meta property=\"og:type\" content=\"article\" \/>\n<meta property=\"og:title\" content=\"Largo S\u00e3o Francisco celebra com festa o Padroeiro - Not\u00edcias - Franciscanos\" \/>\n<meta property=\"og:description\" content=\"Festa de S. Francisco\" \/>\n<meta property=\"og:url\" content=\"https:\/\/franciscanos.org.br\/noticias\/largo-sao-francisco-celebra-com-festa-seu-padroeiro.html\" \/>\n<meta property=\"og:site_name\" content=\"Not\u00edcias - Franciscanos\" \/>\n<meta property=\"article:published_time\" content=\"2018-10-05T03:00:29+00:00\" \/>\n<meta property=\"article:modified_time\" content=\"2018-11-26T18:31:53+00:00\" \/>\n<meta property=\"og:image\" content=\"https:\/\/franciscanos.org.br\/noticias\/wp-content\/uploads\/2018\/10\/largo_041018-830n.jpg\" \/>\n\t<meta property=\"og:image:width\" content=\"273\" \/>\n\t<meta property=\"og:image:height\" content=\"181\" \/>\n\t<meta property=\"og:image:type\" content=\"image\/jpeg\" \/>\n<meta name=\"author\" content=\"admin\" \/>\n<meta name=\"twitter:card\" content=\"summary_large_image\" \/>\n<meta name=\"twitter:label1\" content=\"Escrito por\" \/>\n\t<meta name=\"twitter:data1\" content=\"admin\" \/>\n\t<meta name=\"twitter:label2\" content=\"Est. tempo de leitura\" \/>\n\t<meta name=\"twitter:data2\" content=\"4 minutos\" \/>\n<script type=\"application\/ld+json\" class=\"yoast-schema-graph\">{\"@context\":\"https:\/\/schema.org\",\"@graph\":[{\"@type\":\"WebSite\",\"@id\":\"https:\/\/franciscanos.org.br\/noticias\/#website\",\"url\":\"https:\/\/franciscanos.org.br\/noticias\/\",\"name\":\"Not\u00edcias - Franciscanos\",\"description\":\"Prov\u00edncia Franciscana da Imaculada Concei\u00e7\u00e3o do Brasil - Ordem dos Frades Menores - OFM\",\"potentialAction\":[{\"@type\":\"SearchAction\",\"target\":{\"@type\":\"EntryPoint\",\"urlTemplate\":\"https:\/\/franciscanos.org.br\/noticias\/?s={search_term_string}\"},\"query-input\":\"required name=search_term_string\"}],\"inLanguage\":\"pt-BR\"},{\"@type\":\"ImageObject\",\"inLanguage\":\"pt-BR\",\"@id\":\"https:\/\/franciscanos.org.br\/noticias\/largo-sao-francisco-celebra-com-festa-seu-padroeiro.html#primaryimage\",\"url\":\"https:\/\/franciscanos.org.br\/noticias\/wp-content\/uploads\/2018\/10\/largo_041018-830n.jpg\",\"contentUrl\":\"https:\/\/franciscanos.org.br\/noticias\/wp-content\/uploads\/2018\/10\/largo_041018-830n.jpg\",\"width\":273,\"height\":181},{\"@type\":\"WebPage\",\"@id\":\"https:\/\/franciscanos.org.br\/noticias\/largo-sao-francisco-celebra-com-festa-seu-padroeiro.html#webpage\",\"url\":\"https:\/\/franciscanos.org.br\/noticias\/largo-sao-francisco-celebra-com-festa-seu-padroeiro.html\",\"name\":\"Largo S\u00e3o Francisco celebra com festa o Padroeiro - Not\u00edcias - Franciscanos\",\"isPartOf\":{\"@id\":\"https:\/\/franciscanos.org.br\/noticias\/#website\"},\"primaryImageOfPage\":{\"@id\":\"https:\/\/franciscanos.org.br\/noticias\/largo-sao-francisco-celebra-com-festa-seu-padroeiro.html#primaryimage\"},\"datePublished\":\"2018-10-05T03:00:29+00:00\",\"dateModified\":\"2018-11-26T18:31:53+00:00\",\"author\":{\"@id\":\"https:\/\/franciscanos.org.br\/noticias\/#\/schema\/person\/b38fbf43118f02820bd932f2e4b14ad3\"},\"breadcrumb\":{\"@id\":\"https:\/\/franciscanos.org.br\/noticias\/largo-sao-francisco-celebra-com-festa-seu-padroeiro.html#breadcrumb\"},\"inLanguage\":\"pt-BR\",\"potentialAction\":[{\"@type\":\"ReadAction\",\"target\":[\"https:\/\/franciscanos.org.br\/noticias\/largo-sao-francisco-celebra-com-festa-seu-padroeiro.html\"]}]},{\"@type\":\"BreadcrumbList\",\"@id\":\"https:\/\/franciscanos.org.br\/noticias\/largo-sao-francisco-celebra-com-festa-seu-padroeiro.html#breadcrumb\",\"itemListElement\":[{\"@type\":\"ListItem\",\"position\":1,\"name\":\"Home\",\"item\":\"https:\/\/franciscanos.org.br\/noticias\"},{\"@type\":\"ListItem\",\"position\":2,\"name\":\"Largo S\u00e3o Francisco celebra com festa o Padroeiro\"}]},{\"@type\":\"Person\",\"@id\":\"https:\/\/franciscanos.org.br\/noticias\/#\/schema\/person\/b38fbf43118f02820bd932f2e4b14ad3\",\"name\":\"admin\",\"image\":{\"@type\":\"ImageObject\",\"inLanguage\":\"pt-BR\",\"@id\":\"https:\/\/franciscanos.org.br\/noticias\/#\/schema\/person\/image\/\",\"url\":\"https:\/\/secure.gravatar.com\/avatar\/e8495742d34d0ba6448ea1c628263b3e?s=96&d=mm&r=g\",\"contentUrl\":\"https:\/\/secure.gravatar.com\/avatar\/e8495742d34d0ba6448ea1c628263b3e?s=96&d=mm&r=g\",\"caption\":\"admin\"},\"url\":\"https:\/\/franciscanos.org.br\/noticias\/author\/admin\"}]}<\/script>\n<!-- \/ Yoast SEO plugin. -->","yoast_head_json":{"title":"Largo S\u00e3o Francisco celebra com festa o Padroeiro - Not\u00edcias - Franciscanos","robots":{"index":"index","follow":"follow","max-snippet":"max-snippet:-1","max-image-preview":"max-image-preview:large","max-video-preview":"max-video-preview:-1"},"canonical":"https:\/\/franciscanos.org.br\/noticias\/largo-sao-francisco-celebra-com-festa-seu-padroeiro.html","og_locale":"pt_BR","og_type":"article","og_title":"Largo S\u00e3o Francisco celebra com festa o Padroeiro - Not\u00edcias - Franciscanos","og_description":"Festa de S. Francisco","og_url":"https:\/\/franciscanos.org.br\/noticias\/largo-sao-francisco-celebra-com-festa-seu-padroeiro.html","og_site_name":"Not\u00edcias - Franciscanos","article_published_time":"2018-10-05T03:00:29+00:00","article_modified_time":"2018-11-26T18:31:53+00:00","og_image":[{"width":273,"height":181,"url":"https:\/\/franciscanos.org.br\/noticias\/wp-content\/uploads\/2018\/10\/largo_041018-830n.jpg","type":"image\/jpeg"}],"author":"admin","twitter_card":"summary_large_image","twitter_misc":{"Escrito por":"admin","Est. tempo de leitura":"4 minutos"},"schema":{"@context":"https:\/\/schema.org","@graph":[{"@type":"WebSite","@id":"https:\/\/franciscanos.org.br\/noticias\/#website","url":"https:\/\/franciscanos.org.br\/noticias\/","name":"Not\u00edcias - Franciscanos","description":"Prov\u00edncia Franciscana da Imaculada Concei\u00e7\u00e3o do Brasil - Ordem dos Frades Menores - OFM","potentialAction":[{"@type":"SearchAction","target":{"@type":"EntryPoint","urlTemplate":"https:\/\/franciscanos.org.br\/noticias\/?s={search_term_string}"},"query-input":"required name=search_term_string"}],"inLanguage":"pt-BR"},{"@type":"ImageObject","inLanguage":"pt-BR","@id":"https:\/\/franciscanos.org.br\/noticias\/largo-sao-francisco-celebra-com-festa-seu-padroeiro.html#primaryimage","url":"https:\/\/franciscanos.org.br\/noticias\/wp-content\/uploads\/2018\/10\/largo_041018-830n.jpg","contentUrl":"https:\/\/franciscanos.org.br\/noticias\/wp-content\/uploads\/2018\/10\/largo_041018-830n.jpg","width":273,"height":181},{"@type":"WebPage","@id":"https:\/\/franciscanos.org.br\/noticias\/largo-sao-francisco-celebra-com-festa-seu-padroeiro.html#webpage","url":"https:\/\/franciscanos.org.br\/noticias\/largo-sao-francisco-celebra-com-festa-seu-padroeiro.html","name":"Largo S\u00e3o Francisco celebra com festa o Padroeiro - Not\u00edcias - Franciscanos","isPartOf":{"@id":"https:\/\/franciscanos.org.br\/noticias\/#website"},"primaryImageOfPage":{"@id":"https:\/\/franciscanos.org.br\/noticias\/largo-sao-francisco-celebra-com-festa-seu-padroeiro.html#primaryimage"},"datePublished":"2018-10-05T03:00:29+00:00","dateModified":"2018-11-26T18:31:53+00:00","author":{"@id":"https:\/\/franciscanos.org.br\/noticias\/#\/schema\/person\/b38fbf43118f02820bd932f2e4b14ad3"},"breadcrumb":{"@id":"https:\/\/franciscanos.org.br\/noticias\/largo-sao-francisco-celebra-com-festa-seu-padroeiro.html#breadcrumb"},"inLanguage":"pt-BR","potentialAction":[{"@type":"ReadAction","target":["https:\/\/franciscanos.org.br\/noticias\/largo-sao-francisco-celebra-com-festa-seu-padroeiro.html"]}]},{"@type":"BreadcrumbList","@id":"https:\/\/franciscanos.org.br\/noticias\/largo-sao-francisco-celebra-com-festa-seu-padroeiro.html#breadcrumb","itemListElement":[{"@type":"ListItem","position":1,"name":"Home","item":"https:\/\/franciscanos.org.br\/noticias"},{"@type":"ListItem","position":2,"name":"Largo S\u00e3o Francisco celebra com festa o Padroeiro"}]},{"@type":"Person","@id":"https:\/\/franciscanos.org.br\/noticias\/#\/schema\/person\/b38fbf43118f02820bd932f2e4b14ad3","name":"admin","image":{"@type":"ImageObject","inLanguage":"pt-BR","@id":"https:\/\/franciscanos.org.br\/noticias\/#\/schema\/person\/image\/","url":"https:\/\/secure.gravatar.com\/avatar\/e8495742d34d0ba6448ea1c628263b3e?s=96&d=mm&r=g","contentUrl":"https:\/\/secure.gravatar.com\/avatar\/e8495742d34d0ba6448ea1c628263b3e?s=96&d=mm&r=g","caption":"admin"},"url":"https:\/\/franciscanos.org.br\/noticias\/author\/admin"}]}},"_links":{"self":[{"href":"https:\/\/franciscanos.org.br\/noticias\/wp-json\/wp\/v2\/posts\/173723"}],"collection":[{"href":"https:\/\/franciscanos.org.br\/noticias\/wp-json\/wp\/v2\/posts"}],"about":[{"href":"https:\/\/franciscanos.org.br\/noticias\/wp-json\/wp\/v2\/types\/post"}],"author":[{"embeddable":true,"href":"https:\/\/franciscanos.org.br\/noticias\/wp-json\/wp\/v2\/users\/1"}],"replies":[{"embeddable":true,"href":"https:\/\/franciscanos.org.br\/noticias\/wp-json\/wp\/v2\/comments?post=173723"}],"version-history":[{"count":0,"href":"https:\/\/franciscanos.org.br\/noticias\/wp-json\/wp\/v2\/posts\/173723\/revisions"}],"wp:featuredmedia":[{"embeddable":true,"href":"https:\/\/franciscanos.org.br\/noticias\/wp-json\/wp\/v2\/media\/191505"}],"wp:attachment":[{"href":"https:\/\/franciscanos.org.br\/noticias\/wp-json\/wp\/v2\/media?parent=173723"}],"wp:term":[{"taxonomy":"category","embeddable":true,"href":"https:\/\/franciscanos.org.br\/noticias\/wp-json\/wp\/v2\/categories?post=173723"},{"taxonomy":"post_tag","embeddable":true,"href":"https:\/\/franciscanos.org.br\/noticias\/wp-json\/wp\/v2\/tags?post=173723"}],"curies":[{"name":"wp","href":"https:\/\/api.w.org\/{rel}","templated":true}]}}