{"id":173682,"date":"2018-10-04T22:33:29","date_gmt":"2018-10-05T01:33:29","guid":{"rendered":"http:\/\/franciscanos.org.br\/?p=173682"},"modified":"2018-11-26T16:34:03","modified_gmt":"2018-11-26T18:34:03","slug":"precisamos-de-relacoes-fraternas-pede-frei-fidencio","status":"publish","type":"post","link":"https:\/\/franciscanos.org.br\/noticias\/precisamos-de-relacoes-fraternas-pede-frei-fidencio.html","title":{"rendered":"Frei Fid\u00eancio: &#8220;Precisamos de rela\u00e7\u00f5es fraternas&#8221;"},"content":{"rendered":"<p><img loading=\"lazy\" class=\"alignleft\" src=\"http:\/\/franciscanos.org.br\/wp-content\/uploads\/2018\/10\/noite_041018.jpg\" alt=\"noite_041018\" width=\"830\" height=\"412\" \/><\/p>\n<p><strong>Moacir Beggo<\/strong><\/p>\n<p><strong>S\u00e3o Paulo (SP)<\/strong> &#8211; A Festa lit\u00fargica de S\u00e3o Francisco de Assis terminou com a \u00faltima Celebra\u00e7\u00e3o Eucar\u00edstica, \u00e0s 19h30, na Par\u00f3quia S\u00e3o Francisco de Assis, na Vila Clementino, onde tamb\u00e9m est\u00e1 a Sede Provincial dos Frades Menores da Imaculada Concei\u00e7\u00e3o. A bela igreja lotou mais uma vez para a \u00faltima homenagem ao Padroeiro e santo protetor dos animais. O Ministro Provincial, Frei Fid\u00eancio Vanboemmel, presidiu a Celebra\u00e7\u00e3o, tendo como concelebrantes o p\u00e1roco Frei Valdecir Schwambach e Frei Raimundo de Oliveira Castro.<\/p>\n<p>Desde as 7 horas, quando come\u00e7ou a primeira Missa, os frades se revezaram nas celebra\u00e7\u00f5es e nas b\u00ean\u00e7\u00e3os \u00e0s pessoas e aos animais.<\/p>\n<p><iframe loading=\"lazy\" src=\"https:\/\/www.youtube.com\/embed\/RJoex2hVQRk\" width=\"100%\" height=\"480\" frameborder=\"0\" allowfullscreen=\"allowfullscreen\"><\/iframe><\/p>\n<p>Frei Fid\u00eancio fez a sua homilia partindo do Evangelho, proclamado pelo p\u00e1roco Frei Valdecir, do evangelista S\u00e3o Mateus, quando ele apresenta uma singela ora\u00e7\u00e3o de Nosso Senhor Jesus Cristo, que num determinado momento se volta para Deus Pai e reza: &#8216;Eu te louvo, Pai, porque escondeste essas coisas aos s\u00e1bios e inteligentes, e as revelaste aos pequeninos&#8217; (Mt 11,25-30).<\/p>\n<p>&#8220;Que \u2018coisas\u2019 s\u00e3o essas que Deus esconde no cora\u00e7\u00e3o dos humildes, dos simples, e que muitas vezes as pessoas s\u00e1bias e entendidas n\u00e3o s\u00e3o capazes de compreender? Quando a gente l\u00ea o evangelho de S\u00e3o Mateus, n\u00f3s vamos perceber que Jesus, antes de fazer esta ora\u00e7\u00e3o de louvor a Deus Pai, passa por algumas cidades que se mostraram incr\u00e9dulas diante da Boa Nova de Jesus. As pessoas dessas cidades come\u00e7aram a negar a doutrina, a fala, as obras de Jesus. Essas coisas procedem do an\u00fancio do reino de Deus&#8221;, disse Frei Fid\u00eancio.<\/p>\n<p><img loading=\"lazy\" src=\"http:\/\/franciscanos.org.br\/wp-content\/uploads\/2018\/10\/noite_041018_1.jpg\" alt=\"noite_041018_1\" width=\"830\" height=\"350\" \/><\/p>\n<p><img loading=\"lazy\" class=\"alignright wp-image-173685 \" src=\"http:\/\/franciscanos.org.br\/wp-content\/uploads\/2018\/10\/noite_041018_2.jpg\" alt=\"noite_041018_2\" width=\"183\" height=\"276\" \/>&#8220;Aos pequenos, aos simples, pessoas capazes de acolher o mist\u00e9rio do reino de Deus, Jesus anuncia a boa nova. \u00c0s pessoas humildes e simples, Jesus reconhece que elas foram acolhedoras do mist\u00e9rio de Deus. Isso j\u00e1 come\u00e7ou na noite do Natal, na noite da encarna\u00e7\u00e3o do Senhor, quando l\u00e1 os pobres pastores acolhem o pobre Menino de Bel\u00e9m deitado numa manjedoura. E \u00e9 justamente ali que os anjos de Deus cantam. E mais uma vez, Jesus louva o Pai exatamente porque essas pessoas, sim, s\u00e3o capazes de acolher as coisas do reino do Deus. Sim, aos simples e aos humildes Deus revela o cora\u00e7\u00e3o amoroso de Deus Pai. Aquele que Jesus diz que \u00e9 o Senhor do C\u00e9u e da Terra&#8221;, explicou o Ministro Provincial.<\/p>\n<p>O Ministro Provincial tamb\u00e9m lembrou que estas pessoas simples e humildes, pequenas e pobres, abertas para acolher o mist\u00e9rio de Deus, Jesus se dirige a elas da seguinte forma: &#8220;&#8216;Vinde a mim v\u00f3s todos que estais fatigados e sobrecarregados e eu vos aliviai&#8221;. &#8220;Quando estamos muito cansados, ou quando a gente tem um problema muito grande no cora\u00e7\u00e3o, ou quando passamos por um sofrimento maior ou quando colocamos sobre os ombros um peso muito grande, n\u00f3s caminhamos curvados. E Jesus quer que a gente tenha outra postura. Outra conduta. Jesus veio ao mundo n\u00e3o para carregar pessoas cansadas. Jesus veio ao mundo para oferecer \u00e0s pessoas uma nova postura: as pessoas precisam se erguerem, se levantarem, se olharem para os lados e se ajudarem, para que, como irm\u00e3os, como fraternidade universal, possamos construir um mundo melhor. N\u00e3o de pessoas fechadas em si mesmo ou pessoas ego\u00edstas&#8221;, frisou o celebrante, lembrando o tema da festa &#8220;Em Cristo todos somos irm\u00e3os&#8221;.<\/p>\n<p>Francisco tamb\u00e9m andava curvado sobre si mesmo, disse Frei Fid\u00eancio. &#8220;Em primeiro lugar, a autossufici\u00eancia do poder, do dinheiro. Depois o orgulho alimentado em ser o her\u00f3i, em ser o grande conquistador. Mas \u00e9 no encontro com o leproso, uma pessoa curvada, que come\u00e7a a sua transforma\u00e7\u00e3o. Ele se despoja totalmente para se colocar nessa postura humilde, simples, para acolher o mist\u00e9rio do reino de Deus. E nesse sentido, S\u00e3o Francisco de Assis vai dizer uma fala muito simples: que a minha vida daqui para frente vai ser essa: viver simplesmente o evangelho de Nosso Senhor Jesus Cristo&#8221;, contou o frade.<\/p>\n<p><img loading=\"lazy\" src=\"http:\/\/franciscanos.org.br\/wp-content\/uploads\/2018\/10\/noite_041018_3.jpg\" alt=\"noite_041018_3\" width=\"830\" height=\"398\" \/><\/p>\n<p>&#8220;Ele vai consultar sempre o Evangelho porque, \u00e0 medida que foi se confrontando com a Palavra de Deus, foi acolhendo &#8216;essas coisas&#8217; do Reino de Deus. Francisco passou a ter outra rela\u00e7\u00e3o com a vida e com a exist\u00eancia. Se ele estava muito centrado em si mesmo, a partir desta convers\u00e3o interior, ele passa acolher o irm\u00e3o, a irm\u00e3 como dom de Deus&#8221;, ressaltou o Ministro Provincial. &#8220;E mais do que isso, Francisco, a partir desse encontro com o Senhor, passa a se relacionar de uma forma fraterna com toda a cria\u00e7\u00e3o, at\u00e9 com os pequenos animais, como o simples vermezinho na estrada, como o lobo de G\u00fabio&#8221;, lembrou.<\/p>\n<p>&#8220;Que S\u00e3o Francisco nos ajude a viver tamb\u00e9m as virtudes da simplicidade, da humildade, para criarmos rela\u00e7\u00f5es mais fraternas, t\u00e3o importantes nesse momento hist\u00f3rico que estamos vivenciando nesse pa\u00eds. Precisamos de rela\u00e7\u00f5es fraternas. Menos \u00f3dio, menos separa\u00e7\u00f5es! Que S\u00e3o Francisco aben\u00e7oe a todos n\u00f3s, aben\u00e7oe nossos bichinhos de estima\u00e7\u00e3o, aben\u00e7oe o nosso cora\u00e7\u00e3o, aben\u00e7oe a nossa fam\u00edlia, aben\u00e7oe a nossa comunidade paroquial&#8221;. Ele, ent\u00e3o, fez uma consulta para saber quantas pessoas n\u00e3o eram da Par\u00f3quia e se surpreendeu ao ver que a maioria levantou a m\u00e3o. &#8220;Nossa quanta gente! Sejam sempre bem-vindos nessa nossa Par\u00f3quia. Que Deus aben\u00e7oe todos voc\u00eas!&#8221;, completou.<\/p>\n<p>Frei Valdecir fez os agradecimentos finais e n\u00e3o se cansou de citar os volunt\u00e1rios, as equipes, os benfeitores e doadores. Agradeceu de forma especial tamb\u00e9m aos fi\u00e9is paroquianos e aos que vieram de outras regi\u00f5es da capital para homenagear o Santo de Assis e protetor dos animais.<\/p>\n<p><img loading=\"lazy\" src=\"http:\/\/franciscanos.org.br\/wp-content\/uploads\/2018\/10\/cesar_041018.jpg\" alt=\"cesar_041018\" width=\"830\" height=\"476\" \/><\/p>\n<p><strong>MISSA DAS 18 HORAS<\/strong><\/p>\n<p>O Vig\u00e1rio Provincial, Frei C\u00e9sar K\u00fclkamp, celebrou \u00e0s 18 horas. Segundo ele, Francisco de Assis fez esta grande descoberta: Deus como pai, e Jesus como irm\u00e3o, irm\u00e3o de todas as criaturas no mist\u00e9rio da encarna\u00e7\u00e3o. Importa viver como em fam\u00edlia, como filhos e filhas em rela\u00e7\u00e3o a Deus. &#8220;Ele transforma toda a humanidade numa grande fraternidade&#8221;. E depois descobre que esse Deus se faz presente em todas as coisas. Deus \u00e9 t\u00e3o bom. Deus \u00e9 amor.\u00a0\u00a0 &#8220;Tudo \u00e9 express\u00e3o do amor de Deus. Por isso, nossa atitude jamais pode ser de destrui\u00e7\u00e3o da natureza, de apenas subjugar as esp\u00e9cies aos nossos interesses, mas devemos ter uma rela\u00e7\u00e3o de rever\u00eancia. Tudo \u00e9 presen\u00e7a de Deus&#8221;, disse.<\/p>\n<p><img loading=\"lazy\" src=\"http:\/\/franciscanos.org.br\/wp-content\/uploads\/2018\/10\/noite_041018_4.jpg\" alt=\"noite_041018_4\" width=\"830\" height=\"566\" \/><\/p>\n","protected":false},"excerpt":{"rendered":"<p>Festa de S. Francisco<\/p>\n","protected":false},"author":1,"featured_media":191508,"comment_status":"open","ping_status":"open","sticky":false,"template":"","format":"standard","meta":[],"categories":[1],"tags":[271],"acf":[],"yoast_head":"<!-- This site is optimized with the Yoast SEO plugin v19.2 - https:\/\/yoast.com\/wordpress\/plugins\/seo\/ -->\n<title>Frei Fid\u00eancio: &quot;Precisamos de rela\u00e7\u00f5es fraternas&quot; - Not\u00edcias - Franciscanos<\/title>\n<meta name=\"robots\" content=\"index, follow, max-snippet:-1, max-image-preview:large, max-video-preview:-1\" \/>\n<link rel=\"canonical\" href=\"https:\/\/franciscanos.org.br\/noticias\/precisamos-de-relacoes-fraternas-pede-frei-fidencio.html\" \/>\n<meta property=\"og:locale\" content=\"pt_BR\" \/>\n<meta property=\"og:type\" content=\"article\" \/>\n<meta property=\"og:title\" content=\"Frei Fid\u00eancio: &quot;Precisamos de rela\u00e7\u00f5es fraternas&quot; - Not\u00edcias - Franciscanos\" \/>\n<meta property=\"og:description\" content=\"Festa de S. Francisco\" \/>\n<meta property=\"og:url\" content=\"https:\/\/franciscanos.org.br\/noticias\/precisamos-de-relacoes-fraternas-pede-frei-fidencio.html\" \/>\n<meta property=\"og:site_name\" content=\"Not\u00edcias - Franciscanos\" \/>\n<meta property=\"article:published_time\" content=\"2018-10-05T01:33:29+00:00\" \/>\n<meta property=\"article:modified_time\" content=\"2018-11-26T18:34:03+00:00\" \/>\n<meta property=\"og:image\" content=\"https:\/\/franciscanos.org.br\/noticias\/wp-content\/uploads\/2018\/10\/noite_041018.jpg\" \/>\n\t<meta property=\"og:image:width\" content=\"273\" \/>\n\t<meta property=\"og:image:height\" content=\"181\" \/>\n\t<meta property=\"og:image:type\" content=\"image\/jpeg\" \/>\n<meta name=\"author\" content=\"admin\" \/>\n<meta name=\"twitter:card\" content=\"summary_large_image\" \/>\n<meta name=\"twitter:label1\" content=\"Escrito por\" \/>\n\t<meta name=\"twitter:data1\" content=\"admin\" \/>\n\t<meta name=\"twitter:label2\" content=\"Est. tempo de leitura\" \/>\n\t<meta name=\"twitter:data2\" content=\"6 minutos\" \/>\n<script type=\"application\/ld+json\" class=\"yoast-schema-graph\">{\"@context\":\"https:\/\/schema.org\",\"@graph\":[{\"@type\":\"WebSite\",\"@id\":\"https:\/\/franciscanos.org.br\/noticias\/#website\",\"url\":\"https:\/\/franciscanos.org.br\/noticias\/\",\"name\":\"Not\u00edcias - Franciscanos\",\"description\":\"Prov\u00edncia Franciscana da Imaculada Concei\u00e7\u00e3o do Brasil - Ordem dos Frades Menores - OFM\",\"potentialAction\":[{\"@type\":\"SearchAction\",\"target\":{\"@type\":\"EntryPoint\",\"urlTemplate\":\"https:\/\/franciscanos.org.br\/noticias\/?s={search_term_string}\"},\"query-input\":\"required name=search_term_string\"}],\"inLanguage\":\"pt-BR\"},{\"@type\":\"ImageObject\",\"inLanguage\":\"pt-BR\",\"@id\":\"https:\/\/franciscanos.org.br\/noticias\/precisamos-de-relacoes-fraternas-pede-frei-fidencio.html#primaryimage\",\"url\":\"https:\/\/franciscanos.org.br\/noticias\/wp-content\/uploads\/2018\/10\/noite_041018.jpg\",\"contentUrl\":\"https:\/\/franciscanos.org.br\/noticias\/wp-content\/uploads\/2018\/10\/noite_041018.jpg\",\"width\":273,\"height\":181},{\"@type\":\"WebPage\",\"@id\":\"https:\/\/franciscanos.org.br\/noticias\/precisamos-de-relacoes-fraternas-pede-frei-fidencio.html#webpage\",\"url\":\"https:\/\/franciscanos.org.br\/noticias\/precisamos-de-relacoes-fraternas-pede-frei-fidencio.html\",\"name\":\"Frei Fid\u00eancio: \\\"Precisamos de rela\u00e7\u00f5es fraternas\\\" - Not\u00edcias - Franciscanos\",\"isPartOf\":{\"@id\":\"https:\/\/franciscanos.org.br\/noticias\/#website\"},\"primaryImageOfPage\":{\"@id\":\"https:\/\/franciscanos.org.br\/noticias\/precisamos-de-relacoes-fraternas-pede-frei-fidencio.html#primaryimage\"},\"datePublished\":\"2018-10-05T01:33:29+00:00\",\"dateModified\":\"2018-11-26T18:34:03+00:00\",\"author\":{\"@id\":\"https:\/\/franciscanos.org.br\/noticias\/#\/schema\/person\/b38fbf43118f02820bd932f2e4b14ad3\"},\"breadcrumb\":{\"@id\":\"https:\/\/franciscanos.org.br\/noticias\/precisamos-de-relacoes-fraternas-pede-frei-fidencio.html#breadcrumb\"},\"inLanguage\":\"pt-BR\",\"potentialAction\":[{\"@type\":\"ReadAction\",\"target\":[\"https:\/\/franciscanos.org.br\/noticias\/precisamos-de-relacoes-fraternas-pede-frei-fidencio.html\"]}]},{\"@type\":\"BreadcrumbList\",\"@id\":\"https:\/\/franciscanos.org.br\/noticias\/precisamos-de-relacoes-fraternas-pede-frei-fidencio.html#breadcrumb\",\"itemListElement\":[{\"@type\":\"ListItem\",\"position\":1,\"name\":\"Home\",\"item\":\"https:\/\/franciscanos.org.br\/noticias\"},{\"@type\":\"ListItem\",\"position\":2,\"name\":\"Frei Fid\u00eancio: &#8220;Precisamos de rela\u00e7\u00f5es fraternas&#8221;\"}]},{\"@type\":\"Person\",\"@id\":\"https:\/\/franciscanos.org.br\/noticias\/#\/schema\/person\/b38fbf43118f02820bd932f2e4b14ad3\",\"name\":\"admin\",\"image\":{\"@type\":\"ImageObject\",\"inLanguage\":\"pt-BR\",\"@id\":\"https:\/\/franciscanos.org.br\/noticias\/#\/schema\/person\/image\/\",\"url\":\"https:\/\/secure.gravatar.com\/avatar\/e8495742d34d0ba6448ea1c628263b3e?s=96&d=mm&r=g\",\"contentUrl\":\"https:\/\/secure.gravatar.com\/avatar\/e8495742d34d0ba6448ea1c628263b3e?s=96&d=mm&r=g\",\"caption\":\"admin\"},\"url\":\"https:\/\/franciscanos.org.br\/noticias\/author\/admin\"}]}<\/script>\n<!-- \/ Yoast SEO plugin. -->","yoast_head_json":{"title":"Frei Fid\u00eancio: \"Precisamos de rela\u00e7\u00f5es fraternas\" - Not\u00edcias - Franciscanos","robots":{"index":"index","follow":"follow","max-snippet":"max-snippet:-1","max-image-preview":"max-image-preview:large","max-video-preview":"max-video-preview:-1"},"canonical":"https:\/\/franciscanos.org.br\/noticias\/precisamos-de-relacoes-fraternas-pede-frei-fidencio.html","og_locale":"pt_BR","og_type":"article","og_title":"Frei Fid\u00eancio: \"Precisamos de rela\u00e7\u00f5es fraternas\" - Not\u00edcias - Franciscanos","og_description":"Festa de S. Francisco","og_url":"https:\/\/franciscanos.org.br\/noticias\/precisamos-de-relacoes-fraternas-pede-frei-fidencio.html","og_site_name":"Not\u00edcias - Franciscanos","article_published_time":"2018-10-05T01:33:29+00:00","article_modified_time":"2018-11-26T18:34:03+00:00","og_image":[{"width":273,"height":181,"url":"https:\/\/franciscanos.org.br\/noticias\/wp-content\/uploads\/2018\/10\/noite_041018.jpg","type":"image\/jpeg"}],"author":"admin","twitter_card":"summary_large_image","twitter_misc":{"Escrito por":"admin","Est. tempo de leitura":"6 minutos"},"schema":{"@context":"https:\/\/schema.org","@graph":[{"@type":"WebSite","@id":"https:\/\/franciscanos.org.br\/noticias\/#website","url":"https:\/\/franciscanos.org.br\/noticias\/","name":"Not\u00edcias - Franciscanos","description":"Prov\u00edncia Franciscana da Imaculada Concei\u00e7\u00e3o do Brasil - Ordem dos Frades Menores - OFM","potentialAction":[{"@type":"SearchAction","target":{"@type":"EntryPoint","urlTemplate":"https:\/\/franciscanos.org.br\/noticias\/?s={search_term_string}"},"query-input":"required name=search_term_string"}],"inLanguage":"pt-BR"},{"@type":"ImageObject","inLanguage":"pt-BR","@id":"https:\/\/franciscanos.org.br\/noticias\/precisamos-de-relacoes-fraternas-pede-frei-fidencio.html#primaryimage","url":"https:\/\/franciscanos.org.br\/noticias\/wp-content\/uploads\/2018\/10\/noite_041018.jpg","contentUrl":"https:\/\/franciscanos.org.br\/noticias\/wp-content\/uploads\/2018\/10\/noite_041018.jpg","width":273,"height":181},{"@type":"WebPage","@id":"https:\/\/franciscanos.org.br\/noticias\/precisamos-de-relacoes-fraternas-pede-frei-fidencio.html#webpage","url":"https:\/\/franciscanos.org.br\/noticias\/precisamos-de-relacoes-fraternas-pede-frei-fidencio.html","name":"Frei Fid\u00eancio: \"Precisamos de rela\u00e7\u00f5es fraternas\" - Not\u00edcias - Franciscanos","isPartOf":{"@id":"https:\/\/franciscanos.org.br\/noticias\/#website"},"primaryImageOfPage":{"@id":"https:\/\/franciscanos.org.br\/noticias\/precisamos-de-relacoes-fraternas-pede-frei-fidencio.html#primaryimage"},"datePublished":"2018-10-05T01:33:29+00:00","dateModified":"2018-11-26T18:34:03+00:00","author":{"@id":"https:\/\/franciscanos.org.br\/noticias\/#\/schema\/person\/b38fbf43118f02820bd932f2e4b14ad3"},"breadcrumb":{"@id":"https:\/\/franciscanos.org.br\/noticias\/precisamos-de-relacoes-fraternas-pede-frei-fidencio.html#breadcrumb"},"inLanguage":"pt-BR","potentialAction":[{"@type":"ReadAction","target":["https:\/\/franciscanos.org.br\/noticias\/precisamos-de-relacoes-fraternas-pede-frei-fidencio.html"]}]},{"@type":"BreadcrumbList","@id":"https:\/\/franciscanos.org.br\/noticias\/precisamos-de-relacoes-fraternas-pede-frei-fidencio.html#breadcrumb","itemListElement":[{"@type":"ListItem","position":1,"name":"Home","item":"https:\/\/franciscanos.org.br\/noticias"},{"@type":"ListItem","position":2,"name":"Frei Fid\u00eancio: &#8220;Precisamos de rela\u00e7\u00f5es fraternas&#8221;"}]},{"@type":"Person","@id":"https:\/\/franciscanos.org.br\/noticias\/#\/schema\/person\/b38fbf43118f02820bd932f2e4b14ad3","name":"admin","image":{"@type":"ImageObject","inLanguage":"pt-BR","@id":"https:\/\/franciscanos.org.br\/noticias\/#\/schema\/person\/image\/","url":"https:\/\/secure.gravatar.com\/avatar\/e8495742d34d0ba6448ea1c628263b3e?s=96&d=mm&r=g","contentUrl":"https:\/\/secure.gravatar.com\/avatar\/e8495742d34d0ba6448ea1c628263b3e?s=96&d=mm&r=g","caption":"admin"},"url":"https:\/\/franciscanos.org.br\/noticias\/author\/admin"}]}},"_links":{"self":[{"href":"https:\/\/franciscanos.org.br\/noticias\/wp-json\/wp\/v2\/posts\/173682"}],"collection":[{"href":"https:\/\/franciscanos.org.br\/noticias\/wp-json\/wp\/v2\/posts"}],"about":[{"href":"https:\/\/franciscanos.org.br\/noticias\/wp-json\/wp\/v2\/types\/post"}],"author":[{"embeddable":true,"href":"https:\/\/franciscanos.org.br\/noticias\/wp-json\/wp\/v2\/users\/1"}],"replies":[{"embeddable":true,"href":"https:\/\/franciscanos.org.br\/noticias\/wp-json\/wp\/v2\/comments?post=173682"}],"version-history":[{"count":0,"href":"https:\/\/franciscanos.org.br\/noticias\/wp-json\/wp\/v2\/posts\/173682\/revisions"}],"wp:featuredmedia":[{"embeddable":true,"href":"https:\/\/franciscanos.org.br\/noticias\/wp-json\/wp\/v2\/media\/191508"}],"wp:attachment":[{"href":"https:\/\/franciscanos.org.br\/noticias\/wp-json\/wp\/v2\/media?parent=173682"}],"wp:term":[{"taxonomy":"category","embeddable":true,"href":"https:\/\/franciscanos.org.br\/noticias\/wp-json\/wp\/v2\/categories?post=173682"},{"taxonomy":"post_tag","embeddable":true,"href":"https:\/\/franciscanos.org.br\/noticias\/wp-json\/wp\/v2\/tags?post=173682"}],"curies":[{"name":"wp","href":"https:\/\/api.w.org\/{rel}","templated":true}]}}