{"id":173623,"date":"2018-10-04T16:10:37","date_gmt":"2018-10-04T19:10:37","guid":{"rendered":"http:\/\/franciscanos.org.br\/?p=173623"},"modified":"2020-06-06T18:36:58","modified_gmt":"2020-06-06T21:36:58","slug":"frei-valdecir-pede-amor-e-cuidado-pela-criacao","status":"publish","type":"post","link":"https:\/\/franciscanos.org.br\/noticias\/frei-valdecir-pede-amor-e-cuidado-pela-criacao.html","title":{"rendered":"Frei Valdecir pede amor e cuidado pela cria\u00e7\u00e3o"},"content":{"rendered":"<p><img loading=\"lazy\" class=\"aligncenter\" src=\"http:\/\/franciscanos.org.br\/wp-content\/uploads\/2018\/10\/vila_041018_1.jpg\" alt=\"vila_041018_1\" width=\"830\" height=\"464\" \/><\/p>\n<p><strong>Moacir Beggo<\/strong><\/p>\n<p><strong>\u00a0S\u00e3o Paulo (SP)<\/strong> &#8211;\u00a0 O dia de S\u00e3o Francisco de Assis, em S\u00e3o Paulo, come\u00e7ou nublado, at\u00e9 com uma garoa fina em alguns pontos da capital. Mas o irm\u00e3o Sol n\u00e3o abandonou o seu maior poeta e, antes do meio-dia, apareceu para homenage\u00e1-lo. Pelo menos na Vila Clementino, o Padroeiro da Par\u00f3quia S\u00e3o Francisco de Assis teve um dia festivo \u00e0 sua altura.<\/p>\n<p>As Missas come\u00e7aram \u00e0s 7 horas. Do lado externo da Matriz, fi\u00e9is e admiradores do Santo de Assis come\u00e7aram a chegar com seus animais para a b\u00ean\u00e7\u00e3o. N\u00e3o demorou muito para se formarem filas. Assim foi at\u00e9 \u00e0 tarde.<\/p>\n<p>O p\u00e1roco Frei Valdecir Schwambach presidiu a Celebra\u00e7\u00e3o Eucar\u00edstica do meio-dia com a igreja lotada. Entre os fi\u00e9is estavam os representantes das entidades de pessoas com defici\u00eancia visual, Lothar Bazanella, rela\u00e7\u00f5es p\u00fablicas da ONG Cadevi (Centro de Apoio ao Deficiente Visual); Marcelo Panico, da Funda\u00e7\u00e3o Dorina Nowil; e Marlene Lidinar Gianoto, da Pastoral das Pessoas com Defici\u00eancias, que vieram refor\u00e7ar o lan\u00e7amento da Campanha &#8220;C\u00e3ozinho Educado&#8221; nesta regi\u00e3o, onde circulam mais dois mil deficientes visuais somente da Funda\u00e7\u00e3o Dorina.<\/p>\n<p>E foi nesse clima de respeito e cuidado pela cria\u00e7\u00e3o que Frei Valdecir fez a sua homilia recordando o tema da festa deste ano: &#8220;Em Cristo n\u00f3s somos todos irm\u00e3os&#8221;. Segundo o p\u00e1roco, o ser humano n\u00e3o vive sozinho. &#8220;A nossa vida s\u00f3 \u00e9 completa quando n\u00f3s n\u00e3o estamos sozinhos, quando ela \u00e9 como um mosaico composto por outras pessoas, sejam elas familiares, amigas, amigos, sejam elas essa extens\u00e3o da cria\u00e7\u00e3o de Deus aqui representada pelo cachorrinho, pelo papagaio, pelo gatinho. Enfim, todos eles criados pela bondade de Deus&#8221;, disse.<\/p>\n<p><img loading=\"lazy\" class=\"aligncenter\" src=\"http:\/\/franciscanos.org.br\/wp-content\/uploads\/2018\/10\/vila_041018.jpg\" alt=\"vila_041018\" width=\"830\" height=\"434\" \/><\/p>\n<p>Frei Valdecir disse tamb\u00e9m que o ser humano tem o desejo de perpetuar a sua hist\u00f3ria. &#8220;E a gente sabe que n\u00f3s nos eternizaremos neste mundo \u00e0 medida que soubermos amar. O cuidado que n\u00f3s temos para com as pessoas, com a cria\u00e7\u00e3o de Deus \u00e9 um grande come\u00e7o. \u00c9 a grande possibilidade que Deus nos deixou para come\u00e7armos a construir a nossa eternidade. Pode crer! Cada toque de amor que voc\u00ea d\u00e1 a algu\u00e9m, a qualquer criatura de Deus, seja ela qual for, voc\u00ea est\u00e1 construindo a sua eternidade. Voc\u00ea est\u00e1 tocando tamb\u00e9m a sua eternidade&#8221;, disse.<\/p>\n<p>&#8220;Que n\u00e3o faz essa experi\u00eancia, n\u00e3o vai saber o que \u00e9 eterno. Essa pessoa se afasta de Deus. Inferno \u00e9 a dist\u00e2ncia de Deus. As trevas s\u00e3o a dist\u00e2ncia da luz, que \u00e9 Deus. N\u00e3o \u00e9 Deus que se afasta de n\u00f3s, mas s\u00e3o as nossas escolhas que nos distanciam da luz e do seu amor&#8221;, continuou.<\/p>\n<p>Esta celebra\u00e7\u00e3o \u00e9 carregada de s\u00edmbolos, de seres amados, disse o celebrante. &#8220;S\u00e3o s\u00edmbolos desse amor que extravasa do nosso cora\u00e7\u00e3o, do nosso corpo,\u00a0 dos nossos olhos, das nossas m\u00e3os. \u00c9 isso que S\u00e3o Francisco quer ensinar para n\u00f3s quando ele dizia que &#8216;o amor n\u00e3o \u00e9 amado&#8217;. Primeiramente, ele dizia que n\u00f3s nunca amamos de modo suficiente o Cristo, que amou e se confunde com o pr\u00f3prio amor por cada um de n\u00f3s. O quanto aqu\u00e9m estamos de amar todos os amores, todas as criaturas, tudo aquilo que foi deixado por Deus!&#8221;, acrescentou.<\/p>\n<p><img loading=\"lazy\" class=\"aligncenter\" src=\"http:\/\/franciscanos.org.br\/wp-content\/uploads\/2018\/10\/vila_041018_6.jpg\" alt=\"vila_041018_6\" width=\"830\" height=\"449\" \/><\/p>\n<p>S\u00e3o Francisco diz que &#8216;somos todos irm\u00e3os em Cristo&#8217;, por isso precisamos cuidar da vida do outro, cuidar da vida das criaturas. Assim como prop\u00f5e hoje a Campanha do &#8216;C\u00e3ozinho Educado'&#8221;, lembrou o frade. &#8220;N\u00f3s queremos cuidar da cria\u00e7\u00e3o, cuidar daquilo que \u00e9 nosso como um todo&#8221;, insistiu. Citando o Papa Francisco, disse que n\u00f3s n\u00e3o temos uma miss\u00e3o, mas a nossa vida \u00e9 uma miss\u00e3o. &#8220;Interessante isso! N\u00e3o \u00e9 que nos \u00e9 dada uma miss\u00e3o, mas o fato de existirmos j\u00e1 \u00e9 uma miss\u00e3o. Viver j\u00e1 \u00e9 uma miss\u00e3o. Amar \u00e9 uma miss\u00e3o. Quer dizer, cada um de n\u00f3s somos uma miss\u00e3o em carne e osso&#8221;, explicou.<\/p>\n<p>Frei Valdecir, fazendo refer\u00eancia \u00e0 primeira Leitura do livro do Eclesi\u00e1stico, que fala de um homem que passa a vida reconstruindo a casa, deixou esta mensagem: &#8220;Precisamos ser reconstrutores da casa&#8221;. &#8220;Criamos desgastes na nossa f\u00e9, nas nossas rela\u00e7\u00f5es, na vida emocional, na nossa vida espiritual, na nossa vida de pai, de filho, de av\u00f4, de av\u00f3, enfim, desgastes at\u00e9 dentro de nossa vida de comunidade. S\u00e3o Francisco, no come\u00e7o de sua vida, ouviu a voz de Deus que disse: &#8216;Vai e reconstr\u00f3i a minha igreja&#8221;. Ele pensou que Deus estava falando do templo e passou a reconstruir igrejas. Mas depois ele intuiu que sua voca\u00e7\u00e3o era reconstruir a f\u00e9, reconstruir o cuidado, reconstruir a espiritualidade, reconstruir o interior da vida da Igreja&#8221;, contou. \u201cN\u00f3s carregamos essa voca\u00e7\u00e3o de amar e cuidar\u201d, completou.<\/p>\n<p><img loading=\"lazy\" class=\"aligncenter\" src=\"http:\/\/franciscanos.org.br\/wp-content\/uploads\/2018\/10\/vila_041018_2.jpg\" alt=\"vila_041018_2\" width=\"830\" height=\"445\" \/><\/p>\n<p><strong>\u201cC\u00c3OZINHO EDUCADO\u201d<\/strong><\/p>\n<p>Marcelo Panico tem as melhores perspectivas poss\u00edveis sobre a campanha. &#8220;Mas ela precisa ser valorizada constantemente porque, infelizmente, algumas pessoas que t\u00eam pets n\u00e3o recolhem as fezes de seus animais. Isso n\u00e3o \u00e9 uma atitude cidad\u00e3, principalmente para as pessoas que n\u00e3o enxergam, n\u00e3o sabem identificar o que est\u00e1 no ch\u00e3o e passam situa\u00e7\u00f5es desagrad\u00e1veis por conta da irresponsabilidade dos donos dos c\u00e3es. Pedimos para que esta campanha seja sempre reiterada, divulgada, para que as pessoas que gostam dos animais tamb\u00e9m fa\u00e7am a sua parte cidad\u00e3&#8221;, destacou Marcelo, explicando que a Funda\u00e7\u00e3o Dorina Nowill para Cegos \u00e9 uma organiza\u00e7\u00e3o sem fins lucrativos e de car\u00e1ter filantr\u00f3pico. Localizada na Rua Doutor Diogo de Faria, 558, na Vila Clementino, a entidade est\u00e1 completando 72 anos de funda\u00e7\u00e3o.<\/p>\n<p>Frei Valdecir agradeceu a presen\u00e7a de todos na Celebra\u00e7\u00e3o, falou da import\u00e2ncia da campanha e desejou bons resultados.<\/p>\n<p><img loading=\"lazy\" class=\"alignleft wp-image-173629\" src=\"http:\/\/franciscanos.org.br\/wp-content\/uploads\/2018\/10\/vila_041018_3.jpg\" alt=\"vila_041018_3\" width=\"178\" height=\"192\" \/><strong>C\u00c3EZINHOS SE SENTEM EM CASA<\/strong><\/p>\n<p>Os &#8220;peludos&#8221;, como brincou Frei Valdecir, tomam conta da festa de S\u00e3o Francisco. Sentem-se em casa. Neste ano, o quarteto &#8211; Laila, Mel, Rafaela, Cindy Crawford &#8211; roubou a cena. As pequenas ganharam roupas que lembravam o h\u00e1bito franciscano para estarem a car\u00e1ter na festa. &#8220;Laila \u00e9 a grandona. Eu a adotei em Jacare\u00ed em janeiro. Ganhei as outras duas e uma peguei na ABEAC (Associa\u00e7\u00e3o Bem-Estar Animal Amigos da C\u00e9lia). Sempre quis vir a esta igreja, mas n\u00e3o conseguia. Desta vez, eu consegui e pedi para minha amiga, que \u00e9 uma artista, fazer as roupinhas. Amo os animais e S\u00e3o Francisco s\u00f3 faz crescer este amor ainda mais por eles&#8221;, disse Francislene Condini, lamentando que n\u00e3o possa adotar mais animais. Ela veio acompanhada para a festa com Nilton, sua m\u00e3e Maria Ant\u00f4nia e Stephanie.<\/p>\n<p>&nbsp;<\/p>\n<p><img loading=\"lazy\" class=\"alignright wp-image-173630\" src=\"http:\/\/franciscanos.org.br\/wp-content\/uploads\/2018\/10\/vila_041018_4.jpg\" alt=\"vila_041018_4\" width=\"150\" height=\"163\" \/>Aparecida Branco \u00e9 uma devota de S\u00e3o Francisco. &#8220;Sempre vim aqui, mesmo quando n\u00e3o tinha ainda meus cachorrinhos. Agora venho com eles e fico \u00e0 vontade na igreja. Esse respeito pelos animais precisa ser divulgado para que n\u00e3o haja mais tanta maldade com eles&#8221;, disse.<\/p>\n<p>&nbsp;<\/p>\n<p><img loading=\"lazy\" class=\"alignleft wp-image-173631 \" src=\"http:\/\/franciscanos.org.br\/wp-content\/uploads\/2018\/10\/vila_041018_5.jpg\" alt=\"vila_041018_5\" width=\"161\" height=\"175\" \/>Laurita Silva de Jesus tamb\u00e9m \u00e9 devota do Santo de Assis e n\u00e3o p\u00f4de traz\u00ea-los. Trouxe um \u00e1lbum com fotos de seus c\u00e3es e dos animais de sua amiga. &#8220;Uma vez meu c\u00e3ozinho fugiu e eu fiquei desesperada. Rezei muito para S\u00e3o Francisco e, quando menos esperava, ele voltou&#8221;. N\u00e3o h\u00e1 como n\u00e3o gostar deles, diz Laurita. &#8220;S\u00e3o nossos melhores amigos. Amam-nos incondicionalmente&#8221;, completou.<\/p>\n<p>&nbsp;<\/p>\n","protected":false},"excerpt":{"rendered":"<p>Festa na Par\u00f3quia S\u00e3o Francisco de Assis<\/p>\n","protected":false},"author":1,"featured_media":191511,"comment_status":"open","ping_status":"open","sticky":false,"template":"","format":"standard","meta":[],"categories":[1],"tags":[271],"acf":[],"yoast_head":"<!-- This site is optimized with the Yoast SEO plugin v19.2 - https:\/\/yoast.com\/wordpress\/plugins\/seo\/ -->\n<title>Frei Valdecir pede amor e cuidado pela cria\u00e7\u00e3o - Not\u00edcias - Franciscanos<\/title>\n<meta name=\"robots\" content=\"index, follow, max-snippet:-1, max-image-preview:large, max-video-preview:-1\" \/>\n<link rel=\"canonical\" href=\"https:\/\/franciscanos.org.br\/noticias\/frei-valdecir-pede-amor-e-cuidado-pela-criacao.html\" \/>\n<meta property=\"og:locale\" content=\"pt_BR\" \/>\n<meta property=\"og:type\" content=\"article\" \/>\n<meta property=\"og:title\" content=\"Frei Valdecir pede amor e cuidado pela cria\u00e7\u00e3o - Not\u00edcias - Franciscanos\" \/>\n<meta property=\"og:description\" content=\"Festa na Par\u00f3quia S\u00e3o Francisco de Assis\" \/>\n<meta property=\"og:url\" content=\"https:\/\/franciscanos.org.br\/noticias\/frei-valdecir-pede-amor-e-cuidado-pela-criacao.html\" \/>\n<meta property=\"og:site_name\" content=\"Not\u00edcias - Franciscanos\" \/>\n<meta property=\"article:published_time\" content=\"2018-10-04T19:10:37+00:00\" \/>\n<meta property=\"article:modified_time\" content=\"2020-06-06T21:36:58+00:00\" \/>\n<meta property=\"og:image\" content=\"https:\/\/franciscanos.org.br\/noticias\/wp-content\/uploads\/2018\/10\/vila_041018_1.jpg\" \/>\n\t<meta property=\"og:image:width\" content=\"273\" \/>\n\t<meta property=\"og:image:height\" content=\"181\" \/>\n\t<meta property=\"og:image:type\" content=\"image\/jpeg\" \/>\n<meta name=\"author\" content=\"admin\" \/>\n<meta name=\"twitter:card\" content=\"summary_large_image\" \/>\n<meta name=\"twitter:label1\" content=\"Escrito por\" \/>\n\t<meta name=\"twitter:data1\" content=\"admin\" \/>\n\t<meta name=\"twitter:label2\" content=\"Est. tempo de leitura\" \/>\n\t<meta name=\"twitter:data2\" content=\"6 minutos\" \/>\n<script type=\"application\/ld+json\" class=\"yoast-schema-graph\">{\"@context\":\"https:\/\/schema.org\",\"@graph\":[{\"@type\":\"WebSite\",\"@id\":\"https:\/\/franciscanos.org.br\/noticias\/#website\",\"url\":\"https:\/\/franciscanos.org.br\/noticias\/\",\"name\":\"Not\u00edcias - Franciscanos\",\"description\":\"Prov\u00edncia Franciscana da Imaculada Concei\u00e7\u00e3o do Brasil - Ordem dos Frades Menores - OFM\",\"potentialAction\":[{\"@type\":\"SearchAction\",\"target\":{\"@type\":\"EntryPoint\",\"urlTemplate\":\"https:\/\/franciscanos.org.br\/noticias\/?s={search_term_string}\"},\"query-input\":\"required name=search_term_string\"}],\"inLanguage\":\"pt-BR\"},{\"@type\":\"ImageObject\",\"inLanguage\":\"pt-BR\",\"@id\":\"https:\/\/franciscanos.org.br\/noticias\/frei-valdecir-pede-amor-e-cuidado-pela-criacao.html#primaryimage\",\"url\":\"https:\/\/franciscanos.org.br\/noticias\/wp-content\/uploads\/2018\/10\/vila_041018_1.jpg\",\"contentUrl\":\"https:\/\/franciscanos.org.br\/noticias\/wp-content\/uploads\/2018\/10\/vila_041018_1.jpg\",\"width\":273,\"height\":181},{\"@type\":\"WebPage\",\"@id\":\"https:\/\/franciscanos.org.br\/noticias\/frei-valdecir-pede-amor-e-cuidado-pela-criacao.html#webpage\",\"url\":\"https:\/\/franciscanos.org.br\/noticias\/frei-valdecir-pede-amor-e-cuidado-pela-criacao.html\",\"name\":\"Frei Valdecir pede amor e cuidado pela cria\u00e7\u00e3o - Not\u00edcias - Franciscanos\",\"isPartOf\":{\"@id\":\"https:\/\/franciscanos.org.br\/noticias\/#website\"},\"primaryImageOfPage\":{\"@id\":\"https:\/\/franciscanos.org.br\/noticias\/frei-valdecir-pede-amor-e-cuidado-pela-criacao.html#primaryimage\"},\"datePublished\":\"2018-10-04T19:10:37+00:00\",\"dateModified\":\"2020-06-06T21:36:58+00:00\",\"author\":{\"@id\":\"https:\/\/franciscanos.org.br\/noticias\/#\/schema\/person\/b38fbf43118f02820bd932f2e4b14ad3\"},\"breadcrumb\":{\"@id\":\"https:\/\/franciscanos.org.br\/noticias\/frei-valdecir-pede-amor-e-cuidado-pela-criacao.html#breadcrumb\"},\"inLanguage\":\"pt-BR\",\"potentialAction\":[{\"@type\":\"ReadAction\",\"target\":[\"https:\/\/franciscanos.org.br\/noticias\/frei-valdecir-pede-amor-e-cuidado-pela-criacao.html\"]}]},{\"@type\":\"BreadcrumbList\",\"@id\":\"https:\/\/franciscanos.org.br\/noticias\/frei-valdecir-pede-amor-e-cuidado-pela-criacao.html#breadcrumb\",\"itemListElement\":[{\"@type\":\"ListItem\",\"position\":1,\"name\":\"Home\",\"item\":\"https:\/\/franciscanos.org.br\/noticias\"},{\"@type\":\"ListItem\",\"position\":2,\"name\":\"Frei Valdecir pede amor e cuidado pela cria\u00e7\u00e3o\"}]},{\"@type\":\"Person\",\"@id\":\"https:\/\/franciscanos.org.br\/noticias\/#\/schema\/person\/b38fbf43118f02820bd932f2e4b14ad3\",\"name\":\"admin\",\"image\":{\"@type\":\"ImageObject\",\"inLanguage\":\"pt-BR\",\"@id\":\"https:\/\/franciscanos.org.br\/noticias\/#\/schema\/person\/image\/\",\"url\":\"https:\/\/secure.gravatar.com\/avatar\/e8495742d34d0ba6448ea1c628263b3e?s=96&d=mm&r=g\",\"contentUrl\":\"https:\/\/secure.gravatar.com\/avatar\/e8495742d34d0ba6448ea1c628263b3e?s=96&d=mm&r=g\",\"caption\":\"admin\"},\"url\":\"https:\/\/franciscanos.org.br\/noticias\/author\/admin\"}]}<\/script>\n<!-- \/ Yoast SEO plugin. -->","yoast_head_json":{"title":"Frei Valdecir pede amor e cuidado pela cria\u00e7\u00e3o - Not\u00edcias - Franciscanos","robots":{"index":"index","follow":"follow","max-snippet":"max-snippet:-1","max-image-preview":"max-image-preview:large","max-video-preview":"max-video-preview:-1"},"canonical":"https:\/\/franciscanos.org.br\/noticias\/frei-valdecir-pede-amor-e-cuidado-pela-criacao.html","og_locale":"pt_BR","og_type":"article","og_title":"Frei Valdecir pede amor e cuidado pela cria\u00e7\u00e3o - Not\u00edcias - Franciscanos","og_description":"Festa na Par\u00f3quia S\u00e3o Francisco de Assis","og_url":"https:\/\/franciscanos.org.br\/noticias\/frei-valdecir-pede-amor-e-cuidado-pela-criacao.html","og_site_name":"Not\u00edcias - Franciscanos","article_published_time":"2018-10-04T19:10:37+00:00","article_modified_time":"2020-06-06T21:36:58+00:00","og_image":[{"width":273,"height":181,"url":"https:\/\/franciscanos.org.br\/noticias\/wp-content\/uploads\/2018\/10\/vila_041018_1.jpg","type":"image\/jpeg"}],"author":"admin","twitter_card":"summary_large_image","twitter_misc":{"Escrito por":"admin","Est. tempo de leitura":"6 minutos"},"schema":{"@context":"https:\/\/schema.org","@graph":[{"@type":"WebSite","@id":"https:\/\/franciscanos.org.br\/noticias\/#website","url":"https:\/\/franciscanos.org.br\/noticias\/","name":"Not\u00edcias - Franciscanos","description":"Prov\u00edncia Franciscana da Imaculada Concei\u00e7\u00e3o do Brasil - Ordem dos Frades Menores - OFM","potentialAction":[{"@type":"SearchAction","target":{"@type":"EntryPoint","urlTemplate":"https:\/\/franciscanos.org.br\/noticias\/?s={search_term_string}"},"query-input":"required name=search_term_string"}],"inLanguage":"pt-BR"},{"@type":"ImageObject","inLanguage":"pt-BR","@id":"https:\/\/franciscanos.org.br\/noticias\/frei-valdecir-pede-amor-e-cuidado-pela-criacao.html#primaryimage","url":"https:\/\/franciscanos.org.br\/noticias\/wp-content\/uploads\/2018\/10\/vila_041018_1.jpg","contentUrl":"https:\/\/franciscanos.org.br\/noticias\/wp-content\/uploads\/2018\/10\/vila_041018_1.jpg","width":273,"height":181},{"@type":"WebPage","@id":"https:\/\/franciscanos.org.br\/noticias\/frei-valdecir-pede-amor-e-cuidado-pela-criacao.html#webpage","url":"https:\/\/franciscanos.org.br\/noticias\/frei-valdecir-pede-amor-e-cuidado-pela-criacao.html","name":"Frei Valdecir pede amor e cuidado pela cria\u00e7\u00e3o - Not\u00edcias - Franciscanos","isPartOf":{"@id":"https:\/\/franciscanos.org.br\/noticias\/#website"},"primaryImageOfPage":{"@id":"https:\/\/franciscanos.org.br\/noticias\/frei-valdecir-pede-amor-e-cuidado-pela-criacao.html#primaryimage"},"datePublished":"2018-10-04T19:10:37+00:00","dateModified":"2020-06-06T21:36:58+00:00","author":{"@id":"https:\/\/franciscanos.org.br\/noticias\/#\/schema\/person\/b38fbf43118f02820bd932f2e4b14ad3"},"breadcrumb":{"@id":"https:\/\/franciscanos.org.br\/noticias\/frei-valdecir-pede-amor-e-cuidado-pela-criacao.html#breadcrumb"},"inLanguage":"pt-BR","potentialAction":[{"@type":"ReadAction","target":["https:\/\/franciscanos.org.br\/noticias\/frei-valdecir-pede-amor-e-cuidado-pela-criacao.html"]}]},{"@type":"BreadcrumbList","@id":"https:\/\/franciscanos.org.br\/noticias\/frei-valdecir-pede-amor-e-cuidado-pela-criacao.html#breadcrumb","itemListElement":[{"@type":"ListItem","position":1,"name":"Home","item":"https:\/\/franciscanos.org.br\/noticias"},{"@type":"ListItem","position":2,"name":"Frei Valdecir pede amor e cuidado pela cria\u00e7\u00e3o"}]},{"@type":"Person","@id":"https:\/\/franciscanos.org.br\/noticias\/#\/schema\/person\/b38fbf43118f02820bd932f2e4b14ad3","name":"admin","image":{"@type":"ImageObject","inLanguage":"pt-BR","@id":"https:\/\/franciscanos.org.br\/noticias\/#\/schema\/person\/image\/","url":"https:\/\/secure.gravatar.com\/avatar\/e8495742d34d0ba6448ea1c628263b3e?s=96&d=mm&r=g","contentUrl":"https:\/\/secure.gravatar.com\/avatar\/e8495742d34d0ba6448ea1c628263b3e?s=96&d=mm&r=g","caption":"admin"},"url":"https:\/\/franciscanos.org.br\/noticias\/author\/admin"}]}},"_links":{"self":[{"href":"https:\/\/franciscanos.org.br\/noticias\/wp-json\/wp\/v2\/posts\/173623"}],"collection":[{"href":"https:\/\/franciscanos.org.br\/noticias\/wp-json\/wp\/v2\/posts"}],"about":[{"href":"https:\/\/franciscanos.org.br\/noticias\/wp-json\/wp\/v2\/types\/post"}],"author":[{"embeddable":true,"href":"https:\/\/franciscanos.org.br\/noticias\/wp-json\/wp\/v2\/users\/1"}],"replies":[{"embeddable":true,"href":"https:\/\/franciscanos.org.br\/noticias\/wp-json\/wp\/v2\/comments?post=173623"}],"version-history":[{"count":1,"href":"https:\/\/franciscanos.org.br\/noticias\/wp-json\/wp\/v2\/posts\/173623\/revisions"}],"predecessor-version":[{"id":224759,"href":"https:\/\/franciscanos.org.br\/noticias\/wp-json\/wp\/v2\/posts\/173623\/revisions\/224759"}],"wp:featuredmedia":[{"embeddable":true,"href":"https:\/\/franciscanos.org.br\/noticias\/wp-json\/wp\/v2\/media\/191511"}],"wp:attachment":[{"href":"https:\/\/franciscanos.org.br\/noticias\/wp-json\/wp\/v2\/media?parent=173623"}],"wp:term":[{"taxonomy":"category","embeddable":true,"href":"https:\/\/franciscanos.org.br\/noticias\/wp-json\/wp\/v2\/categories?post=173623"},{"taxonomy":"post_tag","embeddable":true,"href":"https:\/\/franciscanos.org.br\/noticias\/wp-json\/wp\/v2\/tags?post=173623"}],"curies":[{"name":"wp","href":"https:\/\/api.w.org\/{rel}","templated":true}]}}