{"id":173561,"date":"2018-10-04T15:17:42","date_gmt":"2018-10-04T18:17:42","guid":{"rendered":"http:\/\/franciscanos.org.br\/?p=173561"},"modified":"2019-01-29T10:15:28","modified_gmt":"2019-01-29T12:15:28","slug":"como-francisco-e-preciso-sair-dos-muros-da-indiferenca","status":"publish","type":"post","link":"https:\/\/franciscanos.org.br\/noticias\/como-francisco-e-preciso-sair-dos-muros-da-indiferenca.html","title":{"rendered":"Como Francisco, \u00e9 preciso sair dos muros da indiferen\u00e7a"},"content":{"rendered":"<p><img loading=\"lazy\" class=\"aligncenter\" src=\"http:\/\/franciscanos.org.br\/wp-content\/uploads\/2018\/10\/largo_041018-830.jpg\" alt=\"largo_041018 830\" width=\"830\" height=\"400\" \/><strong>\u00c9rika Augusto<\/strong><\/p>\n<p><strong>S\u00e3o Paulo (SP) &#8211;<\/strong> Nesta quinta-feira, 4\/10, a Igreja celebra a mem\u00f3ria de S\u00e3o Francisco. No Convento e Santu\u00e1rio a ele dedicados, localizado no centro da capital paulista, o clima era de festa desde a noite de ontem, quando foi celebrado o Tr\u00e2nsito do Ser\u00e1fico Pai.<\/p>\n<div id=\"attachment_173565\" style=\"width: 310px\" class=\"wp-caption alignright\"><img aria-describedby=\"caption-attachment-173565\" loading=\"lazy\" class=\"wp-image-173565\" src=\"http:\/\/franciscanos.org.br\/wp-content\/uploads\/2018\/10\/largo_041018-2.jpg\" alt=\"Moleque: resgatado de um inc\u00eandio na Favela do Moinho\" width=\"300\" height=\"200\" \/><p id=\"caption-attachment-173565\" class=\"wp-caption-text\">Moleque: resgatado de um inc\u00eandio na Favela do Moinho<\/p><\/div>\n<p>A primeira missa foi celebrada \u00e0s 7h30. A cada hora e meia, at\u00e9 \u00e0s 18h, haver\u00e1 celebra\u00e7\u00e3o. Como \u00e9 tradi\u00e7\u00e3o, muitas pessoas trazem seus animais de estima\u00e7\u00e3o para serem aben\u00e7oados. A dona do Moleque, um enorme gato que estava confortavelmente deitado na entrada do Santu\u00e1rio, conta emocionada que ele foi resgatado de um dos primeiros inc\u00eandios ocorridos na Favela do Moinho, na regi\u00e3o central da cidade. Como esta, muitas hist\u00f3rias de animais resgatados. A ONG Clube dos Vira-latas, j\u00e1 parceira do Santu\u00e1rio, trouxe por mais um ano a feirinha de animais para doa\u00e7\u00e3o. Quatro c\u00e3es que esperam por um dono e por uma vida melhor, assim como o gato Moleque.<\/p>\n<p>A missa do meio dia foi presidida pelo reitor e p\u00e1roco do Santu\u00e1rio, Frei Alvaci Mendes da Luz. Em sua homilia, ele\u00a0afirmou que o Santo de Assis destaca-se n\u00e3o somente pelo cuidado com os animais e o meio ambiente, mas com a valoriza\u00e7\u00e3o do ser humano. \u201cFrancisco foi capaz de encontrar no leproso, no pobre, no esquecido de sua \u00e9poca, o rosto de Jesus Cristo. Talvez seja este Francisco que precisa ser ressuscitado para n\u00f3s. Vivemos numa sociedade em que n\u00e3o conseguimos mais enxergar o outro como pr\u00f3ximo. Cada vez mais nos isolamos, ao inv\u00e9s de criar pontes, criamos muros, barreiras, impedimentos. Francisco precisou sair para fora dos muros de Assis para abra\u00e7ar quem estava do lado de fora\u201d, explicou Frei Alvaci.<\/p>\n<p>Esta celebra\u00e7\u00e3o contou ainda com a presen\u00e7a da equipe do Zool\u00f3gico de S\u00e3o Paulo. Ao final da missa, Frei Alvaci aben\u00e7oou os animais trazidos pelos funcion\u00e1rios: uma cobra, um lagarto e um filhote de bem-te-vi. Eles tamb\u00e9m montaram um stand no lado externo, para conscientizar os visitantes sobre a import\u00e2ncia do cuidado com o meio-ambiente.<\/p>\n<p>Na missa das 13h30, Frei Vanilton Leme falou que os seguidores de Francisco devem assemelhar-se a ele no modo de vida, n\u00e3o deixando que o poder interfira na rela\u00e7\u00e3o com o pr\u00f3ximo. \u201cS\u00e3o Francisco, mais que um ideal, \u00e9 uma forma de vida. Este modo de ser s\u00f3 \u00e9 revelado na pr\u00e1tica. S\u00f3 seremos reconhecidos como crist\u00e3os e franciscanos quando, de fato, reproduzirmos os gestos daqueles que n\u00f3s seguimos: Jesus e S\u00e3o Francisco\u201d, aconselhou.<br \/>\n<big><\/big><\/p>\n<p><big><strong>Francisco: pioneiro no di\u00e1logo inter-religioso<\/strong><\/big><br \/>\n<img loading=\"lazy\" class=\"alignleft wp-image-173564\" src=\"http:\/\/franciscanos.org.br\/wp-content\/uploads\/2018\/10\/largo_041018-3.jpg\" alt=\"largo_041018 3\" width=\"355\" height=\"500\" \/><\/p>\n<p>Em 1219, Francisco de Assis causou surpresa ao ir at\u00e9 Damietta, no Egito, encontrar-se com o Sult\u00e3o al-Malik al-Kamil, na tentativa de buscar a paz e o di\u00e1logo e interromper a guerra entre mu\u00e7ulmanos e crist\u00e3os. A passagem n\u00e3o \u00e9 esquecida pelos seguidores do Santo de Assis. No Convento S\u00e3o Francisco, Eleni de Oy\u00e1, sacerdotisa do culto afro-brasileiro e devota de S\u00e3o Francisco, encontra a mesma porta aberta para o di\u00e1logo.<\/p>\n<p>Ela afirma que aqui encontra, al\u00e9m da acolhida, pessoas de outras religi\u00f5es que sentem-se bem em estar aqui. Al\u00e9m de frequentar a par\u00f3quia, ela ajuda o Servi\u00e7o Franciscano de Solidariedade (Sefras), atrav\u00e9s do Ch\u00e1 do padre. Ela, que \u00e9 cabeleireira, ajuda no corte de cabelo dos moradores em situa\u00e7\u00e3o de rua.<\/p>\n<p>Sobre Francisco de Assis e o candombl\u00e9, ela afirma que um ponto em comum \u00e9 o amor \u00e0 natureza. \u201cO candombl\u00e9 \u00e9 a religi\u00e3o da natureza. Os orix\u00e1s s\u00e3o a for\u00e7a da natureza, que est\u00e1 presente tamb\u00e9m em n\u00f3s. A \u00e1rvore n\u00e3o \u00e9 s\u00f3 \u00e1rvore, a \u00e1gua n\u00e3o \u00e9 s\u00f3 \u00e1gua. Francisco de Assis \u00e9 o santo que dizia que n\u00f3s somos irm\u00e3os de toda Cria\u00e7\u00e3o. Isso me aproxima muito de Francisco de Assis. J\u00e1 naquela \u00e9poca, ele foi um homem muito a frente de seu tempo\u201d, afirmou.<br \/>\nA festa no Convento e Santu\u00e1rio S\u00e3o Francisco continua at\u00e9 \u00e0s 18h. As pr\u00f3ximas missa ser\u00e3o \u00e0s 15h, 16h30 e 18h. No lado externo, o p\u00fablico poder\u00e1 conferir barracas com comidas t\u00edpicas, ado\u00e7\u00e3o de animais, b\u00ean\u00e7\u00e3o das criaturas, venda de p\u00e3o do convento e muito mais. Na parte interna do Convento, os visitantes poder\u00e3o conferir a Exposi\u00e7\u00e3o Rel\u00edquias Franciscanas \u2013 Transcend\u00eancia e Sacralidade na vida e no corpo dos Santos.<\/p>\n","protected":false},"excerpt":{"rendered":"<p>Convento S\u00e3o Francisco<\/p>\n","protected":false},"author":1,"featured_media":191515,"comment_status":"open","ping_status":"open","sticky":false,"template":"","format":"standard","meta":[],"categories":[1],"tags":[312],"acf":[],"yoast_head":"<!-- This site is optimized with the Yoast SEO plugin v19.2 - https:\/\/yoast.com\/wordpress\/plugins\/seo\/ -->\n<title>Como Francisco, \u00e9 preciso sair dos muros da indiferen\u00e7a - Not\u00edcias - Franciscanos<\/title>\n<meta name=\"robots\" content=\"index, follow, max-snippet:-1, max-image-preview:large, max-video-preview:-1\" \/>\n<link rel=\"canonical\" href=\"https:\/\/franciscanos.org.br\/noticias\/como-francisco-e-preciso-sair-dos-muros-da-indiferenca.html\" \/>\n<meta property=\"og:locale\" content=\"pt_BR\" \/>\n<meta property=\"og:type\" content=\"article\" \/>\n<meta property=\"og:title\" content=\"Como Francisco, \u00e9 preciso sair dos muros da indiferen\u00e7a - Not\u00edcias - Franciscanos\" \/>\n<meta property=\"og:description\" content=\"Convento S\u00e3o Francisco\" \/>\n<meta property=\"og:url\" content=\"https:\/\/franciscanos.org.br\/noticias\/como-francisco-e-preciso-sair-dos-muros-da-indiferenca.html\" \/>\n<meta property=\"og:site_name\" content=\"Not\u00edcias - Franciscanos\" \/>\n<meta property=\"article:published_time\" content=\"2018-10-04T18:17:42+00:00\" \/>\n<meta property=\"article:modified_time\" content=\"2019-01-29T12:15:28+00:00\" \/>\n<meta property=\"og:image\" content=\"https:\/\/franciscanos.org.br\/noticias\/wp-content\/uploads\/2018\/10\/largo_041018-830.jpg\" \/>\n\t<meta property=\"og:image:width\" content=\"273\" \/>\n\t<meta property=\"og:image:height\" content=\"181\" \/>\n\t<meta property=\"og:image:type\" content=\"image\/jpeg\" \/>\n<meta name=\"author\" content=\"admin\" \/>\n<meta name=\"twitter:card\" content=\"summary_large_image\" \/>\n<meta name=\"twitter:label1\" content=\"Escrito por\" \/>\n\t<meta name=\"twitter:data1\" content=\"admin\" \/>\n\t<meta name=\"twitter:label2\" content=\"Est. tempo de leitura\" \/>\n\t<meta name=\"twitter:data2\" content=\"4 minutos\" \/>\n<script type=\"application\/ld+json\" class=\"yoast-schema-graph\">{\"@context\":\"https:\/\/schema.org\",\"@graph\":[{\"@type\":\"WebSite\",\"@id\":\"https:\/\/franciscanos.org.br\/noticias\/#website\",\"url\":\"https:\/\/franciscanos.org.br\/noticias\/\",\"name\":\"Not\u00edcias - Franciscanos\",\"description\":\"Prov\u00edncia Franciscana da Imaculada Concei\u00e7\u00e3o do Brasil - Ordem dos Frades Menores - OFM\",\"potentialAction\":[{\"@type\":\"SearchAction\",\"target\":{\"@type\":\"EntryPoint\",\"urlTemplate\":\"https:\/\/franciscanos.org.br\/noticias\/?s={search_term_string}\"},\"query-input\":\"required name=search_term_string\"}],\"inLanguage\":\"pt-BR\"},{\"@type\":\"ImageObject\",\"inLanguage\":\"pt-BR\",\"@id\":\"https:\/\/franciscanos.org.br\/noticias\/como-francisco-e-preciso-sair-dos-muros-da-indiferenca.html#primaryimage\",\"url\":\"https:\/\/franciscanos.org.br\/noticias\/wp-content\/uploads\/2018\/10\/largo_041018-830.jpg\",\"contentUrl\":\"https:\/\/franciscanos.org.br\/noticias\/wp-content\/uploads\/2018\/10\/largo_041018-830.jpg\",\"width\":273,\"height\":181},{\"@type\":\"WebPage\",\"@id\":\"https:\/\/franciscanos.org.br\/noticias\/como-francisco-e-preciso-sair-dos-muros-da-indiferenca.html#webpage\",\"url\":\"https:\/\/franciscanos.org.br\/noticias\/como-francisco-e-preciso-sair-dos-muros-da-indiferenca.html\",\"name\":\"Como Francisco, \u00e9 preciso sair dos muros da indiferen\u00e7a - Not\u00edcias - Franciscanos\",\"isPartOf\":{\"@id\":\"https:\/\/franciscanos.org.br\/noticias\/#website\"},\"primaryImageOfPage\":{\"@id\":\"https:\/\/franciscanos.org.br\/noticias\/como-francisco-e-preciso-sair-dos-muros-da-indiferenca.html#primaryimage\"},\"datePublished\":\"2018-10-04T18:17:42+00:00\",\"dateModified\":\"2019-01-29T12:15:28+00:00\",\"author\":{\"@id\":\"https:\/\/franciscanos.org.br\/noticias\/#\/schema\/person\/b38fbf43118f02820bd932f2e4b14ad3\"},\"breadcrumb\":{\"@id\":\"https:\/\/franciscanos.org.br\/noticias\/como-francisco-e-preciso-sair-dos-muros-da-indiferenca.html#breadcrumb\"},\"inLanguage\":\"pt-BR\",\"potentialAction\":[{\"@type\":\"ReadAction\",\"target\":[\"https:\/\/franciscanos.org.br\/noticias\/como-francisco-e-preciso-sair-dos-muros-da-indiferenca.html\"]}]},{\"@type\":\"BreadcrumbList\",\"@id\":\"https:\/\/franciscanos.org.br\/noticias\/como-francisco-e-preciso-sair-dos-muros-da-indiferenca.html#breadcrumb\",\"itemListElement\":[{\"@type\":\"ListItem\",\"position\":1,\"name\":\"Home\",\"item\":\"https:\/\/franciscanos.org.br\/noticias\"},{\"@type\":\"ListItem\",\"position\":2,\"name\":\"Como Francisco, \u00e9 preciso sair dos muros da indiferen\u00e7a\"}]},{\"@type\":\"Person\",\"@id\":\"https:\/\/franciscanos.org.br\/noticias\/#\/schema\/person\/b38fbf43118f02820bd932f2e4b14ad3\",\"name\":\"admin\",\"image\":{\"@type\":\"ImageObject\",\"inLanguage\":\"pt-BR\",\"@id\":\"https:\/\/franciscanos.org.br\/noticias\/#\/schema\/person\/image\/\",\"url\":\"https:\/\/secure.gravatar.com\/avatar\/e8495742d34d0ba6448ea1c628263b3e?s=96&d=mm&r=g\",\"contentUrl\":\"https:\/\/secure.gravatar.com\/avatar\/e8495742d34d0ba6448ea1c628263b3e?s=96&d=mm&r=g\",\"caption\":\"admin\"},\"url\":\"https:\/\/franciscanos.org.br\/noticias\/author\/admin\"}]}<\/script>\n<!-- \/ Yoast SEO plugin. -->","yoast_head_json":{"title":"Como Francisco, \u00e9 preciso sair dos muros da indiferen\u00e7a - Not\u00edcias - Franciscanos","robots":{"index":"index","follow":"follow","max-snippet":"max-snippet:-1","max-image-preview":"max-image-preview:large","max-video-preview":"max-video-preview:-1"},"canonical":"https:\/\/franciscanos.org.br\/noticias\/como-francisco-e-preciso-sair-dos-muros-da-indiferenca.html","og_locale":"pt_BR","og_type":"article","og_title":"Como Francisco, \u00e9 preciso sair dos muros da indiferen\u00e7a - Not\u00edcias - Franciscanos","og_description":"Convento S\u00e3o Francisco","og_url":"https:\/\/franciscanos.org.br\/noticias\/como-francisco-e-preciso-sair-dos-muros-da-indiferenca.html","og_site_name":"Not\u00edcias - Franciscanos","article_published_time":"2018-10-04T18:17:42+00:00","article_modified_time":"2019-01-29T12:15:28+00:00","og_image":[{"width":273,"height":181,"url":"https:\/\/franciscanos.org.br\/noticias\/wp-content\/uploads\/2018\/10\/largo_041018-830.jpg","type":"image\/jpeg"}],"author":"admin","twitter_card":"summary_large_image","twitter_misc":{"Escrito por":"admin","Est. tempo de leitura":"4 minutos"},"schema":{"@context":"https:\/\/schema.org","@graph":[{"@type":"WebSite","@id":"https:\/\/franciscanos.org.br\/noticias\/#website","url":"https:\/\/franciscanos.org.br\/noticias\/","name":"Not\u00edcias - Franciscanos","description":"Prov\u00edncia Franciscana da Imaculada Concei\u00e7\u00e3o do Brasil - Ordem dos Frades Menores - OFM","potentialAction":[{"@type":"SearchAction","target":{"@type":"EntryPoint","urlTemplate":"https:\/\/franciscanos.org.br\/noticias\/?s={search_term_string}"},"query-input":"required name=search_term_string"}],"inLanguage":"pt-BR"},{"@type":"ImageObject","inLanguage":"pt-BR","@id":"https:\/\/franciscanos.org.br\/noticias\/como-francisco-e-preciso-sair-dos-muros-da-indiferenca.html#primaryimage","url":"https:\/\/franciscanos.org.br\/noticias\/wp-content\/uploads\/2018\/10\/largo_041018-830.jpg","contentUrl":"https:\/\/franciscanos.org.br\/noticias\/wp-content\/uploads\/2018\/10\/largo_041018-830.jpg","width":273,"height":181},{"@type":"WebPage","@id":"https:\/\/franciscanos.org.br\/noticias\/como-francisco-e-preciso-sair-dos-muros-da-indiferenca.html#webpage","url":"https:\/\/franciscanos.org.br\/noticias\/como-francisco-e-preciso-sair-dos-muros-da-indiferenca.html","name":"Como Francisco, \u00e9 preciso sair dos muros da indiferen\u00e7a - Not\u00edcias - Franciscanos","isPartOf":{"@id":"https:\/\/franciscanos.org.br\/noticias\/#website"},"primaryImageOfPage":{"@id":"https:\/\/franciscanos.org.br\/noticias\/como-francisco-e-preciso-sair-dos-muros-da-indiferenca.html#primaryimage"},"datePublished":"2018-10-04T18:17:42+00:00","dateModified":"2019-01-29T12:15:28+00:00","author":{"@id":"https:\/\/franciscanos.org.br\/noticias\/#\/schema\/person\/b38fbf43118f02820bd932f2e4b14ad3"},"breadcrumb":{"@id":"https:\/\/franciscanos.org.br\/noticias\/como-francisco-e-preciso-sair-dos-muros-da-indiferenca.html#breadcrumb"},"inLanguage":"pt-BR","potentialAction":[{"@type":"ReadAction","target":["https:\/\/franciscanos.org.br\/noticias\/como-francisco-e-preciso-sair-dos-muros-da-indiferenca.html"]}]},{"@type":"BreadcrumbList","@id":"https:\/\/franciscanos.org.br\/noticias\/como-francisco-e-preciso-sair-dos-muros-da-indiferenca.html#breadcrumb","itemListElement":[{"@type":"ListItem","position":1,"name":"Home","item":"https:\/\/franciscanos.org.br\/noticias"},{"@type":"ListItem","position":2,"name":"Como Francisco, \u00e9 preciso sair dos muros da indiferen\u00e7a"}]},{"@type":"Person","@id":"https:\/\/franciscanos.org.br\/noticias\/#\/schema\/person\/b38fbf43118f02820bd932f2e4b14ad3","name":"admin","image":{"@type":"ImageObject","inLanguage":"pt-BR","@id":"https:\/\/franciscanos.org.br\/noticias\/#\/schema\/person\/image\/","url":"https:\/\/secure.gravatar.com\/avatar\/e8495742d34d0ba6448ea1c628263b3e?s=96&d=mm&r=g","contentUrl":"https:\/\/secure.gravatar.com\/avatar\/e8495742d34d0ba6448ea1c628263b3e?s=96&d=mm&r=g","caption":"admin"},"url":"https:\/\/franciscanos.org.br\/noticias\/author\/admin"}]}},"_links":{"self":[{"href":"https:\/\/franciscanos.org.br\/noticias\/wp-json\/wp\/v2\/posts\/173561"}],"collection":[{"href":"https:\/\/franciscanos.org.br\/noticias\/wp-json\/wp\/v2\/posts"}],"about":[{"href":"https:\/\/franciscanos.org.br\/noticias\/wp-json\/wp\/v2\/types\/post"}],"author":[{"embeddable":true,"href":"https:\/\/franciscanos.org.br\/noticias\/wp-json\/wp\/v2\/users\/1"}],"replies":[{"embeddable":true,"href":"https:\/\/franciscanos.org.br\/noticias\/wp-json\/wp\/v2\/comments?post=173561"}],"version-history":[{"count":0,"href":"https:\/\/franciscanos.org.br\/noticias\/wp-json\/wp\/v2\/posts\/173561\/revisions"}],"wp:featuredmedia":[{"embeddable":true,"href":"https:\/\/franciscanos.org.br\/noticias\/wp-json\/wp\/v2\/media\/191515"}],"wp:attachment":[{"href":"https:\/\/franciscanos.org.br\/noticias\/wp-json\/wp\/v2\/media?parent=173561"}],"wp:term":[{"taxonomy":"category","embeddable":true,"href":"https:\/\/franciscanos.org.br\/noticias\/wp-json\/wp\/v2\/categories?post=173561"},{"taxonomy":"post_tag","embeddable":true,"href":"https:\/\/franciscanos.org.br\/noticias\/wp-json\/wp\/v2\/tags?post=173561"}],"curies":[{"name":"wp","href":"https:\/\/api.w.org\/{rel}","templated":true}]}}