{"id":173555,"date":"2018-10-04T09:53:39","date_gmt":"2018-10-04T12:53:39","guid":{"rendered":"http:\/\/franciscanos.org.br\/?p=173555"},"modified":"2020-02-17T08:33:57","modified_gmt":"2020-02-17T11:33:57","slug":"falece-frei-antonio-marcos-koneski","status":"publish","type":"post","link":"https:\/\/franciscanos.org.br\/noticias\/falece-frei-antonio-marcos-koneski.html","title":{"rendered":"Falece Frei Antonio Marcos Koneski aos 81 anos"},"content":{"rendered":"<h3><img loading=\"lazy\" class=\"alignleft size-full wp-image-173556\" src=\"http:\/\/franciscanos.org.br\/wp-content\/uploads\/2018\/10\/marcos_041018_g.jpg\" alt=\"marcos_041018_g\" width=\"472\" height=\"620\" \/>* 23\/03\/1937 + 04\/10\/2018<\/h3>\n<p><em>Ontem celebramos o tr\u00e2nsito de S\u00e3o Francisco desta vida para a eternidade. Nesta noite, Frei Antonio Marcos Koneski foi chamado por Deus para fazer sua passagem para a vida em plenitude.<\/em><\/p>\n<p><em>H\u00e1 6 meses, Frei Marcos estava na nossa fraternidade cuidando da sua sa\u00fade. Constatou-se ao longo dos tratamentos que sofria de um aneurisma abdominal.<\/em><\/p>\n<p><em>Solicitou-se a interven\u00e7\u00e3o cir\u00fargica que foi realizada, ent\u00e3o, na segunda-feira, dia 02. Ap\u00f3s a cirurgia, foi para a UTI para a recupera\u00e7\u00e3o.<\/em><\/p>\n<p><em>Ontem \u00e0 tarde fui visit\u00e1-lo na hora da visita e ele estava-se queixando de muitas dores. Dei umas palavras de \u00e2nimo e voltei para casa. \u00c0 noite, na hora da visita, fui de novo ao hospital e o m\u00e9dico me disse que durante a tarde Frei Marcos havia tido uma parada card\u00edaca. Entubaram-no e o sedaram. Dei a b\u00ean\u00e7\u00e3o a ele e voltei para casa.<\/em><\/p>\n<p><em>Pelas 4 horas, recebi telefonema do Sr. Abimael comunicando a morte de Frei Marcos.\u00a0A missa de Ex\u00e9quias de Frei Antonio Marcos ser\u00e1 celebrada \u00e0s 18h00 de hoje, na Fraternidade de Bragan\u00e7a Paulista. Em seguida o corpo ser\u00e1 transladado para Florian\u00f3polis, onde ser\u00e1 sepultado no Cemit\u00e9rio Municipal Itacorubi S\u00e3o Francisco de Assis, na rua Pastor William Richard Schisler Filho, 452 &#8211; Itacorubi, Florian\u00f3polis (SC).<\/em><\/p>\n<p><em>Lembremo-nos de Frei Marcos nas nossas ora\u00e7\u00f5es.<\/em><\/p>\n<p><strong>Frei Carlos Jos\u00e9 K\u00f6rber, guardi\u00e3o da Fraternidade S\u00e3o Francisco de Assis, em Bragan\u00e7a Paulista<\/strong><\/p>\n<h3>DADOS PESSOAIS, FORMA\u00c7\u00c3O E ATIVIDADES<\/h3>\n<p>&#8211;<strong> Nascimento:<\/strong> 23.03.1937 (81 anos de idade)<br \/>\n&#8211; <strong>Natural<\/strong> de Joa\u00e7aba, SC.<br \/>\n&#8211; <strong>Vesti\u00e7\u00e3o<\/strong>: 20.01.1971 \u2013 Rodeio<br \/>\n&#8211; <strong>Primeira Profiss\u00e3o<\/strong>: 20.01.1972 (46 anos de Vida Franciscana)<br \/>\n&#8211; <strong>Profiss\u00e3o Solene:<\/strong> 04.10.1975<br \/>\n&#8211; <strong>Ordena\u00e7\u00e3o Presbiteral<\/strong>: 12.12.1976 (41 anos de Sacerd\u00f3cio)<br \/>\n&#8211; <strong>1972 \u2013 1977<\/strong> \u2013 Petr\u00f3polis \u2013 estudos de Filosofia e Teologia;<br \/>\n&#8211; <strong>09.12.1977<\/strong> \u2013 Campos do Jord\u00e3o \u2013 vig\u00e1rio paroquial;<br \/>\n&#8211;<strong> 06.12.1978<\/strong> \u2013 Joa\u00e7aba \u2013 vig\u00e1rio paroquial;<br \/>\n&#8211; <strong>05.12.1979<\/strong> \u2013 Pira\u00ed do Sul \u2013 vig\u00e1rio da casa e vig\u00e1rio paroquial;<br \/>\n&#8211; <strong>14.12.1982<\/strong> \u2013 Rio de Janeiro \u2013 Convento Santo Ant\u00f4nio \u2013 capel\u00e3o do Abrigo Cristo Redentor;<br \/>\n&#8211; <strong>05.08.1990<\/strong> \u2013 Campo Grande \u2013 a servi\u00e7o da Cust\u00f3dia das 7 Alegrias de N. Senhora;<br \/>\n&#8211; <strong>28.09.1990<\/strong> \u2013 Londrina \u2013 guardi\u00e3o e p\u00e1roco;<br \/>\n&#8211; <strong>18.01.1992<\/strong> \u2013 Florian\u00f3polis \u2013 guardi\u00e3o e p\u00e1roco;<br \/>\n&#8211; <strong>10.12.1998<\/strong> \u2013 Curitiba \u2013 vig\u00e1rio paroquial da Par\u00f3quia Bom Jesus;<br \/>\n&#8211; <strong>23.09.1999<\/strong> \u2013 Israel \u2013 a servi\u00e7o da Cust\u00f3dia da Terra Santa \u2013 Jubileu do Ano Santo (retornou ao Brasil no dia 16.08.2003);<br \/>\n&#8211; <strong>27.08.2003<\/strong> \u2013 S\u00e3o Paulo \u2013 S\u00e3o Francisco \u2013 atendente conventual;<br \/>\n&#8211; <strong>10.06.2004<\/strong> \u2013 S\u00e3o Jos\u00e9 \u2013 Col\u00f4nia Santana \u2013 capel\u00e3o do curato;<br \/>\n&#8211; <strong>17.02.2005<\/strong> \u2013 Forquilhinha \u2013 vig\u00e1rio paroquial;<br \/>\n&#8211; <strong>04.08.2005<\/strong> \u2013 Rio de Janeiro \u2013 Santo Ant\u00f4nio \u2013 atendente conventual;<br \/>\n&#8211;<strong> 17.12.2009<\/strong> \u2013 Angelina \u2013 vig\u00e1rio paroquial;<br \/>\n&#8211; <strong>02.09.2010<\/strong> \u2013 Florian\u00f3polis \u2013 vig\u00e1rio paroquial;<br \/>\n&#8211; <strong>16.10.2011<\/strong> \u2013 Licen\u00e7a para morar fora da Fraternidade Provincial por um ano;<br \/>\n&#8211; <strong>25.02.2016<\/strong> \u2013 S\u00e3o Jo\u00e3o de Meriti \u2013 vig\u00e1rio paroquial;<\/p>\n<h3>O FRADE MENOR<\/h3>\n<p>Frei Ant\u00f4nio Marcos \u00e9 o sexto filho de nove (5 irm\u00e3os e 3 irm\u00e3s) do casal Const\u00e2ncio Koneski, imigrante polon\u00eas, e Maria Mello Gon\u00e7alves, imigrante portuguesa. Em Joa\u00e7aba, at\u00e9 se aposentar, seu pai trabalhou no com\u00e9rcio de cal\u00e7ados. &#8220;A religiosidade polonesa foi marcante na vida da fam\u00edlia que se reunia diariamente para rezar \u00e0 noite&#8221;, contava Frei Ant\u00f4nio.<\/p>\n<p>Foi no contato com os frades e, principalmente, com o bispo franciscano Dom Daniel Hostim que viu despertar sua voca\u00e7\u00e3o. &#8220;Al\u00e9m do testemunho e conviv\u00eancia com os frades, o Conc\u00edlio Vaticano II, diante da grande abertura da Igreja, me influenciou muito&#8221;, confessou na sua ficha autobiogr\u00e1fica.<\/p>\n<p>Frei Ant\u00f4nio se autodefinia como um &#8220;homem trabalhador, honesto diante dos compromissos assumidos, sempre pronto para servir&#8221;, embora reconhecia que tinha dificuldade em deixar-se ajudar pelos outros. &#8220;Tinha um amor pr\u00f3prio exagerado que trabalhei na vida religiosa e sempre mais busquei me aproximar do ideal de vida evang\u00e9lica pregado por Cristo e vivido por S\u00e3o Francisco de Assis&#8221;.<\/p>\n<p>Para Frei Ant\u00f4nio, o Senhor o escolheu e o chamou, mas o &#8220;sim consciente, livre e respons\u00e1vel&#8221; foi dado por ele. &#8220;Que eu seja digno da honra com que Deus me cobriu&#8221;, dizia como norma de vida. Segundo ele, f\u00e9 e esperan\u00e7a sempre impulsionaram sua vida religiosa e a a\u00e7\u00e3o apost\u00f3lica franciscana sempre foi uma consequ\u00eancia da Vida Religiosa franciscana. &#8220;Quanto maior for a fidelidade ao ideal de S\u00e3o Francisco, que foi chamado a reconstruir a Igreja de Cristo a partir dos conselhos evang\u00e9licos, tanto maior ser\u00e1 o testemunho e a a\u00e7\u00e3o apost\u00f3lica franciscana&#8221;, dizia, frisando: &#8220;A vida religiosa franciscana deve ser a base de toda a a\u00e7\u00e3o pastoral na Igreja&#8221;.<\/p>\n<blockquote><p>Neste dia de S\u00e3o Francisco, de preces e louvores, lembremo-nos de Frei Ant\u00f4nio Marcos, nosso confrade, para que o Senhor o acolha na alegria dos santos.<\/p><\/blockquote>\n<p><strong>R.I.P.<\/strong><\/p>\n","protected":false},"excerpt":{"rendered":"<p>Falecimento<\/p>\n","protected":false},"author":1,"featured_media":208750,"comment_status":"open","ping_status":"open","sticky":false,"template":"","format":"standard","meta":[],"categories":[1],"tags":[1160,306],"acf":[],"yoast_head":"<!-- This site is optimized with the Yoast SEO plugin v19.2 - https:\/\/yoast.com\/wordpress\/plugins\/seo\/ -->\n<title>Falece Frei Antonio Marcos Koneski aos 81 anos - Not\u00edcias - Franciscanos<\/title>\n<meta name=\"robots\" content=\"index, follow, max-snippet:-1, max-image-preview:large, max-video-preview:-1\" \/>\n<link rel=\"canonical\" href=\"https:\/\/franciscanos.org.br\/noticias\/falece-frei-antonio-marcos-koneski.html\" \/>\n<meta property=\"og:locale\" content=\"pt_BR\" \/>\n<meta property=\"og:type\" content=\"article\" \/>\n<meta property=\"og:title\" content=\"Falece Frei Antonio Marcos Koneski aos 81 anos - Not\u00edcias - Franciscanos\" \/>\n<meta property=\"og:description\" content=\"Falecimento\" \/>\n<meta property=\"og:url\" content=\"https:\/\/franciscanos.org.br\/noticias\/falece-frei-antonio-marcos-koneski.html\" \/>\n<meta property=\"og:site_name\" content=\"Not\u00edcias - Franciscanos\" \/>\n<meta property=\"article:published_time\" content=\"2018-10-04T12:53:39+00:00\" \/>\n<meta property=\"article:modified_time\" content=\"2020-02-17T11:33:57+00:00\" \/>\n<meta property=\"og:image\" content=\"https:\/\/franciscanos.org.br\/noticias\/wp-content\/uploads\/2018\/10\/marcos_041018_g.jpg\" \/>\n\t<meta property=\"og:image:width\" content=\"273\" \/>\n\t<meta property=\"og:image:height\" content=\"180\" \/>\n\t<meta property=\"og:image:type\" content=\"image\/jpeg\" \/>\n<meta name=\"author\" content=\"admin\" \/>\n<meta name=\"twitter:card\" content=\"summary_large_image\" \/>\n<meta name=\"twitter:label1\" content=\"Escrito por\" \/>\n\t<meta name=\"twitter:data1\" content=\"admin\" \/>\n\t<meta name=\"twitter:label2\" content=\"Est. tempo de leitura\" \/>\n\t<meta name=\"twitter:data2\" content=\"4 minutos\" \/>\n<script type=\"application\/ld+json\" class=\"yoast-schema-graph\">{\"@context\":\"https:\/\/schema.org\",\"@graph\":[{\"@type\":\"WebSite\",\"@id\":\"https:\/\/franciscanos.org.br\/noticias\/#website\",\"url\":\"https:\/\/franciscanos.org.br\/noticias\/\",\"name\":\"Not\u00edcias - Franciscanos\",\"description\":\"Prov\u00edncia Franciscana da Imaculada Concei\u00e7\u00e3o do Brasil - Ordem dos Frades Menores - OFM\",\"potentialAction\":[{\"@type\":\"SearchAction\",\"target\":{\"@type\":\"EntryPoint\",\"urlTemplate\":\"https:\/\/franciscanos.org.br\/noticias\/?s={search_term_string}\"},\"query-input\":\"required name=search_term_string\"}],\"inLanguage\":\"pt-BR\"},{\"@type\":\"ImageObject\",\"inLanguage\":\"pt-BR\",\"@id\":\"https:\/\/franciscanos.org.br\/noticias\/falece-frei-antonio-marcos-koneski.html#primaryimage\",\"url\":\"https:\/\/franciscanos.org.br\/noticias\/wp-content\/uploads\/2018\/10\/marcos_041018_g.jpg\",\"contentUrl\":\"https:\/\/franciscanos.org.br\/noticias\/wp-content\/uploads\/2018\/10\/marcos_041018_g.jpg\",\"width\":273,\"height\":180},{\"@type\":\"WebPage\",\"@id\":\"https:\/\/franciscanos.org.br\/noticias\/falece-frei-antonio-marcos-koneski.html#webpage\",\"url\":\"https:\/\/franciscanos.org.br\/noticias\/falece-frei-antonio-marcos-koneski.html\",\"name\":\"Falece Frei Antonio Marcos Koneski aos 81 anos - Not\u00edcias - Franciscanos\",\"isPartOf\":{\"@id\":\"https:\/\/franciscanos.org.br\/noticias\/#website\"},\"primaryImageOfPage\":{\"@id\":\"https:\/\/franciscanos.org.br\/noticias\/falece-frei-antonio-marcos-koneski.html#primaryimage\"},\"datePublished\":\"2018-10-04T12:53:39+00:00\",\"dateModified\":\"2020-02-17T11:33:57+00:00\",\"author\":{\"@id\":\"https:\/\/franciscanos.org.br\/noticias\/#\/schema\/person\/b38fbf43118f02820bd932f2e4b14ad3\"},\"breadcrumb\":{\"@id\":\"https:\/\/franciscanos.org.br\/noticias\/falece-frei-antonio-marcos-koneski.html#breadcrumb\"},\"inLanguage\":\"pt-BR\",\"potentialAction\":[{\"@type\":\"ReadAction\",\"target\":[\"https:\/\/franciscanos.org.br\/noticias\/falece-frei-antonio-marcos-koneski.html\"]}]},{\"@type\":\"BreadcrumbList\",\"@id\":\"https:\/\/franciscanos.org.br\/noticias\/falece-frei-antonio-marcos-koneski.html#breadcrumb\",\"itemListElement\":[{\"@type\":\"ListItem\",\"position\":1,\"name\":\"Home\",\"item\":\"https:\/\/franciscanos.org.br\/noticias\"},{\"@type\":\"ListItem\",\"position\":2,\"name\":\"Falece Frei Antonio Marcos Koneski aos 81 anos\"}]},{\"@type\":\"Person\",\"@id\":\"https:\/\/franciscanos.org.br\/noticias\/#\/schema\/person\/b38fbf43118f02820bd932f2e4b14ad3\",\"name\":\"admin\",\"image\":{\"@type\":\"ImageObject\",\"inLanguage\":\"pt-BR\",\"@id\":\"https:\/\/franciscanos.org.br\/noticias\/#\/schema\/person\/image\/\",\"url\":\"https:\/\/secure.gravatar.com\/avatar\/e8495742d34d0ba6448ea1c628263b3e?s=96&d=mm&r=g\",\"contentUrl\":\"https:\/\/secure.gravatar.com\/avatar\/e8495742d34d0ba6448ea1c628263b3e?s=96&d=mm&r=g\",\"caption\":\"admin\"},\"url\":\"https:\/\/franciscanos.org.br\/noticias\/author\/admin\"}]}<\/script>\n<!-- \/ Yoast SEO plugin. -->","yoast_head_json":{"title":"Falece Frei Antonio Marcos Koneski aos 81 anos - Not\u00edcias - Franciscanos","robots":{"index":"index","follow":"follow","max-snippet":"max-snippet:-1","max-image-preview":"max-image-preview:large","max-video-preview":"max-video-preview:-1"},"canonical":"https:\/\/franciscanos.org.br\/noticias\/falece-frei-antonio-marcos-koneski.html","og_locale":"pt_BR","og_type":"article","og_title":"Falece Frei Antonio Marcos Koneski aos 81 anos - Not\u00edcias - Franciscanos","og_description":"Falecimento","og_url":"https:\/\/franciscanos.org.br\/noticias\/falece-frei-antonio-marcos-koneski.html","og_site_name":"Not\u00edcias - Franciscanos","article_published_time":"2018-10-04T12:53:39+00:00","article_modified_time":"2020-02-17T11:33:57+00:00","og_image":[{"width":273,"height":180,"url":"https:\/\/franciscanos.org.br\/noticias\/wp-content\/uploads\/2018\/10\/marcos_041018_g.jpg","type":"image\/jpeg"}],"author":"admin","twitter_card":"summary_large_image","twitter_misc":{"Escrito por":"admin","Est. tempo de leitura":"4 minutos"},"schema":{"@context":"https:\/\/schema.org","@graph":[{"@type":"WebSite","@id":"https:\/\/franciscanos.org.br\/noticias\/#website","url":"https:\/\/franciscanos.org.br\/noticias\/","name":"Not\u00edcias - Franciscanos","description":"Prov\u00edncia Franciscana da Imaculada Concei\u00e7\u00e3o do Brasil - Ordem dos Frades Menores - OFM","potentialAction":[{"@type":"SearchAction","target":{"@type":"EntryPoint","urlTemplate":"https:\/\/franciscanos.org.br\/noticias\/?s={search_term_string}"},"query-input":"required name=search_term_string"}],"inLanguage":"pt-BR"},{"@type":"ImageObject","inLanguage":"pt-BR","@id":"https:\/\/franciscanos.org.br\/noticias\/falece-frei-antonio-marcos-koneski.html#primaryimage","url":"https:\/\/franciscanos.org.br\/noticias\/wp-content\/uploads\/2018\/10\/marcos_041018_g.jpg","contentUrl":"https:\/\/franciscanos.org.br\/noticias\/wp-content\/uploads\/2018\/10\/marcos_041018_g.jpg","width":273,"height":180},{"@type":"WebPage","@id":"https:\/\/franciscanos.org.br\/noticias\/falece-frei-antonio-marcos-koneski.html#webpage","url":"https:\/\/franciscanos.org.br\/noticias\/falece-frei-antonio-marcos-koneski.html","name":"Falece Frei Antonio Marcos Koneski aos 81 anos - Not\u00edcias - Franciscanos","isPartOf":{"@id":"https:\/\/franciscanos.org.br\/noticias\/#website"},"primaryImageOfPage":{"@id":"https:\/\/franciscanos.org.br\/noticias\/falece-frei-antonio-marcos-koneski.html#primaryimage"},"datePublished":"2018-10-04T12:53:39+00:00","dateModified":"2020-02-17T11:33:57+00:00","author":{"@id":"https:\/\/franciscanos.org.br\/noticias\/#\/schema\/person\/b38fbf43118f02820bd932f2e4b14ad3"},"breadcrumb":{"@id":"https:\/\/franciscanos.org.br\/noticias\/falece-frei-antonio-marcos-koneski.html#breadcrumb"},"inLanguage":"pt-BR","potentialAction":[{"@type":"ReadAction","target":["https:\/\/franciscanos.org.br\/noticias\/falece-frei-antonio-marcos-koneski.html"]}]},{"@type":"BreadcrumbList","@id":"https:\/\/franciscanos.org.br\/noticias\/falece-frei-antonio-marcos-koneski.html#breadcrumb","itemListElement":[{"@type":"ListItem","position":1,"name":"Home","item":"https:\/\/franciscanos.org.br\/noticias"},{"@type":"ListItem","position":2,"name":"Falece Frei Antonio Marcos Koneski aos 81 anos"}]},{"@type":"Person","@id":"https:\/\/franciscanos.org.br\/noticias\/#\/schema\/person\/b38fbf43118f02820bd932f2e4b14ad3","name":"admin","image":{"@type":"ImageObject","inLanguage":"pt-BR","@id":"https:\/\/franciscanos.org.br\/noticias\/#\/schema\/person\/image\/","url":"https:\/\/secure.gravatar.com\/avatar\/e8495742d34d0ba6448ea1c628263b3e?s=96&d=mm&r=g","contentUrl":"https:\/\/secure.gravatar.com\/avatar\/e8495742d34d0ba6448ea1c628263b3e?s=96&d=mm&r=g","caption":"admin"},"url":"https:\/\/franciscanos.org.br\/noticias\/author\/admin"}]}},"_links":{"self":[{"href":"https:\/\/franciscanos.org.br\/noticias\/wp-json\/wp\/v2\/posts\/173555"}],"collection":[{"href":"https:\/\/franciscanos.org.br\/noticias\/wp-json\/wp\/v2\/posts"}],"about":[{"href":"https:\/\/franciscanos.org.br\/noticias\/wp-json\/wp\/v2\/types\/post"}],"author":[{"embeddable":true,"href":"https:\/\/franciscanos.org.br\/noticias\/wp-json\/wp\/v2\/users\/1"}],"replies":[{"embeddable":true,"href":"https:\/\/franciscanos.org.br\/noticias\/wp-json\/wp\/v2\/comments?post=173555"}],"version-history":[{"count":0,"href":"https:\/\/franciscanos.org.br\/noticias\/wp-json\/wp\/v2\/posts\/173555\/revisions"}],"wp:featuredmedia":[{"embeddable":true,"href":"https:\/\/franciscanos.org.br\/noticias\/wp-json\/wp\/v2\/media\/208750"}],"wp:attachment":[{"href":"https:\/\/franciscanos.org.br\/noticias\/wp-json\/wp\/v2\/media?parent=173555"}],"wp:term":[{"taxonomy":"category","embeddable":true,"href":"https:\/\/franciscanos.org.br\/noticias\/wp-json\/wp\/v2\/categories?post=173555"},{"taxonomy":"post_tag","embeddable":true,"href":"https:\/\/franciscanos.org.br\/noticias\/wp-json\/wp\/v2\/tags?post=173555"}],"curies":[{"name":"wp","href":"https:\/\/api.w.org\/{rel}","templated":true}]}}