{"id":173432,"date":"2018-10-03T22:29:21","date_gmt":"2018-10-04T01:29:21","guid":{"rendered":"http:\/\/franciscanos.org.br\/?p=173432"},"modified":"2019-08-19T11:12:45","modified_gmt":"2019-08-19T14:12:45","slug":"fazer-opcoes-evangelicas-e-pacificas-exorta-frei-diego","status":"publish","type":"post","link":"https:\/\/franciscanos.org.br\/noticias\/fazer-opcoes-evangelicas-e-pacificas-exorta-frei-diego.html","title":{"rendered":"Frei Diego: &#8220;Fazer op\u00e7\u00f5es evang\u00e9licas e pac\u00edficas&#8221;"},"content":{"rendered":"<p><img loading=\"lazy\" class=\"aligncenter\" src=\"http:\/\/franciscanos.org.br\/wp-content\/uploads\/2018\/10\/transito_0031018-830-b.jpg\" alt=\"transito_0031018 830 b\" width=\"830\" height=\"400\" \/><\/p>\n<p><strong>Frei Augusto Luiz Gabriel e\u00a0\u00c9rika Augusto\u00a0<\/strong><\/p>\n<p><strong>S\u00e3o Paulo (SP) \u2013 <\/strong>Na noite que antecede o dia de S\u00e3o Francisco, as igrejas franciscanas celebram o Tr\u00e2nsito do santo.\u00a0Os frades, religiosos, religiosas e paroquianos se reuniram neste 3\/10, \u00e0s 18 horas, no Convento e Santu\u00e1rio S\u00e3o Francisco, no centro da capital paulista, para reviver o momento da morte do Santo de Assis.<\/p>\n<p>\u00c9 uma tradi\u00e7\u00e3o franciscana celebrar com alegria e devo\u00e7\u00e3o os \u00faltimos momentos da vida de S\u00e3o Francisco. A morte, que tornou-se irm\u00e3, n\u00e3o assusta mais. Ao contr\u00e1rio, \u00e9 motivo de festejo, pois nela cumpriu-se a miss\u00e3o terrena.<\/p>\n<p>A homilia do dia ficou sob a responsabilidade de Frei Diego Melo, coordenador do Servi\u00e7o de Anima\u00e7\u00e3o Vocacional (SAV). A leitura proposta foi a hist\u00f3ria do lobo de G\u00fabio, segundo os <em>Fioretti<\/em>. Certa vez, um lobo atormentava a cidade de G\u00fabio, na It\u00e1lia. E S\u00e3o Francisco foi intermediar o conflito gerado entre os moradores da cidade e a criatura. Os moradores, assustados, queriam ver o fim do animal. Mas, com a ajuda de Francisco, foi feito um acordo entre os alde\u00f5es e o lobo. Eles alimentariam o lobo e ele n\u00e3o iria mais causar mal \u00e0 cidade.<\/p>\n<p>Em sua homilia, o frade fez uma atualiza\u00e7\u00e3o da hist\u00f3ria, comparando aos dias atuais, \u201cuma met\u00e1fora do verdadeiro caminho da paz e da reconcilia\u00e7\u00e3o humana\u201d, explicou Frei Diego. \u201cEmbora Francisco n\u00e3o justifique ou encoberte as maldades e as viol\u00eancias cometidas pelo lobo, ele n\u00e3o cede \u00e0 tenta\u00e7\u00e3o dos julgamentos e conclus\u00f5es r\u00e1pidas e superficiais, t\u00e3o comuns em nossos tempos de condena\u00e7\u00f5es e linchamentos virtuais\u201d, acrescentou.<\/p>\n<p>No conflito, Francisco percebe que o lobo agia daquela maneira por necessidade e que a aldeia tinha responsabilidade na situa\u00e7\u00e3o, por interferir no habitat do animal. \u201cSem se preocupar com aqueles que iriam dizer que ele estava defendendo um lobo &#8216;bandido&#8217; e que a \u00fanica solu\u00e7\u00e3o era a sua morte ou extin\u00e7\u00e3o, afinal, h\u00e1 quem diga que bandido bom \u00e9 bandido morto, Francisco se aproxima daquele lobo, descobre a causa do problema, realiza um encontro entre ambas as partes e conclui um pacto de paz, que inclu\u00eda o compromisso da aldeia em garantir comida para aquele animal e a certeza de que o lobo passaria a agir sem maldade e agressividade\u201d, contextualizou Frei Diego.<\/p>\n<p>\u201cO pacto alcan\u00e7ado por Francisco \u00e9 fruto de uma presen\u00e7a pacificadora capaz de desarmar esp\u00edritos, superar preconceitos, construir novas rela\u00e7\u00f5es e novos compromissos de ambas as partes, superando, assim, a verdadeira causa do conflito. Entre o lobo e a cidade de G\u00fabio, se d\u00e1 um processo de convers\u00e3o, de mudan\u00e7a de mentalidade, de atitudes e de vis\u00e3o\u201d, afirmou o pregador.<\/p>\n<p>E contextualizou: \u201cAssim, diferentemente da l\u00f3gica neofascista daqueles que fazem apologia \u00e0 viol\u00eancia, \u00e0 tortura e ao terror, Francisco n\u00e3o acirrou as contradi\u00e7\u00f5es nem remexeu a dimens\u00e3o sombria onde se escondem os \u00f3dios, mas, ao contr\u00e1rio, confiou na capacidade humanizadora da bondade, do di\u00e1logo, da acolhida do diferente, da empatia e da m\u00fatua confian\u00e7a\u201d.<\/p>\n<p>Frei Diego explicou que a paz trazida pelo Santo de Assis n\u00e3o \u00e9 sentimentalismo ou ingenuidade, mas um gesto audacioso e criativo. \u201cSua paz n\u00e3o \u00e9 a simples vit\u00f3ria de um dos lados, mas \u00e9 a supera\u00e7\u00e3o dos lados e dos partidos. \u00c9 fruto de uma constru\u00e7\u00e3o coletiva entre os cidad\u00e3os e o lobo, \u00e9 fruto de uma sociedade que se concebe como uma grande fraternidade\u201d, acrescentou.<\/p>\n<p><img loading=\"lazy\" class=\"aligncenter\" src=\"http:\/\/franciscanos.org.br\/wp-content\/uploads\/2018\/10\/transito_0031018-830-c.jpg\" alt=\"transito_0031018 830 c\" width=\"830\" height=\"400\" \/><br \/>\nEle pediu aos presentes que esta noite n\u00e3o fosse apenas uma recorda\u00e7\u00e3o melanc\u00f3lica da passagem da vida de um santo, mas uma forma de assumir um compromisso com a paz e a sociedade. \u201cQue n\u00f3s tamb\u00e9m possamos viver a nossa vida de acordo com a proposta do Reino de Deus, fazendo op\u00e7\u00f5es realmente evang\u00e9licas e pac\u00edficas, de modo que ao chegarmos ao termo de nossa exist\u00eancia tamb\u00e9m possamos acolher a morte n\u00e3o como inimiga, mas como irm\u00e3 e como porta de acesso \u00e0 vida\u201d, concluiu.<br \/>\n<big><\/big><\/p>\n<p><a href=\"https:\/\/issuu.com\/provinciafranciscana\/docs\/homilia_transito\" target=\"_blank\" rel=\"noopener noreferrer\"><big><strong>ACOMPANHE A HOMILIA NA \u00cdNTEGRA<\/strong><\/big><\/a><\/p>\n<p>Ap\u00f3s a homilia, alguns jovens fizeram a encena\u00e7\u00e3o do momento do Tr\u00e2nsito de S\u00e3o Francisco. Trajados com h\u00e1bito, eles trazem o corpo quase inerte do santo at\u00e9 o centro do presbit\u00e9rio. Um coral de vozes masculinas, composto por frades, ex-frades e leigos entoou o c\u00e2ntico pr\u00f3prio da celebra\u00e7\u00e3o.<\/p>\n<p><iframe loading=\"lazy\" src=\"https:\/\/www.youtube.com\/embed\/7_vO66AIdl8\" width=\"100%\" height=\"480\" frameborder=\"0\" allowfullscreen=\"allowfullscreen\"><\/iframe><\/p>\n<p>Ao final da celebra\u00e7\u00e3o, o guardi\u00e3o do Convento, Frei M\u00e1rio Tagliari, fez os agradecimentos e explicou que este momento, de mem\u00f3ria da morte de S\u00e3o Francisco, \u00e9 para ser celebrado com alegria e j\u00fabilo. Ele explicou que quando um frade morre, a fraternidade tem permiss\u00e3o para se reunir em \u201crecreio\u201d, uma confraterniza\u00e7\u00e3o, para celebrar a passagem do confrade. Neste clima, os presentes foram convidados para uma pequena recep\u00e7\u00e3o no refeit\u00f3rio do Convento.<\/p>\n<p>Amanh\u00e3, 4\/10, dia de S\u00e3o Francisco, haver\u00e1 missa \u00e0s 7h30, 9h, 10h30, 12h, 13h30, 15h, 16h30 e 18h. Durante todo o dia haver\u00e1 barracas no lado externo com comidas t\u00edpicas, ado\u00e7\u00e3o de animais, b\u00ean\u00e7\u00e3o das criaturas, venda de p\u00e3o do convento e muito mais. Neste dia, \u00e0s 9h, ser\u00e1 inaugurada a Exposi\u00e7\u00e3o Rel\u00edquias Franciscanas \u2013 Transcend\u00eancia e Sacralidade na vida e no corpo dos Santos.<\/p>\n","protected":false},"excerpt":{"rendered":"<p>Tr\u00e2nsito de S. Francisco<\/p>\n","protected":false},"author":5,"featured_media":191522,"comment_status":"open","ping_status":"open","sticky":false,"template":"","format":"standard","meta":[],"categories":[1],"tags":[312],"acf":[],"yoast_head":"<!-- This site is optimized with the Yoast SEO plugin v19.2 - https:\/\/yoast.com\/wordpress\/plugins\/seo\/ -->\n<title>Frei Diego: &quot;Fazer op\u00e7\u00f5es evang\u00e9licas e pac\u00edficas&quot; - Not\u00edcias - Franciscanos<\/title>\n<meta name=\"robots\" content=\"index, follow, max-snippet:-1, max-image-preview:large, max-video-preview:-1\" \/>\n<link rel=\"canonical\" href=\"https:\/\/franciscanos.org.br\/noticias\/fazer-opcoes-evangelicas-e-pacificas-exorta-frei-diego.html\" \/>\n<meta property=\"og:locale\" content=\"pt_BR\" \/>\n<meta property=\"og:type\" content=\"article\" \/>\n<meta property=\"og:title\" content=\"Frei Diego: &quot;Fazer op\u00e7\u00f5es evang\u00e9licas e pac\u00edficas&quot; - Not\u00edcias - Franciscanos\" \/>\n<meta property=\"og:description\" content=\"Tr\u00e2nsito de S. Francisco\" \/>\n<meta property=\"og:url\" content=\"https:\/\/franciscanos.org.br\/noticias\/fazer-opcoes-evangelicas-e-pacificas-exorta-frei-diego.html\" \/>\n<meta property=\"og:site_name\" content=\"Not\u00edcias - Franciscanos\" \/>\n<meta property=\"article:published_time\" content=\"2018-10-04T01:29:21+00:00\" \/>\n<meta property=\"article:modified_time\" content=\"2019-08-19T14:12:45+00:00\" \/>\n<meta property=\"og:image\" content=\"https:\/\/franciscanos.org.br\/noticias\/wp-content\/uploads\/2018\/10\/transito_0031018-830-b.jpg\" \/>\n\t<meta property=\"og:image:width\" content=\"273\" \/>\n\t<meta property=\"og:image:height\" content=\"181\" \/>\n\t<meta property=\"og:image:type\" content=\"image\/jpeg\" \/>\n<meta name=\"author\" content=\"freiaugusto\" \/>\n<meta name=\"twitter:card\" content=\"summary_large_image\" \/>\n<meta name=\"twitter:label1\" content=\"Escrito por\" \/>\n\t<meta name=\"twitter:data1\" content=\"freiaugusto\" \/>\n\t<meta name=\"twitter:label2\" content=\"Est. tempo de leitura\" \/>\n\t<meta name=\"twitter:data2\" content=\"5 minutos\" \/>\n<script type=\"application\/ld+json\" class=\"yoast-schema-graph\">{\"@context\":\"https:\/\/schema.org\",\"@graph\":[{\"@type\":\"WebSite\",\"@id\":\"https:\/\/franciscanos.org.br\/noticias\/#website\",\"url\":\"https:\/\/franciscanos.org.br\/noticias\/\",\"name\":\"Not\u00edcias - Franciscanos\",\"description\":\"Prov\u00edncia Franciscana da Imaculada Concei\u00e7\u00e3o do Brasil - Ordem dos Frades Menores - OFM\",\"potentialAction\":[{\"@type\":\"SearchAction\",\"target\":{\"@type\":\"EntryPoint\",\"urlTemplate\":\"https:\/\/franciscanos.org.br\/noticias\/?s={search_term_string}\"},\"query-input\":\"required name=search_term_string\"}],\"inLanguage\":\"pt-BR\"},{\"@type\":\"ImageObject\",\"inLanguage\":\"pt-BR\",\"@id\":\"https:\/\/franciscanos.org.br\/noticias\/fazer-opcoes-evangelicas-e-pacificas-exorta-frei-diego.html#primaryimage\",\"url\":\"https:\/\/franciscanos.org.br\/noticias\/wp-content\/uploads\/2018\/10\/transito_0031018-830-b.jpg\",\"contentUrl\":\"https:\/\/franciscanos.org.br\/noticias\/wp-content\/uploads\/2018\/10\/transito_0031018-830-b.jpg\",\"width\":273,\"height\":181},{\"@type\":\"WebPage\",\"@id\":\"https:\/\/franciscanos.org.br\/noticias\/fazer-opcoes-evangelicas-e-pacificas-exorta-frei-diego.html#webpage\",\"url\":\"https:\/\/franciscanos.org.br\/noticias\/fazer-opcoes-evangelicas-e-pacificas-exorta-frei-diego.html\",\"name\":\"Frei Diego: \\\"Fazer op\u00e7\u00f5es evang\u00e9licas e pac\u00edficas\\\" - Not\u00edcias - Franciscanos\",\"isPartOf\":{\"@id\":\"https:\/\/franciscanos.org.br\/noticias\/#website\"},\"primaryImageOfPage\":{\"@id\":\"https:\/\/franciscanos.org.br\/noticias\/fazer-opcoes-evangelicas-e-pacificas-exorta-frei-diego.html#primaryimage\"},\"datePublished\":\"2018-10-04T01:29:21+00:00\",\"dateModified\":\"2019-08-19T14:12:45+00:00\",\"author\":{\"@id\":\"https:\/\/franciscanos.org.br\/noticias\/#\/schema\/person\/37f88f0d111cd5358b12a6556a99eb91\"},\"breadcrumb\":{\"@id\":\"https:\/\/franciscanos.org.br\/noticias\/fazer-opcoes-evangelicas-e-pacificas-exorta-frei-diego.html#breadcrumb\"},\"inLanguage\":\"pt-BR\",\"potentialAction\":[{\"@type\":\"ReadAction\",\"target\":[\"https:\/\/franciscanos.org.br\/noticias\/fazer-opcoes-evangelicas-e-pacificas-exorta-frei-diego.html\"]}]},{\"@type\":\"BreadcrumbList\",\"@id\":\"https:\/\/franciscanos.org.br\/noticias\/fazer-opcoes-evangelicas-e-pacificas-exorta-frei-diego.html#breadcrumb\",\"itemListElement\":[{\"@type\":\"ListItem\",\"position\":1,\"name\":\"Home\",\"item\":\"https:\/\/franciscanos.org.br\/noticias\"},{\"@type\":\"ListItem\",\"position\":2,\"name\":\"Frei Diego: &#8220;Fazer op\u00e7\u00f5es evang\u00e9licas e pac\u00edficas&#8221;\"}]},{\"@type\":\"Person\",\"@id\":\"https:\/\/franciscanos.org.br\/noticias\/#\/schema\/person\/37f88f0d111cd5358b12a6556a99eb91\",\"name\":\"freiaugusto\",\"image\":{\"@type\":\"ImageObject\",\"inLanguage\":\"pt-BR\",\"@id\":\"https:\/\/franciscanos.org.br\/noticias\/#\/schema\/person\/image\/\",\"url\":\"https:\/\/secure.gravatar.com\/avatar\/9840b940e621801b24f3e6b059efb4b7?s=96&d=mm&r=g\",\"contentUrl\":\"https:\/\/secure.gravatar.com\/avatar\/9840b940e621801b24f3e6b059efb4b7?s=96&d=mm&r=g\",\"caption\":\"freiaugusto\"},\"url\":\"https:\/\/franciscanos.org.br\/noticias\/author\/freiaugusto\"}]}<\/script>\n<!-- \/ Yoast SEO plugin. -->","yoast_head_json":{"title":"Frei Diego: \"Fazer op\u00e7\u00f5es evang\u00e9licas e pac\u00edficas\" - Not\u00edcias - Franciscanos","robots":{"index":"index","follow":"follow","max-snippet":"max-snippet:-1","max-image-preview":"max-image-preview:large","max-video-preview":"max-video-preview:-1"},"canonical":"https:\/\/franciscanos.org.br\/noticias\/fazer-opcoes-evangelicas-e-pacificas-exorta-frei-diego.html","og_locale":"pt_BR","og_type":"article","og_title":"Frei Diego: \"Fazer op\u00e7\u00f5es evang\u00e9licas e pac\u00edficas\" - Not\u00edcias - Franciscanos","og_description":"Tr\u00e2nsito de S. Francisco","og_url":"https:\/\/franciscanos.org.br\/noticias\/fazer-opcoes-evangelicas-e-pacificas-exorta-frei-diego.html","og_site_name":"Not\u00edcias - Franciscanos","article_published_time":"2018-10-04T01:29:21+00:00","article_modified_time":"2019-08-19T14:12:45+00:00","og_image":[{"width":273,"height":181,"url":"https:\/\/franciscanos.org.br\/noticias\/wp-content\/uploads\/2018\/10\/transito_0031018-830-b.jpg","type":"image\/jpeg"}],"author":"freiaugusto","twitter_card":"summary_large_image","twitter_misc":{"Escrito por":"freiaugusto","Est. tempo de leitura":"5 minutos"},"schema":{"@context":"https:\/\/schema.org","@graph":[{"@type":"WebSite","@id":"https:\/\/franciscanos.org.br\/noticias\/#website","url":"https:\/\/franciscanos.org.br\/noticias\/","name":"Not\u00edcias - Franciscanos","description":"Prov\u00edncia Franciscana da Imaculada Concei\u00e7\u00e3o do Brasil - Ordem dos Frades Menores - OFM","potentialAction":[{"@type":"SearchAction","target":{"@type":"EntryPoint","urlTemplate":"https:\/\/franciscanos.org.br\/noticias\/?s={search_term_string}"},"query-input":"required name=search_term_string"}],"inLanguage":"pt-BR"},{"@type":"ImageObject","inLanguage":"pt-BR","@id":"https:\/\/franciscanos.org.br\/noticias\/fazer-opcoes-evangelicas-e-pacificas-exorta-frei-diego.html#primaryimage","url":"https:\/\/franciscanos.org.br\/noticias\/wp-content\/uploads\/2018\/10\/transito_0031018-830-b.jpg","contentUrl":"https:\/\/franciscanos.org.br\/noticias\/wp-content\/uploads\/2018\/10\/transito_0031018-830-b.jpg","width":273,"height":181},{"@type":"WebPage","@id":"https:\/\/franciscanos.org.br\/noticias\/fazer-opcoes-evangelicas-e-pacificas-exorta-frei-diego.html#webpage","url":"https:\/\/franciscanos.org.br\/noticias\/fazer-opcoes-evangelicas-e-pacificas-exorta-frei-diego.html","name":"Frei Diego: \"Fazer op\u00e7\u00f5es evang\u00e9licas e pac\u00edficas\" - Not\u00edcias - Franciscanos","isPartOf":{"@id":"https:\/\/franciscanos.org.br\/noticias\/#website"},"primaryImageOfPage":{"@id":"https:\/\/franciscanos.org.br\/noticias\/fazer-opcoes-evangelicas-e-pacificas-exorta-frei-diego.html#primaryimage"},"datePublished":"2018-10-04T01:29:21+00:00","dateModified":"2019-08-19T14:12:45+00:00","author":{"@id":"https:\/\/franciscanos.org.br\/noticias\/#\/schema\/person\/37f88f0d111cd5358b12a6556a99eb91"},"breadcrumb":{"@id":"https:\/\/franciscanos.org.br\/noticias\/fazer-opcoes-evangelicas-e-pacificas-exorta-frei-diego.html#breadcrumb"},"inLanguage":"pt-BR","potentialAction":[{"@type":"ReadAction","target":["https:\/\/franciscanos.org.br\/noticias\/fazer-opcoes-evangelicas-e-pacificas-exorta-frei-diego.html"]}]},{"@type":"BreadcrumbList","@id":"https:\/\/franciscanos.org.br\/noticias\/fazer-opcoes-evangelicas-e-pacificas-exorta-frei-diego.html#breadcrumb","itemListElement":[{"@type":"ListItem","position":1,"name":"Home","item":"https:\/\/franciscanos.org.br\/noticias"},{"@type":"ListItem","position":2,"name":"Frei Diego: &#8220;Fazer op\u00e7\u00f5es evang\u00e9licas e pac\u00edficas&#8221;"}]},{"@type":"Person","@id":"https:\/\/franciscanos.org.br\/noticias\/#\/schema\/person\/37f88f0d111cd5358b12a6556a99eb91","name":"freiaugusto","image":{"@type":"ImageObject","inLanguage":"pt-BR","@id":"https:\/\/franciscanos.org.br\/noticias\/#\/schema\/person\/image\/","url":"https:\/\/secure.gravatar.com\/avatar\/9840b940e621801b24f3e6b059efb4b7?s=96&d=mm&r=g","contentUrl":"https:\/\/secure.gravatar.com\/avatar\/9840b940e621801b24f3e6b059efb4b7?s=96&d=mm&r=g","caption":"freiaugusto"},"url":"https:\/\/franciscanos.org.br\/noticias\/author\/freiaugusto"}]}},"_links":{"self":[{"href":"https:\/\/franciscanos.org.br\/noticias\/wp-json\/wp\/v2\/posts\/173432"}],"collection":[{"href":"https:\/\/franciscanos.org.br\/noticias\/wp-json\/wp\/v2\/posts"}],"about":[{"href":"https:\/\/franciscanos.org.br\/noticias\/wp-json\/wp\/v2\/types\/post"}],"author":[{"embeddable":true,"href":"https:\/\/franciscanos.org.br\/noticias\/wp-json\/wp\/v2\/users\/5"}],"replies":[{"embeddable":true,"href":"https:\/\/franciscanos.org.br\/noticias\/wp-json\/wp\/v2\/comments?post=173432"}],"version-history":[{"count":0,"href":"https:\/\/franciscanos.org.br\/noticias\/wp-json\/wp\/v2\/posts\/173432\/revisions"}],"wp:featuredmedia":[{"embeddable":true,"href":"https:\/\/franciscanos.org.br\/noticias\/wp-json\/wp\/v2\/media\/191522"}],"wp:attachment":[{"href":"https:\/\/franciscanos.org.br\/noticias\/wp-json\/wp\/v2\/media?parent=173432"}],"wp:term":[{"taxonomy":"category","embeddable":true,"href":"https:\/\/franciscanos.org.br\/noticias\/wp-json\/wp\/v2\/categories?post=173432"},{"taxonomy":"post_tag","embeddable":true,"href":"https:\/\/franciscanos.org.br\/noticias\/wp-json\/wp\/v2\/tags?post=173432"}],"curies":[{"name":"wp","href":"https:\/\/api.w.org\/{rel}","templated":true}]}}