{"id":173400,"date":"2018-10-03T21:12:56","date_gmt":"2018-10-04T00:12:56","guid":{"rendered":"http:\/\/franciscanos.org.br\/?p=173400"},"modified":"2020-06-06T18:37:46","modified_gmt":"2020-06-06T21:37:46","slug":"o-mundo-tem-saudades-de-francisco-diz-frei-raimundo","status":"publish","type":"post","link":"https:\/\/franciscanos.org.br\/noticias\/o-mundo-tem-saudades-de-francisco-diz-frei-raimundo.html","title":{"rendered":"Tr\u00edduo: &#8220;O mundo tem saudades de Francisco&#8221;"},"content":{"rendered":"<p><img loading=\"lazy\" class=\"aligncenter\" src=\"http:\/\/franciscanos.org.br\/wp-content\/uploads\/2018\/10\/terceiro_031018.jpg\" alt=\"terceiro_031018\" width=\"830\" height=\"346\" \/><\/p>\n<p><strong>Moacir Beggo<\/strong><\/p>\n<p><strong>\u00a0<\/strong><strong>S\u00e3o Paulo (SP)<\/strong> &#8211; Quando o Papa Jo\u00e3o Paulo II, hoje S\u00e3o Jo\u00e3o Paulo II, visitou o Monte Alverne, onde S\u00e3o Francisco de Assis recebeu as chagas de Cristo, ele rezou dizendo: &#8220;O mundo tem saudades de ti, Francisco!&#8221;. Nesta quarta-feira, 3 de outubro, \u00e0s 18 horas, no momento do tr\u00e2nsito de S\u00e3o Francisco de Assis, Frei Raimundo de Oliveira Castro presidiu o Tr\u00edduo em honra ao Padroeiro da Par\u00f3quia S\u00e3o Francisco de Assis, na Vila Clementino (SP), e afirmou: &#8220;N\u00f3s queremos olhar para este santo e perceber que o mundo tem saudade dele para poder viver o Evangelho hoje&#8221;.<\/p>\n<p>Segundo o frade, queremos olhar para este santo e perceber a sua atualidade para viver os valores que ele viveu no seu dia a dia, a ponto de, 800 anos depois, o mundo aclam\u00e1-lo como outro Cristo. &#8220;N\u00f3s aprendemos na catequese, como crist\u00e3os, que se n\u00f3s quisermos conhecer um santo devemos olhar a imagem que o povo faz dele. Olhando para S\u00e3o Francisco,\u00a0 temos um homem com v\u00e1rias imagens. Temos um homem que carrega a Palavra, o Evangelho na sua vida; temos imagem como esta aqui (referindo-se \u00e0 imagem ao lado do altar) de bra\u00e7os abertos, com as criaturas, louvando a Deus, mas aquela que mais fala da espiritualidade de S\u00e3o Francisco \u00e9 a que ele carrega a cruz de Cristo, ou abra\u00e7a a cruz de Cristo. Quando olhamos nos Escritos de S\u00e3o Francisco, vemos o seu amor pela Palavra de Deus, e h\u00e1 uma passagem de Celano (seu primeiro bi\u00f3grafo) que diz assim: &#8216;\u00c9 bom ler os testemunhos das Escrituras, \u00e9 bom procurar nelas Deus nosso Senhor, mas eu j\u00e1 aprendi tantas coisas na B\u00edblia que para mim \u00e9 mais do que suficiente meditar e recordar. N\u00e3o preciso mais nada, filho. Conhe\u00e7o Cristo pobre e crucificado (2Cel 105; cf. tamb\u00e9m LP 38)&#8221;, situou o celebrante.<\/p>\n<p>Segundo Frei Raimundo, &#8220;Francisco abra\u00e7a a cruz para viver a gl\u00f3ria de Cristo&#8221;. Para ele, em todos os seus escritos e ensinamentos perpassa essa tem\u00e1tica da cruz. O celebrante lembrou a bel\u00edssima ora\u00e7\u00e3o de Francisco diante do crucifixo de S\u00e3o Dami\u00e3o: &#8220;O glorioso Deus alt\u00edssimo, iluminai as trevas do meu cora\u00e7\u00e3o, concedei-me uma f\u00e9 verdadeira, uma esperan\u00e7a firme e um amor perfeito. Dai-me! Senhor, o reto sentir e conhecer, a fim de que possa cumprir o sagrado encargo que na verdade acabais de dar-me. Am\u00e9m&#8221;.<\/p>\n<p><img loading=\"lazy\" class=\"aligncenter\" src=\"http:\/\/franciscanos.org.br\/wp-content\/uploads\/2018\/10\/terceiro_031018_1.jpg\" alt=\"terceiro_031018_1\" width=\"830\" height=\"589\" \/><\/p>\n<p>Frei Raimundo tamb\u00e9m detalhou para os fi\u00e9is paroquianos dois testamentos que resumem a m\u00edstica franciscana: o Testamento de Sena e Testamento que escreve na Porci\u00fancula. &#8220;No Testamento de Sena, ele deixa para os frades, as pessoas presentes e as que vir\u00e3o, tr\u00eas pontos: o amor fraterno, o amor e respeito \u00e0 pobreza e, em terceiro lugar, a submiss\u00e3o e fidelidade \u00e0 Igreja, que em sinal da mem\u00f3ria da minha b\u00ean\u00e7\u00e3o e do meu testamento sempre se amem uns aos outros, sempre amem e observem nossa senhora a santa pobreza, e que sempre sejam fi\u00e9is e submissos aos prelados e a todos os cl\u00e9rigos da santa m\u00e3e Igreja&#8221;, citou.<\/p>\n<p>Francisco pedia respeito aos te\u00f3logos porque ensinavam as sant\u00edssimas palavras divinas, onde nelas aprendemos que o pobre Cristo foi crucificado. &#8220;O amor e fidelidade \u00e0 pobreza ele pede a Santa Clara e \u00e0s irm\u00e3s, admoestando-as para nunca se afastarem da pobreza. N\u00e3o pobreza f\u00edsica, mas pobreza que imita o modo de ser de Cristo: pobreza que lava os p\u00e9s, pobreza que ama, pobreza que serve, que acolhe, que estende a m\u00e3o, e vai ao encontro&#8221;, insistiu Frei Raimundo, lembrando que Francisco tanto amou a Deus que n\u00e3o s\u00f3 no esp\u00edrito, mas tamb\u00e9m no corpo, assemelhou-se a Nosso Senhor Jesus Cristo.<\/p>\n<p>Na ora\u00e7\u00e3o do Tr\u00edduo, os fi\u00e9is rezaram: &#8220;Ilumina as trevas do meu cora\u00e7\u00e3o para que possa ver que sempre depois da noite, h\u00e1 a manh\u00e3 de ressurrei\u00e7\u00e3o. A esperan\u00e7a, neste in\u00edcio de s\u00e9culo e de mil\u00eanio, parece ser ainda mais urgente e necess\u00e1ria. Os homens e mulheres deste tempo, carentes de certezas, parecem ter pedido a firmeza das antigas \u2018verdades eternas&#8217;, rocha onde se alicer\u00e7ava a esperan\u00e7a crist\u00e3&#8221;.<\/p>\n<p>A Celebra\u00e7\u00e3o terminou com a b\u00ean\u00e7\u00e3o de S\u00e3o Francisco, que o celebrante deu a todos os fi\u00e9is ao lado da imagem de S\u00e3o Francisco.<\/p>\n","protected":false},"excerpt":{"rendered":"<p>Par\u00f3quia S\u00e3o Francisco de Assis da Vila Clementino<\/p>\n","protected":false},"author":1,"featured_media":191525,"comment_status":"open","ping_status":"open","sticky":false,"template":"","format":"standard","meta":[],"categories":[1],"tags":[271],"acf":[],"yoast_head":"<!-- This site is optimized with the Yoast SEO plugin v19.2 - https:\/\/yoast.com\/wordpress\/plugins\/seo\/ -->\n<title>Tr\u00edduo: &quot;O mundo tem saudades de Francisco&quot; - Not\u00edcias - Franciscanos<\/title>\n<meta name=\"robots\" content=\"index, follow, max-snippet:-1, max-image-preview:large, max-video-preview:-1\" \/>\n<link rel=\"canonical\" href=\"https:\/\/franciscanos.org.br\/noticias\/o-mundo-tem-saudades-de-francisco-diz-frei-raimundo.html\" \/>\n<meta property=\"og:locale\" content=\"pt_BR\" \/>\n<meta property=\"og:type\" content=\"article\" \/>\n<meta property=\"og:title\" content=\"Tr\u00edduo: &quot;O mundo tem saudades de Francisco&quot; - Not\u00edcias - Franciscanos\" \/>\n<meta property=\"og:description\" content=\"Par\u00f3quia S\u00e3o Francisco de Assis da Vila Clementino\" \/>\n<meta property=\"og:url\" content=\"https:\/\/franciscanos.org.br\/noticias\/o-mundo-tem-saudades-de-francisco-diz-frei-raimundo.html\" \/>\n<meta property=\"og:site_name\" content=\"Not\u00edcias - Franciscanos\" \/>\n<meta property=\"article:published_time\" content=\"2018-10-04T00:12:56+00:00\" \/>\n<meta property=\"article:modified_time\" content=\"2020-06-06T21:37:46+00:00\" \/>\n<meta property=\"og:image\" content=\"https:\/\/franciscanos.org.br\/noticias\/wp-content\/uploads\/2018\/10\/terceiro_031018_1.jpg\" \/>\n\t<meta property=\"og:image:width\" content=\"273\" \/>\n\t<meta property=\"og:image:height\" content=\"181\" \/>\n\t<meta property=\"og:image:type\" content=\"image\/jpeg\" \/>\n<meta name=\"author\" content=\"admin\" \/>\n<meta name=\"twitter:card\" content=\"summary_large_image\" \/>\n<meta name=\"twitter:label1\" content=\"Escrito por\" \/>\n\t<meta name=\"twitter:data1\" content=\"admin\" \/>\n\t<meta name=\"twitter:label2\" content=\"Est. tempo de leitura\" \/>\n\t<meta name=\"twitter:data2\" content=\"4 minutos\" \/>\n<script type=\"application\/ld+json\" class=\"yoast-schema-graph\">{\"@context\":\"https:\/\/schema.org\",\"@graph\":[{\"@type\":\"WebSite\",\"@id\":\"https:\/\/franciscanos.org.br\/noticias\/#website\",\"url\":\"https:\/\/franciscanos.org.br\/noticias\/\",\"name\":\"Not\u00edcias - Franciscanos\",\"description\":\"Prov\u00edncia Franciscana da Imaculada Concei\u00e7\u00e3o do Brasil - Ordem dos Frades Menores - OFM\",\"potentialAction\":[{\"@type\":\"SearchAction\",\"target\":{\"@type\":\"EntryPoint\",\"urlTemplate\":\"https:\/\/franciscanos.org.br\/noticias\/?s={search_term_string}\"},\"query-input\":\"required name=search_term_string\"}],\"inLanguage\":\"pt-BR\"},{\"@type\":\"ImageObject\",\"inLanguage\":\"pt-BR\",\"@id\":\"https:\/\/franciscanos.org.br\/noticias\/o-mundo-tem-saudades-de-francisco-diz-frei-raimundo.html#primaryimage\",\"url\":\"https:\/\/franciscanos.org.br\/noticias\/wp-content\/uploads\/2018\/10\/terceiro_031018_1.jpg\",\"contentUrl\":\"https:\/\/franciscanos.org.br\/noticias\/wp-content\/uploads\/2018\/10\/terceiro_031018_1.jpg\",\"width\":273,\"height\":181},{\"@type\":\"WebPage\",\"@id\":\"https:\/\/franciscanos.org.br\/noticias\/o-mundo-tem-saudades-de-francisco-diz-frei-raimundo.html#webpage\",\"url\":\"https:\/\/franciscanos.org.br\/noticias\/o-mundo-tem-saudades-de-francisco-diz-frei-raimundo.html\",\"name\":\"Tr\u00edduo: \\\"O mundo tem saudades de Francisco\\\" - Not\u00edcias - Franciscanos\",\"isPartOf\":{\"@id\":\"https:\/\/franciscanos.org.br\/noticias\/#website\"},\"primaryImageOfPage\":{\"@id\":\"https:\/\/franciscanos.org.br\/noticias\/o-mundo-tem-saudades-de-francisco-diz-frei-raimundo.html#primaryimage\"},\"datePublished\":\"2018-10-04T00:12:56+00:00\",\"dateModified\":\"2020-06-06T21:37:46+00:00\",\"author\":{\"@id\":\"https:\/\/franciscanos.org.br\/noticias\/#\/schema\/person\/b38fbf43118f02820bd932f2e4b14ad3\"},\"breadcrumb\":{\"@id\":\"https:\/\/franciscanos.org.br\/noticias\/o-mundo-tem-saudades-de-francisco-diz-frei-raimundo.html#breadcrumb\"},\"inLanguage\":\"pt-BR\",\"potentialAction\":[{\"@type\":\"ReadAction\",\"target\":[\"https:\/\/franciscanos.org.br\/noticias\/o-mundo-tem-saudades-de-francisco-diz-frei-raimundo.html\"]}]},{\"@type\":\"BreadcrumbList\",\"@id\":\"https:\/\/franciscanos.org.br\/noticias\/o-mundo-tem-saudades-de-francisco-diz-frei-raimundo.html#breadcrumb\",\"itemListElement\":[{\"@type\":\"ListItem\",\"position\":1,\"name\":\"Home\",\"item\":\"https:\/\/franciscanos.org.br\/noticias\"},{\"@type\":\"ListItem\",\"position\":2,\"name\":\"Tr\u00edduo: &#8220;O mundo tem saudades de Francisco&#8221;\"}]},{\"@type\":\"Person\",\"@id\":\"https:\/\/franciscanos.org.br\/noticias\/#\/schema\/person\/b38fbf43118f02820bd932f2e4b14ad3\",\"name\":\"admin\",\"image\":{\"@type\":\"ImageObject\",\"inLanguage\":\"pt-BR\",\"@id\":\"https:\/\/franciscanos.org.br\/noticias\/#\/schema\/person\/image\/\",\"url\":\"https:\/\/secure.gravatar.com\/avatar\/e8495742d34d0ba6448ea1c628263b3e?s=96&d=mm&r=g\",\"contentUrl\":\"https:\/\/secure.gravatar.com\/avatar\/e8495742d34d0ba6448ea1c628263b3e?s=96&d=mm&r=g\",\"caption\":\"admin\"},\"url\":\"https:\/\/franciscanos.org.br\/noticias\/author\/admin\"}]}<\/script>\n<!-- \/ Yoast SEO plugin. -->","yoast_head_json":{"title":"Tr\u00edduo: \"O mundo tem saudades de Francisco\" - Not\u00edcias - Franciscanos","robots":{"index":"index","follow":"follow","max-snippet":"max-snippet:-1","max-image-preview":"max-image-preview:large","max-video-preview":"max-video-preview:-1"},"canonical":"https:\/\/franciscanos.org.br\/noticias\/o-mundo-tem-saudades-de-francisco-diz-frei-raimundo.html","og_locale":"pt_BR","og_type":"article","og_title":"Tr\u00edduo: \"O mundo tem saudades de Francisco\" - Not\u00edcias - Franciscanos","og_description":"Par\u00f3quia S\u00e3o Francisco de Assis da Vila Clementino","og_url":"https:\/\/franciscanos.org.br\/noticias\/o-mundo-tem-saudades-de-francisco-diz-frei-raimundo.html","og_site_name":"Not\u00edcias - Franciscanos","article_published_time":"2018-10-04T00:12:56+00:00","article_modified_time":"2020-06-06T21:37:46+00:00","og_image":[{"width":273,"height":181,"url":"https:\/\/franciscanos.org.br\/noticias\/wp-content\/uploads\/2018\/10\/terceiro_031018_1.jpg","type":"image\/jpeg"}],"author":"admin","twitter_card":"summary_large_image","twitter_misc":{"Escrito por":"admin","Est. tempo de leitura":"4 minutos"},"schema":{"@context":"https:\/\/schema.org","@graph":[{"@type":"WebSite","@id":"https:\/\/franciscanos.org.br\/noticias\/#website","url":"https:\/\/franciscanos.org.br\/noticias\/","name":"Not\u00edcias - Franciscanos","description":"Prov\u00edncia Franciscana da Imaculada Concei\u00e7\u00e3o do Brasil - Ordem dos Frades Menores - OFM","potentialAction":[{"@type":"SearchAction","target":{"@type":"EntryPoint","urlTemplate":"https:\/\/franciscanos.org.br\/noticias\/?s={search_term_string}"},"query-input":"required name=search_term_string"}],"inLanguage":"pt-BR"},{"@type":"ImageObject","inLanguage":"pt-BR","@id":"https:\/\/franciscanos.org.br\/noticias\/o-mundo-tem-saudades-de-francisco-diz-frei-raimundo.html#primaryimage","url":"https:\/\/franciscanos.org.br\/noticias\/wp-content\/uploads\/2018\/10\/terceiro_031018_1.jpg","contentUrl":"https:\/\/franciscanos.org.br\/noticias\/wp-content\/uploads\/2018\/10\/terceiro_031018_1.jpg","width":273,"height":181},{"@type":"WebPage","@id":"https:\/\/franciscanos.org.br\/noticias\/o-mundo-tem-saudades-de-francisco-diz-frei-raimundo.html#webpage","url":"https:\/\/franciscanos.org.br\/noticias\/o-mundo-tem-saudades-de-francisco-diz-frei-raimundo.html","name":"Tr\u00edduo: \"O mundo tem saudades de Francisco\" - Not\u00edcias - Franciscanos","isPartOf":{"@id":"https:\/\/franciscanos.org.br\/noticias\/#website"},"primaryImageOfPage":{"@id":"https:\/\/franciscanos.org.br\/noticias\/o-mundo-tem-saudades-de-francisco-diz-frei-raimundo.html#primaryimage"},"datePublished":"2018-10-04T00:12:56+00:00","dateModified":"2020-06-06T21:37:46+00:00","author":{"@id":"https:\/\/franciscanos.org.br\/noticias\/#\/schema\/person\/b38fbf43118f02820bd932f2e4b14ad3"},"breadcrumb":{"@id":"https:\/\/franciscanos.org.br\/noticias\/o-mundo-tem-saudades-de-francisco-diz-frei-raimundo.html#breadcrumb"},"inLanguage":"pt-BR","potentialAction":[{"@type":"ReadAction","target":["https:\/\/franciscanos.org.br\/noticias\/o-mundo-tem-saudades-de-francisco-diz-frei-raimundo.html"]}]},{"@type":"BreadcrumbList","@id":"https:\/\/franciscanos.org.br\/noticias\/o-mundo-tem-saudades-de-francisco-diz-frei-raimundo.html#breadcrumb","itemListElement":[{"@type":"ListItem","position":1,"name":"Home","item":"https:\/\/franciscanos.org.br\/noticias"},{"@type":"ListItem","position":2,"name":"Tr\u00edduo: &#8220;O mundo tem saudades de Francisco&#8221;"}]},{"@type":"Person","@id":"https:\/\/franciscanos.org.br\/noticias\/#\/schema\/person\/b38fbf43118f02820bd932f2e4b14ad3","name":"admin","image":{"@type":"ImageObject","inLanguage":"pt-BR","@id":"https:\/\/franciscanos.org.br\/noticias\/#\/schema\/person\/image\/","url":"https:\/\/secure.gravatar.com\/avatar\/e8495742d34d0ba6448ea1c628263b3e?s=96&d=mm&r=g","contentUrl":"https:\/\/secure.gravatar.com\/avatar\/e8495742d34d0ba6448ea1c628263b3e?s=96&d=mm&r=g","caption":"admin"},"url":"https:\/\/franciscanos.org.br\/noticias\/author\/admin"}]}},"_links":{"self":[{"href":"https:\/\/franciscanos.org.br\/noticias\/wp-json\/wp\/v2\/posts\/173400"}],"collection":[{"href":"https:\/\/franciscanos.org.br\/noticias\/wp-json\/wp\/v2\/posts"}],"about":[{"href":"https:\/\/franciscanos.org.br\/noticias\/wp-json\/wp\/v2\/types\/post"}],"author":[{"embeddable":true,"href":"https:\/\/franciscanos.org.br\/noticias\/wp-json\/wp\/v2\/users\/1"}],"replies":[{"embeddable":true,"href":"https:\/\/franciscanos.org.br\/noticias\/wp-json\/wp\/v2\/comments?post=173400"}],"version-history":[{"count":1,"href":"https:\/\/franciscanos.org.br\/noticias\/wp-json\/wp\/v2\/posts\/173400\/revisions"}],"predecessor-version":[{"id":224760,"href":"https:\/\/franciscanos.org.br\/noticias\/wp-json\/wp\/v2\/posts\/173400\/revisions\/224760"}],"wp:featuredmedia":[{"embeddable":true,"href":"https:\/\/franciscanos.org.br\/noticias\/wp-json\/wp\/v2\/media\/191525"}],"wp:attachment":[{"href":"https:\/\/franciscanos.org.br\/noticias\/wp-json\/wp\/v2\/media?parent=173400"}],"wp:term":[{"taxonomy":"category","embeddable":true,"href":"https:\/\/franciscanos.org.br\/noticias\/wp-json\/wp\/v2\/categories?post=173400"},{"taxonomy":"post_tag","embeddable":true,"href":"https:\/\/franciscanos.org.br\/noticias\/wp-json\/wp\/v2\/tags?post=173400"}],"curies":[{"name":"wp","href":"https:\/\/api.w.org\/{rel}","templated":true}]}}