{"id":173344,"date":"2018-10-03T19:30:08","date_gmt":"2018-10-03T22:30:08","guid":{"rendered":"http:\/\/franciscanos.org.br\/?p=173344"},"modified":"2019-08-05T09:46:37","modified_gmt":"2019-08-05T12:46:37","slug":"leigos-franciscanos-encerram-novena-de-sao-francisco","status":"publish","type":"post","link":"https:\/\/franciscanos.org.br\/noticias\/leigos-franciscanos-encerram-novena-de-sao-francisco.html","title":{"rendered":"Leigos franciscanos encerram novena de S\u00e3o Francisco"},"content":{"rendered":"<p><img loading=\"lazy\" src=\"http:\/\/franciscanos.org.br\/wp-content\/uploads\/2018\/10\/novena_031018-830.jpg\" alt=\"novena_031018 830\" width=\"830\" height=\"400\" \/><br \/>\n<strong>\u00c9rika Augusto<\/strong><br \/>\n<strong>S\u00e3o Paulo (SP)<\/strong> &#8211; Esta quarta-feira, 3\/10, foi o \u00faltimo dia da novena em honra ao padroeiro no Santu\u00e1rio e Convento S\u00e3o Francisco, no centro de S\u00e3o Paulo. A anima\u00e7\u00e3o lit\u00fargica ficou por conta dos leigos franciscanos, da Ordem Franciscana Secular (OFS) e Juventude Franciscana (Jufra). Padre Francisco das Chagas, da Diocese de Santo Amaro, presidiu a celebra\u00e7\u00e3o. Muito pr\u00f3ximo dos frades, esta \u00e9 a quinta vez que ele celebra na novena de S\u00e3o Francisco no Santu\u00e1rio.<br \/>\nA homilia ficou por conta do formador da OFS das Chagas, o leigo George Luiz Cardoso. O tema do dia foi: \u201c\u00c9 morrendo que se vive para a vida eterna\u201d. O pregador afirmou que a morte, neste caso, n\u00e3o pode ser entendida apenas como a morte corporal, mas tamb\u00e9m a morte de diversos sentimentos interiores, que nos afastam de Deus e do pr\u00f3ximo. \u201cO nosso eu interior, nosso ego, quando n\u00e3o \u00e9 bem trabalhado, afasta-nos da nossa ess\u00eancia. Quando conseguimos fazer morrer todas estas trevas em nossa vida, conseguimos conquistar o c\u00e9u j\u00e1 aqui nesta terra, como consequ\u00eancia da nossa mudan\u00e7a interior, da nossa convers\u00e3o\u201d, explicou.<br \/>\n<img loading=\"lazy\" class=\"alignleft size-full wp-image-173398\" src=\"http:\/\/franciscanos.org.br\/wp-content\/uploads\/2018\/10\/novena_031018b.jpg\" alt=\"novena_031018b\" width=\"450\" height=\"300\" \/>Ele falou sobre a convers\u00e3o de S\u00e3o Francisco, quando ele se aproxima do leproso, dando-lhe um beijo. \u201cNosso Pai S\u00e3o Francisco, no processo de sua convers\u00e3o, fazendo morrer o seu ego, disse: Aquilo que era amargo tornou-se doce. E outro bem ele n\u00e3o quis, a n\u00e3o ser servir e amar o Cristo crucificado, o Cristo pobre, o Cristo ressuscitado, presente principalmente na Eucaristia\u201d, afirmou o irm\u00e3o.<br \/>\nEm seguida, Pe. Chagas pediu que os presentes sejam santos, como Francisco de Assis, dando testemunho de paz na sociedade. \u201cQue possamos construir pontes, estradas, do amor a partir de nossa realidade. Mais do que construir muros, mais do que instigar mentalidades de viol\u00eancia, precisamos ser Francisco de Assis hoje. Cada um em sua realidade, ser os novos Franciscos hoje. N\u00f3s podemos ser instrumentos de paz\u201d, exortou o religioso.<br \/>\nAmanh\u00e3, 4\/10, dia de S\u00e3o Francisco, haver\u00e1 missa \u00e0s 7h30, 9h, 10h30, 12h, 13h30, 15h, 16h30 e 18h. Durante todo o dia haver\u00e1 barracas no lado externo com comidas t\u00edpicas, ado\u00e7\u00e3o de animais, b\u00ean\u00e7\u00e3o das criaturas, venda de p\u00e3o do convento e muito mais. Neste dia, \u00e0s 9h, ser\u00e1 inaugurada a Exposi\u00e7\u00e3o Rel\u00edquias Franciscanas \u2013 Transcend\u00eancia e Sacralidade na vida e no corpo dos Santos.<br \/>\nConfira a programa\u00e7\u00e3o completa no Facebook do Santu\u00e1rio:\u00a0<a href=\"https:\/\/bit.ly\/2QVB2Bv\" target=\"_blank\" rel=\"noopener noreferrer\">https:\/\/bit.ly\/2QVB2Bv<\/a><br \/>\n<strong>Veja tamb\u00e9m:<\/strong><br \/>\n<a href=\"http:\/\/franciscanos.org.br\/?p=172150\">Missa Nordestina<\/a>\u00a0|\u00a0<a href=\"http:\/\/franciscanos.org.br\/?p=172418\">Primeiro dia da Novena<\/a>\u00a0|\u00a0<a href=\"http:\/\/franciscanos.org.br\/?p=172495\">Segundo dia da Novena<\/a>\u00a0|\u00a0<a href=\"http:\/\/franciscanos.org.br\/?p=172625\">Terceiro dia da Novena<\/a><br \/>\n<a href=\"http:\/\/franciscanos.org.br\/?p=172713\">Quarto dia da Novena<\/a>\u00a0|\u00a0<a href=\"http:\/\/franciscanos.org.br\/?p=172763\">Quinto dia da Novena<\/a>\u00a0|\u00a0<a href=\"http:\/\/franciscanos.org.br\/?p=172810\" target=\"_blank\" rel=\"noopener noreferrer\">Sexto dia da Novena<\/a>\u00a0|\u00a0<a href=\"http:\/\/franciscanos.org.br\/?p=172978\" target=\"_blank\" rel=\"noopener noreferrer\">S\u00e9timo dia da Novena<\/a>\u00a0| <a href=\"http:\/\/franciscanos.org.br\/?p=173159\" target=\"_blank\" rel=\"noopener noreferrer\">Oitavo dia da Novena<\/a><\/p>\n\n","protected":false},"excerpt":{"rendered":"<p>Convento S\u00e3o Francisco<\/p>\n","protected":false},"author":1,"featured_media":208759,"comment_status":"open","ping_status":"open","sticky":false,"template":"","format":"standard","meta":[],"categories":[1],"tags":[312],"acf":[],"yoast_head":"<!-- This site is optimized with the Yoast SEO plugin v19.2 - https:\/\/yoast.com\/wordpress\/plugins\/seo\/ -->\n<title>Leigos franciscanos encerram novena de S\u00e3o Francisco - Not\u00edcias - Franciscanos<\/title>\n<meta name=\"robots\" content=\"index, follow, max-snippet:-1, max-image-preview:large, max-video-preview:-1\" \/>\n<link rel=\"canonical\" href=\"https:\/\/franciscanos.org.br\/noticias\/leigos-franciscanos-encerram-novena-de-sao-francisco.html\" \/>\n<meta property=\"og:locale\" content=\"pt_BR\" \/>\n<meta property=\"og:type\" content=\"article\" \/>\n<meta property=\"og:title\" content=\"Leigos franciscanos encerram novena de S\u00e3o Francisco - Not\u00edcias - Franciscanos\" \/>\n<meta property=\"og:description\" content=\"Convento S\u00e3o Francisco\" \/>\n<meta property=\"og:url\" content=\"https:\/\/franciscanos.org.br\/noticias\/leigos-franciscanos-encerram-novena-de-sao-francisco.html\" \/>\n<meta property=\"og:site_name\" content=\"Not\u00edcias - Franciscanos\" \/>\n<meta property=\"article:published_time\" content=\"2018-10-03T22:30:08+00:00\" \/>\n<meta property=\"article:modified_time\" content=\"2019-08-05T12:46:37+00:00\" \/>\n<meta property=\"og:image\" content=\"https:\/\/franciscanos.org.br\/noticias\/wp-content\/uploads\/2018\/10\/novena_031018-830-1.jpg\" \/>\n\t<meta property=\"og:image:width\" content=\"273\" \/>\n\t<meta property=\"og:image:height\" content=\"181\" \/>\n\t<meta property=\"og:image:type\" content=\"image\/jpeg\" \/>\n<meta name=\"author\" content=\"admin\" \/>\n<meta name=\"twitter:card\" content=\"summary_large_image\" \/>\n<meta name=\"twitter:label1\" content=\"Escrito por\" \/>\n\t<meta name=\"twitter:data1\" content=\"admin\" \/>\n\t<meta name=\"twitter:label2\" content=\"Est. tempo de leitura\" \/>\n\t<meta name=\"twitter:data2\" content=\"2 minutos\" \/>\n<script type=\"application\/ld+json\" class=\"yoast-schema-graph\">{\"@context\":\"https:\/\/schema.org\",\"@graph\":[{\"@type\":\"WebSite\",\"@id\":\"https:\/\/franciscanos.org.br\/noticias\/#website\",\"url\":\"https:\/\/franciscanos.org.br\/noticias\/\",\"name\":\"Not\u00edcias - Franciscanos\",\"description\":\"Prov\u00edncia Franciscana da Imaculada Concei\u00e7\u00e3o do Brasil - Ordem dos Frades Menores - OFM\",\"potentialAction\":[{\"@type\":\"SearchAction\",\"target\":{\"@type\":\"EntryPoint\",\"urlTemplate\":\"https:\/\/franciscanos.org.br\/noticias\/?s={search_term_string}\"},\"query-input\":\"required name=search_term_string\"}],\"inLanguage\":\"pt-BR\"},{\"@type\":\"ImageObject\",\"inLanguage\":\"pt-BR\",\"@id\":\"https:\/\/franciscanos.org.br\/noticias\/leigos-franciscanos-encerram-novena-de-sao-francisco.html#primaryimage\",\"url\":\"https:\/\/franciscanos.org.br\/noticias\/wp-content\/uploads\/2018\/10\/novena_031018-830-1.jpg\",\"contentUrl\":\"https:\/\/franciscanos.org.br\/noticias\/wp-content\/uploads\/2018\/10\/novena_031018-830-1.jpg\",\"width\":273,\"height\":181},{\"@type\":\"WebPage\",\"@id\":\"https:\/\/franciscanos.org.br\/noticias\/leigos-franciscanos-encerram-novena-de-sao-francisco.html#webpage\",\"url\":\"https:\/\/franciscanos.org.br\/noticias\/leigos-franciscanos-encerram-novena-de-sao-francisco.html\",\"name\":\"Leigos franciscanos encerram novena de S\u00e3o Francisco - Not\u00edcias - Franciscanos\",\"isPartOf\":{\"@id\":\"https:\/\/franciscanos.org.br\/noticias\/#website\"},\"primaryImageOfPage\":{\"@id\":\"https:\/\/franciscanos.org.br\/noticias\/leigos-franciscanos-encerram-novena-de-sao-francisco.html#primaryimage\"},\"datePublished\":\"2018-10-03T22:30:08+00:00\",\"dateModified\":\"2019-08-05T12:46:37+00:00\",\"author\":{\"@id\":\"https:\/\/franciscanos.org.br\/noticias\/#\/schema\/person\/b38fbf43118f02820bd932f2e4b14ad3\"},\"breadcrumb\":{\"@id\":\"https:\/\/franciscanos.org.br\/noticias\/leigos-franciscanos-encerram-novena-de-sao-francisco.html#breadcrumb\"},\"inLanguage\":\"pt-BR\",\"potentialAction\":[{\"@type\":\"ReadAction\",\"target\":[\"https:\/\/franciscanos.org.br\/noticias\/leigos-franciscanos-encerram-novena-de-sao-francisco.html\"]}]},{\"@type\":\"BreadcrumbList\",\"@id\":\"https:\/\/franciscanos.org.br\/noticias\/leigos-franciscanos-encerram-novena-de-sao-francisco.html#breadcrumb\",\"itemListElement\":[{\"@type\":\"ListItem\",\"position\":1,\"name\":\"Home\",\"item\":\"https:\/\/franciscanos.org.br\/noticias\"},{\"@type\":\"ListItem\",\"position\":2,\"name\":\"Leigos franciscanos encerram novena de S\u00e3o Francisco\"}]},{\"@type\":\"Person\",\"@id\":\"https:\/\/franciscanos.org.br\/noticias\/#\/schema\/person\/b38fbf43118f02820bd932f2e4b14ad3\",\"name\":\"admin\",\"image\":{\"@type\":\"ImageObject\",\"inLanguage\":\"pt-BR\",\"@id\":\"https:\/\/franciscanos.org.br\/noticias\/#\/schema\/person\/image\/\",\"url\":\"https:\/\/secure.gravatar.com\/avatar\/e8495742d34d0ba6448ea1c628263b3e?s=96&d=mm&r=g\",\"contentUrl\":\"https:\/\/secure.gravatar.com\/avatar\/e8495742d34d0ba6448ea1c628263b3e?s=96&d=mm&r=g\",\"caption\":\"admin\"},\"url\":\"https:\/\/franciscanos.org.br\/noticias\/author\/admin\"}]}<\/script>\n<!-- \/ Yoast SEO plugin. -->","yoast_head_json":{"title":"Leigos franciscanos encerram novena de S\u00e3o Francisco - Not\u00edcias - Franciscanos","robots":{"index":"index","follow":"follow","max-snippet":"max-snippet:-1","max-image-preview":"max-image-preview:large","max-video-preview":"max-video-preview:-1"},"canonical":"https:\/\/franciscanos.org.br\/noticias\/leigos-franciscanos-encerram-novena-de-sao-francisco.html","og_locale":"pt_BR","og_type":"article","og_title":"Leigos franciscanos encerram novena de S\u00e3o Francisco - Not\u00edcias - Franciscanos","og_description":"Convento S\u00e3o Francisco","og_url":"https:\/\/franciscanos.org.br\/noticias\/leigos-franciscanos-encerram-novena-de-sao-francisco.html","og_site_name":"Not\u00edcias - Franciscanos","article_published_time":"2018-10-03T22:30:08+00:00","article_modified_time":"2019-08-05T12:46:37+00:00","og_image":[{"width":273,"height":181,"url":"https:\/\/franciscanos.org.br\/noticias\/wp-content\/uploads\/2018\/10\/novena_031018-830-1.jpg","type":"image\/jpeg"}],"author":"admin","twitter_card":"summary_large_image","twitter_misc":{"Escrito por":"admin","Est. tempo de leitura":"2 minutos"},"schema":{"@context":"https:\/\/schema.org","@graph":[{"@type":"WebSite","@id":"https:\/\/franciscanos.org.br\/noticias\/#website","url":"https:\/\/franciscanos.org.br\/noticias\/","name":"Not\u00edcias - Franciscanos","description":"Prov\u00edncia Franciscana da Imaculada Concei\u00e7\u00e3o do Brasil - Ordem dos Frades Menores - OFM","potentialAction":[{"@type":"SearchAction","target":{"@type":"EntryPoint","urlTemplate":"https:\/\/franciscanos.org.br\/noticias\/?s={search_term_string}"},"query-input":"required name=search_term_string"}],"inLanguage":"pt-BR"},{"@type":"ImageObject","inLanguage":"pt-BR","@id":"https:\/\/franciscanos.org.br\/noticias\/leigos-franciscanos-encerram-novena-de-sao-francisco.html#primaryimage","url":"https:\/\/franciscanos.org.br\/noticias\/wp-content\/uploads\/2018\/10\/novena_031018-830-1.jpg","contentUrl":"https:\/\/franciscanos.org.br\/noticias\/wp-content\/uploads\/2018\/10\/novena_031018-830-1.jpg","width":273,"height":181},{"@type":"WebPage","@id":"https:\/\/franciscanos.org.br\/noticias\/leigos-franciscanos-encerram-novena-de-sao-francisco.html#webpage","url":"https:\/\/franciscanos.org.br\/noticias\/leigos-franciscanos-encerram-novena-de-sao-francisco.html","name":"Leigos franciscanos encerram novena de S\u00e3o Francisco - Not\u00edcias - Franciscanos","isPartOf":{"@id":"https:\/\/franciscanos.org.br\/noticias\/#website"},"primaryImageOfPage":{"@id":"https:\/\/franciscanos.org.br\/noticias\/leigos-franciscanos-encerram-novena-de-sao-francisco.html#primaryimage"},"datePublished":"2018-10-03T22:30:08+00:00","dateModified":"2019-08-05T12:46:37+00:00","author":{"@id":"https:\/\/franciscanos.org.br\/noticias\/#\/schema\/person\/b38fbf43118f02820bd932f2e4b14ad3"},"breadcrumb":{"@id":"https:\/\/franciscanos.org.br\/noticias\/leigos-franciscanos-encerram-novena-de-sao-francisco.html#breadcrumb"},"inLanguage":"pt-BR","potentialAction":[{"@type":"ReadAction","target":["https:\/\/franciscanos.org.br\/noticias\/leigos-franciscanos-encerram-novena-de-sao-francisco.html"]}]},{"@type":"BreadcrumbList","@id":"https:\/\/franciscanos.org.br\/noticias\/leigos-franciscanos-encerram-novena-de-sao-francisco.html#breadcrumb","itemListElement":[{"@type":"ListItem","position":1,"name":"Home","item":"https:\/\/franciscanos.org.br\/noticias"},{"@type":"ListItem","position":2,"name":"Leigos franciscanos encerram novena de S\u00e3o Francisco"}]},{"@type":"Person","@id":"https:\/\/franciscanos.org.br\/noticias\/#\/schema\/person\/b38fbf43118f02820bd932f2e4b14ad3","name":"admin","image":{"@type":"ImageObject","inLanguage":"pt-BR","@id":"https:\/\/franciscanos.org.br\/noticias\/#\/schema\/person\/image\/","url":"https:\/\/secure.gravatar.com\/avatar\/e8495742d34d0ba6448ea1c628263b3e?s=96&d=mm&r=g","contentUrl":"https:\/\/secure.gravatar.com\/avatar\/e8495742d34d0ba6448ea1c628263b3e?s=96&d=mm&r=g","caption":"admin"},"url":"https:\/\/franciscanos.org.br\/noticias\/author\/admin"}]}},"_links":{"self":[{"href":"https:\/\/franciscanos.org.br\/noticias\/wp-json\/wp\/v2\/posts\/173344"}],"collection":[{"href":"https:\/\/franciscanos.org.br\/noticias\/wp-json\/wp\/v2\/posts"}],"about":[{"href":"https:\/\/franciscanos.org.br\/noticias\/wp-json\/wp\/v2\/types\/post"}],"author":[{"embeddable":true,"href":"https:\/\/franciscanos.org.br\/noticias\/wp-json\/wp\/v2\/users\/1"}],"replies":[{"embeddable":true,"href":"https:\/\/franciscanos.org.br\/noticias\/wp-json\/wp\/v2\/comments?post=173344"}],"version-history":[{"count":0,"href":"https:\/\/franciscanos.org.br\/noticias\/wp-json\/wp\/v2\/posts\/173344\/revisions"}],"wp:featuredmedia":[{"embeddable":true,"href":"https:\/\/franciscanos.org.br\/noticias\/wp-json\/wp\/v2\/media\/208759"}],"wp:attachment":[{"href":"https:\/\/franciscanos.org.br\/noticias\/wp-json\/wp\/v2\/media?parent=173344"}],"wp:term":[{"taxonomy":"category","embeddable":true,"href":"https:\/\/franciscanos.org.br\/noticias\/wp-json\/wp\/v2\/categories?post=173344"},{"taxonomy":"post_tag","embeddable":true,"href":"https:\/\/franciscanos.org.br\/noticias\/wp-json\/wp\/v2\/tags?post=173344"}],"curies":[{"name":"wp","href":"https:\/\/api.w.org\/{rel}","templated":true}]}}