{"id":173248,"date":"2018-10-03T07:50:47","date_gmt":"2018-10-03T10:50:47","guid":{"rendered":"http:\/\/franciscanos.org.br\/?p=173248"},"modified":"2020-06-06T18:40:19","modified_gmt":"2020-06-06T21:40:19","slug":"papa-que-o-espirito-nos-de-a-capacidade-de-sonhar","status":"publish","type":"post","link":"https:\/\/franciscanos.org.br\/noticias\/papa-que-o-espirito-nos-de-a-capacidade-de-sonhar.html","title":{"rendered":"Papa: que o Esp\u00edrito nos d\u00ea a capacidade de sonhar"},"content":{"rendered":"<p><strong><img loading=\"lazy\" class=\"alignleft size-full wp-image-191544\" src=\"https:\/\/franciscanos.org.br\/noticias\/wp-content\/uploads\/2018\/10\/papa_0310181.jpg\" alt=\"\" width=\"820\" height=\"462\" srcset=\"https:\/\/franciscanos.org.br\/noticias\/wp-content\/uploads\/2018\/10\/papa_0310181.jpg 820w, https:\/\/franciscanos.org.br\/noticias\/wp-content\/uploads\/2018\/10\/papa_0310181-450x254.jpg 450w, https:\/\/franciscanos.org.br\/noticias\/wp-content\/uploads\/2018\/10\/papa_0310181-768x433.jpg 768w, https:\/\/franciscanos.org.br\/noticias\/wp-content\/uploads\/2018\/10\/papa_0310181-150x85.jpg 150w\" sizes=\"(max-width: 820px) 100vw, 820px\" \/>Cidade do Vaticano<\/strong> &#8211; O Santo Padre presidiu esta manh\u00e3 (03\/10), na Pra\u00e7a S\u00e3o Pedro, \u00e0 solene celebra\u00e7\u00e3o da Santa Missa por ocasi\u00e3o da inaugura\u00e7\u00e3o do S\u00ednodo dos Bispos, que se realiza no Vaticano de 3 a 28 do corrente, sobre o tema: \u201cOs jovens, a f\u00e9 e o discernimento vocacional\u201d.<\/p>\n<p>O Papa iniciou sua homilia com o trecho do Evangelho de S\u00e3o Jo\u00e3o, que diz: \u201cO Esp\u00edrito Santo, que o Pai enviar\u00e1 em meu nome, lhes ensinar\u00e1 tudo e recordar\u00e1 tudo o que Eu lhes disse\u201d.<\/p>\n<p>Desta maneira t\u00e3o simples, &#8211; disse o Papa &#8211; Jesus oferece aos seus disc\u00edpulos a garantia de que o Esp\u00edrito Santo os acompanhar\u00e1 em toda a sua obra mission\u00e1ria. O Esp\u00edrito do Senhor \u00e9 o primeiro a guardar e manter sempre viva e atual a mem\u00f3ria do Mestre no cora\u00e7\u00e3o dos disc\u00edpulos e faz com que a riqueza e beleza do Evangelho sejam fonte de constante alegria e novidade. E Francisco exortou os presentes:<\/p>\n<p>\u201cNo in\u00edcio deste momento de gra\u00e7a para toda a Igreja, em sintonia com a Palavra de Deus, pe\u00e7amos insistentemente ao Par\u00e1clito que nos ajude a trazer \u00e0 mem\u00f3ria e reavivar as palavras do Senhor, que faziam arder o nosso cora\u00e7\u00e3o. Mem\u00f3ria para que possa despertar e renovar em n\u00f3s a capacidade de sonhar e esperar. Os jovens ser\u00e3o capazes de profecia e vis\u00e3o, na medida em que n\u00f3s, adultos ou idosos, formos capazes de sonhar, contagiar e partilhar os nossos sonhos e esperan\u00e7as\u201d.<\/p>\n<p><strong>Sonhos e esperan\u00e7as<\/strong><\/p>\n<p>O Santo Padre expressou seu desejo de que \u201co Esp\u00edrito do Senhor nos d\u00ea a gra\u00e7a de sermos Padres sinodais, ungidos com o dom dos \u201csonhos e da esperan\u00e7a\u201d, para podermos ungir os jovens com o dom da profecia e da vis\u00e3o; possa dar-nos a gra\u00e7a de sermos mem\u00f3ria atuante, viva e eficaz, que n\u00e3o se deixa sufocar e esmagar pelos falsos profetas, mas levar a inflamar o cora\u00e7\u00e3o e discernir os caminhos do Esp\u00edrito. E acrescentou:<\/p>\n<p>\u201c\u00c9 com esta disposi\u00e7\u00e3o de d\u00f3cil escuta da voz do Esp\u00edrito que viemos aqui, de todas as partes do mundo. Hoje, pela primeira vez, est\u00e3o conosco tamb\u00e9m dois irm\u00e3os Bispos da China continental, a quem damos as nossas calorosas boas vindas. Com a sua presen\u00e7a, a comunh\u00e3o de todo o Episcopado, com o Sucessor de Pedro, torna-se ainda mais vis\u00edvel\u201d.<\/p>\n<p><img loading=\"lazy\" class=\"alignleft\" src=\"http:\/\/franciscanos.org.br\/wp-content\/uploads\/2018\/10\/papa_031018_2.jpg\" alt=\"papa_031018_2\" width=\"820\" height=\"546\" \/><\/p>\n<p><strong>Dilatar os cora\u00e7\u00f5es<\/strong><\/p>\n<p>Ungidos com a esperan\u00e7a, &#8211; disse Francisco &#8211; come\u00e7amos um novo encontro eclesial, capaz de ampliar os horizontes, dilatar os cora\u00e7\u00f5es e transformar as estruturas, que hoje nos paralisam, dividem e afastam dos jovens, deixando-os expostos \u00e0s intemp\u00e9ries e \u00f3rf\u00e3os de uma comunidade de f\u00e9 que os apoie, de um horizonte de sentido e de vida. A esperan\u00e7a interpela-nos, destronca o conformismo e nos convida a trabalhar contra a precariedade, exclus\u00e3o e viol\u00eancia, \u00e0s quais est\u00e1 exposta a nossa juventude. E falando dos jovens, o Papa disse: \u201cOs jovens, fruto de muitas das decis\u00f5es tomadas no passado, exortam-nos a cuidar do presente, com maior esfor\u00e7o e com eles, a lutar contra tudo aquilo que impede a sua vida de crescer com dignidade. Pedem-nos e exigem-nos uma dedica\u00e7\u00e3o criativa, uma din\u00e2mica inteligente, entusiasta e cheia de esperan\u00e7a, e que n\u00e3o os deixemos sozinhos nas m\u00e3os de tantos traficantes de morte que oprimem a sua vida e obscurecem a sua vis\u00e3o\u201d.<\/p>\n<p><strong> Sob a prote\u00e7\u00e3o de Maria<\/strong><\/p>\n<p>O dom da escuta sincera deve livre de preconceitos para entrarmos em comunh\u00e3o com as diferentes situa\u00e7\u00f5es do Povo de Deus, sem cairmos na tenta\u00e7\u00e3o de certos moralismos, elitismos e de ideologias abstratas. E o Papa convidou os Padres Sinodais, dizendo:<\/p>\n<p>\u201cIrm\u00e3os, coloquemos este tempo sob a prote\u00e7\u00e3o materna da Virgem Maria, mulher da escuta e da mem\u00f3ria, para que nos guie no reconhecimento dos vest\u00edgios do Esp\u00edrito, afim de que, entre sonhos e esperan\u00e7as, possamos acompanhar e encorajar nossos jovens para que n\u00e3o cessem de profetizar\u201d.<\/p>\n<p>Neste sentido, Francisco recordou que, ao t\u00e9rmino do Conc\u00edlio Vaticano II, os Padres Conciliares dedicaram a sua \u00faltima mensagem aos jovens: \u00abA Igreja, durante quatro anos, trabalhou para um rejuvenescimento do seu rosto, para melhor responder \u00e0 inten\u00e7\u00e3o do seu fundador, Cristo, o eterno jovem&#8230; \u00c9 especialmente para os jovens que a Igreja acende, neste Conc\u00edlio Ecum\u00eanico, uma luz, que iluminar\u00e1 o futuro da juventude. A Igreja espera que a sociedade respeite a dignidade, a liberdade, o direito sobretudo dos jovens\u00bb.<\/p>\n<p>Francisco concluiu sua homilia exortando os Padres Sinodais e representantes da Igreja no mundo, a alargar seus cora\u00e7\u00f5es, a escutar o apelo do Povo de Deus e a colocar-se suas energias a servi\u00e7o da juventude:<\/p>\n<p>\u201cLutem contra todo o ego\u00edsmo. Rejeitem dar livre arb\u00edtrio aos instintos da viol\u00eancia e do \u00f3dio, que geram guerras e suas consequentes mis\u00e9rias. Sejam generosos, puros, respeitadores, sinceros. Construam, com entusiasmo, um mundo melhor, que o dos seus antepassados. Padres sinodais, a Igreja olha para voc\u00eas com confian\u00e7a e amor.\u201d<\/p>\n<p><strong>\u00cdNTEGRA DA HOMILIA<\/strong><\/p>\n<p>\u00abO Esp\u00edrito Santo que o Pai enviar\u00e1 em meu nome, Esse \u00e9 que vos ensinar\u00e1 tudo, e h\u00e1 de recordar-vos tudo o que vos disse\u00bb (Jo 14, 26).<\/p>\n<p>Desta maneira t\u00e3o simples, Jesus oferece aos seus disc\u00edpulos a garantia de que acompanhar\u00e1 todo o trabalho mission\u00e1rio que lhes ser\u00e1 confiado: o Esp\u00edrito Santo ser\u00e1 o primeiro a guardar e manter sempre viva e atual no cora\u00e7\u00e3o dos disc\u00edpulos a mem\u00f3ria do Mestre. Ele faz com que a riqueza e beleza do Evangelho seja fonte de constante alegria e novidade.<\/p>\n<p>No in\u00edcio deste momento de gra\u00e7a para toda a Igreja, em sintonia com a Palavra de Deus, pe\u00e7amos insistentemente ao Par\u00e1clito que nos ajude a trazer \u00e0 mem\u00f3ria e a reavivar as palavras do Senhor que faziam arder o nosso cora\u00e7\u00e3o (cf. Lc 24, 32). Ardor e paix\u00e3o evang\u00e9lica que geram o ardor e a paix\u00e3o por Jesus. Mem\u00f3ria que possa despertar e renovar em n\u00f3s a capacidade de sonhar e esperar. Porque sabemos que os nossos jovens ser\u00e3o capazes de profecia e vis\u00e3o, na medida em que n\u00f3s, adultos ou j\u00e1 idosos, formos capazes de sonhar e assim contagiar e partilhar os sonhos e as esperan\u00e7as que trazemos no cora\u00e7\u00e3o (cf. Jl 3, 1).<\/p>\n<p>Que o Esp\u00edrito nos d\u00ea a gra\u00e7a de ser Padres sinodais ungidos com o dom dos sonhos e da esperan\u00e7a, para podermos, por nossa vez, ungir os nossos jovens com o dom da profecia e da vis\u00e3o; que nos d\u00ea a gra\u00e7a de ser mem\u00f3ria operosa, viva e eficaz, que, de gera\u00e7\u00e3o em gera\u00e7\u00e3o, n\u00e3o se deixa sufocar e esmagar pelos profetas de calamidades e desgra\u00e7as, nem pelos nossos limites, erros e pecados, mas \u00e9 capaz de encontrar espa\u00e7os para inflamar o cora\u00e7\u00e3o e discernir os caminhos do Esp\u00edrito. \u00c9 com esta disposi\u00e7\u00e3o de d\u00f3cil escuta da voz do Esp\u00edrito que nos congregamos aqui de todas as partes do mundo. Hoje, pela primeira vez, est\u00e3o connosco tamb\u00e9m dois irm\u00e3os Bispos da China continental, a quem damos as nossas calorosas boas-vindas. Gra\u00e7as \u00e0 sua presen\u00e7a, \u00e9 ainda mais vis\u00edvel a comunh\u00e3o de todo o Episcopado com o Sucessor de Pedro.<\/p>\n<p>Ungidos na esperan\u00e7a, come\u00e7amos um novo encontro eclesial capaz de ampliar horizontes, dilatar o cora\u00e7\u00e3o e transformar as estruturas que hoje nos paralisam, separam e afastam dos jovens, deixando-os expostos \u00e0s intemp\u00e9ries e \u00f3rf\u00e3os duma comunidade de f\u00e9 que os apoie, dum horizonte de sentido e de vida (cf. Exort. ap. Evangelii gaudium, 49).<\/p>\n<p>A esperan\u00e7a interpela-nos, move-nos e destro\u00e7a o conformismo ditado pelo \u00absempre se fez assim\u00bb e pede que nos ergamos para fixar olhos nos olhos o rosto dos jovens e ver as situa\u00e7\u00f5es em que se encontram. A mesma esperan\u00e7a pede que trabalhemos por derrubar as situa\u00e7\u00f5es de precariedade, exclus\u00e3o e viol\u00eancia, a que est\u00e1 exposta a nossa juventude.<\/p>\n<p>Fruto de muitas das decis\u00f5es tomadas no passado, os jovens chamam-nos a cuidar, com maior empenho e juntamente com eles, do presente e a lutar contra aquilo que de algum modo impede a sua vida de crescer com dignidade. Pedem-nos e exigem-nos uma dedica\u00e7\u00e3o criativa, uma din\u00e2mica inteligente, entusiasta e cheia de esperan\u00e7a, e que n\u00e3o os deixemos sozinhos nas m\u00e3os de tantos traficantes de morte que oprimem a sua vida e obscurecem a sua vis\u00e3o.<\/p>\n<p>Esta capacidade de sonhar juntos, que hoje o Senhor nos d\u00e1 de presente a n\u00f3s como Igreja, exige \u2013 conforme nos dizia S\u00e3o Paulo, na primeira Leitura \u2013 que desenvolvamos entre n\u00f3s uma atitude muito concreta: \u00abCada um n\u00e3o tenha em vista os pr\u00f3prios interesses, mas todos e cada um exatamente os interesses dos outros\u00bb (Flp 2, 4). E, ao mesmo tempo, aponta para mais alto pedindo que, humildemente, consideremos os outros superiores a n\u00f3s mesmos (cf. 2, 3). Com este esp\u00edrito, procuraremos colocar-nos \u00e0 escuta uns dos outros para discernirmos, juntos, aquilo que o Senhor est\u00e1 a pedir \u00e0 sua Igreja. Isto exige de n\u00f3s que estejamos atentos e nos precavamos bem para n\u00e3o prevalecer a l\u00f3gica da auto-preserva\u00e7\u00e3o e da autorrefer\u00eancia, que acaba por tornar importante o que \u00e9 secund\u00e1rio, e secund\u00e1rio o que \u00e9 importante. O amor ao Evangelho e ao povo que nos foi confiado pede-nos que alarguemos o olhar e n\u00e3o percamos de vista a miss\u00e3o a que nos chama a fim de apostar num bem maior que ser\u00e1 de proveito para todos n\u00f3s. Sem esta atitude, ser\u00e3o v\u00e3os todos os nossos esfor\u00e7os.<\/p>\n<p>O dom da escuta sincera, orante e, o mais poss\u00edvel, livre de preconceitos e condi\u00e7\u00f5es permitir-nos-\u00e1 entrar em comunh\u00e3o com as diferentes situa\u00e7\u00f5es que vive o povo de Deus. Ouvir a Deus, para escutar com Ele o clamor do povo; ouvir o povo, para respirar com ele a vontade a que Deus nos chama (cf. Discurso na Vig\u00edlia de Ora\u00e7\u00e3o preparat\u00f3ria para o S\u00ednodo sobre a fam\u00edlia, 4 de outubro de 2014).<\/p>\n<p>Esta atitude defende-nos da tenta\u00e7\u00e3o de cair em posi\u00e7\u00f5es moralistas ou elitistas, bem como da atra\u00e7\u00e3o por ideologias abstratas que nunca correspondem \u00e0 realidade do nosso povo (cf. J. M. Bergoglio, Medita\u00e7\u00f5es para religiosos, 45-46).<\/p>\n<p>Irm\u00e3os, irm\u00e3s, coloquemos este tempo sob a prote\u00e7\u00e3o materna da Virgem Maria. Que Ela, mulher da escuta e da mem\u00f3ria, nos acompanhe no reconhecimento dos vest\u00edgios do Esp\u00edrito, a fim de que solicitamente (cf. Lc 1, 39), entre os sonhos e esperan\u00e7as, acompanhemos e estimulemos os nossos jovens para que n\u00e3o cessem de profetizar.<\/p>\n<p>Padres sinodais! Muitos de n\u00f3s \u00e9ramos jovens ou d\u00e1vamos os primeiros passos na vida religiosa, quando terminou o Conc\u00edlio Vaticano II. Aos jovens de ent\u00e3o, foi dirigida a \u00faltima mensagem dos Padres conciliares. O que ouvimos quando \u00e9ramos jovens far-nos-\u00e1 bem repass\u00e1-lo com o cora\u00e7\u00e3o, lembrados das palavras do poeta: \u00abO homem mantenha o que, em crian\u00e7a, prometeu\u00bb (F. H\u00f6lderlin).<\/p>\n<p>Assim nos falaram os Padres conciliares: \u00abA Igreja, durante quatro anos, tem estado a trabalhar para um rejuvenescimento do seu rosto, para melhor responder \u00e0 inten\u00e7\u00e3o do seu fundador, o grande vivente, o Cristo eternamente jovem. E no termo desta importante \u201crevis\u00e3o de vida\u201d, volta-se para v\u00f3s. \u00c9 para v\u00f3s, os jovens, especialmente para v\u00f3s, que ela acaba de acender, pelo seu Conc\u00edlio, uma luz: luz que iluminar\u00e1 o futuro, o vosso futuro. A Igreja deseja que esta sociedade que v\u00f3s ides construir respeite a dignidade, a liberdade, o direito das pessoas: e estas pessoas, sois v\u00f3s. (\u2026) Tem confian\u00e7a que (\u2026) v\u00f3s sabereis afirmar a vossa f\u00e9 na vida e no que d\u00e1 um sentido \u00e0 vida: a certeza da exist\u00eancia de um Deus justo e bom.<\/p>\n<p>\u00c9 em nome deste Deus e de seu Filho Jesus que vos exortamos a alargar os vossos cora\u00e7\u00f5es a todo o mundo, a escutar o apelo dos vossos irm\u00e3os e a p\u00f4r corajosamente ao seu servi\u00e7o as vossas energias juvenis. Lutai contra todo o ego\u00edsmo. Recusai dar livre curso aos instintos da viol\u00eancia e do \u00f3dio, que geram as guerras e o seu cortejo de mis\u00e9rias. Sede generosos, puros, respeitadores, sinceros. E constru\u00ed com entusiasmo um mundo melhor que o dos vossos antepassados\u00bb (Conc. Ecum. Vat. II, Mensagem aos jovens, 8 de dezembro de 1965).<\/p>\n<p>Padres sinodais, a Igreja olha-vos com confian\u00e7a e amor.<\/p>\n<hr \/>\n<p><em>Fonte: Vatican News<\/em><\/p>\n","protected":false},"excerpt":{"rendered":"<p>Abertura do S\u00ednodo dos Jovens<\/p>\n","protected":false},"author":1,"featured_media":191546,"comment_status":"open","ping_status":"open","sticky":false,"template":"","format":"standard","meta":[],"categories":[1428],"tags":[839],"acf":[],"yoast_head":"<!-- This site is optimized with the Yoast SEO plugin v19.2 - https:\/\/yoast.com\/wordpress\/plugins\/seo\/ -->\n<title>Papa: que o Esp\u00edrito nos d\u00ea a capacidade de sonhar - Not\u00edcias - Franciscanos<\/title>\n<meta name=\"robots\" content=\"index, follow, max-snippet:-1, max-image-preview:large, max-video-preview:-1\" \/>\n<link rel=\"canonical\" href=\"https:\/\/franciscanos.org.br\/noticias\/papa-que-o-espirito-nos-de-a-capacidade-de-sonhar.html\" \/>\n<meta property=\"og:locale\" content=\"pt_BR\" \/>\n<meta property=\"og:type\" content=\"article\" \/>\n<meta property=\"og:title\" content=\"Papa: que o Esp\u00edrito nos d\u00ea a capacidade de sonhar - Not\u00edcias - Franciscanos\" \/>\n<meta property=\"og:description\" content=\"Abertura do S\u00ednodo dos Jovens\" \/>\n<meta property=\"og:url\" content=\"https:\/\/franciscanos.org.br\/noticias\/papa-que-o-espirito-nos-de-a-capacidade-de-sonhar.html\" \/>\n<meta property=\"og:site_name\" content=\"Not\u00edcias - Franciscanos\" \/>\n<meta property=\"article:published_time\" content=\"2018-10-03T10:50:47+00:00\" \/>\n<meta property=\"article:modified_time\" content=\"2020-06-06T21:40:19+00:00\" \/>\n<meta property=\"og:image\" content=\"https:\/\/franciscanos.org.br\/noticias\/wp-content\/uploads\/2018\/10\/papa_0310181-1.jpg\" \/>\n\t<meta property=\"og:image:width\" content=\"273\" \/>\n\t<meta property=\"og:image:height\" content=\"181\" \/>\n\t<meta property=\"og:image:type\" content=\"image\/jpeg\" \/>\n<meta name=\"author\" content=\"admin\" \/>\n<meta name=\"twitter:card\" content=\"summary_large_image\" \/>\n<meta name=\"twitter:label1\" content=\"Escrito por\" \/>\n\t<meta name=\"twitter:data1\" content=\"admin\" \/>\n\t<meta name=\"twitter:label2\" content=\"Est. tempo de leitura\" \/>\n\t<meta name=\"twitter:data2\" content=\"11 minutos\" \/>\n<script type=\"application\/ld+json\" class=\"yoast-schema-graph\">{\"@context\":\"https:\/\/schema.org\",\"@graph\":[{\"@type\":\"WebSite\",\"@id\":\"https:\/\/franciscanos.org.br\/noticias\/#website\",\"url\":\"https:\/\/franciscanos.org.br\/noticias\/\",\"name\":\"Not\u00edcias - Franciscanos\",\"description\":\"Prov\u00edncia Franciscana da Imaculada Concei\u00e7\u00e3o do Brasil - Ordem dos Frades Menores - OFM\",\"potentialAction\":[{\"@type\":\"SearchAction\",\"target\":{\"@type\":\"EntryPoint\",\"urlTemplate\":\"https:\/\/franciscanos.org.br\/noticias\/?s={search_term_string}\"},\"query-input\":\"required name=search_term_string\"}],\"inLanguage\":\"pt-BR\"},{\"@type\":\"ImageObject\",\"inLanguage\":\"pt-BR\",\"@id\":\"https:\/\/franciscanos.org.br\/noticias\/papa-que-o-espirito-nos-de-a-capacidade-de-sonhar.html#primaryimage\",\"url\":\"https:\/\/franciscanos.org.br\/noticias\/wp-content\/uploads\/2018\/10\/papa_0310181-1.jpg\",\"contentUrl\":\"https:\/\/franciscanos.org.br\/noticias\/wp-content\/uploads\/2018\/10\/papa_0310181-1.jpg\",\"width\":273,\"height\":181},{\"@type\":\"WebPage\",\"@id\":\"https:\/\/franciscanos.org.br\/noticias\/papa-que-o-espirito-nos-de-a-capacidade-de-sonhar.html#webpage\",\"url\":\"https:\/\/franciscanos.org.br\/noticias\/papa-que-o-espirito-nos-de-a-capacidade-de-sonhar.html\",\"name\":\"Papa: que o Esp\u00edrito nos d\u00ea a capacidade de sonhar - Not\u00edcias - Franciscanos\",\"isPartOf\":{\"@id\":\"https:\/\/franciscanos.org.br\/noticias\/#website\"},\"primaryImageOfPage\":{\"@id\":\"https:\/\/franciscanos.org.br\/noticias\/papa-que-o-espirito-nos-de-a-capacidade-de-sonhar.html#primaryimage\"},\"datePublished\":\"2018-10-03T10:50:47+00:00\",\"dateModified\":\"2020-06-06T21:40:19+00:00\",\"author\":{\"@id\":\"https:\/\/franciscanos.org.br\/noticias\/#\/schema\/person\/b38fbf43118f02820bd932f2e4b14ad3\"},\"breadcrumb\":{\"@id\":\"https:\/\/franciscanos.org.br\/noticias\/papa-que-o-espirito-nos-de-a-capacidade-de-sonhar.html#breadcrumb\"},\"inLanguage\":\"pt-BR\",\"potentialAction\":[{\"@type\":\"ReadAction\",\"target\":[\"https:\/\/franciscanos.org.br\/noticias\/papa-que-o-espirito-nos-de-a-capacidade-de-sonhar.html\"]}]},{\"@type\":\"BreadcrumbList\",\"@id\":\"https:\/\/franciscanos.org.br\/noticias\/papa-que-o-espirito-nos-de-a-capacidade-de-sonhar.html#breadcrumb\",\"itemListElement\":[{\"@type\":\"ListItem\",\"position\":1,\"name\":\"Home\",\"item\":\"https:\/\/franciscanos.org.br\/noticias\"},{\"@type\":\"ListItem\",\"position\":2,\"name\":\"Papa: que o Esp\u00edrito nos d\u00ea a capacidade de sonhar\"}]},{\"@type\":\"Person\",\"@id\":\"https:\/\/franciscanos.org.br\/noticias\/#\/schema\/person\/b38fbf43118f02820bd932f2e4b14ad3\",\"name\":\"admin\",\"image\":{\"@type\":\"ImageObject\",\"inLanguage\":\"pt-BR\",\"@id\":\"https:\/\/franciscanos.org.br\/noticias\/#\/schema\/person\/image\/\",\"url\":\"https:\/\/secure.gravatar.com\/avatar\/e8495742d34d0ba6448ea1c628263b3e?s=96&d=mm&r=g\",\"contentUrl\":\"https:\/\/secure.gravatar.com\/avatar\/e8495742d34d0ba6448ea1c628263b3e?s=96&d=mm&r=g\",\"caption\":\"admin\"},\"url\":\"https:\/\/franciscanos.org.br\/noticias\/author\/admin\"}]}<\/script>\n<!-- \/ Yoast SEO plugin. -->","yoast_head_json":{"title":"Papa: que o Esp\u00edrito nos d\u00ea a capacidade de sonhar - Not\u00edcias - Franciscanos","robots":{"index":"index","follow":"follow","max-snippet":"max-snippet:-1","max-image-preview":"max-image-preview:large","max-video-preview":"max-video-preview:-1"},"canonical":"https:\/\/franciscanos.org.br\/noticias\/papa-que-o-espirito-nos-de-a-capacidade-de-sonhar.html","og_locale":"pt_BR","og_type":"article","og_title":"Papa: que o Esp\u00edrito nos d\u00ea a capacidade de sonhar - Not\u00edcias - Franciscanos","og_description":"Abertura do S\u00ednodo dos Jovens","og_url":"https:\/\/franciscanos.org.br\/noticias\/papa-que-o-espirito-nos-de-a-capacidade-de-sonhar.html","og_site_name":"Not\u00edcias - Franciscanos","article_published_time":"2018-10-03T10:50:47+00:00","article_modified_time":"2020-06-06T21:40:19+00:00","og_image":[{"width":273,"height":181,"url":"https:\/\/franciscanos.org.br\/noticias\/wp-content\/uploads\/2018\/10\/papa_0310181-1.jpg","type":"image\/jpeg"}],"author":"admin","twitter_card":"summary_large_image","twitter_misc":{"Escrito por":"admin","Est. tempo de leitura":"11 minutos"},"schema":{"@context":"https:\/\/schema.org","@graph":[{"@type":"WebSite","@id":"https:\/\/franciscanos.org.br\/noticias\/#website","url":"https:\/\/franciscanos.org.br\/noticias\/","name":"Not\u00edcias - Franciscanos","description":"Prov\u00edncia Franciscana da Imaculada Concei\u00e7\u00e3o do Brasil - Ordem dos Frades Menores - OFM","potentialAction":[{"@type":"SearchAction","target":{"@type":"EntryPoint","urlTemplate":"https:\/\/franciscanos.org.br\/noticias\/?s={search_term_string}"},"query-input":"required name=search_term_string"}],"inLanguage":"pt-BR"},{"@type":"ImageObject","inLanguage":"pt-BR","@id":"https:\/\/franciscanos.org.br\/noticias\/papa-que-o-espirito-nos-de-a-capacidade-de-sonhar.html#primaryimage","url":"https:\/\/franciscanos.org.br\/noticias\/wp-content\/uploads\/2018\/10\/papa_0310181-1.jpg","contentUrl":"https:\/\/franciscanos.org.br\/noticias\/wp-content\/uploads\/2018\/10\/papa_0310181-1.jpg","width":273,"height":181},{"@type":"WebPage","@id":"https:\/\/franciscanos.org.br\/noticias\/papa-que-o-espirito-nos-de-a-capacidade-de-sonhar.html#webpage","url":"https:\/\/franciscanos.org.br\/noticias\/papa-que-o-espirito-nos-de-a-capacidade-de-sonhar.html","name":"Papa: que o Esp\u00edrito nos d\u00ea a capacidade de sonhar - Not\u00edcias - Franciscanos","isPartOf":{"@id":"https:\/\/franciscanos.org.br\/noticias\/#website"},"primaryImageOfPage":{"@id":"https:\/\/franciscanos.org.br\/noticias\/papa-que-o-espirito-nos-de-a-capacidade-de-sonhar.html#primaryimage"},"datePublished":"2018-10-03T10:50:47+00:00","dateModified":"2020-06-06T21:40:19+00:00","author":{"@id":"https:\/\/franciscanos.org.br\/noticias\/#\/schema\/person\/b38fbf43118f02820bd932f2e4b14ad3"},"breadcrumb":{"@id":"https:\/\/franciscanos.org.br\/noticias\/papa-que-o-espirito-nos-de-a-capacidade-de-sonhar.html#breadcrumb"},"inLanguage":"pt-BR","potentialAction":[{"@type":"ReadAction","target":["https:\/\/franciscanos.org.br\/noticias\/papa-que-o-espirito-nos-de-a-capacidade-de-sonhar.html"]}]},{"@type":"BreadcrumbList","@id":"https:\/\/franciscanos.org.br\/noticias\/papa-que-o-espirito-nos-de-a-capacidade-de-sonhar.html#breadcrumb","itemListElement":[{"@type":"ListItem","position":1,"name":"Home","item":"https:\/\/franciscanos.org.br\/noticias"},{"@type":"ListItem","position":2,"name":"Papa: que o Esp\u00edrito nos d\u00ea a capacidade de sonhar"}]},{"@type":"Person","@id":"https:\/\/franciscanos.org.br\/noticias\/#\/schema\/person\/b38fbf43118f02820bd932f2e4b14ad3","name":"admin","image":{"@type":"ImageObject","inLanguage":"pt-BR","@id":"https:\/\/franciscanos.org.br\/noticias\/#\/schema\/person\/image\/","url":"https:\/\/secure.gravatar.com\/avatar\/e8495742d34d0ba6448ea1c628263b3e?s=96&d=mm&r=g","contentUrl":"https:\/\/secure.gravatar.com\/avatar\/e8495742d34d0ba6448ea1c628263b3e?s=96&d=mm&r=g","caption":"admin"},"url":"https:\/\/franciscanos.org.br\/noticias\/author\/admin"}]}},"_links":{"self":[{"href":"https:\/\/franciscanos.org.br\/noticias\/wp-json\/wp\/v2\/posts\/173248"}],"collection":[{"href":"https:\/\/franciscanos.org.br\/noticias\/wp-json\/wp\/v2\/posts"}],"about":[{"href":"https:\/\/franciscanos.org.br\/noticias\/wp-json\/wp\/v2\/types\/post"}],"author":[{"embeddable":true,"href":"https:\/\/franciscanos.org.br\/noticias\/wp-json\/wp\/v2\/users\/1"}],"replies":[{"embeddable":true,"href":"https:\/\/franciscanos.org.br\/noticias\/wp-json\/wp\/v2\/comments?post=173248"}],"version-history":[{"count":2,"href":"https:\/\/franciscanos.org.br\/noticias\/wp-json\/wp\/v2\/posts\/173248\/revisions"}],"predecessor-version":[{"id":224763,"href":"https:\/\/franciscanos.org.br\/noticias\/wp-json\/wp\/v2\/posts\/173248\/revisions\/224763"}],"wp:featuredmedia":[{"embeddable":true,"href":"https:\/\/franciscanos.org.br\/noticias\/wp-json\/wp\/v2\/media\/191546"}],"wp:attachment":[{"href":"https:\/\/franciscanos.org.br\/noticias\/wp-json\/wp\/v2\/media?parent=173248"}],"wp:term":[{"taxonomy":"category","embeddable":true,"href":"https:\/\/franciscanos.org.br\/noticias\/wp-json\/wp\/v2\/categories?post=173248"},{"taxonomy":"post_tag","embeddable":true,"href":"https:\/\/franciscanos.org.br\/noticias\/wp-json\/wp\/v2\/tags?post=173248"}],"curies":[{"name":"wp","href":"https:\/\/api.w.org\/{rel}","templated":true}]}}