{"id":173215,"date":"2018-10-02T20:48:18","date_gmt":"2018-10-02T23:48:18","guid":{"rendered":"http:\/\/franciscanos.org.br\/?p=173215"},"modified":"2020-06-06T18:40:56","modified_gmt":"2020-06-06T21:40:56","slug":"frei-carlos-tenhamos-dentro-de-nos-um-anjo","status":"publish","type":"post","link":"https:\/\/franciscanos.org.br\/noticias\/frei-carlos-tenhamos-dentro-de-nos-um-anjo.html","title":{"rendered":"Frei Carlos: &#8220;Tenhamos dentro de n\u00f3s um anjo&#8221;"},"content":{"rendered":"<p><img loading=\"lazy\" class=\"alignleft\" src=\"http:\/\/franciscanos.org.br\/wp-content\/uploads\/2018\/10\/vila_021018.jpg\" alt=\"vila_021018\" width=\"830\" height=\"507\" \/><\/p>\n<p><strong>Moacir Beggo<\/strong><\/p>\n<p><strong>S\u00e3o Paulo (SP)<\/strong> \u2013 &#8220;N\u00f3s tamb\u00e9m podemos ser anjos da guarda das pessoas que precisam de n\u00f3s&#8221;. Foi esta mensagem que Frei Carlos L\u00facio Nunes Corr\u00eaa deixou para os fi\u00e9is que participaram da Celebra\u00e7\u00e3o Eucar\u00edstica no segundo dia do Tr\u00edduo em prepara\u00e7\u00e3o para a Festa do Padroeiro da Igreja S\u00e3o Francisco de Assis, na Vila Clementino (SP). Na Missa das 18 horas, deste 2 de outubro, em que a Igreja celebra os Santos Anjos da Guarda, Frei Carlos teve como concelebrantes Frei C\u00e9sar K\u00fclkamp e Frei Raimundo de Oliveira Castro.<\/p>\n<p>Fazendo uma liga\u00e7\u00e3o da festa com o Tr\u00edduo, que tem como tema \u201cFraternidade Universal: Em Cristo Somos Todos Irm\u00e3os\u201d, Frei Carlos lembrou que os anjos fazem parte da devo\u00e7\u00e3o franciscana.<\/p>\n<p><img loading=\"lazy\" class=\"alignleft wp-image-173217 \" src=\"http:\/\/franciscanos.org.br\/wp-content\/uploads\/2018\/10\/vila_021018_2.jpg\" alt=\"vila_021018_2\" width=\"396\" height=\"306\" \/>Na sua reflex\u00e3o, tomando o livro do monge Anselm Gr\u00fcn &#8211; &#8220;Cada pessoa tem um anjo&#8221; -, o celebrante disse que toda pessoa est\u00e1 sob a especial prote\u00e7\u00e3o de Deus, que lhe envia um mensageiro especial. A ideia do Anjo da Guarda \u00e9 t\u00e3o amplamente difundida que pode ser encontrada em quase todas as religi\u00f5es, explicou Frei Carlos.<\/p>\n<p>O Anjo \u00e9 uma concretiza\u00e7\u00e3o de Deus. Nele, Deus atua dentro do nosso dia a dia. &#8220;O anjo traz a mensagem da boa nova dos tempos de Deus&#8221;, disse o celebrante. &#8220;Quem fala do Anjo da Guarda sabe que ele vem de Deus, que Deus mesmo colocou a seu lado um Anjo da Guarda. Quando visito os hospitais da regi\u00e3o, como o Hospital S\u00e3o Paulo, Graac, Hospital do Rim, costumo dizer aos enfermos que seus acompanhantes s\u00e3o os anjos. Ali, perto dos pacientes, sempre do lado, est\u00e3o os anjos. Um filho que est\u00e1 sendo cuidado pela m\u00e3e, ou a filha que est\u00e1 cuidando do pai. Sempre ali, ao lado, presente. E n\u00f3s tamb\u00e9m podemos ser anjos da guarda das pessoas que precisam de n\u00f3s&#8221;, ensinou.<\/p>\n<p>Frei Carlos lembrou que no dia 29 de setembro a Igreja celebrou os anjos S\u00e3o Miguel, S\u00e3o Rafael e S\u00e3o Gabriel. Segundo Frei Carlos, os anjos est\u00e3o muito presentes na m\u00edstica franciscana. &#8220;Sempre na Quaresma de S\u00e3o Miguel, entre 15 de agosto e 29 de setembro, Francisco de Assis se dirigia ao Monte Alverne para um tempo de ora\u00e7\u00e3o e jejum em honra de S\u00e3o Miguel. Foi na Quaresma de 1224 que Francisco recebeu os sagrados estigmas de Jesus no seu corpo&#8221;, recordou.<\/p>\n<p>Segundo o frade, a exist\u00eancia de anjos n\u00e3o \u00e9 problema para Francisco, que, enraizado na f\u00e9 do seu tempo, familiariza-se com a ideia da exist\u00eancia desses seres: s\u00e3o irm\u00e3os atuantes no servi\u00e7o de Deus, companheiros de jornada, aux\u00edlio nas dificuldades, e a eles se une por meio de v\u00ednculo amoroso. &#8220;Quando rezamos, eles est\u00e3o juntos com a gente&#8221;, observou.<\/p>\n<p>&#8220;Neste segundo dia do Tr\u00edduo fica essa bonita li\u00e7\u00e3o: que tenhamos dentro de n\u00f3s um anjo. Deus coloca em nossa vida as pessoas que nos amam. S\u00e3o essas pessoas nossos anjos da guarda. S\u00e3o Francisco \u00e9 um anjo em nossa vida. Ele nos guia para Jesus e aponta para Deus. S\u00e3o Francisco nos convida a sermos sempre irm\u00e3os e irm\u00e3s dos outros. Guardar e cuidar do pr\u00f3ximo, daquele que est\u00e1 do nosso lado, porque \u00e9 cuidando do pr\u00f3ximo, das pessoas que est\u00e3o do nosso lado, que Deus vai se manifestando na nossa vida&#8221;, completou.<\/p>\n<p>A celebra\u00e7\u00e3o terminou com a b\u00ean\u00e7\u00e3o de S\u00e3o Francisco e a b\u00ean\u00e7\u00e3o de Santo Ant\u00f4nio, j\u00e1 que \u00e0s ter\u00e7as-feiras, nas igrejas franciscanas, n\u00e3o podem faltar os p\u00e3ezinhos de Santo Ant\u00f4nio.<\/p>\n<p>&nbsp;<\/p>\n","protected":false},"excerpt":{"rendered":"<p>Par\u00f3quia S\u00e3o Francisco de Assis da Vila Clementino<\/p>\n","protected":false},"author":1,"featured_media":191548,"comment_status":"open","ping_status":"open","sticky":false,"template":"","format":"standard","meta":[],"categories":[1],"tags":[271],"acf":[],"yoast_head":"<!-- This site is optimized with the Yoast SEO plugin v19.2 - https:\/\/yoast.com\/wordpress\/plugins\/seo\/ -->\n<title>Frei Carlos: &quot;Tenhamos dentro de n\u00f3s um anjo&quot; - Not\u00edcias - Franciscanos<\/title>\n<meta name=\"robots\" content=\"index, follow, max-snippet:-1, max-image-preview:large, max-video-preview:-1\" \/>\n<link rel=\"canonical\" href=\"https:\/\/franciscanos.org.br\/noticias\/frei-carlos-tenhamos-dentro-de-nos-um-anjo.html\" \/>\n<meta property=\"og:locale\" content=\"pt_BR\" \/>\n<meta property=\"og:type\" content=\"article\" \/>\n<meta property=\"og:title\" content=\"Frei Carlos: &quot;Tenhamos dentro de n\u00f3s um anjo&quot; - Not\u00edcias - Franciscanos\" \/>\n<meta property=\"og:description\" content=\"Par\u00f3quia S\u00e3o Francisco de Assis da Vila Clementino\" \/>\n<meta property=\"og:url\" content=\"https:\/\/franciscanos.org.br\/noticias\/frei-carlos-tenhamos-dentro-de-nos-um-anjo.html\" \/>\n<meta property=\"og:site_name\" content=\"Not\u00edcias - Franciscanos\" \/>\n<meta property=\"article:published_time\" content=\"2018-10-02T23:48:18+00:00\" \/>\n<meta property=\"article:modified_time\" content=\"2020-06-06T21:40:56+00:00\" \/>\n<meta property=\"og:image\" content=\"https:\/\/franciscanos.org.br\/noticias\/wp-content\/uploads\/2018\/10\/vila_021018.jpg\" \/>\n\t<meta property=\"og:image:width\" content=\"273\" \/>\n\t<meta property=\"og:image:height\" content=\"181\" \/>\n\t<meta property=\"og:image:type\" content=\"image\/jpeg\" \/>\n<meta name=\"author\" content=\"admin\" \/>\n<meta name=\"twitter:card\" content=\"summary_large_image\" \/>\n<meta name=\"twitter:label1\" content=\"Escrito por\" \/>\n\t<meta name=\"twitter:data1\" content=\"admin\" \/>\n\t<meta name=\"twitter:label2\" content=\"Est. tempo de leitura\" \/>\n\t<meta name=\"twitter:data2\" content=\"3 minutos\" \/>\n<script type=\"application\/ld+json\" class=\"yoast-schema-graph\">{\"@context\":\"https:\/\/schema.org\",\"@graph\":[{\"@type\":\"WebSite\",\"@id\":\"https:\/\/franciscanos.org.br\/noticias\/#website\",\"url\":\"https:\/\/franciscanos.org.br\/noticias\/\",\"name\":\"Not\u00edcias - Franciscanos\",\"description\":\"Prov\u00edncia Franciscana da Imaculada Concei\u00e7\u00e3o do Brasil - Ordem dos Frades Menores - OFM\",\"potentialAction\":[{\"@type\":\"SearchAction\",\"target\":{\"@type\":\"EntryPoint\",\"urlTemplate\":\"https:\/\/franciscanos.org.br\/noticias\/?s={search_term_string}\"},\"query-input\":\"required name=search_term_string\"}],\"inLanguage\":\"pt-BR\"},{\"@type\":\"ImageObject\",\"inLanguage\":\"pt-BR\",\"@id\":\"https:\/\/franciscanos.org.br\/noticias\/frei-carlos-tenhamos-dentro-de-nos-um-anjo.html#primaryimage\",\"url\":\"https:\/\/franciscanos.org.br\/noticias\/wp-content\/uploads\/2018\/10\/vila_021018.jpg\",\"contentUrl\":\"https:\/\/franciscanos.org.br\/noticias\/wp-content\/uploads\/2018\/10\/vila_021018.jpg\",\"width\":273,\"height\":181},{\"@type\":\"WebPage\",\"@id\":\"https:\/\/franciscanos.org.br\/noticias\/frei-carlos-tenhamos-dentro-de-nos-um-anjo.html#webpage\",\"url\":\"https:\/\/franciscanos.org.br\/noticias\/frei-carlos-tenhamos-dentro-de-nos-um-anjo.html\",\"name\":\"Frei Carlos: \\\"Tenhamos dentro de n\u00f3s um anjo\\\" - Not\u00edcias - Franciscanos\",\"isPartOf\":{\"@id\":\"https:\/\/franciscanos.org.br\/noticias\/#website\"},\"primaryImageOfPage\":{\"@id\":\"https:\/\/franciscanos.org.br\/noticias\/frei-carlos-tenhamos-dentro-de-nos-um-anjo.html#primaryimage\"},\"datePublished\":\"2018-10-02T23:48:18+00:00\",\"dateModified\":\"2020-06-06T21:40:56+00:00\",\"author\":{\"@id\":\"https:\/\/franciscanos.org.br\/noticias\/#\/schema\/person\/b38fbf43118f02820bd932f2e4b14ad3\"},\"breadcrumb\":{\"@id\":\"https:\/\/franciscanos.org.br\/noticias\/frei-carlos-tenhamos-dentro-de-nos-um-anjo.html#breadcrumb\"},\"inLanguage\":\"pt-BR\",\"potentialAction\":[{\"@type\":\"ReadAction\",\"target\":[\"https:\/\/franciscanos.org.br\/noticias\/frei-carlos-tenhamos-dentro-de-nos-um-anjo.html\"]}]},{\"@type\":\"BreadcrumbList\",\"@id\":\"https:\/\/franciscanos.org.br\/noticias\/frei-carlos-tenhamos-dentro-de-nos-um-anjo.html#breadcrumb\",\"itemListElement\":[{\"@type\":\"ListItem\",\"position\":1,\"name\":\"Home\",\"item\":\"https:\/\/franciscanos.org.br\/noticias\"},{\"@type\":\"ListItem\",\"position\":2,\"name\":\"Frei Carlos: &#8220;Tenhamos dentro de n\u00f3s um anjo&#8221;\"}]},{\"@type\":\"Person\",\"@id\":\"https:\/\/franciscanos.org.br\/noticias\/#\/schema\/person\/b38fbf43118f02820bd932f2e4b14ad3\",\"name\":\"admin\",\"image\":{\"@type\":\"ImageObject\",\"inLanguage\":\"pt-BR\",\"@id\":\"https:\/\/franciscanos.org.br\/noticias\/#\/schema\/person\/image\/\",\"url\":\"https:\/\/secure.gravatar.com\/avatar\/e8495742d34d0ba6448ea1c628263b3e?s=96&d=mm&r=g\",\"contentUrl\":\"https:\/\/secure.gravatar.com\/avatar\/e8495742d34d0ba6448ea1c628263b3e?s=96&d=mm&r=g\",\"caption\":\"admin\"},\"url\":\"https:\/\/franciscanos.org.br\/noticias\/author\/admin\"}]}<\/script>\n<!-- \/ Yoast SEO plugin. -->","yoast_head_json":{"title":"Frei Carlos: \"Tenhamos dentro de n\u00f3s um anjo\" - Not\u00edcias - Franciscanos","robots":{"index":"index","follow":"follow","max-snippet":"max-snippet:-1","max-image-preview":"max-image-preview:large","max-video-preview":"max-video-preview:-1"},"canonical":"https:\/\/franciscanos.org.br\/noticias\/frei-carlos-tenhamos-dentro-de-nos-um-anjo.html","og_locale":"pt_BR","og_type":"article","og_title":"Frei Carlos: \"Tenhamos dentro de n\u00f3s um anjo\" - Not\u00edcias - Franciscanos","og_description":"Par\u00f3quia S\u00e3o Francisco de Assis da Vila Clementino","og_url":"https:\/\/franciscanos.org.br\/noticias\/frei-carlos-tenhamos-dentro-de-nos-um-anjo.html","og_site_name":"Not\u00edcias - Franciscanos","article_published_time":"2018-10-02T23:48:18+00:00","article_modified_time":"2020-06-06T21:40:56+00:00","og_image":[{"width":273,"height":181,"url":"https:\/\/franciscanos.org.br\/noticias\/wp-content\/uploads\/2018\/10\/vila_021018.jpg","type":"image\/jpeg"}],"author":"admin","twitter_card":"summary_large_image","twitter_misc":{"Escrito por":"admin","Est. tempo de leitura":"3 minutos"},"schema":{"@context":"https:\/\/schema.org","@graph":[{"@type":"WebSite","@id":"https:\/\/franciscanos.org.br\/noticias\/#website","url":"https:\/\/franciscanos.org.br\/noticias\/","name":"Not\u00edcias - Franciscanos","description":"Prov\u00edncia Franciscana da Imaculada Concei\u00e7\u00e3o do Brasil - Ordem dos Frades Menores - OFM","potentialAction":[{"@type":"SearchAction","target":{"@type":"EntryPoint","urlTemplate":"https:\/\/franciscanos.org.br\/noticias\/?s={search_term_string}"},"query-input":"required name=search_term_string"}],"inLanguage":"pt-BR"},{"@type":"ImageObject","inLanguage":"pt-BR","@id":"https:\/\/franciscanos.org.br\/noticias\/frei-carlos-tenhamos-dentro-de-nos-um-anjo.html#primaryimage","url":"https:\/\/franciscanos.org.br\/noticias\/wp-content\/uploads\/2018\/10\/vila_021018.jpg","contentUrl":"https:\/\/franciscanos.org.br\/noticias\/wp-content\/uploads\/2018\/10\/vila_021018.jpg","width":273,"height":181},{"@type":"WebPage","@id":"https:\/\/franciscanos.org.br\/noticias\/frei-carlos-tenhamos-dentro-de-nos-um-anjo.html#webpage","url":"https:\/\/franciscanos.org.br\/noticias\/frei-carlos-tenhamos-dentro-de-nos-um-anjo.html","name":"Frei Carlos: \"Tenhamos dentro de n\u00f3s um anjo\" - Not\u00edcias - Franciscanos","isPartOf":{"@id":"https:\/\/franciscanos.org.br\/noticias\/#website"},"primaryImageOfPage":{"@id":"https:\/\/franciscanos.org.br\/noticias\/frei-carlos-tenhamos-dentro-de-nos-um-anjo.html#primaryimage"},"datePublished":"2018-10-02T23:48:18+00:00","dateModified":"2020-06-06T21:40:56+00:00","author":{"@id":"https:\/\/franciscanos.org.br\/noticias\/#\/schema\/person\/b38fbf43118f02820bd932f2e4b14ad3"},"breadcrumb":{"@id":"https:\/\/franciscanos.org.br\/noticias\/frei-carlos-tenhamos-dentro-de-nos-um-anjo.html#breadcrumb"},"inLanguage":"pt-BR","potentialAction":[{"@type":"ReadAction","target":["https:\/\/franciscanos.org.br\/noticias\/frei-carlos-tenhamos-dentro-de-nos-um-anjo.html"]}]},{"@type":"BreadcrumbList","@id":"https:\/\/franciscanos.org.br\/noticias\/frei-carlos-tenhamos-dentro-de-nos-um-anjo.html#breadcrumb","itemListElement":[{"@type":"ListItem","position":1,"name":"Home","item":"https:\/\/franciscanos.org.br\/noticias"},{"@type":"ListItem","position":2,"name":"Frei Carlos: &#8220;Tenhamos dentro de n\u00f3s um anjo&#8221;"}]},{"@type":"Person","@id":"https:\/\/franciscanos.org.br\/noticias\/#\/schema\/person\/b38fbf43118f02820bd932f2e4b14ad3","name":"admin","image":{"@type":"ImageObject","inLanguage":"pt-BR","@id":"https:\/\/franciscanos.org.br\/noticias\/#\/schema\/person\/image\/","url":"https:\/\/secure.gravatar.com\/avatar\/e8495742d34d0ba6448ea1c628263b3e?s=96&d=mm&r=g","contentUrl":"https:\/\/secure.gravatar.com\/avatar\/e8495742d34d0ba6448ea1c628263b3e?s=96&d=mm&r=g","caption":"admin"},"url":"https:\/\/franciscanos.org.br\/noticias\/author\/admin"}]}},"_links":{"self":[{"href":"https:\/\/franciscanos.org.br\/noticias\/wp-json\/wp\/v2\/posts\/173215"}],"collection":[{"href":"https:\/\/franciscanos.org.br\/noticias\/wp-json\/wp\/v2\/posts"}],"about":[{"href":"https:\/\/franciscanos.org.br\/noticias\/wp-json\/wp\/v2\/types\/post"}],"author":[{"embeddable":true,"href":"https:\/\/franciscanos.org.br\/noticias\/wp-json\/wp\/v2\/users\/1"}],"replies":[{"embeddable":true,"href":"https:\/\/franciscanos.org.br\/noticias\/wp-json\/wp\/v2\/comments?post=173215"}],"version-history":[{"count":1,"href":"https:\/\/franciscanos.org.br\/noticias\/wp-json\/wp\/v2\/posts\/173215\/revisions"}],"predecessor-version":[{"id":224764,"href":"https:\/\/franciscanos.org.br\/noticias\/wp-json\/wp\/v2\/posts\/173215\/revisions\/224764"}],"wp:featuredmedia":[{"embeddable":true,"href":"https:\/\/franciscanos.org.br\/noticias\/wp-json\/wp\/v2\/media\/191548"}],"wp:attachment":[{"href":"https:\/\/franciscanos.org.br\/noticias\/wp-json\/wp\/v2\/media?parent=173215"}],"wp:term":[{"taxonomy":"category","embeddable":true,"href":"https:\/\/franciscanos.org.br\/noticias\/wp-json\/wp\/v2\/categories?post=173215"},{"taxonomy":"post_tag","embeddable":true,"href":"https:\/\/franciscanos.org.br\/noticias\/wp-json\/wp\/v2\/tags?post=173215"}],"curies":[{"name":"wp","href":"https:\/\/api.w.org\/{rel}","templated":true}]}}