{"id":173159,"date":"2018-10-02T19:26:37","date_gmt":"2018-10-02T22:26:37","guid":{"rendered":"http:\/\/franciscanos.org.br\/?p=173159"},"modified":"2018-11-27T09:33:59","modified_gmt":"2018-11-27T11:33:59","slug":"unidos-para-construir-coisas-boas-e-belas-pede-dom-camilo","status":"publish","type":"post","link":"https:\/\/franciscanos.org.br\/noticias\/unidos-para-construir-coisas-boas-e-belas-pede-dom-camilo.html","title":{"rendered":"Unidos para construir coisas boas e belas, pede Dom Camilo"},"content":{"rendered":"<p><img loading=\"lazy\" class=\"alignleft\" src=\"http:\/\/franciscanos.org.br\/wp-content\/uploads\/2018\/10\/novena_021018-830.jpg\" alt=\"novena_021018 830\" width=\"830\" height=\"400\" \/><strong>\u00c9rika Augusto<\/strong><strong>\u00a0<\/strong><\/p>\n<p><strong>S\u00e3o Paulo (SP) &#8211;<\/strong> Este foi o pedido de Dom Camilo de Jesus Dantas, OSB, prior do Mosteiro S\u00e3o Bento, em S\u00e3o Paulo.<\/p>\n<p>Ele presidiu a Eucaristia \u00e0s 15h no oitavo dia da novena em honra a S\u00e3o Francisco, no Convento e Santu\u00e1rio a ele dedicados, no centro de S\u00e3o Paulo. Concelebraram Frei Alvaci Mendes da Luz, reitor e p\u00e1roco do Santu\u00e1rio e Frei Thiago Borges, O.Carm; p\u00e1roco da Bas\u00edlica Nossa Senhora do Carmo.<\/p>\n<p>Al\u00e9m dos Frades Menores, participaram da missa os carmelitas, beneditinos e dominicanos, ordens hist\u00f3ricas da Igreja e muito pr\u00f3ximas aos Franciscanos. Como recordou Frei Alvaci, o Santu\u00e1rio, originalmente, chamava-se Santu\u00e1rio de S\u00e3o Francisco e S\u00e3o Domingos, fundador da Ordem Dominicana.<\/p>\n<p>O tema escolhido para este pen\u00faltimo dia da novena foi: \u201cOnde houver erro, que eu leve a verdade\u201d. Assim como nos dias anteriores, o per\u00edodo eleitoral e a crise generalizada no pa\u00eds foram temas transversais da homilia. Dom Camilo comparou a \u00e9poca vivida por S\u00e3o Francisco com os dias atuais, pois a sociedade de Francisco tamb\u00e9m estava imersa na d\u00favida, conflitos e desafios.<\/p>\n<p>\u201cS\u00e3o Francisco, em momento algum, entregou-se ao pessimismo, \u00e0 revolta ou \u00e0 bandalheira. Mas tornou-se, em Cristo Jesus, irm\u00e3o de todos. E buscou construir uma fraternidade concreta, que deve dar testemunho do amor\u201d, afirmou.<\/p>\n<p>O beneditino explicou que o amor \u00e9 diferente de sentimentalismo. Ele deve levar \u00e0 caridade. \u201cAmar, evangelicamente falando, \u00e9 querer o bem, \u00e9 dar espa\u00e7o vital, \u00e9 oferecer condi\u00e7\u00f5es para que a pessoa cres\u00e7a e flores\u00e7a cada vez mais. Se amamos, n\u00e3o compactuamos com o erro, n\u00e3o somos indiferentes aos sofrimentos de tantos irm\u00e3os\u201d, ressaltou.<\/p>\n<p><strong>Orar e trabalhar pela unidade<\/strong><strong>\u00a0<\/strong><\/p>\n<p>Sobre o tema do dia, o prior afirmou que um dos erros mais percept\u00edveis em nossa sociedade \u00e9 a divis\u00e3o. Ele acrescentou que S\u00e3o Francisco orava pela unidade e que n\u00f3s, hoje, devemos orar e trabalhar para isso. \u201c\u00c9 muito triste quando vemos em nossas fam\u00edlias, ambiente de trabalho, comunidades religiosas e par\u00f3quias a erva daninha da fofoca, do ci\u00fame, da inveja, de detra\u00e7\u00e3o. E com isso, e outras coisas, a unidade vai sendo minada. A sociedade brasileira precisa de nosso testemunho. N\u00f3s somos o povo crist\u00e3o. Somos sal da terra e luz do mundo\u201d, alertou.<\/p>\n<p>Dom Camilo exortou os presentes a serem todos servidores, colocando Cristo no centro da exist\u00eancia humana. \u201cS\u00e3o Francisco d\u00e1 testemunho de que o essencial n\u00e3o \u00e9 a riqueza, o poder ou a fama. O essencial \u00e9 Cristo. Por isso, S\u00e3o Francisco se fez irm\u00e3o de todos e combateu o erro da falta de fraternidade, que nos faz achar que somos donos da verdade, que somos senhores, quando na verdade todos somos servidores, cooperadores da verdade e n\u00e3o donos dela\u201d, ponderou.<\/p>\n<p>\u201cQue n\u00f3s, a exemplo de S\u00e3o Francisco, atentos aos sinais dos tempos, com criatividade, entusiasmo, alegria, busquemos fazer algo de bom e de belo pela nossa na\u00e7\u00e3o, pelo nosso povo, por aqueles que nos foram confiados e combater o erro incansavelmente\u201d, convidou Dom Camilo.<\/p>\n<p><strong>O testemunho de Dom Camilo<\/strong><strong>\u00a0<\/strong><\/p>\n<p>Ao final da celebra\u00e7\u00e3o, Dom Camilo, que mora pr\u00f3ximo ao Convento, na outra ponta da Rua S\u00e3o Bento, agradeceu o convite. Ele disse aos presentes que antes de ser beneditino, foi frade menor. E antes de ser frade menor, ele foi dominicano. Afirmou que S\u00e3o Domingos \u00e9 seu av\u00f4 na f\u00e9, j\u00e1 que S\u00e3o Bento \u00e9 seu pai. E pediu que o gesto das ordens celebrarem juntas traga a unidade, em prol da sociedade brasileira.<\/p>\n<p><strong>Novena e Festa de S\u00e3o Francisco<\/strong><\/p>\n<p>Amanh\u00e3, 3\/10, a novena ser\u00e1 animada pelos leigos franciscanos e Pe. Francisco das Chagas, da Diocese de Santo Amaro. \u00c0s 18h haver\u00e1 a encena\u00e7\u00e3o do Tr\u00e2nsito de S\u00e3o Francisco.<\/p>\n<p>No dia 4, dia de S\u00e3o Francisco, haver\u00e1 missa \u00e0s 7h30, 9h, 10h30, 12h, 13h30, 15h, 16h30 e 18h. Durante todo o dia haver\u00e1 barracas no lado externo com comidas t\u00edpicas, ado\u00e7\u00e3o de animais, b\u00ean\u00e7\u00e3o das criaturas, venda de p\u00e3o do convento e muito mais. Neste dia, \u00e0s 9h, ser\u00e1 inaugurada a Exposi\u00e7\u00e3o Rel\u00edquias Franciscanas \u2013 Transcend\u00eancia e Sacralidade na vida e no corpo dos Santos.<\/p>\n","protected":false},"excerpt":{"rendered":"<p>Convento S\u00e3o Francisco<\/p>\n","protected":false},"author":1,"featured_media":191552,"comment_status":"open","ping_status":"open","sticky":false,"template":"","format":"standard","meta":[],"categories":[1],"tags":[312],"acf":[],"yoast_head":"<!-- This site is optimized with the Yoast SEO plugin v19.2 - https:\/\/yoast.com\/wordpress\/plugins\/seo\/ -->\n<title>Unidos para construir coisas boas e belas, pede Dom Camilo - Not\u00edcias - Franciscanos<\/title>\n<meta name=\"robots\" content=\"index, follow, max-snippet:-1, max-image-preview:large, max-video-preview:-1\" \/>\n<link rel=\"canonical\" href=\"https:\/\/franciscanos.org.br\/noticias\/unidos-para-construir-coisas-boas-e-belas-pede-dom-camilo.html\" \/>\n<meta property=\"og:locale\" content=\"pt_BR\" \/>\n<meta property=\"og:type\" content=\"article\" \/>\n<meta property=\"og:title\" content=\"Unidos para construir coisas boas e belas, pede Dom Camilo - Not\u00edcias - Franciscanos\" \/>\n<meta property=\"og:description\" content=\"Convento S\u00e3o Francisco\" \/>\n<meta property=\"og:url\" content=\"https:\/\/franciscanos.org.br\/noticias\/unidos-para-construir-coisas-boas-e-belas-pede-dom-camilo.html\" \/>\n<meta property=\"og:site_name\" content=\"Not\u00edcias - Franciscanos\" \/>\n<meta property=\"article:published_time\" content=\"2018-10-02T22:26:37+00:00\" \/>\n<meta property=\"article:modified_time\" content=\"2018-11-27T11:33:59+00:00\" \/>\n<meta property=\"og:image\" content=\"https:\/\/franciscanos.org.br\/noticias\/wp-content\/uploads\/2018\/10\/novena_021018-21.jpg\" \/>\n\t<meta property=\"og:image:width\" content=\"273\" \/>\n\t<meta property=\"og:image:height\" content=\"181\" \/>\n\t<meta property=\"og:image:type\" content=\"image\/jpeg\" \/>\n<meta name=\"author\" content=\"admin\" \/>\n<meta name=\"twitter:card\" content=\"summary_large_image\" \/>\n<meta name=\"twitter:label1\" content=\"Escrito por\" \/>\n\t<meta name=\"twitter:data1\" content=\"admin\" \/>\n\t<meta name=\"twitter:label2\" content=\"Est. tempo de leitura\" \/>\n\t<meta name=\"twitter:data2\" content=\"4 minutos\" \/>\n<script type=\"application\/ld+json\" class=\"yoast-schema-graph\">{\"@context\":\"https:\/\/schema.org\",\"@graph\":[{\"@type\":\"WebSite\",\"@id\":\"https:\/\/franciscanos.org.br\/noticias\/#website\",\"url\":\"https:\/\/franciscanos.org.br\/noticias\/\",\"name\":\"Not\u00edcias - Franciscanos\",\"description\":\"Prov\u00edncia Franciscana da Imaculada Concei\u00e7\u00e3o do Brasil - Ordem dos Frades Menores - OFM\",\"potentialAction\":[{\"@type\":\"SearchAction\",\"target\":{\"@type\":\"EntryPoint\",\"urlTemplate\":\"https:\/\/franciscanos.org.br\/noticias\/?s={search_term_string}\"},\"query-input\":\"required name=search_term_string\"}],\"inLanguage\":\"pt-BR\"},{\"@type\":\"ImageObject\",\"inLanguage\":\"pt-BR\",\"@id\":\"https:\/\/franciscanos.org.br\/noticias\/unidos-para-construir-coisas-boas-e-belas-pede-dom-camilo.html#primaryimage\",\"url\":\"https:\/\/franciscanos.org.br\/noticias\/wp-content\/uploads\/2018\/10\/novena_021018-21.jpg\",\"contentUrl\":\"https:\/\/franciscanos.org.br\/noticias\/wp-content\/uploads\/2018\/10\/novena_021018-21.jpg\",\"width\":273,\"height\":181},{\"@type\":\"WebPage\",\"@id\":\"https:\/\/franciscanos.org.br\/noticias\/unidos-para-construir-coisas-boas-e-belas-pede-dom-camilo.html#webpage\",\"url\":\"https:\/\/franciscanos.org.br\/noticias\/unidos-para-construir-coisas-boas-e-belas-pede-dom-camilo.html\",\"name\":\"Unidos para construir coisas boas e belas, pede Dom Camilo - Not\u00edcias - Franciscanos\",\"isPartOf\":{\"@id\":\"https:\/\/franciscanos.org.br\/noticias\/#website\"},\"primaryImageOfPage\":{\"@id\":\"https:\/\/franciscanos.org.br\/noticias\/unidos-para-construir-coisas-boas-e-belas-pede-dom-camilo.html#primaryimage\"},\"datePublished\":\"2018-10-02T22:26:37+00:00\",\"dateModified\":\"2018-11-27T11:33:59+00:00\",\"author\":{\"@id\":\"https:\/\/franciscanos.org.br\/noticias\/#\/schema\/person\/b38fbf43118f02820bd932f2e4b14ad3\"},\"breadcrumb\":{\"@id\":\"https:\/\/franciscanos.org.br\/noticias\/unidos-para-construir-coisas-boas-e-belas-pede-dom-camilo.html#breadcrumb\"},\"inLanguage\":\"pt-BR\",\"potentialAction\":[{\"@type\":\"ReadAction\",\"target\":[\"https:\/\/franciscanos.org.br\/noticias\/unidos-para-construir-coisas-boas-e-belas-pede-dom-camilo.html\"]}]},{\"@type\":\"BreadcrumbList\",\"@id\":\"https:\/\/franciscanos.org.br\/noticias\/unidos-para-construir-coisas-boas-e-belas-pede-dom-camilo.html#breadcrumb\",\"itemListElement\":[{\"@type\":\"ListItem\",\"position\":1,\"name\":\"Home\",\"item\":\"https:\/\/franciscanos.org.br\/noticias\"},{\"@type\":\"ListItem\",\"position\":2,\"name\":\"Unidos para construir coisas boas e belas, pede Dom Camilo\"}]},{\"@type\":\"Person\",\"@id\":\"https:\/\/franciscanos.org.br\/noticias\/#\/schema\/person\/b38fbf43118f02820bd932f2e4b14ad3\",\"name\":\"admin\",\"image\":{\"@type\":\"ImageObject\",\"inLanguage\":\"pt-BR\",\"@id\":\"https:\/\/franciscanos.org.br\/noticias\/#\/schema\/person\/image\/\",\"url\":\"https:\/\/secure.gravatar.com\/avatar\/e8495742d34d0ba6448ea1c628263b3e?s=96&d=mm&r=g\",\"contentUrl\":\"https:\/\/secure.gravatar.com\/avatar\/e8495742d34d0ba6448ea1c628263b3e?s=96&d=mm&r=g\",\"caption\":\"admin\"},\"url\":\"https:\/\/franciscanos.org.br\/noticias\/author\/admin\"}]}<\/script>\n<!-- \/ Yoast SEO plugin. -->","yoast_head_json":{"title":"Unidos para construir coisas boas e belas, pede Dom Camilo - Not\u00edcias - Franciscanos","robots":{"index":"index","follow":"follow","max-snippet":"max-snippet:-1","max-image-preview":"max-image-preview:large","max-video-preview":"max-video-preview:-1"},"canonical":"https:\/\/franciscanos.org.br\/noticias\/unidos-para-construir-coisas-boas-e-belas-pede-dom-camilo.html","og_locale":"pt_BR","og_type":"article","og_title":"Unidos para construir coisas boas e belas, pede Dom Camilo - Not\u00edcias - Franciscanos","og_description":"Convento S\u00e3o Francisco","og_url":"https:\/\/franciscanos.org.br\/noticias\/unidos-para-construir-coisas-boas-e-belas-pede-dom-camilo.html","og_site_name":"Not\u00edcias - Franciscanos","article_published_time":"2018-10-02T22:26:37+00:00","article_modified_time":"2018-11-27T11:33:59+00:00","og_image":[{"width":273,"height":181,"url":"https:\/\/franciscanos.org.br\/noticias\/wp-content\/uploads\/2018\/10\/novena_021018-21.jpg","type":"image\/jpeg"}],"author":"admin","twitter_card":"summary_large_image","twitter_misc":{"Escrito por":"admin","Est. tempo de leitura":"4 minutos"},"schema":{"@context":"https:\/\/schema.org","@graph":[{"@type":"WebSite","@id":"https:\/\/franciscanos.org.br\/noticias\/#website","url":"https:\/\/franciscanos.org.br\/noticias\/","name":"Not\u00edcias - Franciscanos","description":"Prov\u00edncia Franciscana da Imaculada Concei\u00e7\u00e3o do Brasil - Ordem dos Frades Menores - OFM","potentialAction":[{"@type":"SearchAction","target":{"@type":"EntryPoint","urlTemplate":"https:\/\/franciscanos.org.br\/noticias\/?s={search_term_string}"},"query-input":"required name=search_term_string"}],"inLanguage":"pt-BR"},{"@type":"ImageObject","inLanguage":"pt-BR","@id":"https:\/\/franciscanos.org.br\/noticias\/unidos-para-construir-coisas-boas-e-belas-pede-dom-camilo.html#primaryimage","url":"https:\/\/franciscanos.org.br\/noticias\/wp-content\/uploads\/2018\/10\/novena_021018-21.jpg","contentUrl":"https:\/\/franciscanos.org.br\/noticias\/wp-content\/uploads\/2018\/10\/novena_021018-21.jpg","width":273,"height":181},{"@type":"WebPage","@id":"https:\/\/franciscanos.org.br\/noticias\/unidos-para-construir-coisas-boas-e-belas-pede-dom-camilo.html#webpage","url":"https:\/\/franciscanos.org.br\/noticias\/unidos-para-construir-coisas-boas-e-belas-pede-dom-camilo.html","name":"Unidos para construir coisas boas e belas, pede Dom Camilo - Not\u00edcias - Franciscanos","isPartOf":{"@id":"https:\/\/franciscanos.org.br\/noticias\/#website"},"primaryImageOfPage":{"@id":"https:\/\/franciscanos.org.br\/noticias\/unidos-para-construir-coisas-boas-e-belas-pede-dom-camilo.html#primaryimage"},"datePublished":"2018-10-02T22:26:37+00:00","dateModified":"2018-11-27T11:33:59+00:00","author":{"@id":"https:\/\/franciscanos.org.br\/noticias\/#\/schema\/person\/b38fbf43118f02820bd932f2e4b14ad3"},"breadcrumb":{"@id":"https:\/\/franciscanos.org.br\/noticias\/unidos-para-construir-coisas-boas-e-belas-pede-dom-camilo.html#breadcrumb"},"inLanguage":"pt-BR","potentialAction":[{"@type":"ReadAction","target":["https:\/\/franciscanos.org.br\/noticias\/unidos-para-construir-coisas-boas-e-belas-pede-dom-camilo.html"]}]},{"@type":"BreadcrumbList","@id":"https:\/\/franciscanos.org.br\/noticias\/unidos-para-construir-coisas-boas-e-belas-pede-dom-camilo.html#breadcrumb","itemListElement":[{"@type":"ListItem","position":1,"name":"Home","item":"https:\/\/franciscanos.org.br\/noticias"},{"@type":"ListItem","position":2,"name":"Unidos para construir coisas boas e belas, pede Dom Camilo"}]},{"@type":"Person","@id":"https:\/\/franciscanos.org.br\/noticias\/#\/schema\/person\/b38fbf43118f02820bd932f2e4b14ad3","name":"admin","image":{"@type":"ImageObject","inLanguage":"pt-BR","@id":"https:\/\/franciscanos.org.br\/noticias\/#\/schema\/person\/image\/","url":"https:\/\/secure.gravatar.com\/avatar\/e8495742d34d0ba6448ea1c628263b3e?s=96&d=mm&r=g","contentUrl":"https:\/\/secure.gravatar.com\/avatar\/e8495742d34d0ba6448ea1c628263b3e?s=96&d=mm&r=g","caption":"admin"},"url":"https:\/\/franciscanos.org.br\/noticias\/author\/admin"}]}},"_links":{"self":[{"href":"https:\/\/franciscanos.org.br\/noticias\/wp-json\/wp\/v2\/posts\/173159"}],"collection":[{"href":"https:\/\/franciscanos.org.br\/noticias\/wp-json\/wp\/v2\/posts"}],"about":[{"href":"https:\/\/franciscanos.org.br\/noticias\/wp-json\/wp\/v2\/types\/post"}],"author":[{"embeddable":true,"href":"https:\/\/franciscanos.org.br\/noticias\/wp-json\/wp\/v2\/users\/1"}],"replies":[{"embeddable":true,"href":"https:\/\/franciscanos.org.br\/noticias\/wp-json\/wp\/v2\/comments?post=173159"}],"version-history":[{"count":0,"href":"https:\/\/franciscanos.org.br\/noticias\/wp-json\/wp\/v2\/posts\/173159\/revisions"}],"wp:featuredmedia":[{"embeddable":true,"href":"https:\/\/franciscanos.org.br\/noticias\/wp-json\/wp\/v2\/media\/191552"}],"wp:attachment":[{"href":"https:\/\/franciscanos.org.br\/noticias\/wp-json\/wp\/v2\/media?parent=173159"}],"wp:term":[{"taxonomy":"category","embeddable":true,"href":"https:\/\/franciscanos.org.br\/noticias\/wp-json\/wp\/v2\/categories?post=173159"},{"taxonomy":"post_tag","embeddable":true,"href":"https:\/\/franciscanos.org.br\/noticias\/wp-json\/wp\/v2\/tags?post=173159"}],"curies":[{"name":"wp","href":"https:\/\/api.w.org\/{rel}","templated":true}]}}