{"id":173093,"date":"2018-10-02T19:13:31","date_gmt":"2018-10-02T22:13:31","guid":{"rendered":"http:\/\/franciscanos.org.br\/?p=173093"},"modified":"2019-08-19T11:16:44","modified_gmt":"2019-08-19T14:16:44","slug":"frades-fazem-apelo-pela-paz-no-zoologico-de-sao-paulo","status":"publish","type":"post","link":"https:\/\/franciscanos.org.br\/noticias\/frades-fazem-apelo-pela-paz-no-zoologico-de-sao-paulo.html","title":{"rendered":"Frades fazem apelo pela paz no Zool\u00f3gico de S\u00e3o Paulo"},"content":{"rendered":"<p><img loading=\"lazy\" class=\"aligncenter\" src=\"http:\/\/franciscanos.org.br\/wp-content\/uploads\/2018\/10\/zoologico_021018.jpg\" alt=\"zoologico_021018\" width=\"830\" height=\"400\" \/><\/p>\n<p><strong>Frei Augusto Luiz Gabriel<\/strong><\/p>\n<p><strong>S\u00e3o Paulo (SP)<\/strong> \u2013 Todos os anos, aproximando-se da festa de S\u00e3o Francisco de Assis, os frades franciscanos e a comunidade paroquial do Convento, Par\u00f3quia e Santu\u00e1rio S\u00e3o Francisco marcam presen\u00e7a no Zool\u00f3gico de S\u00e3o Paulo para um momento de ora\u00e7\u00e3o. E, neste ano, n\u00e3o foi diferente! Motivados pelo tema\u00a0 \u201cFrancisco e a Paz que buscamos\u201d, nesta ter\u00e7a-feira (02\/10), os freis lan\u00e7aram um apelo pela constru\u00e7\u00e3o da paz.<\/p>\n<p>De frente \u00e0 imagem de S\u00e3o Francisco de Assis, presente no local desde 1975, oferta da Prov\u00edncia Franciscana da Imaculada Concei\u00e7\u00e3o ao Zool\u00f3gico, por ocasi\u00e3o do tricenten\u00e1rio da institui\u00e7\u00e3o, os freis Alvaci Mendes da Luz e Alexandre Rohling (Xand\u00e3o) conduziram as ora\u00e7\u00f5es e reflex\u00f5es. Quem passava pelo local parava e prestigiava este momento, de modo que n\u00e3o precisou de muito tempo para aglomerar um grande n\u00famero de pessoas.<\/p>\n<p><img loading=\"lazy\" class=\"aligncenter\" src=\"http:\/\/franciscanos.org.br\/wp-content\/uploads\/2018\/10\/zoologico_021018_1.jpg\" alt=\"zoologico_021018_1\" width=\"830\" height=\"400\" \/><\/p>\n<p>Na reflex\u00e3o, Frei Alexandre destacou que S\u00e3o Francisco de Assis \u00e9 um homem que encanta e perpassa todas as religi\u00f5es. \u201cSeu ideal de vida atrai seguidores, admiradores e simpatizantes. \u00c9 o homem da paz\u201d, frisou.<\/p>\n<p>O frade tamb\u00e9m lembrou alguns aspectos da convers\u00e3o do santo de Assis, afirmando que a l\u00f3gica do amor come\u00e7ou a brotar em Francisco a partir do momento em que ele rompeu com a sociedade e passou a chamar de irm\u00e3o e irm\u00e3 as plantas, animais e todos os seres da cria\u00e7\u00e3o. \u201cEra profundamente apegado ao Evangelho. Deu vida \u00e0 Palavra de Deus atrav\u00e9s de seus atos. Ele externava para o mundo aquilo que vivia no seu interior. Para alguns, era o louco de Assis; para outros, o pobrezinho. At\u00e9 hoje \u00e9 o santo universal\u201d, disse, afirmando que Francisco integrou todo o universo e vive dentro de muitos cora\u00e7\u00f5es mesmo depois de 800 anos.<\/p>\n<p><img loading=\"lazy\" class=\"alignright wp-image-173097\" src=\"http:\/\/franciscanos.org.br\/wp-content\/uploads\/2018\/10\/zoologico_021018_2.jpg\" alt=\"zoologico_021018_2\" width=\"367\" height=\"290\" \/>\u201cFrancisco, nos seus poucos anos de vida, tocou o cora\u00e7\u00e3o de tanta gente. Tantos que desejaram segui-lo. E digo mais: Francisco ainda toca muitos cora\u00e7\u00f5es hoje. Quando olho para este jardim, para os profissionais e colaboradores desta Funda\u00e7\u00e3o, creio que Francisco toca muitos cora\u00e7\u00f5es\u201d, refletiu Frei Xand\u00e3o e citou o Diretor Presidente do Zool\u00f3gico, Dr. Paulo Bressan, e da colaboradora F\u00e1tima Aparecida Viveiros Valente, afirmando que o<em> Poverello<\/em> tamb\u00e9m tocou o cora\u00e7\u00e3o deles: \u201cToca o cora\u00e7\u00e3o dos bi\u00f3logos e bi\u00f3logas. Dos que cuidam dos animais nas suas diferente fun\u00e7\u00f5es e atribui\u00e7\u00f5es. Enfim, de todas as pessoas que de algum modo colaboram para o bom andamento deste Zool\u00f3gico\u201d, frisou Frei Alexandre.<\/p>\n<p>E finalizou sua reflex\u00e3o questionando como \u00e9 poss\u00edvel levar a paz, o amor, perd\u00e3o, f\u00e9, verdade, esperan\u00e7a, alegria em um mundo cheio de disc\u00f3rdia, \u00f3dio, ofensa, d\u00favidas, erros, tristezas e trevas. \u201cVou repetir o que nos diz Francisco: \u2018Tomem o partido do amor, tirem a for\u00e7a do \u00f3dio de seus cora\u00e7\u00f5es. Perdoem de verdade, esquecendo as ofensas. E sejam, acima de tudo, alegres e unidos na esperan\u00e7a de um mundo melhor\u2019\u201d, acentuou o frade.<\/p>\n<div id=\"attachment_173098\" style=\"width: 358px\" class=\"wp-caption alignleft\"><img aria-describedby=\"caption-attachment-173098\" loading=\"lazy\" class=\"wp-image-173098\" src=\"http:\/\/franciscanos.org.br\/wp-content\/uploads\/2018\/10\/zoologico_021018_3.jpg\" alt=\"zoologico_021018_3\" width=\"348\" height=\"235\" \/><p id=\"caption-attachment-173098\" class=\"wp-caption-text\">Frei Alvaci e a colaboradora F\u00e1tima<\/p><\/div>\n<p>Segundo Frei Alvaci, realizar esse momento de ora\u00e7\u00e3o no Zool\u00f3gico \u00e9 gra\u00e7a de Deus. \u201cRezamos aqui em um espa\u00e7o de trabalho de muitos, mas tamb\u00e9m de cuidado, seja da cria\u00e7\u00e3o como tamb\u00e9m da pr\u00f3pria vida\u201d, revelou.<\/p>\n<p>Para a colaboradora F\u00e1tima, que desde o 1\u00ba ano \u00e9 uma grande incentivadora deste momento, trabalhar no local \u00e9 uma b\u00ean\u00e7\u00e3o e um desafio. \u201c\u00c9 dif\u00edcil, porque sempre queremos fazer mais, e a gente faz at\u00e9 aonde pode. \u00c9 uma b\u00ean\u00e7\u00e3o receber os freis aqui todos os anos. Essa parceria de todo esse tempo nos d\u00e1 um f\u00f4lego para continuarmos nossa miss\u00e3o. Toda a nossa equipe agradece a presen\u00e7a de todos voc\u00eas aqui\u201d, enfatizou.<\/p>\n<p>E, por fim, os frades deram a B\u00ean\u00e7\u00e3o de S\u00e3o Francisco aos colaboradores e presentes, e depois aos animais do zool\u00f3gico.<\/p>\n<p>No final da manh\u00e3, os freis e colaboradores tamb\u00e9m participaram da conclus\u00e3o da enquete <em>online<\/em>, lan\u00e7ada em maio deste ano, para \u201cbatizar\u201d duas leoas filhotes nascidas no parque. O p\u00fablico escolheu <strong>Aisha<\/strong> e<strong> Amira<\/strong>, com 44% dos votos, e o resultado foi dado ao vivo no SP1 da Tv Globo. (<a href=\"https:\/\/globoplay.globo.com\/v\/7058858\/programa\/\">Veja o v\u00eddeo<\/a>).<\/p>\n","protected":false},"excerpt":{"rendered":"<p>B\u00ean\u00e7\u00e3o no Zool\u00f3gico<\/p>\n","protected":false},"author":5,"featured_media":191562,"comment_status":"open","ping_status":"open","sticky":false,"template":"","format":"standard","meta":[],"categories":[1],"tags":[312],"acf":[],"yoast_head":"<!-- This site is optimized with the Yoast SEO plugin v19.2 - https:\/\/yoast.com\/wordpress\/plugins\/seo\/ -->\n<title>Frades fazem apelo pela paz no Zool\u00f3gico de S\u00e3o Paulo - Not\u00edcias - Franciscanos<\/title>\n<meta name=\"robots\" content=\"index, follow, max-snippet:-1, max-image-preview:large, max-video-preview:-1\" \/>\n<link rel=\"canonical\" href=\"https:\/\/franciscanos.org.br\/noticias\/frades-fazem-apelo-pela-paz-no-zoologico-de-sao-paulo.html\" \/>\n<meta property=\"og:locale\" content=\"pt_BR\" \/>\n<meta property=\"og:type\" content=\"article\" \/>\n<meta property=\"og:title\" content=\"Frades fazem apelo pela paz no Zool\u00f3gico de S\u00e3o Paulo - Not\u00edcias - Franciscanos\" \/>\n<meta property=\"og:description\" content=\"B\u00ean\u00e7\u00e3o no Zool\u00f3gico\" \/>\n<meta property=\"og:url\" content=\"https:\/\/franciscanos.org.br\/noticias\/frades-fazem-apelo-pela-paz-no-zoologico-de-sao-paulo.html\" \/>\n<meta property=\"og:site_name\" content=\"Not\u00edcias - Franciscanos\" \/>\n<meta property=\"article:published_time\" content=\"2018-10-02T22:13:31+00:00\" \/>\n<meta property=\"article:modified_time\" content=\"2019-08-19T14:16:44+00:00\" \/>\n<meta property=\"og:image\" content=\"https:\/\/franciscanos.org.br\/noticias\/wp-content\/uploads\/2018\/10\/zoologico_021018.jpg\" \/>\n\t<meta property=\"og:image:width\" content=\"273\" \/>\n\t<meta property=\"og:image:height\" content=\"181\" \/>\n\t<meta property=\"og:image:type\" content=\"image\/jpeg\" \/>\n<meta name=\"author\" content=\"freiaugusto\" \/>\n<meta name=\"twitter:card\" content=\"summary_large_image\" \/>\n<meta name=\"twitter:label1\" content=\"Escrito por\" \/>\n\t<meta name=\"twitter:data1\" content=\"freiaugusto\" \/>\n\t<meta name=\"twitter:label2\" content=\"Est. tempo de leitura\" \/>\n\t<meta name=\"twitter:data2\" content=\"4 minutos\" \/>\n<script type=\"application\/ld+json\" class=\"yoast-schema-graph\">{\"@context\":\"https:\/\/schema.org\",\"@graph\":[{\"@type\":\"WebSite\",\"@id\":\"https:\/\/franciscanos.org.br\/noticias\/#website\",\"url\":\"https:\/\/franciscanos.org.br\/noticias\/\",\"name\":\"Not\u00edcias - Franciscanos\",\"description\":\"Prov\u00edncia Franciscana da Imaculada Concei\u00e7\u00e3o do Brasil - Ordem dos Frades Menores - OFM\",\"potentialAction\":[{\"@type\":\"SearchAction\",\"target\":{\"@type\":\"EntryPoint\",\"urlTemplate\":\"https:\/\/franciscanos.org.br\/noticias\/?s={search_term_string}\"},\"query-input\":\"required name=search_term_string\"}],\"inLanguage\":\"pt-BR\"},{\"@type\":\"ImageObject\",\"inLanguage\":\"pt-BR\",\"@id\":\"https:\/\/franciscanos.org.br\/noticias\/frades-fazem-apelo-pela-paz-no-zoologico-de-sao-paulo.html#primaryimage\",\"url\":\"https:\/\/franciscanos.org.br\/noticias\/wp-content\/uploads\/2018\/10\/zoologico_021018.jpg\",\"contentUrl\":\"https:\/\/franciscanos.org.br\/noticias\/wp-content\/uploads\/2018\/10\/zoologico_021018.jpg\",\"width\":273,\"height\":181},{\"@type\":\"WebPage\",\"@id\":\"https:\/\/franciscanos.org.br\/noticias\/frades-fazem-apelo-pela-paz-no-zoologico-de-sao-paulo.html#webpage\",\"url\":\"https:\/\/franciscanos.org.br\/noticias\/frades-fazem-apelo-pela-paz-no-zoologico-de-sao-paulo.html\",\"name\":\"Frades fazem apelo pela paz no Zool\u00f3gico de S\u00e3o Paulo - Not\u00edcias - Franciscanos\",\"isPartOf\":{\"@id\":\"https:\/\/franciscanos.org.br\/noticias\/#website\"},\"primaryImageOfPage\":{\"@id\":\"https:\/\/franciscanos.org.br\/noticias\/frades-fazem-apelo-pela-paz-no-zoologico-de-sao-paulo.html#primaryimage\"},\"datePublished\":\"2018-10-02T22:13:31+00:00\",\"dateModified\":\"2019-08-19T14:16:44+00:00\",\"author\":{\"@id\":\"https:\/\/franciscanos.org.br\/noticias\/#\/schema\/person\/37f88f0d111cd5358b12a6556a99eb91\"},\"breadcrumb\":{\"@id\":\"https:\/\/franciscanos.org.br\/noticias\/frades-fazem-apelo-pela-paz-no-zoologico-de-sao-paulo.html#breadcrumb\"},\"inLanguage\":\"pt-BR\",\"potentialAction\":[{\"@type\":\"ReadAction\",\"target\":[\"https:\/\/franciscanos.org.br\/noticias\/frades-fazem-apelo-pela-paz-no-zoologico-de-sao-paulo.html\"]}]},{\"@type\":\"BreadcrumbList\",\"@id\":\"https:\/\/franciscanos.org.br\/noticias\/frades-fazem-apelo-pela-paz-no-zoologico-de-sao-paulo.html#breadcrumb\",\"itemListElement\":[{\"@type\":\"ListItem\",\"position\":1,\"name\":\"Home\",\"item\":\"https:\/\/franciscanos.org.br\/noticias\"},{\"@type\":\"ListItem\",\"position\":2,\"name\":\"Frades fazem apelo pela paz no Zool\u00f3gico de S\u00e3o Paulo\"}]},{\"@type\":\"Person\",\"@id\":\"https:\/\/franciscanos.org.br\/noticias\/#\/schema\/person\/37f88f0d111cd5358b12a6556a99eb91\",\"name\":\"freiaugusto\",\"image\":{\"@type\":\"ImageObject\",\"inLanguage\":\"pt-BR\",\"@id\":\"https:\/\/franciscanos.org.br\/noticias\/#\/schema\/person\/image\/\",\"url\":\"https:\/\/secure.gravatar.com\/avatar\/9840b940e621801b24f3e6b059efb4b7?s=96&d=mm&r=g\",\"contentUrl\":\"https:\/\/secure.gravatar.com\/avatar\/9840b940e621801b24f3e6b059efb4b7?s=96&d=mm&r=g\",\"caption\":\"freiaugusto\"},\"url\":\"https:\/\/franciscanos.org.br\/noticias\/author\/freiaugusto\"}]}<\/script>\n<!-- \/ Yoast SEO plugin. -->","yoast_head_json":{"title":"Frades fazem apelo pela paz no Zool\u00f3gico de S\u00e3o Paulo - Not\u00edcias - Franciscanos","robots":{"index":"index","follow":"follow","max-snippet":"max-snippet:-1","max-image-preview":"max-image-preview:large","max-video-preview":"max-video-preview:-1"},"canonical":"https:\/\/franciscanos.org.br\/noticias\/frades-fazem-apelo-pela-paz-no-zoologico-de-sao-paulo.html","og_locale":"pt_BR","og_type":"article","og_title":"Frades fazem apelo pela paz no Zool\u00f3gico de S\u00e3o Paulo - Not\u00edcias - Franciscanos","og_description":"B\u00ean\u00e7\u00e3o no Zool\u00f3gico","og_url":"https:\/\/franciscanos.org.br\/noticias\/frades-fazem-apelo-pela-paz-no-zoologico-de-sao-paulo.html","og_site_name":"Not\u00edcias - Franciscanos","article_published_time":"2018-10-02T22:13:31+00:00","article_modified_time":"2019-08-19T14:16:44+00:00","og_image":[{"width":273,"height":181,"url":"https:\/\/franciscanos.org.br\/noticias\/wp-content\/uploads\/2018\/10\/zoologico_021018.jpg","type":"image\/jpeg"}],"author":"freiaugusto","twitter_card":"summary_large_image","twitter_misc":{"Escrito por":"freiaugusto","Est. tempo de leitura":"4 minutos"},"schema":{"@context":"https:\/\/schema.org","@graph":[{"@type":"WebSite","@id":"https:\/\/franciscanos.org.br\/noticias\/#website","url":"https:\/\/franciscanos.org.br\/noticias\/","name":"Not\u00edcias - Franciscanos","description":"Prov\u00edncia Franciscana da Imaculada Concei\u00e7\u00e3o do Brasil - Ordem dos Frades Menores - OFM","potentialAction":[{"@type":"SearchAction","target":{"@type":"EntryPoint","urlTemplate":"https:\/\/franciscanos.org.br\/noticias\/?s={search_term_string}"},"query-input":"required name=search_term_string"}],"inLanguage":"pt-BR"},{"@type":"ImageObject","inLanguage":"pt-BR","@id":"https:\/\/franciscanos.org.br\/noticias\/frades-fazem-apelo-pela-paz-no-zoologico-de-sao-paulo.html#primaryimage","url":"https:\/\/franciscanos.org.br\/noticias\/wp-content\/uploads\/2018\/10\/zoologico_021018.jpg","contentUrl":"https:\/\/franciscanos.org.br\/noticias\/wp-content\/uploads\/2018\/10\/zoologico_021018.jpg","width":273,"height":181},{"@type":"WebPage","@id":"https:\/\/franciscanos.org.br\/noticias\/frades-fazem-apelo-pela-paz-no-zoologico-de-sao-paulo.html#webpage","url":"https:\/\/franciscanos.org.br\/noticias\/frades-fazem-apelo-pela-paz-no-zoologico-de-sao-paulo.html","name":"Frades fazem apelo pela paz no Zool\u00f3gico de S\u00e3o Paulo - Not\u00edcias - Franciscanos","isPartOf":{"@id":"https:\/\/franciscanos.org.br\/noticias\/#website"},"primaryImageOfPage":{"@id":"https:\/\/franciscanos.org.br\/noticias\/frades-fazem-apelo-pela-paz-no-zoologico-de-sao-paulo.html#primaryimage"},"datePublished":"2018-10-02T22:13:31+00:00","dateModified":"2019-08-19T14:16:44+00:00","author":{"@id":"https:\/\/franciscanos.org.br\/noticias\/#\/schema\/person\/37f88f0d111cd5358b12a6556a99eb91"},"breadcrumb":{"@id":"https:\/\/franciscanos.org.br\/noticias\/frades-fazem-apelo-pela-paz-no-zoologico-de-sao-paulo.html#breadcrumb"},"inLanguage":"pt-BR","potentialAction":[{"@type":"ReadAction","target":["https:\/\/franciscanos.org.br\/noticias\/frades-fazem-apelo-pela-paz-no-zoologico-de-sao-paulo.html"]}]},{"@type":"BreadcrumbList","@id":"https:\/\/franciscanos.org.br\/noticias\/frades-fazem-apelo-pela-paz-no-zoologico-de-sao-paulo.html#breadcrumb","itemListElement":[{"@type":"ListItem","position":1,"name":"Home","item":"https:\/\/franciscanos.org.br\/noticias"},{"@type":"ListItem","position":2,"name":"Frades fazem apelo pela paz no Zool\u00f3gico de S\u00e3o Paulo"}]},{"@type":"Person","@id":"https:\/\/franciscanos.org.br\/noticias\/#\/schema\/person\/37f88f0d111cd5358b12a6556a99eb91","name":"freiaugusto","image":{"@type":"ImageObject","inLanguage":"pt-BR","@id":"https:\/\/franciscanos.org.br\/noticias\/#\/schema\/person\/image\/","url":"https:\/\/secure.gravatar.com\/avatar\/9840b940e621801b24f3e6b059efb4b7?s=96&d=mm&r=g","contentUrl":"https:\/\/secure.gravatar.com\/avatar\/9840b940e621801b24f3e6b059efb4b7?s=96&d=mm&r=g","caption":"freiaugusto"},"url":"https:\/\/franciscanos.org.br\/noticias\/author\/freiaugusto"}]}},"_links":{"self":[{"href":"https:\/\/franciscanos.org.br\/noticias\/wp-json\/wp\/v2\/posts\/173093"}],"collection":[{"href":"https:\/\/franciscanos.org.br\/noticias\/wp-json\/wp\/v2\/posts"}],"about":[{"href":"https:\/\/franciscanos.org.br\/noticias\/wp-json\/wp\/v2\/types\/post"}],"author":[{"embeddable":true,"href":"https:\/\/franciscanos.org.br\/noticias\/wp-json\/wp\/v2\/users\/5"}],"replies":[{"embeddable":true,"href":"https:\/\/franciscanos.org.br\/noticias\/wp-json\/wp\/v2\/comments?post=173093"}],"version-history":[{"count":0,"href":"https:\/\/franciscanos.org.br\/noticias\/wp-json\/wp\/v2\/posts\/173093\/revisions"}],"wp:featuredmedia":[{"embeddable":true,"href":"https:\/\/franciscanos.org.br\/noticias\/wp-json\/wp\/v2\/media\/191562"}],"wp:attachment":[{"href":"https:\/\/franciscanos.org.br\/noticias\/wp-json\/wp\/v2\/media?parent=173093"}],"wp:term":[{"taxonomy":"category","embeddable":true,"href":"https:\/\/franciscanos.org.br\/noticias\/wp-json\/wp\/v2\/categories?post=173093"},{"taxonomy":"post_tag","embeddable":true,"href":"https:\/\/franciscanos.org.br\/noticias\/wp-json\/wp\/v2\/tags?post=173093"}],"curies":[{"name":"wp","href":"https:\/\/api.w.org\/{rel}","templated":true}]}}