{"id":173086,"date":"2018-10-02T11:20:38","date_gmt":"2018-10-02T14:20:38","guid":{"rendered":"http:\/\/franciscanos.org.br\/?p=173086"},"modified":"2020-06-06T19:07:35","modified_gmt":"2020-06-06T22:07:35","slug":"papa-anjos-da-guarda-sao-nossa-porta-a-transcendencia","status":"publish","type":"post","link":"https:\/\/franciscanos.org.br\/noticias\/papa-anjos-da-guarda-sao-nossa-porta-a-transcendencia.html","title":{"rendered":"O Anjo \u00e9 a porta cotidiana para o encontro com o Pai"},"content":{"rendered":"<p><img loading=\"lazy\" class=\"alignleft\" src=\"http:\/\/franciscanos.org.br\/wp-content\/uploads\/2018\/10\/papa_021018.jpg\" alt=\"papa_021018\" width=\"820\" height=\"461\" \/><\/p>\n<p><strong>Cidade do Vaticano<\/strong> &#8211; &#8220;Vou enviar um anjo que v\u00e1 \u00e0 tua frente, que te guarde pelo caminho e te conduza ao lugar que te preparei&#8221;. S\u00e3o essas palavras da Primeira Leitura, extra\u00edda do cap\u00edtulo 23 do Livro do \u00caxodo, que guiaram a reflex\u00e3o do Papa na homilia da Missa celebrada na Casa Santa Marta, no dia em que a Igreja festeja os Santos Anjos da Guarda. S\u00e3o precisamente eles \u2013 disse Francisco &#8211; &#8220;a ajuda muito especial&#8221; que o &#8220;Senhor promete ao seu povo e a n\u00f3s que caminhamos na estrada da vida&#8221;.<\/p>\n<p><strong>O Anjo, b\u00fassola que nos ajuda a caminhar<\/strong><\/p>\n<p>A vida, disse ainda o Papa, \u00e9 o caminho no qual devemos ser auxiliados por &#8220;companheiros&#8221;, por &#8220;protetores&#8221;, por uma &#8220;b\u00fassola humana ou uma b\u00fassola que se parece com um humano&#8221; e nos ajuda a olhar para a dire\u00e7\u00e3o que devemos ir. Francisco cita tr\u00eas poss\u00edveis perigos que podem encontrar no decorrer da vida:<\/p>\n<p>Existe o perigo de n\u00e3o caminhar. E quantas pessoas se estabelecem e n\u00e3o caminham, e toda a vida ficam paradas, sem se mover, sem fazer nada&#8230; \u00c9 um perigo. Como aquele homem do Evangelho que tinha medo de investir o talento. O enterrou e pensou: \u201cEu estou em paz, estou tranquilo. N\u00e3o poderei cometer um erro. Assim n\u00e3o arrisco\u201d. E muitas pessoas n\u00e3o sabem como caminhar ou t\u00eam medo de arriscar e param. Mas n\u00f3s sabemos que a regra \u00e9 que quem fica parado na vida, acaba por se corromper. Como a \u00e1gua: quando a \u00e1gua est\u00e1 ali parada, chegam os mosquitos, depositam ovos e tudo se corrompe. Tudo. O Anjo nos ajuda, nos leva a caminhar.<\/p>\n<p><strong>O perigo de errar o caminho ou girar num labirinto<\/strong><\/p>\n<p>Mas h\u00e1 outras duas ins\u00eddias no caminho da nossa vida, prosseguiu o Papa: o &#8220;perigo de errar o caminho&#8221;, que somente &#8220;no in\u00edcio \u00e9 f\u00e1cil de corrigir&#8221;; e o perigo de deixar o caminho para se perder numa pra\u00e7a, indo &#8220;de um lado e do outro como num labirinto&#8221; que aprisiona e &#8220;jamais o leva at\u00e9 o fim&#8221;. Eis que o &#8220;Anjo&#8221;, reiterou Francisco, &#8220;existe para nos ajudar a n\u00e3o errar o caminho e a caminhar nele&#8221;, mas \u00e9 necess\u00e1ria a nossa ora\u00e7\u00e3o, o nosso pedido de ajuda:<\/p>\n<p>E o Senhor diz: \u201cTenha respeito por sua presen\u00e7a\u201d. O Anjo \u00e9 cr\u00edvel, tem autoridade para nos guiar. Ou\u00e7a a sua voz e n\u00e3o se revolte contra ele.\u201d Ou\u00e7a as inspira\u00e7\u00f5es que s\u00e3o sempre do Esp\u00edrito Santo, mas \u00e9 o Anjo a inspir\u00e1-las. Eu gostaria de fazer a todos uma pergunta: voc\u00eas conversam com o seu Anjo? Voc\u00eas conhecem o nome dele? Voc\u00eas ouvem o seu Anjo? Voc\u00eas se deixam levar pela m\u00e3o na estrada ou impulsionar para se mover?<\/p>\n<p><strong>O Anjo nos mostra o caminho para chegar ao Pai<\/strong><\/p>\n<p>\u201cA presen\u00e7a e o papel dos Anjos em nossa vida \u00e9 ainda mais importante, porque eles n\u00e3o somente nos ajudam a caminhar bem, mas nos mostram tamb\u00e9m onde devemos chegar\u201d, ressaltou ainda Francisco. Hoje, o Evangelho de Mateus nos diz: \u201cN\u00e3o desprezeis nenhum desses pequeninos\u201d, diz o Senhor, \u201cpois os seus anjos nos c\u00e9us veem sem cessar a face do meu Pai que est\u00e1 nos c\u00e9us\u201d. No \u201cmist\u00e9rio da cust\u00f3dia do Anjo\u201d existe tamb\u00e9m a \u201ccontempla\u00e7\u00e3o de Deus Pai\u201d, que o Senhor deve nos dar a gra\u00e7a de compreender. E o Papa concluiu:<\/p>\n<p>\u201cO nosso Anjo n\u00e3o somente est\u00e1 conosco, mas v\u00ea Deus Pai. Est\u00e1 em rela\u00e7\u00e3o com Ele. \u00c9 a ponte cotidiana, desde a hora em que nos levantamos at\u00e9 o hora em que vamos dormir. Ele nos acompanha. \u00c9 uma liga\u00e7\u00e3o entre n\u00f3s e Deus Pai. O Anjo \u00e9 a porta cotidiana para a transcend\u00eancia, para o encontro com o Pai: ou seja, o Anjo nos ajuda a caminhar porque olha o Pai e conhece a estrada. N\u00e3o nos esque\u00e7amos desses companheiros de caminhada\u201d.<\/p>\n<hr \/>\n<p><em>Fonte: Vatican News<\/em><\/p>\n","protected":false},"excerpt":{"rendered":"<p>Missa em Santa Marta<\/p>\n","protected":false},"author":1,"featured_media":191567,"comment_status":"open","ping_status":"open","sticky":false,"template":"","format":"standard","meta":[],"categories":[1428],"tags":[1586],"acf":[],"yoast_head":"<!-- This site is optimized with the Yoast SEO plugin v19.2 - https:\/\/yoast.com\/wordpress\/plugins\/seo\/ -->\n<title>O Anjo \u00e9 a porta cotidiana para o encontro com o Pai - Not\u00edcias - Franciscanos<\/title>\n<meta name=\"robots\" content=\"index, follow, max-snippet:-1, max-image-preview:large, max-video-preview:-1\" \/>\n<link rel=\"canonical\" href=\"https:\/\/franciscanos.org.br\/noticias\/papa-anjos-da-guarda-sao-nossa-porta-a-transcendencia.html\" \/>\n<meta property=\"og:locale\" content=\"pt_BR\" \/>\n<meta property=\"og:type\" content=\"article\" \/>\n<meta property=\"og:title\" content=\"O Anjo \u00e9 a porta cotidiana para o encontro com o Pai - Not\u00edcias - Franciscanos\" \/>\n<meta property=\"og:description\" content=\"Missa em Santa Marta\" \/>\n<meta property=\"og:url\" content=\"https:\/\/franciscanos.org.br\/noticias\/papa-anjos-da-guarda-sao-nossa-porta-a-transcendencia.html\" \/>\n<meta property=\"og:site_name\" content=\"Not\u00edcias - Franciscanos\" \/>\n<meta property=\"article:published_time\" content=\"2018-10-02T14:20:38+00:00\" \/>\n<meta property=\"article:modified_time\" content=\"2020-06-06T22:07:35+00:00\" \/>\n<meta property=\"og:image\" content=\"https:\/\/franciscanos.org.br\/noticias\/wp-content\/uploads\/2018\/10\/papa_021018-1.jpg\" \/>\n\t<meta property=\"og:image:width\" content=\"273\" \/>\n\t<meta property=\"og:image:height\" content=\"181\" \/>\n\t<meta property=\"og:image:type\" content=\"image\/jpeg\" \/>\n<meta name=\"author\" content=\"admin\" \/>\n<meta name=\"twitter:card\" content=\"summary_large_image\" \/>\n<meta name=\"twitter:label1\" content=\"Escrito por\" \/>\n\t<meta name=\"twitter:data1\" content=\"admin\" \/>\n\t<meta name=\"twitter:label2\" content=\"Est. tempo de leitura\" \/>\n\t<meta name=\"twitter:data2\" content=\"3 minutos\" \/>\n<script type=\"application\/ld+json\" class=\"yoast-schema-graph\">{\"@context\":\"https:\/\/schema.org\",\"@graph\":[{\"@type\":\"WebSite\",\"@id\":\"https:\/\/franciscanos.org.br\/noticias\/#website\",\"url\":\"https:\/\/franciscanos.org.br\/noticias\/\",\"name\":\"Not\u00edcias - Franciscanos\",\"description\":\"Prov\u00edncia Franciscana da Imaculada Concei\u00e7\u00e3o do Brasil - Ordem dos Frades Menores - OFM\",\"potentialAction\":[{\"@type\":\"SearchAction\",\"target\":{\"@type\":\"EntryPoint\",\"urlTemplate\":\"https:\/\/franciscanos.org.br\/noticias\/?s={search_term_string}\"},\"query-input\":\"required name=search_term_string\"}],\"inLanguage\":\"pt-BR\"},{\"@type\":\"ImageObject\",\"inLanguage\":\"pt-BR\",\"@id\":\"https:\/\/franciscanos.org.br\/noticias\/papa-anjos-da-guarda-sao-nossa-porta-a-transcendencia.html#primaryimage\",\"url\":\"https:\/\/franciscanos.org.br\/noticias\/wp-content\/uploads\/2018\/10\/papa_021018-1.jpg\",\"contentUrl\":\"https:\/\/franciscanos.org.br\/noticias\/wp-content\/uploads\/2018\/10\/papa_021018-1.jpg\",\"width\":273,\"height\":181},{\"@type\":\"WebPage\",\"@id\":\"https:\/\/franciscanos.org.br\/noticias\/papa-anjos-da-guarda-sao-nossa-porta-a-transcendencia.html#webpage\",\"url\":\"https:\/\/franciscanos.org.br\/noticias\/papa-anjos-da-guarda-sao-nossa-porta-a-transcendencia.html\",\"name\":\"O Anjo \u00e9 a porta cotidiana para o encontro com o Pai - Not\u00edcias - Franciscanos\",\"isPartOf\":{\"@id\":\"https:\/\/franciscanos.org.br\/noticias\/#website\"},\"primaryImageOfPage\":{\"@id\":\"https:\/\/franciscanos.org.br\/noticias\/papa-anjos-da-guarda-sao-nossa-porta-a-transcendencia.html#primaryimage\"},\"datePublished\":\"2018-10-02T14:20:38+00:00\",\"dateModified\":\"2020-06-06T22:07:35+00:00\",\"author\":{\"@id\":\"https:\/\/franciscanos.org.br\/noticias\/#\/schema\/person\/b38fbf43118f02820bd932f2e4b14ad3\"},\"breadcrumb\":{\"@id\":\"https:\/\/franciscanos.org.br\/noticias\/papa-anjos-da-guarda-sao-nossa-porta-a-transcendencia.html#breadcrumb\"},\"inLanguage\":\"pt-BR\",\"potentialAction\":[{\"@type\":\"ReadAction\",\"target\":[\"https:\/\/franciscanos.org.br\/noticias\/papa-anjos-da-guarda-sao-nossa-porta-a-transcendencia.html\"]}]},{\"@type\":\"BreadcrumbList\",\"@id\":\"https:\/\/franciscanos.org.br\/noticias\/papa-anjos-da-guarda-sao-nossa-porta-a-transcendencia.html#breadcrumb\",\"itemListElement\":[{\"@type\":\"ListItem\",\"position\":1,\"name\":\"Home\",\"item\":\"https:\/\/franciscanos.org.br\/noticias\"},{\"@type\":\"ListItem\",\"position\":2,\"name\":\"O Anjo \u00e9 a porta cotidiana para o encontro com o Pai\"}]},{\"@type\":\"Person\",\"@id\":\"https:\/\/franciscanos.org.br\/noticias\/#\/schema\/person\/b38fbf43118f02820bd932f2e4b14ad3\",\"name\":\"admin\",\"image\":{\"@type\":\"ImageObject\",\"inLanguage\":\"pt-BR\",\"@id\":\"https:\/\/franciscanos.org.br\/noticias\/#\/schema\/person\/image\/\",\"url\":\"https:\/\/secure.gravatar.com\/avatar\/e8495742d34d0ba6448ea1c628263b3e?s=96&d=mm&r=g\",\"contentUrl\":\"https:\/\/secure.gravatar.com\/avatar\/e8495742d34d0ba6448ea1c628263b3e?s=96&d=mm&r=g\",\"caption\":\"admin\"},\"url\":\"https:\/\/franciscanos.org.br\/noticias\/author\/admin\"}]}<\/script>\n<!-- \/ Yoast SEO plugin. -->","yoast_head_json":{"title":"O Anjo \u00e9 a porta cotidiana para o encontro com o Pai - Not\u00edcias - Franciscanos","robots":{"index":"index","follow":"follow","max-snippet":"max-snippet:-1","max-image-preview":"max-image-preview:large","max-video-preview":"max-video-preview:-1"},"canonical":"https:\/\/franciscanos.org.br\/noticias\/papa-anjos-da-guarda-sao-nossa-porta-a-transcendencia.html","og_locale":"pt_BR","og_type":"article","og_title":"O Anjo \u00e9 a porta cotidiana para o encontro com o Pai - Not\u00edcias - Franciscanos","og_description":"Missa em Santa Marta","og_url":"https:\/\/franciscanos.org.br\/noticias\/papa-anjos-da-guarda-sao-nossa-porta-a-transcendencia.html","og_site_name":"Not\u00edcias - Franciscanos","article_published_time":"2018-10-02T14:20:38+00:00","article_modified_time":"2020-06-06T22:07:35+00:00","og_image":[{"width":273,"height":181,"url":"https:\/\/franciscanos.org.br\/noticias\/wp-content\/uploads\/2018\/10\/papa_021018-1.jpg","type":"image\/jpeg"}],"author":"admin","twitter_card":"summary_large_image","twitter_misc":{"Escrito por":"admin","Est. tempo de leitura":"3 minutos"},"schema":{"@context":"https:\/\/schema.org","@graph":[{"@type":"WebSite","@id":"https:\/\/franciscanos.org.br\/noticias\/#website","url":"https:\/\/franciscanos.org.br\/noticias\/","name":"Not\u00edcias - Franciscanos","description":"Prov\u00edncia Franciscana da Imaculada Concei\u00e7\u00e3o do Brasil - Ordem dos Frades Menores - OFM","potentialAction":[{"@type":"SearchAction","target":{"@type":"EntryPoint","urlTemplate":"https:\/\/franciscanos.org.br\/noticias\/?s={search_term_string}"},"query-input":"required name=search_term_string"}],"inLanguage":"pt-BR"},{"@type":"ImageObject","inLanguage":"pt-BR","@id":"https:\/\/franciscanos.org.br\/noticias\/papa-anjos-da-guarda-sao-nossa-porta-a-transcendencia.html#primaryimage","url":"https:\/\/franciscanos.org.br\/noticias\/wp-content\/uploads\/2018\/10\/papa_021018-1.jpg","contentUrl":"https:\/\/franciscanos.org.br\/noticias\/wp-content\/uploads\/2018\/10\/papa_021018-1.jpg","width":273,"height":181},{"@type":"WebPage","@id":"https:\/\/franciscanos.org.br\/noticias\/papa-anjos-da-guarda-sao-nossa-porta-a-transcendencia.html#webpage","url":"https:\/\/franciscanos.org.br\/noticias\/papa-anjos-da-guarda-sao-nossa-porta-a-transcendencia.html","name":"O Anjo \u00e9 a porta cotidiana para o encontro com o Pai - Not\u00edcias - Franciscanos","isPartOf":{"@id":"https:\/\/franciscanos.org.br\/noticias\/#website"},"primaryImageOfPage":{"@id":"https:\/\/franciscanos.org.br\/noticias\/papa-anjos-da-guarda-sao-nossa-porta-a-transcendencia.html#primaryimage"},"datePublished":"2018-10-02T14:20:38+00:00","dateModified":"2020-06-06T22:07:35+00:00","author":{"@id":"https:\/\/franciscanos.org.br\/noticias\/#\/schema\/person\/b38fbf43118f02820bd932f2e4b14ad3"},"breadcrumb":{"@id":"https:\/\/franciscanos.org.br\/noticias\/papa-anjos-da-guarda-sao-nossa-porta-a-transcendencia.html#breadcrumb"},"inLanguage":"pt-BR","potentialAction":[{"@type":"ReadAction","target":["https:\/\/franciscanos.org.br\/noticias\/papa-anjos-da-guarda-sao-nossa-porta-a-transcendencia.html"]}]},{"@type":"BreadcrumbList","@id":"https:\/\/franciscanos.org.br\/noticias\/papa-anjos-da-guarda-sao-nossa-porta-a-transcendencia.html#breadcrumb","itemListElement":[{"@type":"ListItem","position":1,"name":"Home","item":"https:\/\/franciscanos.org.br\/noticias"},{"@type":"ListItem","position":2,"name":"O Anjo \u00e9 a porta cotidiana para o encontro com o Pai"}]},{"@type":"Person","@id":"https:\/\/franciscanos.org.br\/noticias\/#\/schema\/person\/b38fbf43118f02820bd932f2e4b14ad3","name":"admin","image":{"@type":"ImageObject","inLanguage":"pt-BR","@id":"https:\/\/franciscanos.org.br\/noticias\/#\/schema\/person\/image\/","url":"https:\/\/secure.gravatar.com\/avatar\/e8495742d34d0ba6448ea1c628263b3e?s=96&d=mm&r=g","contentUrl":"https:\/\/secure.gravatar.com\/avatar\/e8495742d34d0ba6448ea1c628263b3e?s=96&d=mm&r=g","caption":"admin"},"url":"https:\/\/franciscanos.org.br\/noticias\/author\/admin"}]}},"_links":{"self":[{"href":"https:\/\/franciscanos.org.br\/noticias\/wp-json\/wp\/v2\/posts\/173086"}],"collection":[{"href":"https:\/\/franciscanos.org.br\/noticias\/wp-json\/wp\/v2\/posts"}],"about":[{"href":"https:\/\/franciscanos.org.br\/noticias\/wp-json\/wp\/v2\/types\/post"}],"author":[{"embeddable":true,"href":"https:\/\/franciscanos.org.br\/noticias\/wp-json\/wp\/v2\/users\/1"}],"replies":[{"embeddable":true,"href":"https:\/\/franciscanos.org.br\/noticias\/wp-json\/wp\/v2\/comments?post=173086"}],"version-history":[{"count":1,"href":"https:\/\/franciscanos.org.br\/noticias\/wp-json\/wp\/v2\/posts\/173086\/revisions"}],"predecessor-version":[{"id":224765,"href":"https:\/\/franciscanos.org.br\/noticias\/wp-json\/wp\/v2\/posts\/173086\/revisions\/224765"}],"wp:featuredmedia":[{"embeddable":true,"href":"https:\/\/franciscanos.org.br\/noticias\/wp-json\/wp\/v2\/media\/191567"}],"wp:attachment":[{"href":"https:\/\/franciscanos.org.br\/noticias\/wp-json\/wp\/v2\/media?parent=173086"}],"wp:term":[{"taxonomy":"category","embeddable":true,"href":"https:\/\/franciscanos.org.br\/noticias\/wp-json\/wp\/v2\/categories?post=173086"},{"taxonomy":"post_tag","embeddable":true,"href":"https:\/\/franciscanos.org.br\/noticias\/wp-json\/wp\/v2\/tags?post=173086"}],"curies":[{"name":"wp","href":"https:\/\/api.w.org\/{rel}","templated":true}]}}