{"id":172978,"date":"2018-10-01T17:19:12","date_gmt":"2018-10-01T20:19:12","guid":{"rendered":"http:\/\/franciscanos.org.br\/?p=172978"},"modified":"2018-11-27T09:49:07","modified_gmt":"2018-11-27T11:49:07","slug":"obediencias-franciscanas-reunidas-para-celebrar-sao-francisco","status":"publish","type":"post","link":"https:\/\/franciscanos.org.br\/noticias\/obediencias-franciscanas-reunidas-para-celebrar-sao-francisco.html","title":{"rendered":"Obedi\u00eancias franciscanas celebram S\u00e3o Francisco"},"content":{"rendered":"<p><img loading=\"lazy\" class=\"aligncenter\" src=\"http:\/\/franciscanos.org.br\/wp-content\/uploads\/2018\/10\/novena_280918-830.jpg\" alt=\"novena_280918 830\" width=\"830\" height=\"400\" \/><strong>\u00c9rika Augusto (*)<\/strong><\/p>\n<p><strong>S\u00e3o Paulo (SP)<\/strong> \u2013 Nesta segunda-feira, 1\u00ba\/10, o presbit\u00e9rio do Santu\u00e1rio e Convento S\u00e3o Francisco, em S\u00e3o Paulo, ficou pequeno para receber o grupo que conduziu o 7\u00ba dia da novena em honra ao Padroeiro. Al\u00e9m do h\u00e1bito marrom, que os frequentadores j\u00e1 est\u00e3o acostumados, frades com h\u00e1bito preto, cinza e outro marrom com um capuz diferente estavam no local. Eram os Frades Menores (OFM), os Frades Menores Conventuais\u00a0(OFMConv), Frades Menores Capuchinhos (OFMCap), as obedi\u00eancias da Primeira Ordem Franciscana, e a Terceira Ordem Regular (TOR). A celebra\u00e7\u00e3o j\u00e1 \u00e9 tradicional no programa da novena da igreja franciscana mais antiga da capital paulista, conforme lembrou Frei Alvaci Mendes da Luz, atual p\u00e1roco e reitor do Santu\u00e1rio.<\/p>\n<p>A missa, que aconteceu ao meio dia, foi presidida por Frei Carlos Silva, Ministro Provincial da Prov\u00edncia da Imaculada Concei\u00e7\u00e3o dos Capuchinhos e concelebrada por Frei Fid\u00eancio Vanboemmel, Ministro Provincial desta Prov\u00edncia Franciscana da Imaculada Concei\u00e7\u00e3o dos Frades Menores; Frei Maur\u00edcio Santana Abreu, da Terceira Ordem Regular e por frades de diversas fraternidades de S\u00e3o Paulo. A anima\u00e7\u00e3o lit\u00fargica ficou sob a responsabilidade dos Frades Menores Conventuais.<\/p>\n<p><strong>S\u00e3o Francisco: clamor prof\u00e9tico da verdadeira paz<\/strong><\/p>\n<p>Em sua homilia, Frei Fid\u00eancio Vanboemmel destacou o tema do dia: \u201cOnde houver disc\u00f3rdia, que eu leve a uni\u00e3o\u201d, extra\u00edda da Ora\u00e7\u00e3o pela Paz, atribu\u00edda a S\u00e3o Francisco. Ele recordou tamb\u00e9m de Santa Teresinha do Menino Jesus, cuja mem\u00f3ria \u00e9 celebrada hoje. \u201cQuando olhamos para um santo, vemos que eles conceberam a vida como uma miss\u00e3o\u201d, afirmou, retomando as palavras do Papa Francisco na Enc\u00edclica <em>Gaudete et Exsultate<\/em>, sobre a santidade no mundo atual.<\/p>\n<p><img loading=\"lazy\" class=\"aligncenter\" src=\"http:\/\/franciscanos.org.br\/wp-content\/uploads\/2018\/10\/novena_280918-8302.jpg\" alt=\"novena_280918 8302\" width=\"830\" height=\"400\" \/><\/p>\n<p>Frei Fid\u00eancio destacou a vida de ora\u00e7\u00e3o de S\u00e3o Francisco, que o tornou um exemplo de Evangelho vivo para toda a humanidade at\u00e9 os tempos atuais. \u201cFrancisco \u00e9 o homem da palavra, \u00e9 o homem feito ora\u00e7\u00e3o. Ele \u00e9 a voz decidida de todos os leprosos que clamam por justi\u00e7a, fraternidade, caridade, inclus\u00e3o, trabalho, p\u00e3o, solidariedade, dignidade\u201d, ressaltou, explicando que os leprosos hoje s\u00e3o todas as pessoas machucadas e feridas pelas mazelas da vida e pela desigualdade.<\/p>\n<p>O frade apontou que a sociedade vive um per\u00edodo conturbado, com muitas informa\u00e7\u00f5es desencontradas e muitas acusa\u00e7\u00f5es. Tamb\u00e9m para este tempo, S\u00e3o Francisco \u00e9 o rem\u00e9dio para uma conviv\u00eancia pac\u00edfica. \u201cEm meio a tantas agress\u00f5es verbais, ofensas, uso covarde de <em>fake news<\/em> para difamar a dignidade das pessoas, surgimento de novos lobos de G\u00fabio, Francisco \u00e9 profeta e protagonista do perd\u00e3o. S\u00e3o Francisco nos oferece a linguagem do amor como sa\u00edda para a constru\u00e7\u00e3o de uma nova humanidade\u201d, assegurou. \u201cEm meio a tantas inverdades, de indu\u00e7\u00f5es ao erro, no meio de propaga\u00e7\u00e3o de tantas not\u00edcias, \u00e0s vezes lan\u00e7adas ao vento sem um pingo de \u00e9tica e sabedoria, Francisco de Assis \u00e9 o clamor vivo da verdade\u201d, acrescentou.<\/p>\n<p>Ele concluiu sua homilia pedindo que os presentes sejam sinais de santidade em meio a disc\u00f3rdia, promovendo a paz e a unidade.<\/p>\n<p><strong>Frei Carlos: novo Conselheiro Geral dos Capuchinhos<\/strong><\/p>\n<p>Ao final da celebra\u00e7\u00e3o, os frades recordaram que o dia tamb\u00e9m foi marcado pelo reencontro com Frei Carlos Silva, que participou no m\u00eas de setembro do Cap\u00edtulo Geral da Ordem dos Frades Menores Capuchinhos. Na ocasi\u00e3o, ele foi eleito como Conselheiro Geral da Ordem para o Brasil. O frade agradeceu e brincou, afirmando que a nomea\u00e7\u00e3o \u00e9 uma forma de trabalhar ainda mais.<\/p>\n<p><strong>Novena e Festa de S\u00e3o Francisco<\/strong><\/p>\n<p>Amanh\u00e3, 2\/10, \u00e0s 10h, haver\u00e1 a b\u00ean\u00e7\u00e3o no Zool\u00f3gico de S\u00e3o Paulo. \u00c0s 15h, a missa da novena contar\u00e1 com a presen\u00e7a dos beneditinos, dominicanos e carmelitas. Na quarta-feira, 3\/10, a novena ser\u00e1 animada pelos leigos franciscanos e Pe. Francisco das Chagas, da Diocese de Santo Amaro. Tamb\u00e9m neste dia, \u00e0s 18h, haver\u00e1 a encena\u00e7\u00e3o do Tr\u00e2nsito de S\u00e3o Francisco.<\/p>\n<p>No dia 4, dia de S\u00e3o Francisco, haver\u00e1 missa \u00e0s 7h30, 9h, 10h30, 12h, 13h30, 15h, 16h30 e 18h. Durante todo o dia haver\u00e1 barracas no lado externo com comidas t\u00edpicas, ado\u00e7\u00e3o de animais, b\u00ean\u00e7\u00e3o das criaturas, venda de p\u00e3o do convento e muito mais. Neste dia, \u00e0s 9h, ser\u00e1 inaugurada a Exposi\u00e7\u00e3o Rel\u00edquias Franciscanas &#8211; Transcend\u00eancia e Sacralidade na vida e no corpo dos Santos.<\/p>\n<p><strong>(*) V\u00eddeo foi produzido e editado por Paulo Henrique, assessor de imprensa dos Frades Capuchinhos\u00a0de S\u00e3o Paulo<\/strong><br \/>\n<strong>Confira abaixo o v\u00eddeo e mais imagens da celebra\u00e7\u00e3o:<\/strong><\/p>\n<p><iframe loading=\"lazy\" src=\"https:\/\/www.youtube.com\/embed\/AMqTxxasBHs\" width=\"100%\" height=\"420\" frameborder=\"0\" allowfullscreen=\"allowfullscreen\"><\/iframe><\/p>\n","protected":false},"excerpt":{"rendered":"<p>Convento S\u00e3o Francisco<\/p>\n","protected":false},"author":1,"featured_media":191581,"comment_status":"open","ping_status":"open","sticky":false,"template":"","format":"standard","meta":[],"categories":[1],"tags":[312],"acf":[],"yoast_head":"<!-- This site is optimized with the Yoast SEO plugin v19.2 - https:\/\/yoast.com\/wordpress\/plugins\/seo\/ -->\n<title>Obedi\u00eancias franciscanas celebram S\u00e3o Francisco - Not\u00edcias - Franciscanos<\/title>\n<meta name=\"robots\" content=\"index, follow, max-snippet:-1, max-image-preview:large, max-video-preview:-1\" \/>\n<link rel=\"canonical\" href=\"https:\/\/franciscanos.org.br\/noticias\/obediencias-franciscanas-reunidas-para-celebrar-sao-francisco.html\" \/>\n<meta property=\"og:locale\" content=\"pt_BR\" \/>\n<meta property=\"og:type\" content=\"article\" \/>\n<meta property=\"og:title\" content=\"Obedi\u00eancias franciscanas celebram S\u00e3o Francisco - Not\u00edcias - Franciscanos\" \/>\n<meta property=\"og:description\" content=\"Convento S\u00e3o Francisco\" \/>\n<meta property=\"og:url\" content=\"https:\/\/franciscanos.org.br\/noticias\/obediencias-franciscanas-reunidas-para-celebrar-sao-francisco.html\" \/>\n<meta property=\"og:site_name\" content=\"Not\u00edcias - Franciscanos\" \/>\n<meta property=\"article:published_time\" content=\"2018-10-01T20:19:12+00:00\" \/>\n<meta property=\"article:modified_time\" content=\"2018-11-27T11:49:07+00:00\" \/>\n<meta property=\"og:image\" content=\"https:\/\/franciscanos.org.br\/noticias\/wp-content\/uploads\/2018\/10\/novena_280918-40.jpg\" \/>\n\t<meta property=\"og:image:width\" content=\"273\" \/>\n\t<meta property=\"og:image:height\" content=\"181\" \/>\n\t<meta property=\"og:image:type\" content=\"image\/jpeg\" \/>\n<meta name=\"author\" content=\"admin\" \/>\n<meta name=\"twitter:card\" content=\"summary_large_image\" \/>\n<meta name=\"twitter:label1\" content=\"Escrito por\" \/>\n\t<meta name=\"twitter:data1\" content=\"admin\" \/>\n\t<meta name=\"twitter:label2\" content=\"Est. tempo de leitura\" \/>\n\t<meta name=\"twitter:data2\" content=\"4 minutos\" \/>\n<script type=\"application\/ld+json\" class=\"yoast-schema-graph\">{\"@context\":\"https:\/\/schema.org\",\"@graph\":[{\"@type\":\"WebSite\",\"@id\":\"https:\/\/franciscanos.org.br\/noticias\/#website\",\"url\":\"https:\/\/franciscanos.org.br\/noticias\/\",\"name\":\"Not\u00edcias - Franciscanos\",\"description\":\"Prov\u00edncia Franciscana da Imaculada Concei\u00e7\u00e3o do Brasil - Ordem dos Frades Menores - OFM\",\"potentialAction\":[{\"@type\":\"SearchAction\",\"target\":{\"@type\":\"EntryPoint\",\"urlTemplate\":\"https:\/\/franciscanos.org.br\/noticias\/?s={search_term_string}\"},\"query-input\":\"required name=search_term_string\"}],\"inLanguage\":\"pt-BR\"},{\"@type\":\"ImageObject\",\"inLanguage\":\"pt-BR\",\"@id\":\"https:\/\/franciscanos.org.br\/noticias\/obediencias-franciscanas-reunidas-para-celebrar-sao-francisco.html#primaryimage\",\"url\":\"https:\/\/franciscanos.org.br\/noticias\/wp-content\/uploads\/2018\/10\/novena_280918-40.jpg\",\"contentUrl\":\"https:\/\/franciscanos.org.br\/noticias\/wp-content\/uploads\/2018\/10\/novena_280918-40.jpg\",\"width\":273,\"height\":181},{\"@type\":\"WebPage\",\"@id\":\"https:\/\/franciscanos.org.br\/noticias\/obediencias-franciscanas-reunidas-para-celebrar-sao-francisco.html#webpage\",\"url\":\"https:\/\/franciscanos.org.br\/noticias\/obediencias-franciscanas-reunidas-para-celebrar-sao-francisco.html\",\"name\":\"Obedi\u00eancias franciscanas celebram S\u00e3o Francisco - Not\u00edcias - Franciscanos\",\"isPartOf\":{\"@id\":\"https:\/\/franciscanos.org.br\/noticias\/#website\"},\"primaryImageOfPage\":{\"@id\":\"https:\/\/franciscanos.org.br\/noticias\/obediencias-franciscanas-reunidas-para-celebrar-sao-francisco.html#primaryimage\"},\"datePublished\":\"2018-10-01T20:19:12+00:00\",\"dateModified\":\"2018-11-27T11:49:07+00:00\",\"author\":{\"@id\":\"https:\/\/franciscanos.org.br\/noticias\/#\/schema\/person\/b38fbf43118f02820bd932f2e4b14ad3\"},\"breadcrumb\":{\"@id\":\"https:\/\/franciscanos.org.br\/noticias\/obediencias-franciscanas-reunidas-para-celebrar-sao-francisco.html#breadcrumb\"},\"inLanguage\":\"pt-BR\",\"potentialAction\":[{\"@type\":\"ReadAction\",\"target\":[\"https:\/\/franciscanos.org.br\/noticias\/obediencias-franciscanas-reunidas-para-celebrar-sao-francisco.html\"]}]},{\"@type\":\"BreadcrumbList\",\"@id\":\"https:\/\/franciscanos.org.br\/noticias\/obediencias-franciscanas-reunidas-para-celebrar-sao-francisco.html#breadcrumb\",\"itemListElement\":[{\"@type\":\"ListItem\",\"position\":1,\"name\":\"Home\",\"item\":\"https:\/\/franciscanos.org.br\/noticias\"},{\"@type\":\"ListItem\",\"position\":2,\"name\":\"Obedi\u00eancias franciscanas celebram S\u00e3o Francisco\"}]},{\"@type\":\"Person\",\"@id\":\"https:\/\/franciscanos.org.br\/noticias\/#\/schema\/person\/b38fbf43118f02820bd932f2e4b14ad3\",\"name\":\"admin\",\"image\":{\"@type\":\"ImageObject\",\"inLanguage\":\"pt-BR\",\"@id\":\"https:\/\/franciscanos.org.br\/noticias\/#\/schema\/person\/image\/\",\"url\":\"https:\/\/secure.gravatar.com\/avatar\/e8495742d34d0ba6448ea1c628263b3e?s=96&d=mm&r=g\",\"contentUrl\":\"https:\/\/secure.gravatar.com\/avatar\/e8495742d34d0ba6448ea1c628263b3e?s=96&d=mm&r=g\",\"caption\":\"admin\"},\"url\":\"https:\/\/franciscanos.org.br\/noticias\/author\/admin\"}]}<\/script>\n<!-- \/ Yoast SEO plugin. -->","yoast_head_json":{"title":"Obedi\u00eancias franciscanas celebram S\u00e3o Francisco - Not\u00edcias - Franciscanos","robots":{"index":"index","follow":"follow","max-snippet":"max-snippet:-1","max-image-preview":"max-image-preview:large","max-video-preview":"max-video-preview:-1"},"canonical":"https:\/\/franciscanos.org.br\/noticias\/obediencias-franciscanas-reunidas-para-celebrar-sao-francisco.html","og_locale":"pt_BR","og_type":"article","og_title":"Obedi\u00eancias franciscanas celebram S\u00e3o Francisco - Not\u00edcias - Franciscanos","og_description":"Convento S\u00e3o Francisco","og_url":"https:\/\/franciscanos.org.br\/noticias\/obediencias-franciscanas-reunidas-para-celebrar-sao-francisco.html","og_site_name":"Not\u00edcias - Franciscanos","article_published_time":"2018-10-01T20:19:12+00:00","article_modified_time":"2018-11-27T11:49:07+00:00","og_image":[{"width":273,"height":181,"url":"https:\/\/franciscanos.org.br\/noticias\/wp-content\/uploads\/2018\/10\/novena_280918-40.jpg","type":"image\/jpeg"}],"author":"admin","twitter_card":"summary_large_image","twitter_misc":{"Escrito por":"admin","Est. tempo de leitura":"4 minutos"},"schema":{"@context":"https:\/\/schema.org","@graph":[{"@type":"WebSite","@id":"https:\/\/franciscanos.org.br\/noticias\/#website","url":"https:\/\/franciscanos.org.br\/noticias\/","name":"Not\u00edcias - Franciscanos","description":"Prov\u00edncia Franciscana da Imaculada Concei\u00e7\u00e3o do Brasil - Ordem dos Frades Menores - OFM","potentialAction":[{"@type":"SearchAction","target":{"@type":"EntryPoint","urlTemplate":"https:\/\/franciscanos.org.br\/noticias\/?s={search_term_string}"},"query-input":"required name=search_term_string"}],"inLanguage":"pt-BR"},{"@type":"ImageObject","inLanguage":"pt-BR","@id":"https:\/\/franciscanos.org.br\/noticias\/obediencias-franciscanas-reunidas-para-celebrar-sao-francisco.html#primaryimage","url":"https:\/\/franciscanos.org.br\/noticias\/wp-content\/uploads\/2018\/10\/novena_280918-40.jpg","contentUrl":"https:\/\/franciscanos.org.br\/noticias\/wp-content\/uploads\/2018\/10\/novena_280918-40.jpg","width":273,"height":181},{"@type":"WebPage","@id":"https:\/\/franciscanos.org.br\/noticias\/obediencias-franciscanas-reunidas-para-celebrar-sao-francisco.html#webpage","url":"https:\/\/franciscanos.org.br\/noticias\/obediencias-franciscanas-reunidas-para-celebrar-sao-francisco.html","name":"Obedi\u00eancias franciscanas celebram S\u00e3o Francisco - Not\u00edcias - Franciscanos","isPartOf":{"@id":"https:\/\/franciscanos.org.br\/noticias\/#website"},"primaryImageOfPage":{"@id":"https:\/\/franciscanos.org.br\/noticias\/obediencias-franciscanas-reunidas-para-celebrar-sao-francisco.html#primaryimage"},"datePublished":"2018-10-01T20:19:12+00:00","dateModified":"2018-11-27T11:49:07+00:00","author":{"@id":"https:\/\/franciscanos.org.br\/noticias\/#\/schema\/person\/b38fbf43118f02820bd932f2e4b14ad3"},"breadcrumb":{"@id":"https:\/\/franciscanos.org.br\/noticias\/obediencias-franciscanas-reunidas-para-celebrar-sao-francisco.html#breadcrumb"},"inLanguage":"pt-BR","potentialAction":[{"@type":"ReadAction","target":["https:\/\/franciscanos.org.br\/noticias\/obediencias-franciscanas-reunidas-para-celebrar-sao-francisco.html"]}]},{"@type":"BreadcrumbList","@id":"https:\/\/franciscanos.org.br\/noticias\/obediencias-franciscanas-reunidas-para-celebrar-sao-francisco.html#breadcrumb","itemListElement":[{"@type":"ListItem","position":1,"name":"Home","item":"https:\/\/franciscanos.org.br\/noticias"},{"@type":"ListItem","position":2,"name":"Obedi\u00eancias franciscanas celebram S\u00e3o Francisco"}]},{"@type":"Person","@id":"https:\/\/franciscanos.org.br\/noticias\/#\/schema\/person\/b38fbf43118f02820bd932f2e4b14ad3","name":"admin","image":{"@type":"ImageObject","inLanguage":"pt-BR","@id":"https:\/\/franciscanos.org.br\/noticias\/#\/schema\/person\/image\/","url":"https:\/\/secure.gravatar.com\/avatar\/e8495742d34d0ba6448ea1c628263b3e?s=96&d=mm&r=g","contentUrl":"https:\/\/secure.gravatar.com\/avatar\/e8495742d34d0ba6448ea1c628263b3e?s=96&d=mm&r=g","caption":"admin"},"url":"https:\/\/franciscanos.org.br\/noticias\/author\/admin"}]}},"_links":{"self":[{"href":"https:\/\/franciscanos.org.br\/noticias\/wp-json\/wp\/v2\/posts\/172978"}],"collection":[{"href":"https:\/\/franciscanos.org.br\/noticias\/wp-json\/wp\/v2\/posts"}],"about":[{"href":"https:\/\/franciscanos.org.br\/noticias\/wp-json\/wp\/v2\/types\/post"}],"author":[{"embeddable":true,"href":"https:\/\/franciscanos.org.br\/noticias\/wp-json\/wp\/v2\/users\/1"}],"replies":[{"embeddable":true,"href":"https:\/\/franciscanos.org.br\/noticias\/wp-json\/wp\/v2\/comments?post=172978"}],"version-history":[{"count":0,"href":"https:\/\/franciscanos.org.br\/noticias\/wp-json\/wp\/v2\/posts\/172978\/revisions"}],"wp:featuredmedia":[{"embeddable":true,"href":"https:\/\/franciscanos.org.br\/noticias\/wp-json\/wp\/v2\/media\/191581"}],"wp:attachment":[{"href":"https:\/\/franciscanos.org.br\/noticias\/wp-json\/wp\/v2\/media?parent=172978"}],"wp:term":[{"taxonomy":"category","embeddable":true,"href":"https:\/\/franciscanos.org.br\/noticias\/wp-json\/wp\/v2\/categories?post=172978"},{"taxonomy":"post_tag","embeddable":true,"href":"https:\/\/franciscanos.org.br\/noticias\/wp-json\/wp\/v2\/tags?post=172978"}],"curies":[{"name":"wp","href":"https:\/\/api.w.org\/{rel}","templated":true}]}}