{"id":172945,"date":"2018-10-01T08:42:08","date_gmt":"2018-10-01T11:42:08","guid":{"rendered":"http:\/\/franciscanos.org.br\/?p=172945"},"modified":"2018-11-27T09:55:51","modified_gmt":"2018-11-27T11:55:51","slug":"inaugurada-a-nova-iluminacao-do-convento-da-penha","status":"publish","type":"post","link":"https:\/\/franciscanos.org.br\/noticias\/inaugurada-a-nova-iluminacao-do-convento-da-penha.html","title":{"rendered":"Inaugurada a nova ilumina\u00e7\u00e3o do Convento da Penha"},"content":{"rendered":"<p><img loading=\"lazy\" class=\"aligncenter\" src=\"http:\/\/franciscanos.org.br\/wp-content\/uploads\/2018\/10\/penha_011018.jpg\" alt=\"penha_011018\" width=\"820\" height=\"461\" \/><\/p>\n<p>Foi inaugurada na noite de quinta-feira (27\/09) a nova ilumina\u00e7\u00e3o monumental do Convento da Penha, proporcionando ao monumento hist\u00f3rico, tur\u00edstico e religioso mais importante do Esp\u00edrito Santo, mais beleza, sustentabilidade, seguran\u00e7a e economia energ\u00e9tica. Al\u00e9m da ilumina\u00e7\u00e3o do Santu\u00e1rio toda em LED, a estrada principal de acesso ao Campinho tamb\u00e9m recebeu mais de 100 pontos da nova ilumina\u00e7\u00e3o.<\/p>\n<p>A cerim\u00f4nia de inaugura\u00e7\u00e3o foi realizada no Parque da Prainha, aos p\u00e9s do Convento, com presen\u00e7a do Governador Paulo Hartung, do Prefeito de Vila Velha, Max Filho, de representantes da C\u00e2mara de Vila Velha, da presidente do Instituto Modus Vivendi, Erika Varej\u00e3o, da superintendente do IPHAN no Esp\u00edrito Santo, Elisa Taveira, da subsecret\u00e1ria de turismo de Vila Velha, Neymara Carvalho e demais autoridades, al\u00e9m do Frei Paulo Roberto Pereira, Guardi\u00e3o do Convento, Frei Pedro de Oliveira e Frei Pedro Engel. O evento contou com a participa\u00e7\u00e3o da Banda do 38\u00ba Batalh\u00e3o de Infantaria do Ex\u00e9rcito.<\/p>\n<p>Ap\u00f3s a execu\u00e7\u00e3o dos tr\u00eas hinos, Nacional, do Esp\u00edrito Santo e de Vila Velha, teve in\u00edcio a fala dos respons\u00e1veis pela obra e pela entrega da nova ilumina\u00e7\u00e3o e todos os envolvidos na importante realiza\u00e7\u00e3o do projeto. Em seguida, foi autorizada pelo prefeito o acendimento da nova ilumina\u00e7\u00e3o.<\/p>\n<p>O investimento total foi de R$2,4 milh\u00f5es, feito por meio de recursos da Prefeitura de Vila Velha, conforme Ordem de Servi\u00e7o assinada em 15 de mar\u00e7o deste ano. Foram instalados mais de 100 novos pontos de luz em todo o Convento, desde a subida at\u00e9 o Santu\u00e1rio. A nova ilumina\u00e7\u00e3o de LED valoriza ainda mais cada detalhe do Convento, que \u00e9 um dos mais importantes do Brasil. A obra \u00e9 um marco para a hist\u00f3ria do Santu\u00e1rio, que teve sua constru\u00e7\u00e3o iniciada na segunda metade do s\u00e9culo XVI (1558) e \u00e9 tombado pelo Instituto do Patrim\u00f4nio Hist\u00f3rico e Art\u00edstico Nacional (IPHAN) desde 1943.<\/p>\n<p><img loading=\"lazy\" class=\"aligncenter\" src=\"http:\/\/franciscanos.org.br\/wp-content\/uploads\/2018\/10\/penha_011018_1.jpg\" alt=\"penha_011018_1\" width=\"820\" height=\"461\" \/><\/p>\n<p>A cidade de Vila Velha entra na rota das cidades com potencial para receber o t\u00edtulo de \u201cCidade Luz\u201d com a inaugura\u00e7\u00e3o da nova ilumina\u00e7\u00e3o. A tecnologia utilizada \u00e9 de LED, sigla do termo ingl\u00eas Light Emitting Diode, que, em portugu\u00eas, significa \u201cDiodo Emissor de Luz\u201d. A nova ilumina\u00e7\u00e3o favorecer\u00e1 a visita\u00e7\u00e3o noturna ao Convento, sobretudo aos eventos que acontecem durante o ano, como a Festa da Penha, Missas e eventos. Al\u00e9m da nova ilumina\u00e7\u00e3o, o Campinho passa a contar com um sistema de Wi-Fi gratuito.<\/p>\n<p>O Prefeito de Vila Velha, afirmou que todos os custos da energia externa do Convento, a partir de agora ser\u00e1 pago integralmente pela prefeitura. Ele destacou que o consumo ser\u00e1 menor porque os equipamentos instalados s\u00e3o de \u00faltima gera\u00e7\u00e3o, com tecnologia internacional. Por fim, destacou a alegria de inaugurar um projeto t\u00e3o importante para todo o Esp\u00edrito Santo.<\/p>\n<p>De acordo com o Frei Paulo Roberto, a nova ilumina\u00e7\u00e3o do Convento proporciona um presente para todos os capixabas, j\u00e1 que tamb\u00e9m de longe, a Casa da M\u00e3e da Penha poder\u00e1 ser vista com destaque e riqueza de detalhes, o que possibilita que mais pessoas possam visitar o Santu\u00e1rio, incluindo nos hor\u00e1rios em que a ilumina\u00e7\u00e3o ainda estar\u00e1 ligada. Durante a semana o port\u00e3o abre \u00e0s 05h15, e aos domingos \u00e0s 04h15, ou seja, os romeiros, devotos, turistas, poder\u00e3o subir com mais seguran\u00e7a e ilumina\u00e7\u00e3o. Frei Paulo afirmou ainda que h\u00e1 projeto de extens\u00e3o no hor\u00e1rio de funcionamento durante o ver\u00e3o, j\u00e1 que o munic\u00edpio de Vila Velha recebe milh\u00f5es de turistas.<\/p>\n<p>O Frei disse ainda que atrav\u00e9s da converg\u00eancia de for\u00e7as municipais, estaduais e dos pr\u00f3prios volunt\u00e1rios, o Convento poder\u00e1 realizar mais eventos noturnos, no entanto, ainda n\u00e3o ser\u00e3o realizados eventos frequentes.<\/p>\n<p>O Governador Paulo Hartung assinou a Lei de reconhecimento p\u00fablico que torna a Associa\u00e7\u00e3o dos Amigos do Convento da Penha como uma institui\u00e7\u00e3o de import\u00e2ncia e utilidade p\u00fablica para o Estado do Esp\u00edrito Santo, em seguida, ele e o Prefeito Max Filho descerraram a placa da nova ilumina\u00e7\u00e3o.<\/p>\n<p>A solenidade foi encerrada com um show da Banda do Ex\u00e9rcito.<\/p>\n<p>Assista como foi a inaugura\u00e7\u00e3o.<\/p>\n<p><strong>Assessoria de Comunica\u00e7\u00e3o do Convento da Penha<\/strong><\/p>\n<p><iframe loading=\"lazy\" src=\"https:\/\/www.youtube.com\/embed\/KL79TLmLYLg\" width=\"100%\" height=\"420\" frameborder=\"0\" allowfullscreen=\"allowfullscreen\"><\/iframe><\/p>\n","protected":false},"excerpt":{"rendered":"<p>Vila Velha<\/p>\n","protected":false},"author":1,"featured_media":191588,"comment_status":"open","ping_status":"open","sticky":false,"template":"","format":"standard","meta":[],"categories":[1],"tags":[248],"acf":[],"yoast_head":"<!-- This site is optimized with the Yoast SEO plugin v19.2 - https:\/\/yoast.com\/wordpress\/plugins\/seo\/ -->\n<title>Inaugurada a nova ilumina\u00e7\u00e3o do Convento da Penha - Not\u00edcias - Franciscanos<\/title>\n<meta name=\"robots\" content=\"index, follow, max-snippet:-1, max-image-preview:large, max-video-preview:-1\" \/>\n<link rel=\"canonical\" href=\"https:\/\/franciscanos.org.br\/noticias\/inaugurada-a-nova-iluminacao-do-convento-da-penha.html\" \/>\n<meta property=\"og:locale\" content=\"pt_BR\" \/>\n<meta property=\"og:type\" content=\"article\" \/>\n<meta property=\"og:title\" content=\"Inaugurada a nova ilumina\u00e7\u00e3o do Convento da Penha - Not\u00edcias - Franciscanos\" \/>\n<meta property=\"og:description\" content=\"Vila Velha\" \/>\n<meta property=\"og:url\" content=\"https:\/\/franciscanos.org.br\/noticias\/inaugurada-a-nova-iluminacao-do-convento-da-penha.html\" \/>\n<meta property=\"og:site_name\" content=\"Not\u00edcias - Franciscanos\" \/>\n<meta property=\"article:published_time\" content=\"2018-10-01T11:42:08+00:00\" \/>\n<meta property=\"article:modified_time\" content=\"2018-11-27T11:55:51+00:00\" \/>\n<meta property=\"og:image\" content=\"https:\/\/franciscanos.org.br\/noticias\/wp-content\/uploads\/2018\/10\/penha_011018.jpg\" \/>\n\t<meta property=\"og:image:width\" content=\"273\" \/>\n\t<meta property=\"og:image:height\" content=\"181\" \/>\n\t<meta property=\"og:image:type\" content=\"image\/jpeg\" \/>\n<meta name=\"author\" content=\"admin\" \/>\n<meta name=\"twitter:card\" content=\"summary_large_image\" \/>\n<meta name=\"twitter:label1\" content=\"Escrito por\" \/>\n\t<meta name=\"twitter:data1\" content=\"admin\" \/>\n\t<meta name=\"twitter:label2\" content=\"Est. tempo de leitura\" \/>\n\t<meta name=\"twitter:data2\" content=\"4 minutos\" \/>\n<script type=\"application\/ld+json\" class=\"yoast-schema-graph\">{\"@context\":\"https:\/\/schema.org\",\"@graph\":[{\"@type\":\"WebSite\",\"@id\":\"https:\/\/franciscanos.org.br\/noticias\/#website\",\"url\":\"https:\/\/franciscanos.org.br\/noticias\/\",\"name\":\"Not\u00edcias - Franciscanos\",\"description\":\"Prov\u00edncia Franciscana da Imaculada Concei\u00e7\u00e3o do Brasil - Ordem dos Frades Menores - OFM\",\"potentialAction\":[{\"@type\":\"SearchAction\",\"target\":{\"@type\":\"EntryPoint\",\"urlTemplate\":\"https:\/\/franciscanos.org.br\/noticias\/?s={search_term_string}\"},\"query-input\":\"required name=search_term_string\"}],\"inLanguage\":\"pt-BR\"},{\"@type\":\"ImageObject\",\"inLanguage\":\"pt-BR\",\"@id\":\"https:\/\/franciscanos.org.br\/noticias\/inaugurada-a-nova-iluminacao-do-convento-da-penha.html#primaryimage\",\"url\":\"https:\/\/franciscanos.org.br\/noticias\/wp-content\/uploads\/2018\/10\/penha_011018.jpg\",\"contentUrl\":\"https:\/\/franciscanos.org.br\/noticias\/wp-content\/uploads\/2018\/10\/penha_011018.jpg\",\"width\":273,\"height\":181},{\"@type\":\"WebPage\",\"@id\":\"https:\/\/franciscanos.org.br\/noticias\/inaugurada-a-nova-iluminacao-do-convento-da-penha.html#webpage\",\"url\":\"https:\/\/franciscanos.org.br\/noticias\/inaugurada-a-nova-iluminacao-do-convento-da-penha.html\",\"name\":\"Inaugurada a nova ilumina\u00e7\u00e3o do Convento da Penha - Not\u00edcias - Franciscanos\",\"isPartOf\":{\"@id\":\"https:\/\/franciscanos.org.br\/noticias\/#website\"},\"primaryImageOfPage\":{\"@id\":\"https:\/\/franciscanos.org.br\/noticias\/inaugurada-a-nova-iluminacao-do-convento-da-penha.html#primaryimage\"},\"datePublished\":\"2018-10-01T11:42:08+00:00\",\"dateModified\":\"2018-11-27T11:55:51+00:00\",\"author\":{\"@id\":\"https:\/\/franciscanos.org.br\/noticias\/#\/schema\/person\/b38fbf43118f02820bd932f2e4b14ad3\"},\"breadcrumb\":{\"@id\":\"https:\/\/franciscanos.org.br\/noticias\/inaugurada-a-nova-iluminacao-do-convento-da-penha.html#breadcrumb\"},\"inLanguage\":\"pt-BR\",\"potentialAction\":[{\"@type\":\"ReadAction\",\"target\":[\"https:\/\/franciscanos.org.br\/noticias\/inaugurada-a-nova-iluminacao-do-convento-da-penha.html\"]}]},{\"@type\":\"BreadcrumbList\",\"@id\":\"https:\/\/franciscanos.org.br\/noticias\/inaugurada-a-nova-iluminacao-do-convento-da-penha.html#breadcrumb\",\"itemListElement\":[{\"@type\":\"ListItem\",\"position\":1,\"name\":\"Home\",\"item\":\"https:\/\/franciscanos.org.br\/noticias\"},{\"@type\":\"ListItem\",\"position\":2,\"name\":\"Inaugurada a nova ilumina\u00e7\u00e3o do Convento da Penha\"}]},{\"@type\":\"Person\",\"@id\":\"https:\/\/franciscanos.org.br\/noticias\/#\/schema\/person\/b38fbf43118f02820bd932f2e4b14ad3\",\"name\":\"admin\",\"image\":{\"@type\":\"ImageObject\",\"inLanguage\":\"pt-BR\",\"@id\":\"https:\/\/franciscanos.org.br\/noticias\/#\/schema\/person\/image\/\",\"url\":\"https:\/\/secure.gravatar.com\/avatar\/e8495742d34d0ba6448ea1c628263b3e?s=96&d=mm&r=g\",\"contentUrl\":\"https:\/\/secure.gravatar.com\/avatar\/e8495742d34d0ba6448ea1c628263b3e?s=96&d=mm&r=g\",\"caption\":\"admin\"},\"url\":\"https:\/\/franciscanos.org.br\/noticias\/author\/admin\"}]}<\/script>\n<!-- \/ Yoast SEO plugin. -->","yoast_head_json":{"title":"Inaugurada a nova ilumina\u00e7\u00e3o do Convento da Penha - Not\u00edcias - Franciscanos","robots":{"index":"index","follow":"follow","max-snippet":"max-snippet:-1","max-image-preview":"max-image-preview:large","max-video-preview":"max-video-preview:-1"},"canonical":"https:\/\/franciscanos.org.br\/noticias\/inaugurada-a-nova-iluminacao-do-convento-da-penha.html","og_locale":"pt_BR","og_type":"article","og_title":"Inaugurada a nova ilumina\u00e7\u00e3o do Convento da Penha - Not\u00edcias - Franciscanos","og_description":"Vila Velha","og_url":"https:\/\/franciscanos.org.br\/noticias\/inaugurada-a-nova-iluminacao-do-convento-da-penha.html","og_site_name":"Not\u00edcias - Franciscanos","article_published_time":"2018-10-01T11:42:08+00:00","article_modified_time":"2018-11-27T11:55:51+00:00","og_image":[{"width":273,"height":181,"url":"https:\/\/franciscanos.org.br\/noticias\/wp-content\/uploads\/2018\/10\/penha_011018.jpg","type":"image\/jpeg"}],"author":"admin","twitter_card":"summary_large_image","twitter_misc":{"Escrito por":"admin","Est. tempo de leitura":"4 minutos"},"schema":{"@context":"https:\/\/schema.org","@graph":[{"@type":"WebSite","@id":"https:\/\/franciscanos.org.br\/noticias\/#website","url":"https:\/\/franciscanos.org.br\/noticias\/","name":"Not\u00edcias - Franciscanos","description":"Prov\u00edncia Franciscana da Imaculada Concei\u00e7\u00e3o do Brasil - Ordem dos Frades Menores - OFM","potentialAction":[{"@type":"SearchAction","target":{"@type":"EntryPoint","urlTemplate":"https:\/\/franciscanos.org.br\/noticias\/?s={search_term_string}"},"query-input":"required name=search_term_string"}],"inLanguage":"pt-BR"},{"@type":"ImageObject","inLanguage":"pt-BR","@id":"https:\/\/franciscanos.org.br\/noticias\/inaugurada-a-nova-iluminacao-do-convento-da-penha.html#primaryimage","url":"https:\/\/franciscanos.org.br\/noticias\/wp-content\/uploads\/2018\/10\/penha_011018.jpg","contentUrl":"https:\/\/franciscanos.org.br\/noticias\/wp-content\/uploads\/2018\/10\/penha_011018.jpg","width":273,"height":181},{"@type":"WebPage","@id":"https:\/\/franciscanos.org.br\/noticias\/inaugurada-a-nova-iluminacao-do-convento-da-penha.html#webpage","url":"https:\/\/franciscanos.org.br\/noticias\/inaugurada-a-nova-iluminacao-do-convento-da-penha.html","name":"Inaugurada a nova ilumina\u00e7\u00e3o do Convento da Penha - Not\u00edcias - Franciscanos","isPartOf":{"@id":"https:\/\/franciscanos.org.br\/noticias\/#website"},"primaryImageOfPage":{"@id":"https:\/\/franciscanos.org.br\/noticias\/inaugurada-a-nova-iluminacao-do-convento-da-penha.html#primaryimage"},"datePublished":"2018-10-01T11:42:08+00:00","dateModified":"2018-11-27T11:55:51+00:00","author":{"@id":"https:\/\/franciscanos.org.br\/noticias\/#\/schema\/person\/b38fbf43118f02820bd932f2e4b14ad3"},"breadcrumb":{"@id":"https:\/\/franciscanos.org.br\/noticias\/inaugurada-a-nova-iluminacao-do-convento-da-penha.html#breadcrumb"},"inLanguage":"pt-BR","potentialAction":[{"@type":"ReadAction","target":["https:\/\/franciscanos.org.br\/noticias\/inaugurada-a-nova-iluminacao-do-convento-da-penha.html"]}]},{"@type":"BreadcrumbList","@id":"https:\/\/franciscanos.org.br\/noticias\/inaugurada-a-nova-iluminacao-do-convento-da-penha.html#breadcrumb","itemListElement":[{"@type":"ListItem","position":1,"name":"Home","item":"https:\/\/franciscanos.org.br\/noticias"},{"@type":"ListItem","position":2,"name":"Inaugurada a nova ilumina\u00e7\u00e3o do Convento da Penha"}]},{"@type":"Person","@id":"https:\/\/franciscanos.org.br\/noticias\/#\/schema\/person\/b38fbf43118f02820bd932f2e4b14ad3","name":"admin","image":{"@type":"ImageObject","inLanguage":"pt-BR","@id":"https:\/\/franciscanos.org.br\/noticias\/#\/schema\/person\/image\/","url":"https:\/\/secure.gravatar.com\/avatar\/e8495742d34d0ba6448ea1c628263b3e?s=96&d=mm&r=g","contentUrl":"https:\/\/secure.gravatar.com\/avatar\/e8495742d34d0ba6448ea1c628263b3e?s=96&d=mm&r=g","caption":"admin"},"url":"https:\/\/franciscanos.org.br\/noticias\/author\/admin"}]}},"_links":{"self":[{"href":"https:\/\/franciscanos.org.br\/noticias\/wp-json\/wp\/v2\/posts\/172945"}],"collection":[{"href":"https:\/\/franciscanos.org.br\/noticias\/wp-json\/wp\/v2\/posts"}],"about":[{"href":"https:\/\/franciscanos.org.br\/noticias\/wp-json\/wp\/v2\/types\/post"}],"author":[{"embeddable":true,"href":"https:\/\/franciscanos.org.br\/noticias\/wp-json\/wp\/v2\/users\/1"}],"replies":[{"embeddable":true,"href":"https:\/\/franciscanos.org.br\/noticias\/wp-json\/wp\/v2\/comments?post=172945"}],"version-history":[{"count":0,"href":"https:\/\/franciscanos.org.br\/noticias\/wp-json\/wp\/v2\/posts\/172945\/revisions"}],"wp:featuredmedia":[{"embeddable":true,"href":"https:\/\/franciscanos.org.br\/noticias\/wp-json\/wp\/v2\/media\/191588"}],"wp:attachment":[{"href":"https:\/\/franciscanos.org.br\/noticias\/wp-json\/wp\/v2\/media?parent=172945"}],"wp:term":[{"taxonomy":"category","embeddable":true,"href":"https:\/\/franciscanos.org.br\/noticias\/wp-json\/wp\/v2\/categories?post=172945"},{"taxonomy":"post_tag","embeddable":true,"href":"https:\/\/franciscanos.org.br\/noticias\/wp-json\/wp\/v2\/tags?post=172945"}],"curies":[{"name":"wp","href":"https:\/\/api.w.org\/{rel}","templated":true}]}}