{"id":172936,"date":"2018-10-01T07:50:28","date_gmt":"2018-10-01T10:50:28","guid":{"rendered":"http:\/\/franciscanos.org.br\/?p=172936"},"modified":"2018-11-27T09:57:22","modified_gmt":"2018-11-27T11:57:22","slug":"em-cristo-somos-todos-irmaos-comeca-o-triduo","status":"publish","type":"post","link":"https:\/\/franciscanos.org.br\/noticias\/em-cristo-somos-todos-irmaos-comeca-o-triduo.html","title":{"rendered":"&#8220;Em Cristo somos todos irm\u00e3os&#8221;. Come\u00e7a o Tr\u00edduo."},"content":{"rendered":"<p><img loading=\"lazy\" class=\"alignleft\" src=\"http:\/\/franciscanos.org.br\/wp-content\/uploads\/2018\/10\/vila.jpg\" alt=\"vila\" width=\"830\" height=\"814\" \/><\/p>\n<p>Para a festa de S\u00e3o Francisco 2018, escolhemos o tema: \u201cFraternidade Universal: Em Cristo Somos Todos Irm\u00e3os\u201d, inspirado na Campanha da Fraternidade 2018: \u201cV\u00f3s Sois Todos Irm\u00e3os\u201d (Mt 23,8).<\/p>\n<p>Esta Campanha lembrava que a viol\u00eancia desfigura a fraternidade sonhada no in\u00edcio pelo Criador. Deus criou e viu que tudo era bom (cf. Gn 1,31), mas o ser humano, pelo desejo de cobi\u00e7a, inveja e ci\u00fame, desfigurou o projeto de Deus, porque deu espa\u00e7o para o cultivo n\u00e3o mais da fraternidade, mas da rivalidade, do dom\u00ednio sobre o outro, ao ponto que o livro do G\u00eanesis conta que um irm\u00e3o matou o outro (cf. Gn 4,8).<\/p>\n<p>Olhamos S\u00e3o Francisco como o santo reconciliado. Seu cora\u00e7\u00e3o \u00e9 agradecido; tudo e todas as ocasi\u00f5es tornam-se uma esp\u00e9cie de louvor ao Criador. H\u00e1 um transbordamento de gratid\u00e3o, alegria e sereno contentamento.<\/p>\n<p>No \u201cC\u00e2ntico das criaturas\u201d, Francisco louva as criaturas: \u201cLouvado sejas, meu Senhor, com todas as tuas criaturas, especialmente o senhor irm\u00e3o sol, o qual \u00e9 dia, e por ele nos iluminas. E ele \u00e9 belo e radiante com grande esplendor, de ti, Alt\u00edssimo, traz o significado\u201d.<\/p>\n<p>O c\u00e2ntico segue envolvendo, como um \u201chino sideral\u201d, os demais astros, as nuvens, estrelas e elementos da terra. Mais adiante, ele canta: \u201cLouvado sejas, meu Senhor, por aqueles que perdoam pelo teu amor, e suportam enfermidades e tribula\u00e7\u00e3o. Bem-aventurados aqueles que as suportarem em paz porque por ti, Alt\u00edssimo, ser\u00e3o coroados\u201d. A fraternidade \u00e9 constru\u00edda quando se sabe dar uma passo em dire\u00e7\u00e3o ao diferente.<\/p>\n<p>O C\u00e2ntico das Criaturas, como algu\u00e9m j\u00e1 o disse, \u00e9 o \u201cc\u00e2ntico da integra\u00e7\u00e3o\u201d, porque trata de um louvor e paz existente entre elementos distintos, por\u00e9m, n\u00e3o adversos, mas que na dan\u00e7a da vida, se complementam, unindo-se e mantendo-se distintos simultaneamente. A dan\u00e7a de todos os elementos s\u00f3 \u00e9 poss\u00edvel porque todos t\u00eam seu ritmo, sua identidade.<\/p>\n<p>Vamos olhar para S\u00e3o Francisco como esse irm\u00e3o universal que lembra a todos a necessidade de n\u00e3o desanimarmos de sonhar e construir um mundo onde caibam todos os mundos com suas diferen\u00e7as. S\u00f3 evolu\u00edmos enquanto pessoas se aprendemos, mesmo que \u00e0 custa de dor e l\u00e1grimas, a integrar o adverso, transformando-o de inimigo mortal, em conviva da exist\u00eancia.<\/p>\n<p>S\u00e3o Francisco, t\u00e3o querido e conhecido como o Santo dos animaizinhos, \u00e9 o santo da paz, o que nos desafia ao perd\u00e3o e o cuidado pleno para com todo o tipo de vida, a come\u00e7ar pela vida humana, por vezes amea\u00e7ada! Boa Festa de S\u00e3o Francisco de Assis!<\/p>\n<p><strong>Frei Valdecir Schwambach, ofm<\/strong><\/p>\n","protected":false},"excerpt":{"rendered":"<p>Vila Clementino<\/p>\n","protected":false},"author":1,"featured_media":191591,"comment_status":"open","ping_status":"open","sticky":false,"template":"","format":"standard","meta":[],"categories":[1],"tags":[271],"acf":[],"yoast_head":"<!-- This site is optimized with the Yoast SEO plugin v19.2 - https:\/\/yoast.com\/wordpress\/plugins\/seo\/ -->\n<title>&quot;Em Cristo somos todos irm\u00e3os&quot;. Come\u00e7a o Tr\u00edduo. - Not\u00edcias - Franciscanos<\/title>\n<meta name=\"robots\" content=\"index, follow, max-snippet:-1, max-image-preview:large, max-video-preview:-1\" \/>\n<link rel=\"canonical\" href=\"https:\/\/franciscanos.org.br\/noticias\/em-cristo-somos-todos-irmaos-comeca-o-triduo.html\" \/>\n<meta property=\"og:locale\" content=\"pt_BR\" \/>\n<meta property=\"og:type\" content=\"article\" \/>\n<meta property=\"og:title\" content=\"&quot;Em Cristo somos todos irm\u00e3os&quot;. Come\u00e7a o Tr\u00edduo. - Not\u00edcias - Franciscanos\" \/>\n<meta property=\"og:description\" content=\"Vila Clementino\" \/>\n<meta property=\"og:url\" content=\"https:\/\/franciscanos.org.br\/noticias\/em-cristo-somos-todos-irmaos-comeca-o-triduo.html\" \/>\n<meta property=\"og:site_name\" content=\"Not\u00edcias - Franciscanos\" \/>\n<meta property=\"article:published_time\" content=\"2018-10-01T10:50:28+00:00\" \/>\n<meta property=\"article:modified_time\" content=\"2018-11-27T11:57:22+00:00\" \/>\n<meta property=\"og:image\" content=\"https:\/\/franciscanos.org.br\/noticias\/wp-content\/uploads\/2018\/10\/vila.jpg\" \/>\n\t<meta property=\"og:image:width\" content=\"273\" \/>\n\t<meta property=\"og:image:height\" content=\"181\" \/>\n\t<meta property=\"og:image:type\" content=\"image\/jpeg\" \/>\n<meta name=\"author\" content=\"admin\" \/>\n<meta name=\"twitter:card\" content=\"summary_large_image\" \/>\n<meta name=\"twitter:label1\" content=\"Escrito por\" \/>\n\t<meta name=\"twitter:data1\" content=\"admin\" \/>\n\t<meta name=\"twitter:label2\" content=\"Est. tempo de leitura\" \/>\n\t<meta name=\"twitter:data2\" content=\"2 minutos\" \/>\n<script type=\"application\/ld+json\" class=\"yoast-schema-graph\">{\"@context\":\"https:\/\/schema.org\",\"@graph\":[{\"@type\":\"WebSite\",\"@id\":\"https:\/\/franciscanos.org.br\/noticias\/#website\",\"url\":\"https:\/\/franciscanos.org.br\/noticias\/\",\"name\":\"Not\u00edcias - Franciscanos\",\"description\":\"Prov\u00edncia Franciscana da Imaculada Concei\u00e7\u00e3o do Brasil - Ordem dos Frades Menores - OFM\",\"potentialAction\":[{\"@type\":\"SearchAction\",\"target\":{\"@type\":\"EntryPoint\",\"urlTemplate\":\"https:\/\/franciscanos.org.br\/noticias\/?s={search_term_string}\"},\"query-input\":\"required name=search_term_string\"}],\"inLanguage\":\"pt-BR\"},{\"@type\":\"ImageObject\",\"inLanguage\":\"pt-BR\",\"@id\":\"https:\/\/franciscanos.org.br\/noticias\/em-cristo-somos-todos-irmaos-comeca-o-triduo.html#primaryimage\",\"url\":\"https:\/\/franciscanos.org.br\/noticias\/wp-content\/uploads\/2018\/10\/vila.jpg\",\"contentUrl\":\"https:\/\/franciscanos.org.br\/noticias\/wp-content\/uploads\/2018\/10\/vila.jpg\",\"width\":273,\"height\":181},{\"@type\":\"WebPage\",\"@id\":\"https:\/\/franciscanos.org.br\/noticias\/em-cristo-somos-todos-irmaos-comeca-o-triduo.html#webpage\",\"url\":\"https:\/\/franciscanos.org.br\/noticias\/em-cristo-somos-todos-irmaos-comeca-o-triduo.html\",\"name\":\"\\\"Em Cristo somos todos irm\u00e3os\\\". Come\u00e7a o Tr\u00edduo. - Not\u00edcias - Franciscanos\",\"isPartOf\":{\"@id\":\"https:\/\/franciscanos.org.br\/noticias\/#website\"},\"primaryImageOfPage\":{\"@id\":\"https:\/\/franciscanos.org.br\/noticias\/em-cristo-somos-todos-irmaos-comeca-o-triduo.html#primaryimage\"},\"datePublished\":\"2018-10-01T10:50:28+00:00\",\"dateModified\":\"2018-11-27T11:57:22+00:00\",\"author\":{\"@id\":\"https:\/\/franciscanos.org.br\/noticias\/#\/schema\/person\/b38fbf43118f02820bd932f2e4b14ad3\"},\"breadcrumb\":{\"@id\":\"https:\/\/franciscanos.org.br\/noticias\/em-cristo-somos-todos-irmaos-comeca-o-triduo.html#breadcrumb\"},\"inLanguage\":\"pt-BR\",\"potentialAction\":[{\"@type\":\"ReadAction\",\"target\":[\"https:\/\/franciscanos.org.br\/noticias\/em-cristo-somos-todos-irmaos-comeca-o-triduo.html\"]}]},{\"@type\":\"BreadcrumbList\",\"@id\":\"https:\/\/franciscanos.org.br\/noticias\/em-cristo-somos-todos-irmaos-comeca-o-triduo.html#breadcrumb\",\"itemListElement\":[{\"@type\":\"ListItem\",\"position\":1,\"name\":\"Home\",\"item\":\"https:\/\/franciscanos.org.br\/noticias\"},{\"@type\":\"ListItem\",\"position\":2,\"name\":\"&#8220;Em Cristo somos todos irm\u00e3os&#8221;. Come\u00e7a o Tr\u00edduo.\"}]},{\"@type\":\"Person\",\"@id\":\"https:\/\/franciscanos.org.br\/noticias\/#\/schema\/person\/b38fbf43118f02820bd932f2e4b14ad3\",\"name\":\"admin\",\"image\":{\"@type\":\"ImageObject\",\"inLanguage\":\"pt-BR\",\"@id\":\"https:\/\/franciscanos.org.br\/noticias\/#\/schema\/person\/image\/\",\"url\":\"https:\/\/secure.gravatar.com\/avatar\/e8495742d34d0ba6448ea1c628263b3e?s=96&d=mm&r=g\",\"contentUrl\":\"https:\/\/secure.gravatar.com\/avatar\/e8495742d34d0ba6448ea1c628263b3e?s=96&d=mm&r=g\",\"caption\":\"admin\"},\"url\":\"https:\/\/franciscanos.org.br\/noticias\/author\/admin\"}]}<\/script>\n<!-- \/ Yoast SEO plugin. -->","yoast_head_json":{"title":"\"Em Cristo somos todos irm\u00e3os\". Come\u00e7a o Tr\u00edduo. - Not\u00edcias - Franciscanos","robots":{"index":"index","follow":"follow","max-snippet":"max-snippet:-1","max-image-preview":"max-image-preview:large","max-video-preview":"max-video-preview:-1"},"canonical":"https:\/\/franciscanos.org.br\/noticias\/em-cristo-somos-todos-irmaos-comeca-o-triduo.html","og_locale":"pt_BR","og_type":"article","og_title":"\"Em Cristo somos todos irm\u00e3os\". Come\u00e7a o Tr\u00edduo. - Not\u00edcias - Franciscanos","og_description":"Vila Clementino","og_url":"https:\/\/franciscanos.org.br\/noticias\/em-cristo-somos-todos-irmaos-comeca-o-triduo.html","og_site_name":"Not\u00edcias - Franciscanos","article_published_time":"2018-10-01T10:50:28+00:00","article_modified_time":"2018-11-27T11:57:22+00:00","og_image":[{"width":273,"height":181,"url":"https:\/\/franciscanos.org.br\/noticias\/wp-content\/uploads\/2018\/10\/vila.jpg","type":"image\/jpeg"}],"author":"admin","twitter_card":"summary_large_image","twitter_misc":{"Escrito por":"admin","Est. tempo de leitura":"2 minutos"},"schema":{"@context":"https:\/\/schema.org","@graph":[{"@type":"WebSite","@id":"https:\/\/franciscanos.org.br\/noticias\/#website","url":"https:\/\/franciscanos.org.br\/noticias\/","name":"Not\u00edcias - Franciscanos","description":"Prov\u00edncia Franciscana da Imaculada Concei\u00e7\u00e3o do Brasil - Ordem dos Frades Menores - OFM","potentialAction":[{"@type":"SearchAction","target":{"@type":"EntryPoint","urlTemplate":"https:\/\/franciscanos.org.br\/noticias\/?s={search_term_string}"},"query-input":"required name=search_term_string"}],"inLanguage":"pt-BR"},{"@type":"ImageObject","inLanguage":"pt-BR","@id":"https:\/\/franciscanos.org.br\/noticias\/em-cristo-somos-todos-irmaos-comeca-o-triduo.html#primaryimage","url":"https:\/\/franciscanos.org.br\/noticias\/wp-content\/uploads\/2018\/10\/vila.jpg","contentUrl":"https:\/\/franciscanos.org.br\/noticias\/wp-content\/uploads\/2018\/10\/vila.jpg","width":273,"height":181},{"@type":"WebPage","@id":"https:\/\/franciscanos.org.br\/noticias\/em-cristo-somos-todos-irmaos-comeca-o-triduo.html#webpage","url":"https:\/\/franciscanos.org.br\/noticias\/em-cristo-somos-todos-irmaos-comeca-o-triduo.html","name":"\"Em Cristo somos todos irm\u00e3os\". Come\u00e7a o Tr\u00edduo. - Not\u00edcias - Franciscanos","isPartOf":{"@id":"https:\/\/franciscanos.org.br\/noticias\/#website"},"primaryImageOfPage":{"@id":"https:\/\/franciscanos.org.br\/noticias\/em-cristo-somos-todos-irmaos-comeca-o-triduo.html#primaryimage"},"datePublished":"2018-10-01T10:50:28+00:00","dateModified":"2018-11-27T11:57:22+00:00","author":{"@id":"https:\/\/franciscanos.org.br\/noticias\/#\/schema\/person\/b38fbf43118f02820bd932f2e4b14ad3"},"breadcrumb":{"@id":"https:\/\/franciscanos.org.br\/noticias\/em-cristo-somos-todos-irmaos-comeca-o-triduo.html#breadcrumb"},"inLanguage":"pt-BR","potentialAction":[{"@type":"ReadAction","target":["https:\/\/franciscanos.org.br\/noticias\/em-cristo-somos-todos-irmaos-comeca-o-triduo.html"]}]},{"@type":"BreadcrumbList","@id":"https:\/\/franciscanos.org.br\/noticias\/em-cristo-somos-todos-irmaos-comeca-o-triduo.html#breadcrumb","itemListElement":[{"@type":"ListItem","position":1,"name":"Home","item":"https:\/\/franciscanos.org.br\/noticias"},{"@type":"ListItem","position":2,"name":"&#8220;Em Cristo somos todos irm\u00e3os&#8221;. Come\u00e7a o Tr\u00edduo."}]},{"@type":"Person","@id":"https:\/\/franciscanos.org.br\/noticias\/#\/schema\/person\/b38fbf43118f02820bd932f2e4b14ad3","name":"admin","image":{"@type":"ImageObject","inLanguage":"pt-BR","@id":"https:\/\/franciscanos.org.br\/noticias\/#\/schema\/person\/image\/","url":"https:\/\/secure.gravatar.com\/avatar\/e8495742d34d0ba6448ea1c628263b3e?s=96&d=mm&r=g","contentUrl":"https:\/\/secure.gravatar.com\/avatar\/e8495742d34d0ba6448ea1c628263b3e?s=96&d=mm&r=g","caption":"admin"},"url":"https:\/\/franciscanos.org.br\/noticias\/author\/admin"}]}},"_links":{"self":[{"href":"https:\/\/franciscanos.org.br\/noticias\/wp-json\/wp\/v2\/posts\/172936"}],"collection":[{"href":"https:\/\/franciscanos.org.br\/noticias\/wp-json\/wp\/v2\/posts"}],"about":[{"href":"https:\/\/franciscanos.org.br\/noticias\/wp-json\/wp\/v2\/types\/post"}],"author":[{"embeddable":true,"href":"https:\/\/franciscanos.org.br\/noticias\/wp-json\/wp\/v2\/users\/1"}],"replies":[{"embeddable":true,"href":"https:\/\/franciscanos.org.br\/noticias\/wp-json\/wp\/v2\/comments?post=172936"}],"version-history":[{"count":0,"href":"https:\/\/franciscanos.org.br\/noticias\/wp-json\/wp\/v2\/posts\/172936\/revisions"}],"wp:featuredmedia":[{"embeddable":true,"href":"https:\/\/franciscanos.org.br\/noticias\/wp-json\/wp\/v2\/media\/191591"}],"wp:attachment":[{"href":"https:\/\/franciscanos.org.br\/noticias\/wp-json\/wp\/v2\/media?parent=172936"}],"wp:term":[{"taxonomy":"category","embeddable":true,"href":"https:\/\/franciscanos.org.br\/noticias\/wp-json\/wp\/v2\/categories?post=172936"},{"taxonomy":"post_tag","embeddable":true,"href":"https:\/\/franciscanos.org.br\/noticias\/wp-json\/wp\/v2\/tags?post=172936"}],"curies":[{"name":"wp","href":"https:\/\/api.w.org\/{rel}","templated":true}]}}