{"id":172932,"date":"2018-10-01T07:20:36","date_gmt":"2018-10-01T10:20:36","guid":{"rendered":"http:\/\/franciscanos.org.br\/?p=172932"},"modified":"2020-06-06T19:09:44","modified_gmt":"2020-06-06T22:09:44","slug":"cuidar-dos-nossos-irmaos-doentes-abre-o-nosso-coracao","status":"publish","type":"post","link":"https:\/\/franciscanos.org.br\/noticias\/cuidar-dos-nossos-irmaos-doentes-abre-o-nosso-coracao.html","title":{"rendered":"Cuidar dos nossos irm\u00e3os doentes abre o nosso cora\u00e7\u00e3o"},"content":{"rendered":"<p><img loading=\"lazy\" class=\"alignleft\" src=\"http:\/\/franciscanos.org.br\/wp-content\/uploads\/2018\/10\/papa_011018.jpg\" alt=\"papa_011018\" width=\"820\" height=\"461\" \/><\/p>\n<p><strong>Cidade do Vaticano<\/strong> &#8211; Nesta segunda-feira, 1\u00ba de outubro, o Papa Francisco recebeu os participantes do IV Semin\u00e1rio de \u00c9tica na gest\u00e3o de Servi\u00e7os de Sa\u00fade organizado pela Pontif\u00edcia Academia para a Vida, que contou com a presen\u00e7a de Dom Alberto Bochatey, Bispo Auxiliar de La Plata e presidente da Comiss\u00e3o de Sa\u00fade da Confer\u00eancia Episcopal Argentina e do senhor Cristian Mazza, presidente da Funda\u00e7\u00e3o \u201cConsenso Salud\u201d.<\/p>\n<p>Papa Francisco falou aos presentes que embora estejamos em uma \u00e9poca marcada pela crise econ\u00f4mica que leva a muitas dificuldades no atendimento dos pacientes desde o desenvolvimento da ci\u00eancia m\u00e9dica ao acesso \u00e0 terapias e rem\u00e9dios. \u201cO cuidados dos nossos irm\u00e3os abre nosso cora\u00e7\u00e3o para acolher um dom maravilhoso\u201d. Neste contexto Francisco prop\u00f5e tr\u00eas palavras para reflex\u00e3o: milagre, cuidado e confian\u00e7a.<\/p>\n<p><strong>Milagre: valorizando a dignidade do ser humano<\/strong><\/p>\n<p>Os respons\u00e1veis pelas institui\u00e7\u00f5es dir\u00e3o que \u00e9 imposs\u00edvel fazer milagres para manter os custos-benef\u00edcios&#8230; \u201cSem d\u00favida &#8211; disse o Papa &#8211; um milagre n\u00e3o \u00e9 fazer o imposs\u00edvel, o milagre \u00e9 encontrar no doente, no desamparado que temos diante de n\u00f3s, um irm\u00e3o. Somos chamados a reconhecer no doente o receptor das presta\u00e7\u00f5es de imenso valor de sua dignidade como ser humano, como filho de Deus\u201d. O Papa esclarece que por si s\u00f3 n\u00e3o \u201cdesata todos os n\u00f3s\u201d, mas criar\u00e1 disposi\u00e7\u00e3o para desat\u00e1-los na medida de nossas possibilidades levando a uma mudan\u00e7a interior e de mentalidade em n\u00f3s mesmos e na sociedade.<\/p>\n<p>A consci\u00eancia de valorizar a dignidade do ser humano \u201cpermite que sejam criadas estruturas legislativas, econ\u00f4micas e m\u00e9dicas necess\u00e1rias para enfrentar os problemas ir\u00e3o surgindo\u201d.<br \/>\nFrancisco observou que \u201co princ\u00edpio inspirador deste trabalho deve ser absolutamente a busca do bem. E este bem n\u00e3o \u00e9 um ideal abstrato, mas uma pessoa concreta, um rosto, que muitas vezes sofre&#8221;. Em seguida o Papa disse aos participantes: &#8220;Sejam valentes e generosos nas inten\u00e7\u00f5es, planos, projetos e no uso dos meios econ\u00f4micos e t\u00e9cnicos-cient\u00edficos\u201d.<\/p>\n<p><strong>Cuidado: para o doente se sentir amado<\/strong><\/p>\n<p>Sobre este ponto o Papa disse que cuidar dos doentes n\u00e3o \u00e9 simplesmente a aplica\u00e7\u00e3o ass\u00e9ptica de medicamentos ou terapias apropriadas, mas especificou que o verbo latim \u201ccurare\u201d quer dizer atender, preocupar-se, cuidar, ser respons\u00e1vel pelo outro, pelo irm\u00e3o.<\/p>\n<p>\u201cEste cuidado deve ter maior intensidade nos cuidados paliativos&#8221;, por atravessarmos neste momento uma forte tend\u00eancia \u00e0 legaliza\u00e7\u00e3o da eutan\u00e1sia, sabemos o quanto \u00e9 importante um acompanhamento sereno e participativo. \u201cQuando o paciente terminal &#8211; diz o Papa &#8211; sente-se amado, respeitado e aceito, a sombra negativa da eutan\u00e1sia desaparece ou \u00e9 quase inexistente, pois o valor do seu ser se mede pela sua capacidade de dar e receber amor e n\u00e3o pela sua produtividade\u201d.<\/p>\n<p><strong>Confian\u00e7a: rela\u00e7\u00e3o baseada na responsabilidade e lealdade<\/strong><\/p>\n<p>A terceira palavra no contexto de cuidados dos enfermos \u00e9 confian\u00e7a que pode ser distinguida em v\u00e1rios \u00e2mbitos. Antes de tudo, a confian\u00e7a do pr\u00f3prio doente em si mesmo, na possibilidade de se curar que garante boa parte do \u00eaxito da terapia. Em seguida o Papa refere-se aos trabalhadores: \u201c\u00c9 importante para o trabalhador da \u00e1rea de sa\u00fade poder realizar suas fun\u00e7\u00f5es em um clima de serenidade, estando ciente de que est\u00e1 fazendo o certo, o humanamente poss\u00edvel em fun\u00e7\u00e3o dos recursos dispon\u00edveis\u201d.<\/p>\n<p>\u201cN\u00e3o h\u00e1 d\u00favida de que se colocar nas m\u00e3os de uma pessoa, principalmente quando a vida est\u00e1 em jogo, \u00e9 muito dif\u00edcil, a rela\u00e7\u00e3o com o m\u00e9dico ou o enfermeiro sempre se baseou na responsabilidade e na lealdade\u201d. Francisco alerta aos riscos de que a burocracia e a complexidade do sistema de sa\u00fade altere a estreita rela\u00e7\u00e3o paciente\/m\u00e9dicos e enfermeiros e possa se tornar um simples \u201ctermos do contrato\u201d, interrompendo desta maneira esta confian\u00e7a.<\/p>\n<p>O Papa conclui dizendo que \u201ctemos que lutar para manter \u00edntegro este v\u00ednculo de profunda humanidade, pois nenhuma institui\u00e7\u00e3o assistencial pode por si substituir-se ao cora\u00e7\u00e3o humano\u201d. \u201cPortanto a rela\u00e7\u00e3o com o doente exige respeito em sua autonomia e grande disponibilidade, aten\u00e7\u00e3o, compreens\u00e3o, cumplicidade e di\u00e1logo, para ser express\u00e3o de um compromisso assumido como servi\u00e7o\u201d.<\/p>\n<hr \/>\n<p><em>Fonte: Vatican News<\/em><\/p>\n","protected":false},"excerpt":{"rendered":"<p>Semin\u00e1rio de \u00c9tica na gest\u00e3o de Servi\u00e7os de Sa\u00fade<\/p>\n","protected":false},"author":1,"featured_media":191600,"comment_status":"open","ping_status":"open","sticky":false,"template":"","format":"standard","meta":[],"categories":[1428],"tags":[55],"acf":[],"yoast_head":"<!-- This site is optimized with the Yoast SEO plugin v19.2 - https:\/\/yoast.com\/wordpress\/plugins\/seo\/ -->\n<title>Cuidar dos nossos irm\u00e3os doentes abre o nosso cora\u00e7\u00e3o - Not\u00edcias - Franciscanos<\/title>\n<meta name=\"robots\" content=\"index, follow, max-snippet:-1, max-image-preview:large, max-video-preview:-1\" \/>\n<link rel=\"canonical\" href=\"https:\/\/franciscanos.org.br\/noticias\/cuidar-dos-nossos-irmaos-doentes-abre-o-nosso-coracao.html\" \/>\n<meta property=\"og:locale\" content=\"pt_BR\" \/>\n<meta property=\"og:type\" content=\"article\" \/>\n<meta property=\"og:title\" content=\"Cuidar dos nossos irm\u00e3os doentes abre o nosso cora\u00e7\u00e3o - Not\u00edcias - Franciscanos\" \/>\n<meta property=\"og:description\" content=\"Semin\u00e1rio de \u00c9tica na gest\u00e3o de Servi\u00e7os de Sa\u00fade\" \/>\n<meta property=\"og:url\" content=\"https:\/\/franciscanos.org.br\/noticias\/cuidar-dos-nossos-irmaos-doentes-abre-o-nosso-coracao.html\" \/>\n<meta property=\"og:site_name\" content=\"Not\u00edcias - Franciscanos\" \/>\n<meta property=\"article:published_time\" content=\"2018-10-01T10:20:36+00:00\" \/>\n<meta property=\"article:modified_time\" content=\"2020-06-06T22:09:44+00:00\" \/>\n<meta property=\"og:image\" content=\"https:\/\/franciscanos.org.br\/noticias\/wp-content\/uploads\/2018\/10\/papa_011018.jpg\" \/>\n\t<meta property=\"og:image:width\" content=\"273\" \/>\n\t<meta property=\"og:image:height\" content=\"181\" \/>\n\t<meta property=\"og:image:type\" content=\"image\/jpeg\" \/>\n<meta name=\"author\" content=\"admin\" \/>\n<meta name=\"twitter:card\" content=\"summary_large_image\" \/>\n<meta name=\"twitter:label1\" content=\"Escrito por\" \/>\n\t<meta name=\"twitter:data1\" content=\"admin\" \/>\n\t<meta name=\"twitter:label2\" content=\"Est. tempo de leitura\" \/>\n\t<meta name=\"twitter:data2\" content=\"4 minutos\" \/>\n<script type=\"application\/ld+json\" class=\"yoast-schema-graph\">{\"@context\":\"https:\/\/schema.org\",\"@graph\":[{\"@type\":\"WebSite\",\"@id\":\"https:\/\/franciscanos.org.br\/noticias\/#website\",\"url\":\"https:\/\/franciscanos.org.br\/noticias\/\",\"name\":\"Not\u00edcias - Franciscanos\",\"description\":\"Prov\u00edncia Franciscana da Imaculada Concei\u00e7\u00e3o do Brasil - Ordem dos Frades Menores - OFM\",\"potentialAction\":[{\"@type\":\"SearchAction\",\"target\":{\"@type\":\"EntryPoint\",\"urlTemplate\":\"https:\/\/franciscanos.org.br\/noticias\/?s={search_term_string}\"},\"query-input\":\"required name=search_term_string\"}],\"inLanguage\":\"pt-BR\"},{\"@type\":\"ImageObject\",\"inLanguage\":\"pt-BR\",\"@id\":\"https:\/\/franciscanos.org.br\/noticias\/cuidar-dos-nossos-irmaos-doentes-abre-o-nosso-coracao.html#primaryimage\",\"url\":\"https:\/\/franciscanos.org.br\/noticias\/wp-content\/uploads\/2018\/10\/papa_011018.jpg\",\"contentUrl\":\"https:\/\/franciscanos.org.br\/noticias\/wp-content\/uploads\/2018\/10\/papa_011018.jpg\",\"width\":273,\"height\":181},{\"@type\":\"WebPage\",\"@id\":\"https:\/\/franciscanos.org.br\/noticias\/cuidar-dos-nossos-irmaos-doentes-abre-o-nosso-coracao.html#webpage\",\"url\":\"https:\/\/franciscanos.org.br\/noticias\/cuidar-dos-nossos-irmaos-doentes-abre-o-nosso-coracao.html\",\"name\":\"Cuidar dos nossos irm\u00e3os doentes abre o nosso cora\u00e7\u00e3o - Not\u00edcias - Franciscanos\",\"isPartOf\":{\"@id\":\"https:\/\/franciscanos.org.br\/noticias\/#website\"},\"primaryImageOfPage\":{\"@id\":\"https:\/\/franciscanos.org.br\/noticias\/cuidar-dos-nossos-irmaos-doentes-abre-o-nosso-coracao.html#primaryimage\"},\"datePublished\":\"2018-10-01T10:20:36+00:00\",\"dateModified\":\"2020-06-06T22:09:44+00:00\",\"author\":{\"@id\":\"https:\/\/franciscanos.org.br\/noticias\/#\/schema\/person\/b38fbf43118f02820bd932f2e4b14ad3\"},\"breadcrumb\":{\"@id\":\"https:\/\/franciscanos.org.br\/noticias\/cuidar-dos-nossos-irmaos-doentes-abre-o-nosso-coracao.html#breadcrumb\"},\"inLanguage\":\"pt-BR\",\"potentialAction\":[{\"@type\":\"ReadAction\",\"target\":[\"https:\/\/franciscanos.org.br\/noticias\/cuidar-dos-nossos-irmaos-doentes-abre-o-nosso-coracao.html\"]}]},{\"@type\":\"BreadcrumbList\",\"@id\":\"https:\/\/franciscanos.org.br\/noticias\/cuidar-dos-nossos-irmaos-doentes-abre-o-nosso-coracao.html#breadcrumb\",\"itemListElement\":[{\"@type\":\"ListItem\",\"position\":1,\"name\":\"Home\",\"item\":\"https:\/\/franciscanos.org.br\/noticias\"},{\"@type\":\"ListItem\",\"position\":2,\"name\":\"Cuidar dos nossos irm\u00e3os doentes abre o nosso cora\u00e7\u00e3o\"}]},{\"@type\":\"Person\",\"@id\":\"https:\/\/franciscanos.org.br\/noticias\/#\/schema\/person\/b38fbf43118f02820bd932f2e4b14ad3\",\"name\":\"admin\",\"image\":{\"@type\":\"ImageObject\",\"inLanguage\":\"pt-BR\",\"@id\":\"https:\/\/franciscanos.org.br\/noticias\/#\/schema\/person\/image\/\",\"url\":\"https:\/\/secure.gravatar.com\/avatar\/e8495742d34d0ba6448ea1c628263b3e?s=96&d=mm&r=g\",\"contentUrl\":\"https:\/\/secure.gravatar.com\/avatar\/e8495742d34d0ba6448ea1c628263b3e?s=96&d=mm&r=g\",\"caption\":\"admin\"},\"url\":\"https:\/\/franciscanos.org.br\/noticias\/author\/admin\"}]}<\/script>\n<!-- \/ Yoast SEO plugin. -->","yoast_head_json":{"title":"Cuidar dos nossos irm\u00e3os doentes abre o nosso cora\u00e7\u00e3o - Not\u00edcias - Franciscanos","robots":{"index":"index","follow":"follow","max-snippet":"max-snippet:-1","max-image-preview":"max-image-preview:large","max-video-preview":"max-video-preview:-1"},"canonical":"https:\/\/franciscanos.org.br\/noticias\/cuidar-dos-nossos-irmaos-doentes-abre-o-nosso-coracao.html","og_locale":"pt_BR","og_type":"article","og_title":"Cuidar dos nossos irm\u00e3os doentes abre o nosso cora\u00e7\u00e3o - Not\u00edcias - Franciscanos","og_description":"Semin\u00e1rio de \u00c9tica na gest\u00e3o de Servi\u00e7os de Sa\u00fade","og_url":"https:\/\/franciscanos.org.br\/noticias\/cuidar-dos-nossos-irmaos-doentes-abre-o-nosso-coracao.html","og_site_name":"Not\u00edcias - Franciscanos","article_published_time":"2018-10-01T10:20:36+00:00","article_modified_time":"2020-06-06T22:09:44+00:00","og_image":[{"width":273,"height":181,"url":"https:\/\/franciscanos.org.br\/noticias\/wp-content\/uploads\/2018\/10\/papa_011018.jpg","type":"image\/jpeg"}],"author":"admin","twitter_card":"summary_large_image","twitter_misc":{"Escrito por":"admin","Est. tempo de leitura":"4 minutos"},"schema":{"@context":"https:\/\/schema.org","@graph":[{"@type":"WebSite","@id":"https:\/\/franciscanos.org.br\/noticias\/#website","url":"https:\/\/franciscanos.org.br\/noticias\/","name":"Not\u00edcias - Franciscanos","description":"Prov\u00edncia Franciscana da Imaculada Concei\u00e7\u00e3o do Brasil - Ordem dos Frades Menores - OFM","potentialAction":[{"@type":"SearchAction","target":{"@type":"EntryPoint","urlTemplate":"https:\/\/franciscanos.org.br\/noticias\/?s={search_term_string}"},"query-input":"required name=search_term_string"}],"inLanguage":"pt-BR"},{"@type":"ImageObject","inLanguage":"pt-BR","@id":"https:\/\/franciscanos.org.br\/noticias\/cuidar-dos-nossos-irmaos-doentes-abre-o-nosso-coracao.html#primaryimage","url":"https:\/\/franciscanos.org.br\/noticias\/wp-content\/uploads\/2018\/10\/papa_011018.jpg","contentUrl":"https:\/\/franciscanos.org.br\/noticias\/wp-content\/uploads\/2018\/10\/papa_011018.jpg","width":273,"height":181},{"@type":"WebPage","@id":"https:\/\/franciscanos.org.br\/noticias\/cuidar-dos-nossos-irmaos-doentes-abre-o-nosso-coracao.html#webpage","url":"https:\/\/franciscanos.org.br\/noticias\/cuidar-dos-nossos-irmaos-doentes-abre-o-nosso-coracao.html","name":"Cuidar dos nossos irm\u00e3os doentes abre o nosso cora\u00e7\u00e3o - Not\u00edcias - Franciscanos","isPartOf":{"@id":"https:\/\/franciscanos.org.br\/noticias\/#website"},"primaryImageOfPage":{"@id":"https:\/\/franciscanos.org.br\/noticias\/cuidar-dos-nossos-irmaos-doentes-abre-o-nosso-coracao.html#primaryimage"},"datePublished":"2018-10-01T10:20:36+00:00","dateModified":"2020-06-06T22:09:44+00:00","author":{"@id":"https:\/\/franciscanos.org.br\/noticias\/#\/schema\/person\/b38fbf43118f02820bd932f2e4b14ad3"},"breadcrumb":{"@id":"https:\/\/franciscanos.org.br\/noticias\/cuidar-dos-nossos-irmaos-doentes-abre-o-nosso-coracao.html#breadcrumb"},"inLanguage":"pt-BR","potentialAction":[{"@type":"ReadAction","target":["https:\/\/franciscanos.org.br\/noticias\/cuidar-dos-nossos-irmaos-doentes-abre-o-nosso-coracao.html"]}]},{"@type":"BreadcrumbList","@id":"https:\/\/franciscanos.org.br\/noticias\/cuidar-dos-nossos-irmaos-doentes-abre-o-nosso-coracao.html#breadcrumb","itemListElement":[{"@type":"ListItem","position":1,"name":"Home","item":"https:\/\/franciscanos.org.br\/noticias"},{"@type":"ListItem","position":2,"name":"Cuidar dos nossos irm\u00e3os doentes abre o nosso cora\u00e7\u00e3o"}]},{"@type":"Person","@id":"https:\/\/franciscanos.org.br\/noticias\/#\/schema\/person\/b38fbf43118f02820bd932f2e4b14ad3","name":"admin","image":{"@type":"ImageObject","inLanguage":"pt-BR","@id":"https:\/\/franciscanos.org.br\/noticias\/#\/schema\/person\/image\/","url":"https:\/\/secure.gravatar.com\/avatar\/e8495742d34d0ba6448ea1c628263b3e?s=96&d=mm&r=g","contentUrl":"https:\/\/secure.gravatar.com\/avatar\/e8495742d34d0ba6448ea1c628263b3e?s=96&d=mm&r=g","caption":"admin"},"url":"https:\/\/franciscanos.org.br\/noticias\/author\/admin"}]}},"_links":{"self":[{"href":"https:\/\/franciscanos.org.br\/noticias\/wp-json\/wp\/v2\/posts\/172932"}],"collection":[{"href":"https:\/\/franciscanos.org.br\/noticias\/wp-json\/wp\/v2\/posts"}],"about":[{"href":"https:\/\/franciscanos.org.br\/noticias\/wp-json\/wp\/v2\/types\/post"}],"author":[{"embeddable":true,"href":"https:\/\/franciscanos.org.br\/noticias\/wp-json\/wp\/v2\/users\/1"}],"replies":[{"embeddable":true,"href":"https:\/\/franciscanos.org.br\/noticias\/wp-json\/wp\/v2\/comments?post=172932"}],"version-history":[{"count":1,"href":"https:\/\/franciscanos.org.br\/noticias\/wp-json\/wp\/v2\/posts\/172932\/revisions"}],"predecessor-version":[{"id":224767,"href":"https:\/\/franciscanos.org.br\/noticias\/wp-json\/wp\/v2\/posts\/172932\/revisions\/224767"}],"wp:featuredmedia":[{"embeddable":true,"href":"https:\/\/franciscanos.org.br\/noticias\/wp-json\/wp\/v2\/media\/191600"}],"wp:attachment":[{"href":"https:\/\/franciscanos.org.br\/noticias\/wp-json\/wp\/v2\/media?parent=172932"}],"wp:term":[{"taxonomy":"category","embeddable":true,"href":"https:\/\/franciscanos.org.br\/noticias\/wp-json\/wp\/v2\/categories?post=172932"},{"taxonomy":"post_tag","embeddable":true,"href":"https:\/\/franciscanos.org.br\/noticias\/wp-json\/wp\/v2\/tags?post=172932"}],"curies":[{"name":"wp","href":"https:\/\/api.w.org\/{rel}","templated":true}]}}