{"id":17286,"date":"2012-05-09T07:43:58","date_gmt":"2012-05-09T10:43:58","guid":{"rendered":"http:\/\/new.franciscanos.org.br\/?p=17286"},"modified":"2019-09-24T10:03:50","modified_gmt":"2019-09-24T13:03:50","slug":"paroquia-sao-francisco-de-assis-acolhe-a-formacao-de-interpretes-da-escola-effata","status":"publish","type":"post","link":"https:\/\/franciscanos.org.br\/noticias\/paroquia-sao-francisco-de-assis-acolhe-a-formacao-de-interpretes-da-escola-effata.html","title":{"rendered":"Par\u00f3quia S\u00e3o Francisco de Assis acolhe a forma\u00e7\u00e3o de int\u00e9rpretes da Escola Effata"},"content":{"rendered":"<p><img loading=\"lazy\" title=\"2206_090512\" src=\"http:\/\/franciscanos.org.br\/wp-content\/uploads\/2012\/05\/2206_090512.jpg\" alt=\"\" width=\"830\" height=\"477\" border=\"0\" \/><\/p>\n<p>A Par\u00f3quia S\u00e3o Francisco de Assis, a partir do m\u00eas de maio, tem a imensa alegria de abrir suas portas para acolher os tradutores e int\u00e9rpretes (surdos e ouvintes) da Pastoral dos Surdos Regional Sul1, para a realiza\u00e7\u00e3o da Escola Effata: forma\u00e7\u00e3o de int\u00e9rpretes 2012.<\/p>\n<p>A Escola Effata tem por finalidade fornecer ferramentas conceituais e pr\u00e1ticas para a melhoria da qualidade da tradu\u00e7\u00e3o e interpreta\u00e7\u00e3o do portugu\u00eas para a Libras e da Libras para o portugu\u00eas nas celebra\u00e7\u00f5es lit\u00fargicas, sobretudo nas Missas, otimizando e ampliando assim a acessibilidade de comunica\u00e7\u00e3o para as pessoas surdas dentro da Igreja Cat\u00f3lica.<\/p>\n<p>Importante \u00e9 dizer que a Libras &#8211; L\u00edngua Brasileira de Sinais &#8211; \u00e9 a l\u00edngua oficial da comunidade surda brasileira, l\u00edngua pela qual deve passar toda informa\u00e7\u00e3o, educa\u00e7\u00e3o e, sem d\u00favida, evangeliza\u00e7\u00e3o para as pessoas surdas.<\/p>\n<p>A Pastoral dos Surdos, presente na Par\u00f3quia S\u00e3o Francisco de Assis e ligada a sua organiza\u00e7\u00e3o em todo o Brasil, \u00e9 uma a\u00e7\u00e3o da Igreja Cat\u00f3lica que tem como princ\u00edpio e fundamenta\u00e7\u00e3o o pr\u00f3prio projeto de vida da pessoa de Jesus Cristo, tendo por miss\u00e3o anunciar Jesus Cristo \u00e0s comunidades de surdos, possibilitando a eles o seu protagonismo e lideran\u00e7a pela viv\u00eancia da f\u00e9 dentro da Igreja Cat\u00f3lica, no comprometimento com diversos servi\u00e7os e minist\u00e9rios. Os agentes pastorais trilham o caminho do conhecimento, estudo e partilha da Libras, l\u00edngua pela qual o surdo manifesta sua identidade e realiza seu di\u00e1logo com Deus e com os homens.<\/p>\n<p>Em todo este processo pastoral, a atua\u00e7\u00e3o dos tradutores e int\u00e9rpretes \u00e9 de import\u00e2ncia indispens\u00e1vel, pois s\u00e3o eles que se colocam a servi\u00e7o de Deus para fazer chegar aos surdos, em l\u00edngua de sinais, toda informa\u00e7\u00e3o e an\u00fancio elaborado primeiramente em portugu\u00eas (Missas, batizados, casamentos, cursos de noivos etc).<\/p>\n<p>A Escola Effata, uma das a\u00e7\u00f5es organizadas pela coordena\u00e7\u00e3o dos int\u00e9rpretes da Pastoral dos Surdos Regional Sul 1 (Simone Nascimento, Janine Faria, Zuleika Amaral e Vilma de Jesus) quer promover a afirma\u00e7\u00e3o desta grande miss\u00e3o da Pastoral dos Surdos.<\/p>\n<p>Registramos ainda que, al\u00e9m dos participantes de v\u00e1rias cidades do Estado de S\u00e3o Paulo (Araras, Atibaia, Bragan\u00e7a Paulista, Cachoeira Paulista, Campinas, Caraguatatuba, Carapicu\u00edba, Guaruj\u00e1, Guarulhos, Itapecirica da Serra, Itapetininga, Jacare\u00ed, Jundia\u00ed, Limeira, Osasco, Praia Grande, Santo Andr\u00e9, Santos, S\u00e3o Bernardo do Campo, S\u00e3o Paulo, S\u00e3o Vicente, Tabo\u00e3o da Serra, Tatu\u00ed), a Escola Effata 2012 acolhe ainda surdos e ouvintes de outros estados, como a Pastoral dos Surdos de Curitiba-PR.<\/p>\n<p>Rezemos para que todo o trabalho constru\u00eddo nesta forma\u00e7\u00e3o nos ajude a reconhecer sempre o rosto de Cristo em cada um de nossos irm\u00e3os e irm\u00e3s Surdos.<\/p>\n","protected":false},"excerpt":{"rendered":"<p>Pastoral<\/p>\n","protected":false},"author":1,"featured_media":211452,"comment_status":"closed","ping_status":"closed","sticky":false,"template":"","format":"standard","meta":[],"categories":[1],"tags":[270,271],"acf":[],"yoast_head":"<!-- This site is optimized with the Yoast SEO plugin v19.2 - https:\/\/yoast.com\/wordpress\/plugins\/seo\/ -->\n<title>Par\u00f3quia S\u00e3o Francisco de Assis acolhe a forma\u00e7\u00e3o de int\u00e9rpretes da Escola Effata - Not\u00edcias - Franciscanos<\/title>\n<meta name=\"robots\" content=\"index, follow, max-snippet:-1, max-image-preview:large, max-video-preview:-1\" \/>\n<link rel=\"canonical\" href=\"https:\/\/franciscanos.org.br\/noticias\/paroquia-sao-francisco-de-assis-acolhe-a-formacao-de-interpretes-da-escola-effata.html\" \/>\n<meta property=\"og:locale\" content=\"pt_BR\" \/>\n<meta property=\"og:type\" content=\"article\" \/>\n<meta property=\"og:title\" content=\"Par\u00f3quia S\u00e3o Francisco de Assis acolhe a forma\u00e7\u00e3o de int\u00e9rpretes da Escola Effata - Not\u00edcias - Franciscanos\" \/>\n<meta property=\"og:description\" content=\"Pastoral\" \/>\n<meta property=\"og:url\" content=\"https:\/\/franciscanos.org.br\/noticias\/paroquia-sao-francisco-de-assis-acolhe-a-formacao-de-interpretes-da-escola-effata.html\" \/>\n<meta property=\"og:site_name\" content=\"Not\u00edcias - Franciscanos\" \/>\n<meta property=\"article:published_time\" content=\"2012-05-09T10:43:58+00:00\" \/>\n<meta property=\"article:modified_time\" content=\"2019-09-24T13:03:50+00:00\" \/>\n<meta property=\"og:image\" content=\"https:\/\/franciscanos.org.br\/noticias\/wp-content\/uploads\/2012\/05\/2206_090512.jpg\" \/>\n\t<meta property=\"og:image:width\" content=\"273\" \/>\n\t<meta property=\"og:image:height\" content=\"181\" \/>\n\t<meta property=\"og:image:type\" content=\"image\/jpeg\" \/>\n<meta name=\"author\" content=\"admin\" \/>\n<meta name=\"twitter:card\" content=\"summary_large_image\" \/>\n<meta name=\"twitter:label1\" content=\"Escrito por\" \/>\n\t<meta name=\"twitter:data1\" content=\"admin\" \/>\n\t<meta name=\"twitter:label2\" content=\"Est. tempo de leitura\" \/>\n\t<meta name=\"twitter:data2\" content=\"2 minutos\" \/>\n<script type=\"application\/ld+json\" class=\"yoast-schema-graph\">{\"@context\":\"https:\/\/schema.org\",\"@graph\":[{\"@type\":\"WebSite\",\"@id\":\"https:\/\/franciscanos.org.br\/noticias\/#website\",\"url\":\"https:\/\/franciscanos.org.br\/noticias\/\",\"name\":\"Not\u00edcias - Franciscanos\",\"description\":\"Prov\u00edncia Franciscana da Imaculada Concei\u00e7\u00e3o do Brasil - Ordem dos Frades Menores - OFM\",\"potentialAction\":[{\"@type\":\"SearchAction\",\"target\":{\"@type\":\"EntryPoint\",\"urlTemplate\":\"https:\/\/franciscanos.org.br\/noticias\/?s={search_term_string}\"},\"query-input\":\"required name=search_term_string\"}],\"inLanguage\":\"pt-BR\"},{\"@type\":\"ImageObject\",\"inLanguage\":\"pt-BR\",\"@id\":\"https:\/\/franciscanos.org.br\/noticias\/paroquia-sao-francisco-de-assis-acolhe-a-formacao-de-interpretes-da-escola-effata.html#primaryimage\",\"url\":\"https:\/\/franciscanos.org.br\/noticias\/wp-content\/uploads\/2012\/05\/2206_090512.jpg\",\"contentUrl\":\"https:\/\/franciscanos.org.br\/noticias\/wp-content\/uploads\/2012\/05\/2206_090512.jpg\",\"width\":273,\"height\":181},{\"@type\":\"WebPage\",\"@id\":\"https:\/\/franciscanos.org.br\/noticias\/paroquia-sao-francisco-de-assis-acolhe-a-formacao-de-interpretes-da-escola-effata.html#webpage\",\"url\":\"https:\/\/franciscanos.org.br\/noticias\/paroquia-sao-francisco-de-assis-acolhe-a-formacao-de-interpretes-da-escola-effata.html\",\"name\":\"Par\u00f3quia S\u00e3o Francisco de Assis acolhe a forma\u00e7\u00e3o de int\u00e9rpretes da Escola Effata - Not\u00edcias - Franciscanos\",\"isPartOf\":{\"@id\":\"https:\/\/franciscanos.org.br\/noticias\/#website\"},\"primaryImageOfPage\":{\"@id\":\"https:\/\/franciscanos.org.br\/noticias\/paroquia-sao-francisco-de-assis-acolhe-a-formacao-de-interpretes-da-escola-effata.html#primaryimage\"},\"datePublished\":\"2012-05-09T10:43:58+00:00\",\"dateModified\":\"2019-09-24T13:03:50+00:00\",\"author\":{\"@id\":\"https:\/\/franciscanos.org.br\/noticias\/#\/schema\/person\/b38fbf43118f02820bd932f2e4b14ad3\"},\"breadcrumb\":{\"@id\":\"https:\/\/franciscanos.org.br\/noticias\/paroquia-sao-francisco-de-assis-acolhe-a-formacao-de-interpretes-da-escola-effata.html#breadcrumb\"},\"inLanguage\":\"pt-BR\",\"potentialAction\":[{\"@type\":\"ReadAction\",\"target\":[\"https:\/\/franciscanos.org.br\/noticias\/paroquia-sao-francisco-de-assis-acolhe-a-formacao-de-interpretes-da-escola-effata.html\"]}]},{\"@type\":\"BreadcrumbList\",\"@id\":\"https:\/\/franciscanos.org.br\/noticias\/paroquia-sao-francisco-de-assis-acolhe-a-formacao-de-interpretes-da-escola-effata.html#breadcrumb\",\"itemListElement\":[{\"@type\":\"ListItem\",\"position\":1,\"name\":\"Home\",\"item\":\"https:\/\/franciscanos.org.br\/noticias\"},{\"@type\":\"ListItem\",\"position\":2,\"name\":\"Par\u00f3quia S\u00e3o Francisco de Assis acolhe a forma\u00e7\u00e3o de int\u00e9rpretes da Escola Effata\"}]},{\"@type\":\"Person\",\"@id\":\"https:\/\/franciscanos.org.br\/noticias\/#\/schema\/person\/b38fbf43118f02820bd932f2e4b14ad3\",\"name\":\"admin\",\"image\":{\"@type\":\"ImageObject\",\"inLanguage\":\"pt-BR\",\"@id\":\"https:\/\/franciscanos.org.br\/noticias\/#\/schema\/person\/image\/\",\"url\":\"https:\/\/secure.gravatar.com\/avatar\/e8495742d34d0ba6448ea1c628263b3e?s=96&d=mm&r=g\",\"contentUrl\":\"https:\/\/secure.gravatar.com\/avatar\/e8495742d34d0ba6448ea1c628263b3e?s=96&d=mm&r=g\",\"caption\":\"admin\"},\"url\":\"https:\/\/franciscanos.org.br\/noticias\/author\/admin\"}]}<\/script>\n<!-- \/ Yoast SEO plugin. -->","yoast_head_json":{"title":"Par\u00f3quia S\u00e3o Francisco de Assis acolhe a forma\u00e7\u00e3o de int\u00e9rpretes da Escola Effata - Not\u00edcias - Franciscanos","robots":{"index":"index","follow":"follow","max-snippet":"max-snippet:-1","max-image-preview":"max-image-preview:large","max-video-preview":"max-video-preview:-1"},"canonical":"https:\/\/franciscanos.org.br\/noticias\/paroquia-sao-francisco-de-assis-acolhe-a-formacao-de-interpretes-da-escola-effata.html","og_locale":"pt_BR","og_type":"article","og_title":"Par\u00f3quia S\u00e3o Francisco de Assis acolhe a forma\u00e7\u00e3o de int\u00e9rpretes da Escola Effata - Not\u00edcias - Franciscanos","og_description":"Pastoral","og_url":"https:\/\/franciscanos.org.br\/noticias\/paroquia-sao-francisco-de-assis-acolhe-a-formacao-de-interpretes-da-escola-effata.html","og_site_name":"Not\u00edcias - Franciscanos","article_published_time":"2012-05-09T10:43:58+00:00","article_modified_time":"2019-09-24T13:03:50+00:00","og_image":[{"width":273,"height":181,"url":"https:\/\/franciscanos.org.br\/noticias\/wp-content\/uploads\/2012\/05\/2206_090512.jpg","type":"image\/jpeg"}],"author":"admin","twitter_card":"summary_large_image","twitter_misc":{"Escrito por":"admin","Est. tempo de leitura":"2 minutos"},"schema":{"@context":"https:\/\/schema.org","@graph":[{"@type":"WebSite","@id":"https:\/\/franciscanos.org.br\/noticias\/#website","url":"https:\/\/franciscanos.org.br\/noticias\/","name":"Not\u00edcias - Franciscanos","description":"Prov\u00edncia Franciscana da Imaculada Concei\u00e7\u00e3o do Brasil - Ordem dos Frades Menores - OFM","potentialAction":[{"@type":"SearchAction","target":{"@type":"EntryPoint","urlTemplate":"https:\/\/franciscanos.org.br\/noticias\/?s={search_term_string}"},"query-input":"required name=search_term_string"}],"inLanguage":"pt-BR"},{"@type":"ImageObject","inLanguage":"pt-BR","@id":"https:\/\/franciscanos.org.br\/noticias\/paroquia-sao-francisco-de-assis-acolhe-a-formacao-de-interpretes-da-escola-effata.html#primaryimage","url":"https:\/\/franciscanos.org.br\/noticias\/wp-content\/uploads\/2012\/05\/2206_090512.jpg","contentUrl":"https:\/\/franciscanos.org.br\/noticias\/wp-content\/uploads\/2012\/05\/2206_090512.jpg","width":273,"height":181},{"@type":"WebPage","@id":"https:\/\/franciscanos.org.br\/noticias\/paroquia-sao-francisco-de-assis-acolhe-a-formacao-de-interpretes-da-escola-effata.html#webpage","url":"https:\/\/franciscanos.org.br\/noticias\/paroquia-sao-francisco-de-assis-acolhe-a-formacao-de-interpretes-da-escola-effata.html","name":"Par\u00f3quia S\u00e3o Francisco de Assis acolhe a forma\u00e7\u00e3o de int\u00e9rpretes da Escola Effata - Not\u00edcias - Franciscanos","isPartOf":{"@id":"https:\/\/franciscanos.org.br\/noticias\/#website"},"primaryImageOfPage":{"@id":"https:\/\/franciscanos.org.br\/noticias\/paroquia-sao-francisco-de-assis-acolhe-a-formacao-de-interpretes-da-escola-effata.html#primaryimage"},"datePublished":"2012-05-09T10:43:58+00:00","dateModified":"2019-09-24T13:03:50+00:00","author":{"@id":"https:\/\/franciscanos.org.br\/noticias\/#\/schema\/person\/b38fbf43118f02820bd932f2e4b14ad3"},"breadcrumb":{"@id":"https:\/\/franciscanos.org.br\/noticias\/paroquia-sao-francisco-de-assis-acolhe-a-formacao-de-interpretes-da-escola-effata.html#breadcrumb"},"inLanguage":"pt-BR","potentialAction":[{"@type":"ReadAction","target":["https:\/\/franciscanos.org.br\/noticias\/paroquia-sao-francisco-de-assis-acolhe-a-formacao-de-interpretes-da-escola-effata.html"]}]},{"@type":"BreadcrumbList","@id":"https:\/\/franciscanos.org.br\/noticias\/paroquia-sao-francisco-de-assis-acolhe-a-formacao-de-interpretes-da-escola-effata.html#breadcrumb","itemListElement":[{"@type":"ListItem","position":1,"name":"Home","item":"https:\/\/franciscanos.org.br\/noticias"},{"@type":"ListItem","position":2,"name":"Par\u00f3quia S\u00e3o Francisco de Assis acolhe a forma\u00e7\u00e3o de int\u00e9rpretes da Escola Effata"}]},{"@type":"Person","@id":"https:\/\/franciscanos.org.br\/noticias\/#\/schema\/person\/b38fbf43118f02820bd932f2e4b14ad3","name":"admin","image":{"@type":"ImageObject","inLanguage":"pt-BR","@id":"https:\/\/franciscanos.org.br\/noticias\/#\/schema\/person\/image\/","url":"https:\/\/secure.gravatar.com\/avatar\/e8495742d34d0ba6448ea1c628263b3e?s=96&d=mm&r=g","contentUrl":"https:\/\/secure.gravatar.com\/avatar\/e8495742d34d0ba6448ea1c628263b3e?s=96&d=mm&r=g","caption":"admin"},"url":"https:\/\/franciscanos.org.br\/noticias\/author\/admin"}]}},"_links":{"self":[{"href":"https:\/\/franciscanos.org.br\/noticias\/wp-json\/wp\/v2\/posts\/17286"}],"collection":[{"href":"https:\/\/franciscanos.org.br\/noticias\/wp-json\/wp\/v2\/posts"}],"about":[{"href":"https:\/\/franciscanos.org.br\/noticias\/wp-json\/wp\/v2\/types\/post"}],"author":[{"embeddable":true,"href":"https:\/\/franciscanos.org.br\/noticias\/wp-json\/wp\/v2\/users\/1"}],"replies":[{"embeddable":true,"href":"https:\/\/franciscanos.org.br\/noticias\/wp-json\/wp\/v2\/comments?post=17286"}],"version-history":[{"count":0,"href":"https:\/\/franciscanos.org.br\/noticias\/wp-json\/wp\/v2\/posts\/17286\/revisions"}],"wp:featuredmedia":[{"embeddable":true,"href":"https:\/\/franciscanos.org.br\/noticias\/wp-json\/wp\/v2\/media\/211452"}],"wp:attachment":[{"href":"https:\/\/franciscanos.org.br\/noticias\/wp-json\/wp\/v2\/media?parent=17286"}],"wp:term":[{"taxonomy":"category","embeddable":true,"href":"https:\/\/franciscanos.org.br\/noticias\/wp-json\/wp\/v2\/categories?post=17286"},{"taxonomy":"post_tag","embeddable":true,"href":"https:\/\/franciscanos.org.br\/noticias\/wp-json\/wp\/v2\/tags?post=17286"}],"curies":[{"name":"wp","href":"https:\/\/api.w.org\/{rel}","templated":true}]}}