{"id":172806,"date":"2018-09-30T08:14:53","date_gmt":"2018-09-30T11:14:53","guid":{"rendered":"http:\/\/franciscanos.org.br\/?p=172806"},"modified":"2020-06-06T19:17:58","modified_gmt":"2020-06-06T22:17:58","slug":"amar-nossa-comunidade-sem-ciumes-e-fechamentos","status":"publish","type":"post","link":"https:\/\/franciscanos.org.br\/noticias\/amar-nossa-comunidade-sem-ciumes-e-fechamentos.html","title":{"rendered":"Amar nossa comunidade sem ci\u00fames e fechamentos"},"content":{"rendered":"<p><img loading=\"lazy\" class=\"alignleft\" src=\"http:\/\/franciscanos.org.br\/wp-content\/uploads\/2018\/09\/papa_300918.jpg\" alt=\"papa_300918\" width=\"820\" height=\"461\" \/><\/p>\n<p><strong>Cidade do Vaticano<\/strong> &#8211; O Papa Francisco rezou a ora\u00e7\u00e3o mariana do Angelus, deste domingo (30\/09), com os fi\u00e9is e peregrinos reunidos na Pra\u00e7a S\u00e3o Pedro. Na alocu\u00e7\u00e3o que precedeu a ora\u00e7\u00e3o, o Pont\u00edfice ressaltou que \u201co Evangelho deste domingo nos apresenta um daqueles particulares muito instrutivos da vida de Jesus com os seus disc\u00edpulos\u201d.<\/p>\n<p>\u201cEles tinham visto que um homem, que n\u00e3o fazia parte do grupo dos seguidores de Jesus, expulsava os dem\u00f4nios no nome de Jesus, e por isso queriam proibi-lo. Jo\u00e3o, com o entusiasmo zeloso t\u00edpico dos jovens, refere o fato ao Mestre buscando o seu apoio; mas, Jesus, ao contr\u00e1rio, responde: \u00abN\u00e3o lhe pro\u00edbam, pois ningu\u00e9m faz um milagre em meu nome e depois pode falar mal de mim. Quem n\u00e3o est\u00e1 contra n\u00f3s, est\u00e1 a nosso favor\u00bb.\u201d<\/p>\n<p><strong>Disc\u00edpulos manifestam atitude de fechamento<\/strong><\/p>\n<p>Segundo o Papa, \u201cJo\u00e3o e os outros disc\u00edpulos manifestam um comportamento de fechamento diante de um acontecimento que n\u00e3o entra em seus esquemas, neste caso a a\u00e7\u00e3o, mesmo sendo boa, de uma pessoa \u2018externa\u2019 ao grupo de seguidores\u201d.<\/p>\n<p>\u201c Em vez disso, Jesus parece muito livre, plenamente aberto \u00e0 liberdade do Esp\u00edrito de Deus, que n\u00e3o \u00e9 limitado em sua a\u00e7\u00e3o por nenhum confim e por nenhum recinto. Com a sua atitude, Jesus quer educar os seus disc\u00edpulos, e tamb\u00e9m a n\u00f3s hoje, a esta liberdade interior. \u201d<\/p>\n<p>Francisco disse que \u201cnos faz bem refletir sobre este epis\u00f3dio e fazer um pouco de exame de consci\u00eancia\u201d.<\/p>\n<p><strong>Medo da concorr\u00eancia<\/strong><\/p>\n<p>\u201cO comportamento dos disc\u00edpulos de Jesus \u00e9 muito humano, muito comum, e podemos encontr\u00e1-lo nas comunidades crist\u00e3s de todos os tempos, provavelmente tamb\u00e9m em n\u00f3s mesmos.\u201d<\/p>\n<p>\u201cDe boa f\u00e9, ali\u00e1s, com zelo, se gostaria de proteger a autenticidade de uma certa experi\u00eancia, especialmente carism\u00e1tica, tutelando o fundador ou o l\u00edder dos falsos imitadores.\u201d<\/p>\n<p>Segundo o Papa, \u201cao mesmo tempo, existe o medo da \u2018concorr\u00eancia\u2019 de que algu\u00e9m possa atrair novos seguidores, e ent\u00e3o n\u00e3o se consegue apreciar o bem que os outros fazem: n\u00e3o \u00e9 bom porque ele \u201cn\u00e3o \u00e9 um dos nossos\u201d. \u00c9 uma forma de auto-referencialidade\u201d.<\/p>\n<p><strong>Liberdade de Deus<\/strong><\/p>\n<p>\u201cA grande liberdade de Deus em doar-se a n\u00f3s \u00e9 um desafio e uma exorta\u00e7\u00e3o a mudar os nossos comportamentos e nossas rela\u00e7\u00f5es. \u00c9 um convite que Jesus nos faz hoje.&#8221;<\/p>\n<p>\u201c Ele nos convida a n\u00e3o pensar segundo as categorias do \u201camigo\/inimigo\u201d, \u201cn\u00f3s\/eles\u201d, \u201cquem est\u00e1 dentro\/quem est\u00e1 fora\u201d, mas a ir al\u00e9m, a abrir o cora\u00e7\u00e3o a fim de reconhecer a sua presen\u00e7a e a a\u00e7\u00e3o de Deus mesmo em \u00e2mbitos incomuns e imprevis\u00edveis e em pessoas que n\u00e3o fazem parte de nosso c\u00edrculo. \u201d<\/p>\n<p>\u201cTrata-se de estar mais atentos \u00e0 genuinidade do bem, do bonito e do verdadeiro que \u00e9 realizado, do que ao nome e proced\u00eancia de quem o faz. E &#8211; como nos sugere o restante do Evangelho de hoje &#8211; em vez de julgar os outros, devemos examinar a n\u00f3s mesmos e \u201ccortar\u201d sem pactos tudo o que pode escandalizar as pessoas mais fracas na f\u00e9\u201d, disse ainda o Papa.<\/p>\n<p><strong>Abertura ao Esp\u00edrito Santo<\/strong><\/p>\n<p>Francisco concluiu, pedindo \u00e0 Virgem Maria, \u201cmodelo de acolhimento d\u00f3cil das surpresas de Deus, para que nos ajude a reconhecer os sinais da presen\u00e7a do Senhor no meio de n\u00f3s, descobrindo-o em todo lugar que Ele se manifestar, at\u00e9 mesmo nas situa\u00e7\u00f5es mais impens\u00e1veis e incomuns. Que ela nos ajude a amar a nossa comunidade sem ci\u00fames e fechamentos, sempre abertos ao horizonte vasto da a\u00e7\u00e3o do Esp\u00edrito Santo\u201d.<\/p>\n<hr \/>\n<p><em>Fonte: Vatican News<\/em><\/p>\n","protected":false},"excerpt":{"rendered":"<p>Angelus<\/p>\n","protected":false},"author":1,"featured_media":191614,"comment_status":"open","ping_status":"open","sticky":false,"template":"","format":"standard","meta":[],"categories":[1428],"tags":[403],"acf":[],"yoast_head":"<!-- This site is optimized with the Yoast SEO plugin v19.2 - https:\/\/yoast.com\/wordpress\/plugins\/seo\/ -->\n<title>Amar nossa comunidade sem ci\u00fames e fechamentos - Not\u00edcias - Franciscanos<\/title>\n<meta name=\"robots\" content=\"index, follow, max-snippet:-1, max-image-preview:large, max-video-preview:-1\" \/>\n<link rel=\"canonical\" href=\"https:\/\/franciscanos.org.br\/noticias\/amar-nossa-comunidade-sem-ciumes-e-fechamentos.html\" \/>\n<meta property=\"og:locale\" content=\"pt_BR\" \/>\n<meta property=\"og:type\" content=\"article\" \/>\n<meta property=\"og:title\" content=\"Amar nossa comunidade sem ci\u00fames e fechamentos - Not\u00edcias - Franciscanos\" \/>\n<meta property=\"og:description\" content=\"Angelus\" \/>\n<meta property=\"og:url\" content=\"https:\/\/franciscanos.org.br\/noticias\/amar-nossa-comunidade-sem-ciumes-e-fechamentos.html\" \/>\n<meta property=\"og:site_name\" content=\"Not\u00edcias - Franciscanos\" \/>\n<meta property=\"article:published_time\" content=\"2018-09-30T11:14:53+00:00\" \/>\n<meta property=\"article:modified_time\" content=\"2020-06-06T22:17:58+00:00\" \/>\n<meta property=\"og:image\" content=\"https:\/\/franciscanos.org.br\/noticias\/wp-content\/uploads\/2018\/09\/papa_300918.jpg\" \/>\n\t<meta property=\"og:image:width\" content=\"273\" \/>\n\t<meta property=\"og:image:height\" content=\"181\" \/>\n\t<meta property=\"og:image:type\" content=\"image\/jpeg\" \/>\n<meta name=\"author\" content=\"admin\" \/>\n<meta name=\"twitter:card\" content=\"summary_large_image\" \/>\n<meta name=\"twitter:label1\" content=\"Escrito por\" \/>\n\t<meta name=\"twitter:data1\" content=\"admin\" \/>\n\t<meta name=\"twitter:label2\" content=\"Est. tempo de leitura\" \/>\n\t<meta name=\"twitter:data2\" content=\"3 minutos\" \/>\n<script type=\"application\/ld+json\" class=\"yoast-schema-graph\">{\"@context\":\"https:\/\/schema.org\",\"@graph\":[{\"@type\":\"WebSite\",\"@id\":\"https:\/\/franciscanos.org.br\/noticias\/#website\",\"url\":\"https:\/\/franciscanos.org.br\/noticias\/\",\"name\":\"Not\u00edcias - Franciscanos\",\"description\":\"Prov\u00edncia Franciscana da Imaculada Concei\u00e7\u00e3o do Brasil - Ordem dos Frades Menores - OFM\",\"potentialAction\":[{\"@type\":\"SearchAction\",\"target\":{\"@type\":\"EntryPoint\",\"urlTemplate\":\"https:\/\/franciscanos.org.br\/noticias\/?s={search_term_string}\"},\"query-input\":\"required name=search_term_string\"}],\"inLanguage\":\"pt-BR\"},{\"@type\":\"ImageObject\",\"inLanguage\":\"pt-BR\",\"@id\":\"https:\/\/franciscanos.org.br\/noticias\/amar-nossa-comunidade-sem-ciumes-e-fechamentos.html#primaryimage\",\"url\":\"https:\/\/franciscanos.org.br\/noticias\/wp-content\/uploads\/2018\/09\/papa_300918.jpg\",\"contentUrl\":\"https:\/\/franciscanos.org.br\/noticias\/wp-content\/uploads\/2018\/09\/papa_300918.jpg\",\"width\":273,\"height\":181},{\"@type\":\"WebPage\",\"@id\":\"https:\/\/franciscanos.org.br\/noticias\/amar-nossa-comunidade-sem-ciumes-e-fechamentos.html#webpage\",\"url\":\"https:\/\/franciscanos.org.br\/noticias\/amar-nossa-comunidade-sem-ciumes-e-fechamentos.html\",\"name\":\"Amar nossa comunidade sem ci\u00fames e fechamentos - Not\u00edcias - Franciscanos\",\"isPartOf\":{\"@id\":\"https:\/\/franciscanos.org.br\/noticias\/#website\"},\"primaryImageOfPage\":{\"@id\":\"https:\/\/franciscanos.org.br\/noticias\/amar-nossa-comunidade-sem-ciumes-e-fechamentos.html#primaryimage\"},\"datePublished\":\"2018-09-30T11:14:53+00:00\",\"dateModified\":\"2020-06-06T22:17:58+00:00\",\"author\":{\"@id\":\"https:\/\/franciscanos.org.br\/noticias\/#\/schema\/person\/b38fbf43118f02820bd932f2e4b14ad3\"},\"breadcrumb\":{\"@id\":\"https:\/\/franciscanos.org.br\/noticias\/amar-nossa-comunidade-sem-ciumes-e-fechamentos.html#breadcrumb\"},\"inLanguage\":\"pt-BR\",\"potentialAction\":[{\"@type\":\"ReadAction\",\"target\":[\"https:\/\/franciscanos.org.br\/noticias\/amar-nossa-comunidade-sem-ciumes-e-fechamentos.html\"]}]},{\"@type\":\"BreadcrumbList\",\"@id\":\"https:\/\/franciscanos.org.br\/noticias\/amar-nossa-comunidade-sem-ciumes-e-fechamentos.html#breadcrumb\",\"itemListElement\":[{\"@type\":\"ListItem\",\"position\":1,\"name\":\"Home\",\"item\":\"https:\/\/franciscanos.org.br\/noticias\"},{\"@type\":\"ListItem\",\"position\":2,\"name\":\"Amar nossa comunidade sem ci\u00fames e fechamentos\"}]},{\"@type\":\"Person\",\"@id\":\"https:\/\/franciscanos.org.br\/noticias\/#\/schema\/person\/b38fbf43118f02820bd932f2e4b14ad3\",\"name\":\"admin\",\"image\":{\"@type\":\"ImageObject\",\"inLanguage\":\"pt-BR\",\"@id\":\"https:\/\/franciscanos.org.br\/noticias\/#\/schema\/person\/image\/\",\"url\":\"https:\/\/secure.gravatar.com\/avatar\/e8495742d34d0ba6448ea1c628263b3e?s=96&d=mm&r=g\",\"contentUrl\":\"https:\/\/secure.gravatar.com\/avatar\/e8495742d34d0ba6448ea1c628263b3e?s=96&d=mm&r=g\",\"caption\":\"admin\"},\"url\":\"https:\/\/franciscanos.org.br\/noticias\/author\/admin\"}]}<\/script>\n<!-- \/ Yoast SEO plugin. -->","yoast_head_json":{"title":"Amar nossa comunidade sem ci\u00fames e fechamentos - Not\u00edcias - Franciscanos","robots":{"index":"index","follow":"follow","max-snippet":"max-snippet:-1","max-image-preview":"max-image-preview:large","max-video-preview":"max-video-preview:-1"},"canonical":"https:\/\/franciscanos.org.br\/noticias\/amar-nossa-comunidade-sem-ciumes-e-fechamentos.html","og_locale":"pt_BR","og_type":"article","og_title":"Amar nossa comunidade sem ci\u00fames e fechamentos - Not\u00edcias - Franciscanos","og_description":"Angelus","og_url":"https:\/\/franciscanos.org.br\/noticias\/amar-nossa-comunidade-sem-ciumes-e-fechamentos.html","og_site_name":"Not\u00edcias - Franciscanos","article_published_time":"2018-09-30T11:14:53+00:00","article_modified_time":"2020-06-06T22:17:58+00:00","og_image":[{"width":273,"height":181,"url":"https:\/\/franciscanos.org.br\/noticias\/wp-content\/uploads\/2018\/09\/papa_300918.jpg","type":"image\/jpeg"}],"author":"admin","twitter_card":"summary_large_image","twitter_misc":{"Escrito por":"admin","Est. tempo de leitura":"3 minutos"},"schema":{"@context":"https:\/\/schema.org","@graph":[{"@type":"WebSite","@id":"https:\/\/franciscanos.org.br\/noticias\/#website","url":"https:\/\/franciscanos.org.br\/noticias\/","name":"Not\u00edcias - Franciscanos","description":"Prov\u00edncia Franciscana da Imaculada Concei\u00e7\u00e3o do Brasil - Ordem dos Frades Menores - OFM","potentialAction":[{"@type":"SearchAction","target":{"@type":"EntryPoint","urlTemplate":"https:\/\/franciscanos.org.br\/noticias\/?s={search_term_string}"},"query-input":"required name=search_term_string"}],"inLanguage":"pt-BR"},{"@type":"ImageObject","inLanguage":"pt-BR","@id":"https:\/\/franciscanos.org.br\/noticias\/amar-nossa-comunidade-sem-ciumes-e-fechamentos.html#primaryimage","url":"https:\/\/franciscanos.org.br\/noticias\/wp-content\/uploads\/2018\/09\/papa_300918.jpg","contentUrl":"https:\/\/franciscanos.org.br\/noticias\/wp-content\/uploads\/2018\/09\/papa_300918.jpg","width":273,"height":181},{"@type":"WebPage","@id":"https:\/\/franciscanos.org.br\/noticias\/amar-nossa-comunidade-sem-ciumes-e-fechamentos.html#webpage","url":"https:\/\/franciscanos.org.br\/noticias\/amar-nossa-comunidade-sem-ciumes-e-fechamentos.html","name":"Amar nossa comunidade sem ci\u00fames e fechamentos - Not\u00edcias - Franciscanos","isPartOf":{"@id":"https:\/\/franciscanos.org.br\/noticias\/#website"},"primaryImageOfPage":{"@id":"https:\/\/franciscanos.org.br\/noticias\/amar-nossa-comunidade-sem-ciumes-e-fechamentos.html#primaryimage"},"datePublished":"2018-09-30T11:14:53+00:00","dateModified":"2020-06-06T22:17:58+00:00","author":{"@id":"https:\/\/franciscanos.org.br\/noticias\/#\/schema\/person\/b38fbf43118f02820bd932f2e4b14ad3"},"breadcrumb":{"@id":"https:\/\/franciscanos.org.br\/noticias\/amar-nossa-comunidade-sem-ciumes-e-fechamentos.html#breadcrumb"},"inLanguage":"pt-BR","potentialAction":[{"@type":"ReadAction","target":["https:\/\/franciscanos.org.br\/noticias\/amar-nossa-comunidade-sem-ciumes-e-fechamentos.html"]}]},{"@type":"BreadcrumbList","@id":"https:\/\/franciscanos.org.br\/noticias\/amar-nossa-comunidade-sem-ciumes-e-fechamentos.html#breadcrumb","itemListElement":[{"@type":"ListItem","position":1,"name":"Home","item":"https:\/\/franciscanos.org.br\/noticias"},{"@type":"ListItem","position":2,"name":"Amar nossa comunidade sem ci\u00fames e fechamentos"}]},{"@type":"Person","@id":"https:\/\/franciscanos.org.br\/noticias\/#\/schema\/person\/b38fbf43118f02820bd932f2e4b14ad3","name":"admin","image":{"@type":"ImageObject","inLanguage":"pt-BR","@id":"https:\/\/franciscanos.org.br\/noticias\/#\/schema\/person\/image\/","url":"https:\/\/secure.gravatar.com\/avatar\/e8495742d34d0ba6448ea1c628263b3e?s=96&d=mm&r=g","contentUrl":"https:\/\/secure.gravatar.com\/avatar\/e8495742d34d0ba6448ea1c628263b3e?s=96&d=mm&r=g","caption":"admin"},"url":"https:\/\/franciscanos.org.br\/noticias\/author\/admin"}]}},"_links":{"self":[{"href":"https:\/\/franciscanos.org.br\/noticias\/wp-json\/wp\/v2\/posts\/172806"}],"collection":[{"href":"https:\/\/franciscanos.org.br\/noticias\/wp-json\/wp\/v2\/posts"}],"about":[{"href":"https:\/\/franciscanos.org.br\/noticias\/wp-json\/wp\/v2\/types\/post"}],"author":[{"embeddable":true,"href":"https:\/\/franciscanos.org.br\/noticias\/wp-json\/wp\/v2\/users\/1"}],"replies":[{"embeddable":true,"href":"https:\/\/franciscanos.org.br\/noticias\/wp-json\/wp\/v2\/comments?post=172806"}],"version-history":[{"count":1,"href":"https:\/\/franciscanos.org.br\/noticias\/wp-json\/wp\/v2\/posts\/172806\/revisions"}],"predecessor-version":[{"id":224772,"href":"https:\/\/franciscanos.org.br\/noticias\/wp-json\/wp\/v2\/posts\/172806\/revisions\/224772"}],"wp:featuredmedia":[{"embeddable":true,"href":"https:\/\/franciscanos.org.br\/noticias\/wp-json\/wp\/v2\/media\/191614"}],"wp:attachment":[{"href":"https:\/\/franciscanos.org.br\/noticias\/wp-json\/wp\/v2\/media?parent=172806"}],"wp:term":[{"taxonomy":"category","embeddable":true,"href":"https:\/\/franciscanos.org.br\/noticias\/wp-json\/wp\/v2\/categories?post=172806"},{"taxonomy":"post_tag","embeddable":true,"href":"https:\/\/franciscanos.org.br\/noticias\/wp-json\/wp\/v2\/tags?post=172806"}],"curies":[{"name":"wp","href":"https:\/\/api.w.org\/{rel}","templated":true}]}}