{"id":172763,"date":"2018-09-29T19:44:46","date_gmt":"2018-09-29T22:44:46","guid":{"rendered":"http:\/\/franciscanos.org.br\/?p=172763"},"modified":"2020-06-06T19:18:43","modified_gmt":"2020-06-06T22:18:43","slug":"nao-sejamos-economicos-no-perdao-pede-frei-medella","status":"publish","type":"post","link":"https:\/\/franciscanos.org.br\/noticias\/nao-sejamos-economicos-no-perdao-pede-frei-medella.html","title":{"rendered":"Frei Medella: &#8220;N\u00e3o sejamos econ\u00f4micos no perd\u00e3o&#8221;"},"content":{"rendered":"<p><img loading=\"lazy\" class=\"aligncenter\" src=\"http:\/\/franciscanos.org.br\/wp-content\/uploads\/2018\/09\/novena_290918.jpg\" alt=\"novena_290918\" width=\"830\" height=\"482\" \/><\/p>\n<p><strong>Moacir Beggo<\/strong><\/p>\n<p><strong>\u00a0<\/strong><strong>S\u00e3o Paulo (SP)<\/strong> &#8211; Para falar do tema da paz, a Novena em honra ao Padroeiro do Convento e Santu\u00e1rio S\u00e3o Francisco, no centro de S\u00e3o Paulo, cada dia toma uma parte da Ora\u00e7\u00e3o atribu\u00edda a S\u00e3o Francisco de Assis. Neste s\u00e1bado (29\/9), quinto dia da Novena, foi a frase &#8211; &#8220;Onde houver ofensa que eu leve perd\u00e3o&#8221; &#8211; que serviu de base para a reflex\u00e3o do Definidor e Coordenador da Frente da Comunica\u00e7\u00e3o, Frei Gustavo Medella, que presidiu a Celebra\u00e7\u00e3o Eucar\u00edstica, \u00e0s 15 horas. Ele foi enf\u00e1tico: N\u00e3o sejamos econ\u00f4micos no perd\u00e3o!<\/p>\n<p>Frei Medella partiu de tr\u00eas considera\u00e7\u00f5es sobre a ofensa e apresentou tr\u00eas rem\u00e9dios para curar as feridas provocadas por ela.<\/p>\n<p>Segundo ele, a primeira considera\u00e7\u00e3o \u00e9 a que vivemos hoje num contexto onde, infelizmente, ofender e ser ofendido tornou-se algo cotidiano e banal. Desde um pequeno dissabor no tr\u00e2nsito, passando pelas redes sociais, onde se julga antes no tribunal da virtualidade, onde at\u00e9 not\u00edcias falsas servem de crit\u00e9rio para condenar o outro, ofend\u00ea-lo na sua honra, at\u00e9 uma mensagem de whatsapp, com ofensas, que foi enviada sem pensar. Hoje, infelizmente, vivemos num contexto em que se torna muito f\u00e1cil ofender e ser ofendido. E isso n\u00e3o cria bons frutos, isso n\u00e3o produz bons resultados, nem para n\u00f3s nem para os outros. Tomemos muito cuidado para n\u00e3o entrarmos nesta mar\u00e9 de ofensas v\u00e3s, de ofensas f\u00e1ceis, que n\u00e3o constroem mas s\u00f3 destroem os nossos relacionamentos, a nossa paz interior, a nossa integridade moral. Por isso, vamos evitar, especialmente aquelas relativas \u00e0 quest\u00e3o religiosa, \u00e0 quest\u00e3o pol\u00edtica. Mesmo que o outro pense diferente, eu n\u00e3o preciso ofend\u00ea-lo, eu n\u00e3o preciso desqualific\u00e1-lo. Eu posso muito bem manter um di\u00e1logo franco, aberto e sincero&#8221;, indicou o frade.<\/p>\n<p><img loading=\"lazy\" class=\"aligncenter\" src=\"http:\/\/franciscanos.org.br\/wp-content\/uploads\/2018\/09\/novena_290918_3.jpg\" alt=\"novena_290918_3\" width=\"830\" height=\"400\" \/><\/p>\n<p>&nbsp;<\/p>\n<p>A segunda considera\u00e7\u00e3o \u00e9 uma faca de dois gumes, disse Frei Medella, pois fere o ofensor e o ofendido e porque \u00e9 um instrumento de desumaniza\u00e7\u00e3o. &#8220;Ofender significa desrespeitar o outro naquilo que ele tem de mais sagrado na sua humanidade, na sua inteireza, na sua consci\u00eancia. E quem pratica este ato est\u00e1 se desumanizando tamb\u00e9m, est\u00e1 se degradando, est\u00e1 se ofendendo&#8221;, lembrou o frade.<\/p>\n<p>A terceira \u00e9 a ofensa que n\u00e3o se faz apenas com palavras, mas tamb\u00e9m com atitudes, posturas, escolhas, comportamentos. &#8220;E Jesus ilustra muito bem o Evangelho que acabamos de ouvir com tr\u00eas s\u00edmbolos de atitudes que s\u00e3o profundamente ofensivos ao nosso irm\u00e3o, \u00e0 nossa irm\u00e3. Primeiro, ele fala da m\u00e3o que leva a pecar. O que a m\u00e3o significa? O que os pecados produzidos com a m\u00e3o podem significar? Tudo aquilo que fala do ego\u00edsmo, da gan\u00e2ncia, do ter vontade s\u00f3 para si, do olhar para o pr\u00f3prio umbigo, do ignorar o diferente, do querer ter posses, da autossufici\u00eancia, da vaidade, do autocontrole. Tudo isso \u00e9 pecado com a m\u00e3o. E ele mesmo diz que se for para nutrir essa postura, \u00e9 melhor romper com ela definitivamente. Arranca-a fora. Arranca toda aquela atitude de pecado que a m\u00e3o possa simbolizar para ter liberdade e alcan\u00e7ar o reino dos C\u00e9us&#8221;, observou o celebrante.<\/p>\n<p><img loading=\"lazy\" class=\"aligncenter\" src=\"http:\/\/franciscanos.org.br\/wp-content\/uploads\/2018\/09\/novena_290918_2.jpg\" alt=\"novena_290918_2\" width=\"830\" height=\"532\" \/><\/p>\n<p>Segundo ele, insistir com veem\u00eancia nesses pecados da gan\u00e2ncia, da acumula\u00e7\u00e3o de bens, do ego\u00edsmo, do querer mais, nos leva \u00e0quele caminho descrito por S\u00e3o Tiago na segunda leitura, onde ele diz que tudo o que \u00e9 material a tra\u00e7a corr\u00f3i, tudo o que \u00e9 metal a ferrugem leva embora, e fica s\u00f3 o vazio da nossa tristeza.<\/p>\n<p>Depois Frei Medella falou sobre as ofensas relacionadas ao p\u00e9. E enumerou: sede de poder, a vontade de dominar, de pisar sobre o outro, de tirar proveito, as rela\u00e7\u00f5es afetivas abusivas, o feminic\u00eddio, a agress\u00e3o \u00e0 mulher, o <em>bullyng<\/em>, o ass\u00e9dio moral no trabalho e tudo relacionado \u00e0 explora\u00e7\u00e3o no mundo do trabalho, \u00e0 escravid\u00e3o. &#8220;Tudo isso s\u00e3o atitudes profundamente ofensivas que o p\u00e9 pode significar&#8221;, disse.<\/p>\n<p>Quanto ao olho est\u00e3o associados: O n\u00e3o enxergar o outro nas suas necessidades, a indiferen\u00e7a, o julgamento temer\u00e1rio, olhar com preconceito, conden\u00e1-lo sem conhecimento de causa, descomprometer com o drama que ele vive, ignor\u00e1-lo. Todos esses s\u00e3o pecados que o olho pode simbolizar. &#8220;E Jesus nos pede: vamos romper com essas atitudes de uma vez por todas, para que possamos estar livres a servi\u00e7o do reino. Para que possamos abra\u00e7ar os rem\u00e9dios que curam as ofensas que sofremos e curam as pessoas que foram ofendidas&#8221;, ensinou o frade.<\/p>\n<p>Dos tr\u00eas rem\u00e9dios para curar as ofensas, o primeiro \u00e9 a compaix\u00e3o. &#8220;Compaix\u00e3o \u00e9 a capacidade de sentir &#8216;com o outro&#8217;, de se tornar sol\u00edcito e solid\u00e1rio com aquilo que o outro est\u00e1 passando ou sofrendo. Perceber que somos, sim, irm\u00e3os de sangue de todos, porque o mesmo sangue que Cristo derramou por mim, derramou por cada ser humano, por cada pessoa&#8221;, explicou o celebrante.<\/p>\n<p>Da compaix\u00e3o, segundo Frei Gustavo, nasce a empatia, que \u00e9 a capacidade de trazer em si aquilo que o outro sente, de se colocar no lugar do outro. &#8220;Se n\u00f3s tivermos\u00a0 empatia, ao olharmos para o morador de rua, poder\u00edamos pensar assim: &#8216;E se fosse eu no lugar dele, como gostaria de ser tratado? Certamente, a nossa atitude mudaria, porque se fosse eu, no lugar dele, n\u00e3o gostaria de ser tratado com xingamentos, com julgamentos, com indiferen\u00e7a, com grosseria, com falta de educa\u00e7\u00e3o. Mas gostaria que algu\u00e9m se interessasse por mim, que me cumprimentasse, que conversasse, que me compreendesse. Ent\u00e3o, a empatia tamb\u00e9m cura feridas decorrentes da ofensa&#8221;, salientou.<\/p>\n<p><img loading=\"lazy\" class=\"aligncenter\" src=\"http:\/\/franciscanos.org.br\/wp-content\/uploads\/2018\/09\/novena_290918_4.jpg\" alt=\"novena_290918_4\" width=\"830\" height=\"623\" \/><\/p>\n<p>Por \u00faltimo, o perd\u00e3o, que n\u00e3o deve jamais ser algo inacess\u00edvel, como uma moeda de troca valiosa que temos e da qual n\u00e3o abrimos m\u00e3o. &#8220;O perd\u00e3o n\u00e3o \u00e9 nosso. \u00c9 dom de Deus. Se n\u00f3s recebemos de gra\u00e7a n\u00f3s precisamos dar de gra\u00e7a. Quanto mais n\u00f3s damos, mais ele se multiplica em b\u00ean\u00e7\u00e3os para n\u00f3s e para outros. Por isso n\u00e3o sejamos econ\u00f4micos no perd\u00e3o!&#8221;, pediu.<\/p>\n<p>Frei Medella encerrou com uma orienta\u00e7\u00e3o para que se tome a dianteira quando algu\u00e9m tem um problema com o outro. &#8220;N\u00e3o fique com medo de uma recusa: &#8216;ah, e se ele n\u00e3o quiser me perdoar!&#8217;. Voc\u00ea fez a sua parte. Deus, certamente, est\u00e1 trabalhando o cora\u00e7\u00e3o dele. N\u00e3o sinta-se diminu\u00eddo por isso. Que o Senhor nos ajude nesse caminho!&#8221;, pediu.<\/p>\n<p>Neste domingo, a Novena no Convento e Santu\u00e1rio S\u00e3o Francisco ser\u00e1 mais cedo. Ela ter\u00e1 in\u00edcio com a prociss\u00e3o, no Mosteiro S\u00e3o Bento, saindo \u00e0s 9h30. \u00c0s 10h30, ter\u00e1 in\u00edcio a Celebra\u00e7\u00e3o Eucar\u00edstica no Santu\u00e1rio, presidida por Dom Mathias Tolentino Braga, abade do Mosteiro.<\/p>\n","protected":false},"excerpt":{"rendered":"<p>Convento e Santu\u00e1rio S\u00e3o Francisco (SP)<\/p>\n","protected":false},"author":1,"featured_media":199409,"comment_status":"open","ping_status":"open","sticky":false,"template":"","format":"standard","meta":[],"categories":[1],"tags":[312],"acf":[],"yoast_head":"<!-- This site is optimized with the Yoast SEO plugin v19.2 - https:\/\/yoast.com\/wordpress\/plugins\/seo\/ -->\n<title>Frei Medella: &quot;N\u00e3o sejamos econ\u00f4micos no perd\u00e3o&quot; - Not\u00edcias - Franciscanos<\/title>\n<meta name=\"robots\" content=\"index, follow, max-snippet:-1, max-image-preview:large, max-video-preview:-1\" \/>\n<link rel=\"canonical\" href=\"https:\/\/franciscanos.org.br\/noticias\/nao-sejamos-economicos-no-perdao-pede-frei-medella.html\" \/>\n<meta property=\"og:locale\" content=\"pt_BR\" \/>\n<meta property=\"og:type\" content=\"article\" \/>\n<meta property=\"og:title\" content=\"Frei Medella: &quot;N\u00e3o sejamos econ\u00f4micos no perd\u00e3o&quot; - Not\u00edcias - Franciscanos\" \/>\n<meta property=\"og:description\" content=\"Convento e Santu\u00e1rio S\u00e3o Francisco (SP)\" \/>\n<meta property=\"og:url\" content=\"https:\/\/franciscanos.org.br\/noticias\/nao-sejamos-economicos-no-perdao-pede-frei-medella.html\" \/>\n<meta property=\"og:site_name\" content=\"Not\u00edcias - Franciscanos\" \/>\n<meta property=\"article:published_time\" content=\"2018-09-29T22:44:46+00:00\" \/>\n<meta property=\"article:modified_time\" content=\"2020-06-06T22:18:43+00:00\" \/>\n<meta property=\"og:image\" content=\"https:\/\/franciscanos.org.br\/noticias\/wp-content\/uploads\/2018\/09\/novena_290918.jpg\" \/>\n\t<meta property=\"og:image:width\" content=\"273\" \/>\n\t<meta property=\"og:image:height\" content=\"181\" \/>\n\t<meta property=\"og:image:type\" content=\"image\/jpeg\" \/>\n<meta name=\"author\" content=\"admin\" \/>\n<meta name=\"twitter:card\" content=\"summary_large_image\" \/>\n<meta name=\"twitter:label1\" content=\"Escrito por\" \/>\n\t<meta name=\"twitter:data1\" content=\"admin\" \/>\n\t<meta name=\"twitter:label2\" content=\"Est. tempo de leitura\" \/>\n\t<meta name=\"twitter:data2\" content=\"6 minutos\" \/>\n<script type=\"application\/ld+json\" class=\"yoast-schema-graph\">{\"@context\":\"https:\/\/schema.org\",\"@graph\":[{\"@type\":\"WebSite\",\"@id\":\"https:\/\/franciscanos.org.br\/noticias\/#website\",\"url\":\"https:\/\/franciscanos.org.br\/noticias\/\",\"name\":\"Not\u00edcias - Franciscanos\",\"description\":\"Prov\u00edncia Franciscana da Imaculada Concei\u00e7\u00e3o do Brasil - Ordem dos Frades Menores - OFM\",\"potentialAction\":[{\"@type\":\"SearchAction\",\"target\":{\"@type\":\"EntryPoint\",\"urlTemplate\":\"https:\/\/franciscanos.org.br\/noticias\/?s={search_term_string}\"},\"query-input\":\"required name=search_term_string\"}],\"inLanguage\":\"pt-BR\"},{\"@type\":\"ImageObject\",\"inLanguage\":\"pt-BR\",\"@id\":\"https:\/\/franciscanos.org.br\/noticias\/nao-sejamos-economicos-no-perdao-pede-frei-medella.html#primaryimage\",\"url\":\"https:\/\/franciscanos.org.br\/noticias\/wp-content\/uploads\/2018\/09\/novena_290918.jpg\",\"contentUrl\":\"https:\/\/franciscanos.org.br\/noticias\/wp-content\/uploads\/2018\/09\/novena_290918.jpg\",\"width\":273,\"height\":181},{\"@type\":\"WebPage\",\"@id\":\"https:\/\/franciscanos.org.br\/noticias\/nao-sejamos-economicos-no-perdao-pede-frei-medella.html#webpage\",\"url\":\"https:\/\/franciscanos.org.br\/noticias\/nao-sejamos-economicos-no-perdao-pede-frei-medella.html\",\"name\":\"Frei Medella: \\\"N\u00e3o sejamos econ\u00f4micos no perd\u00e3o\\\" - Not\u00edcias - Franciscanos\",\"isPartOf\":{\"@id\":\"https:\/\/franciscanos.org.br\/noticias\/#website\"},\"primaryImageOfPage\":{\"@id\":\"https:\/\/franciscanos.org.br\/noticias\/nao-sejamos-economicos-no-perdao-pede-frei-medella.html#primaryimage\"},\"datePublished\":\"2018-09-29T22:44:46+00:00\",\"dateModified\":\"2020-06-06T22:18:43+00:00\",\"author\":{\"@id\":\"https:\/\/franciscanos.org.br\/noticias\/#\/schema\/person\/b38fbf43118f02820bd932f2e4b14ad3\"},\"breadcrumb\":{\"@id\":\"https:\/\/franciscanos.org.br\/noticias\/nao-sejamos-economicos-no-perdao-pede-frei-medella.html#breadcrumb\"},\"inLanguage\":\"pt-BR\",\"potentialAction\":[{\"@type\":\"ReadAction\",\"target\":[\"https:\/\/franciscanos.org.br\/noticias\/nao-sejamos-economicos-no-perdao-pede-frei-medella.html\"]}]},{\"@type\":\"BreadcrumbList\",\"@id\":\"https:\/\/franciscanos.org.br\/noticias\/nao-sejamos-economicos-no-perdao-pede-frei-medella.html#breadcrumb\",\"itemListElement\":[{\"@type\":\"ListItem\",\"position\":1,\"name\":\"Home\",\"item\":\"https:\/\/franciscanos.org.br\/noticias\"},{\"@type\":\"ListItem\",\"position\":2,\"name\":\"Frei Medella: &#8220;N\u00e3o sejamos econ\u00f4micos no perd\u00e3o&#8221;\"}]},{\"@type\":\"Person\",\"@id\":\"https:\/\/franciscanos.org.br\/noticias\/#\/schema\/person\/b38fbf43118f02820bd932f2e4b14ad3\",\"name\":\"admin\",\"image\":{\"@type\":\"ImageObject\",\"inLanguage\":\"pt-BR\",\"@id\":\"https:\/\/franciscanos.org.br\/noticias\/#\/schema\/person\/image\/\",\"url\":\"https:\/\/secure.gravatar.com\/avatar\/e8495742d34d0ba6448ea1c628263b3e?s=96&d=mm&r=g\",\"contentUrl\":\"https:\/\/secure.gravatar.com\/avatar\/e8495742d34d0ba6448ea1c628263b3e?s=96&d=mm&r=g\",\"caption\":\"admin\"},\"url\":\"https:\/\/franciscanos.org.br\/noticias\/author\/admin\"}]}<\/script>\n<!-- \/ Yoast SEO plugin. -->","yoast_head_json":{"title":"Frei Medella: \"N\u00e3o sejamos econ\u00f4micos no perd\u00e3o\" - Not\u00edcias - Franciscanos","robots":{"index":"index","follow":"follow","max-snippet":"max-snippet:-1","max-image-preview":"max-image-preview:large","max-video-preview":"max-video-preview:-1"},"canonical":"https:\/\/franciscanos.org.br\/noticias\/nao-sejamos-economicos-no-perdao-pede-frei-medella.html","og_locale":"pt_BR","og_type":"article","og_title":"Frei Medella: \"N\u00e3o sejamos econ\u00f4micos no perd\u00e3o\" - Not\u00edcias - Franciscanos","og_description":"Convento e Santu\u00e1rio S\u00e3o Francisco (SP)","og_url":"https:\/\/franciscanos.org.br\/noticias\/nao-sejamos-economicos-no-perdao-pede-frei-medella.html","og_site_name":"Not\u00edcias - Franciscanos","article_published_time":"2018-09-29T22:44:46+00:00","article_modified_time":"2020-06-06T22:18:43+00:00","og_image":[{"width":273,"height":181,"url":"https:\/\/franciscanos.org.br\/noticias\/wp-content\/uploads\/2018\/09\/novena_290918.jpg","type":"image\/jpeg"}],"author":"admin","twitter_card":"summary_large_image","twitter_misc":{"Escrito por":"admin","Est. tempo de leitura":"6 minutos"},"schema":{"@context":"https:\/\/schema.org","@graph":[{"@type":"WebSite","@id":"https:\/\/franciscanos.org.br\/noticias\/#website","url":"https:\/\/franciscanos.org.br\/noticias\/","name":"Not\u00edcias - Franciscanos","description":"Prov\u00edncia Franciscana da Imaculada Concei\u00e7\u00e3o do Brasil - Ordem dos Frades Menores - OFM","potentialAction":[{"@type":"SearchAction","target":{"@type":"EntryPoint","urlTemplate":"https:\/\/franciscanos.org.br\/noticias\/?s={search_term_string}"},"query-input":"required name=search_term_string"}],"inLanguage":"pt-BR"},{"@type":"ImageObject","inLanguage":"pt-BR","@id":"https:\/\/franciscanos.org.br\/noticias\/nao-sejamos-economicos-no-perdao-pede-frei-medella.html#primaryimage","url":"https:\/\/franciscanos.org.br\/noticias\/wp-content\/uploads\/2018\/09\/novena_290918.jpg","contentUrl":"https:\/\/franciscanos.org.br\/noticias\/wp-content\/uploads\/2018\/09\/novena_290918.jpg","width":273,"height":181},{"@type":"WebPage","@id":"https:\/\/franciscanos.org.br\/noticias\/nao-sejamos-economicos-no-perdao-pede-frei-medella.html#webpage","url":"https:\/\/franciscanos.org.br\/noticias\/nao-sejamos-economicos-no-perdao-pede-frei-medella.html","name":"Frei Medella: \"N\u00e3o sejamos econ\u00f4micos no perd\u00e3o\" - Not\u00edcias - Franciscanos","isPartOf":{"@id":"https:\/\/franciscanos.org.br\/noticias\/#website"},"primaryImageOfPage":{"@id":"https:\/\/franciscanos.org.br\/noticias\/nao-sejamos-economicos-no-perdao-pede-frei-medella.html#primaryimage"},"datePublished":"2018-09-29T22:44:46+00:00","dateModified":"2020-06-06T22:18:43+00:00","author":{"@id":"https:\/\/franciscanos.org.br\/noticias\/#\/schema\/person\/b38fbf43118f02820bd932f2e4b14ad3"},"breadcrumb":{"@id":"https:\/\/franciscanos.org.br\/noticias\/nao-sejamos-economicos-no-perdao-pede-frei-medella.html#breadcrumb"},"inLanguage":"pt-BR","potentialAction":[{"@type":"ReadAction","target":["https:\/\/franciscanos.org.br\/noticias\/nao-sejamos-economicos-no-perdao-pede-frei-medella.html"]}]},{"@type":"BreadcrumbList","@id":"https:\/\/franciscanos.org.br\/noticias\/nao-sejamos-economicos-no-perdao-pede-frei-medella.html#breadcrumb","itemListElement":[{"@type":"ListItem","position":1,"name":"Home","item":"https:\/\/franciscanos.org.br\/noticias"},{"@type":"ListItem","position":2,"name":"Frei Medella: &#8220;N\u00e3o sejamos econ\u00f4micos no perd\u00e3o&#8221;"}]},{"@type":"Person","@id":"https:\/\/franciscanos.org.br\/noticias\/#\/schema\/person\/b38fbf43118f02820bd932f2e4b14ad3","name":"admin","image":{"@type":"ImageObject","inLanguage":"pt-BR","@id":"https:\/\/franciscanos.org.br\/noticias\/#\/schema\/person\/image\/","url":"https:\/\/secure.gravatar.com\/avatar\/e8495742d34d0ba6448ea1c628263b3e?s=96&d=mm&r=g","contentUrl":"https:\/\/secure.gravatar.com\/avatar\/e8495742d34d0ba6448ea1c628263b3e?s=96&d=mm&r=g","caption":"admin"},"url":"https:\/\/franciscanos.org.br\/noticias\/author\/admin"}]}},"_links":{"self":[{"href":"https:\/\/franciscanos.org.br\/noticias\/wp-json\/wp\/v2\/posts\/172763"}],"collection":[{"href":"https:\/\/franciscanos.org.br\/noticias\/wp-json\/wp\/v2\/posts"}],"about":[{"href":"https:\/\/franciscanos.org.br\/noticias\/wp-json\/wp\/v2\/types\/post"}],"author":[{"embeddable":true,"href":"https:\/\/franciscanos.org.br\/noticias\/wp-json\/wp\/v2\/users\/1"}],"replies":[{"embeddable":true,"href":"https:\/\/franciscanos.org.br\/noticias\/wp-json\/wp\/v2\/comments?post=172763"}],"version-history":[{"count":1,"href":"https:\/\/franciscanos.org.br\/noticias\/wp-json\/wp\/v2\/posts\/172763\/revisions"}],"predecessor-version":[{"id":224773,"href":"https:\/\/franciscanos.org.br\/noticias\/wp-json\/wp\/v2\/posts\/172763\/revisions\/224773"}],"wp:featuredmedia":[{"embeddable":true,"href":"https:\/\/franciscanos.org.br\/noticias\/wp-json\/wp\/v2\/media\/199409"}],"wp:attachment":[{"href":"https:\/\/franciscanos.org.br\/noticias\/wp-json\/wp\/v2\/media?parent=172763"}],"wp:term":[{"taxonomy":"category","embeddable":true,"href":"https:\/\/franciscanos.org.br\/noticias\/wp-json\/wp\/v2\/categories?post=172763"},{"taxonomy":"post_tag","embeddable":true,"href":"https:\/\/franciscanos.org.br\/noticias\/wp-json\/wp\/v2\/tags?post=172763"}],"curies":[{"name":"wp","href":"https:\/\/api.w.org\/{rel}","templated":true}]}}