{"id":172713,"date":"2018-09-28T20:12:19","date_gmt":"2018-09-28T23:12:19","guid":{"rendered":"http:\/\/franciscanos.org.br\/?p=172713"},"modified":"2020-06-06T19:19:22","modified_gmt":"2020-06-06T22:19:22","slug":"anunciar-o-amor-eis-a-alegria-do-evangelho","status":"publish","type":"post","link":"https:\/\/franciscanos.org.br\/noticias\/anunciar-o-amor-eis-a-alegria-do-evangelho.html","title":{"rendered":"Anunciar o amor: eis a verdadeira alegria do Evangelho"},"content":{"rendered":"<p><img loading=\"lazy\" class=\"aligncenter\" src=\"http:\/\/franciscanos.org.br\/wp-content\/uploads\/2018\/09\/novena_280918-830.jpg\" alt=\"novena_280918-830\" width=\"830\" height=\"400\" \/><strong>\u00c9rika Augusto<\/strong><\/p>\n<p><strong>S\u00e3o Paulo (SP) \u2013<\/strong> Nesta sexta-feira, 28\/9, dezenas de fi\u00e9is se reuniram novamente \u00e0s 15h no Santu\u00e1rio e Convento S\u00e3o Francisco, no centro de S\u00e3o Paulo, para participar da novena em honra ao padroeiro. O tema deste quarto dia da novena foi: \u201cOnde houver tristeza, que eu leve alegria\u201d, extra\u00edda da Ora\u00e7\u00e3o pela Paz, atribu\u00edda ao santo de Assis.<\/p>\n<p>A missa foi presidida pelo guardi\u00e3o local, Frei M\u00e1rio Tagliari, e auxiliada pelo di\u00e1cono Frei Marx Reis, aniversariante do dia.<\/p>\n<p>Na primeira leitura, os presentes acompanharam a passagem da vida de S\u00e3o Francisco, onde ele, na igrejinha de S\u00e3o Dami\u00e3o, ouve as palavras do Crucificado: \u201cVai, Francisco, e restaura a minha igreja\u201d. Para Frei M\u00e1rio, um dos aspectos para entender a vida e a santidade de Francisco e n\u00e3o olhar para o fim de sua vida, j\u00e1 com as chagas, h\u00e1 poucos dias de sua morte. Ele destacou que Francisco foi um jovem normal de seu tempo, muito alegre, festivo. E que a santidade n\u00e3o deve ser sinal de cara fechada. \u201cN\u00f3s temos uma ideia errada de santidade. Achamos que para ser santo, precisamos ter a cabe\u00e7a torta, triste, emburrado. Isso n\u00e3o \u00e9 ser santo\u201d, afirmou. Ele recordou ainda a Enc\u00edclica do Papa Francisco, <em>Evangelii Gaudium<\/em>, A alegria do Evangelho.<\/p>\n<p>O pregador falou sobre o pedido do Crucificado a Francisco. Este encontro se deu em uma \u00e9poca na vida do jovem Francisco em que tudo o que havia planejado tinha fracassado, seu sonho de ir para a guerra, voltar vitorioso e conquistar uma posi\u00e7\u00e3o social na sociedade. \u201cNo caminho de volta, est\u00e1 doente, desiludido com seu projeto de vida. E diante desse quadro de fracasso humano, encontra-se com Cristo em S\u00e3o Dami\u00e3o\u201d, explicou.<\/p>\n<p>Num primeiro momento, Francisco come\u00e7a a reconstruir a igreja de pedra, mas depois entende que sua miss\u00e3o era muito maior. O pregador destacou que apenas ap\u00f3s esta mudan\u00e7a \u00e9 que aparecem os primeiros seguidores. \u201cNa igreja da Porci\u00fancula este encontro vai ser decisivo. Ele vai deixar de ser um pedreiro, deixar de construir materialmente igrejas e ru\u00ednas e passar\u00e1 a reconstruir a humanidade\u201d, acrescentou.<\/p>\n<p>Frei M\u00e1rio falou ainda da import\u00e2ncia de n\u00e3o julgar e condenar o pr\u00f3ximo, n\u00e3o negando possibilidades \u00e0s pessoas, impondo regras e leis. Para ele, o amor \u00e9 capaz de converter as pessoas. \u201cA alegria do Evangelho \u00e9 anunciar o amor. Deus te ama por quem voc\u00ea \u00e9\u201d, exclamou.<\/p>\n<p>O frade concluiu sua homilia pedindo que a partir da ora\u00e7\u00e3o de S\u00e3o Francisco, Deus fa\u00e7a de cada um mensageiros da alegria.<\/p>\n<p><img loading=\"lazy\" class=\"aligncenter\" src=\"http:\/\/franciscanos.org.br\/wp-content\/uploads\/2018\/09\/novena_280918-b.jpg\" alt=\"novena_280918 b\" width=\"830\" height=\"400\" \/><br \/>\nA Novena no Convento e Santu\u00e1rio S\u00e3o Francisco acontece at\u00e9 o dia 3 de outubro, de ter\u00e7a a sexta \u00e0s 15h e segunda-feira ao meio-dia. No domingo, 30 de setembro, haver\u00e1 a prociss\u00e3o, saindo do Mosteiro S\u00e3o Bento \u00e0s 9h30. Em seguida, \u00e0s 10h30,\u00a0 ser\u00e1 celebrado o 6\u00ba dia da novena, presidido por Dom Mathias Tolentino Braga, abade do Mosteiro.<\/p>\n<p>No dia 3, quarta-feira, haver\u00e1 a celebra\u00e7\u00e3o do Tr\u00e2nsito de S\u00e3o Francisco, \u00e0s 18h.<\/p>\n<p>No dia 4, dia de S\u00e3o Francisco, haver\u00e1 missa \u00e0s 7h30, 9h, 10h30, 12h, 13h30, 15h, 16h30 e 18h. Durante todo o dia haver\u00e1 barracas no lado externo com comidas t\u00edpicas, ado\u00e7\u00e3o de animais, b\u00ean\u00e7\u00e3o das criaturas, venda de p\u00e3o do convento e muito mais.<\/p>\n","protected":false},"excerpt":{"rendered":"<p>Convento e Santu\u00e1rio S\u00e3o Francisco (SP)<\/p>\n","protected":false},"author":1,"featured_media":191619,"comment_status":"open","ping_status":"open","sticky":false,"template":"","format":"standard","meta":[],"categories":[1],"tags":[312],"acf":[],"yoast_head":"<!-- This site is optimized with the Yoast SEO plugin v19.2 - https:\/\/yoast.com\/wordpress\/plugins\/seo\/ -->\n<title>Anunciar o amor: eis a verdadeira alegria do Evangelho - Not\u00edcias - Franciscanos<\/title>\n<meta name=\"robots\" content=\"index, follow, max-snippet:-1, max-image-preview:large, max-video-preview:-1\" \/>\n<link rel=\"canonical\" href=\"https:\/\/franciscanos.org.br\/noticias\/anunciar-o-amor-eis-a-alegria-do-evangelho.html\" \/>\n<meta property=\"og:locale\" content=\"pt_BR\" \/>\n<meta property=\"og:type\" content=\"article\" \/>\n<meta property=\"og:title\" content=\"Anunciar o amor: eis a verdadeira alegria do Evangelho - Not\u00edcias - Franciscanos\" \/>\n<meta property=\"og:description\" content=\"Convento e Santu\u00e1rio S\u00e3o Francisco (SP)\" \/>\n<meta property=\"og:url\" content=\"https:\/\/franciscanos.org.br\/noticias\/anunciar-o-amor-eis-a-alegria-do-evangelho.html\" \/>\n<meta property=\"og:site_name\" content=\"Not\u00edcias - Franciscanos\" \/>\n<meta property=\"article:published_time\" content=\"2018-09-28T23:12:19+00:00\" \/>\n<meta property=\"article:modified_time\" content=\"2020-06-06T22:19:22+00:00\" \/>\n<meta property=\"og:image\" content=\"https:\/\/franciscanos.org.br\/noticias\/wp-content\/uploads\/2018\/09\/novena_280918-830.jpg\" \/>\n\t<meta property=\"og:image:width\" content=\"273\" \/>\n\t<meta property=\"og:image:height\" content=\"181\" \/>\n\t<meta property=\"og:image:type\" content=\"image\/jpeg\" \/>\n<meta name=\"author\" content=\"admin\" \/>\n<meta name=\"twitter:card\" content=\"summary_large_image\" \/>\n<meta name=\"twitter:label1\" content=\"Escrito por\" \/>\n\t<meta name=\"twitter:data1\" content=\"admin\" \/>\n\t<meta name=\"twitter:label2\" content=\"Est. tempo de leitura\" \/>\n\t<meta name=\"twitter:data2\" content=\"3 minutos\" \/>\n<script type=\"application\/ld+json\" class=\"yoast-schema-graph\">{\"@context\":\"https:\/\/schema.org\",\"@graph\":[{\"@type\":\"WebSite\",\"@id\":\"https:\/\/franciscanos.org.br\/noticias\/#website\",\"url\":\"https:\/\/franciscanos.org.br\/noticias\/\",\"name\":\"Not\u00edcias - Franciscanos\",\"description\":\"Prov\u00edncia Franciscana da Imaculada Concei\u00e7\u00e3o do Brasil - Ordem dos Frades Menores - OFM\",\"potentialAction\":[{\"@type\":\"SearchAction\",\"target\":{\"@type\":\"EntryPoint\",\"urlTemplate\":\"https:\/\/franciscanos.org.br\/noticias\/?s={search_term_string}\"},\"query-input\":\"required name=search_term_string\"}],\"inLanguage\":\"pt-BR\"},{\"@type\":\"ImageObject\",\"inLanguage\":\"pt-BR\",\"@id\":\"https:\/\/franciscanos.org.br\/noticias\/anunciar-o-amor-eis-a-alegria-do-evangelho.html#primaryimage\",\"url\":\"https:\/\/franciscanos.org.br\/noticias\/wp-content\/uploads\/2018\/09\/novena_280918-830.jpg\",\"contentUrl\":\"https:\/\/franciscanos.org.br\/noticias\/wp-content\/uploads\/2018\/09\/novena_280918-830.jpg\",\"width\":273,\"height\":181},{\"@type\":\"WebPage\",\"@id\":\"https:\/\/franciscanos.org.br\/noticias\/anunciar-o-amor-eis-a-alegria-do-evangelho.html#webpage\",\"url\":\"https:\/\/franciscanos.org.br\/noticias\/anunciar-o-amor-eis-a-alegria-do-evangelho.html\",\"name\":\"Anunciar o amor: eis a verdadeira alegria do Evangelho - Not\u00edcias - Franciscanos\",\"isPartOf\":{\"@id\":\"https:\/\/franciscanos.org.br\/noticias\/#website\"},\"primaryImageOfPage\":{\"@id\":\"https:\/\/franciscanos.org.br\/noticias\/anunciar-o-amor-eis-a-alegria-do-evangelho.html#primaryimage\"},\"datePublished\":\"2018-09-28T23:12:19+00:00\",\"dateModified\":\"2020-06-06T22:19:22+00:00\",\"author\":{\"@id\":\"https:\/\/franciscanos.org.br\/noticias\/#\/schema\/person\/b38fbf43118f02820bd932f2e4b14ad3\"},\"breadcrumb\":{\"@id\":\"https:\/\/franciscanos.org.br\/noticias\/anunciar-o-amor-eis-a-alegria-do-evangelho.html#breadcrumb\"},\"inLanguage\":\"pt-BR\",\"potentialAction\":[{\"@type\":\"ReadAction\",\"target\":[\"https:\/\/franciscanos.org.br\/noticias\/anunciar-o-amor-eis-a-alegria-do-evangelho.html\"]}]},{\"@type\":\"BreadcrumbList\",\"@id\":\"https:\/\/franciscanos.org.br\/noticias\/anunciar-o-amor-eis-a-alegria-do-evangelho.html#breadcrumb\",\"itemListElement\":[{\"@type\":\"ListItem\",\"position\":1,\"name\":\"Home\",\"item\":\"https:\/\/franciscanos.org.br\/noticias\"},{\"@type\":\"ListItem\",\"position\":2,\"name\":\"Anunciar o amor: eis a verdadeira alegria do Evangelho\"}]},{\"@type\":\"Person\",\"@id\":\"https:\/\/franciscanos.org.br\/noticias\/#\/schema\/person\/b38fbf43118f02820bd932f2e4b14ad3\",\"name\":\"admin\",\"image\":{\"@type\":\"ImageObject\",\"inLanguage\":\"pt-BR\",\"@id\":\"https:\/\/franciscanos.org.br\/noticias\/#\/schema\/person\/image\/\",\"url\":\"https:\/\/secure.gravatar.com\/avatar\/e8495742d34d0ba6448ea1c628263b3e?s=96&d=mm&r=g\",\"contentUrl\":\"https:\/\/secure.gravatar.com\/avatar\/e8495742d34d0ba6448ea1c628263b3e?s=96&d=mm&r=g\",\"caption\":\"admin\"},\"url\":\"https:\/\/franciscanos.org.br\/noticias\/author\/admin\"}]}<\/script>\n<!-- \/ Yoast SEO plugin. -->","yoast_head_json":{"title":"Anunciar o amor: eis a verdadeira alegria do Evangelho - Not\u00edcias - Franciscanos","robots":{"index":"index","follow":"follow","max-snippet":"max-snippet:-1","max-image-preview":"max-image-preview:large","max-video-preview":"max-video-preview:-1"},"canonical":"https:\/\/franciscanos.org.br\/noticias\/anunciar-o-amor-eis-a-alegria-do-evangelho.html","og_locale":"pt_BR","og_type":"article","og_title":"Anunciar o amor: eis a verdadeira alegria do Evangelho - Not\u00edcias - Franciscanos","og_description":"Convento e Santu\u00e1rio S\u00e3o Francisco (SP)","og_url":"https:\/\/franciscanos.org.br\/noticias\/anunciar-o-amor-eis-a-alegria-do-evangelho.html","og_site_name":"Not\u00edcias - Franciscanos","article_published_time":"2018-09-28T23:12:19+00:00","article_modified_time":"2020-06-06T22:19:22+00:00","og_image":[{"width":273,"height":181,"url":"https:\/\/franciscanos.org.br\/noticias\/wp-content\/uploads\/2018\/09\/novena_280918-830.jpg","type":"image\/jpeg"}],"author":"admin","twitter_card":"summary_large_image","twitter_misc":{"Escrito por":"admin","Est. tempo de leitura":"3 minutos"},"schema":{"@context":"https:\/\/schema.org","@graph":[{"@type":"WebSite","@id":"https:\/\/franciscanos.org.br\/noticias\/#website","url":"https:\/\/franciscanos.org.br\/noticias\/","name":"Not\u00edcias - Franciscanos","description":"Prov\u00edncia Franciscana da Imaculada Concei\u00e7\u00e3o do Brasil - Ordem dos Frades Menores - OFM","potentialAction":[{"@type":"SearchAction","target":{"@type":"EntryPoint","urlTemplate":"https:\/\/franciscanos.org.br\/noticias\/?s={search_term_string}"},"query-input":"required name=search_term_string"}],"inLanguage":"pt-BR"},{"@type":"ImageObject","inLanguage":"pt-BR","@id":"https:\/\/franciscanos.org.br\/noticias\/anunciar-o-amor-eis-a-alegria-do-evangelho.html#primaryimage","url":"https:\/\/franciscanos.org.br\/noticias\/wp-content\/uploads\/2018\/09\/novena_280918-830.jpg","contentUrl":"https:\/\/franciscanos.org.br\/noticias\/wp-content\/uploads\/2018\/09\/novena_280918-830.jpg","width":273,"height":181},{"@type":"WebPage","@id":"https:\/\/franciscanos.org.br\/noticias\/anunciar-o-amor-eis-a-alegria-do-evangelho.html#webpage","url":"https:\/\/franciscanos.org.br\/noticias\/anunciar-o-amor-eis-a-alegria-do-evangelho.html","name":"Anunciar o amor: eis a verdadeira alegria do Evangelho - Not\u00edcias - Franciscanos","isPartOf":{"@id":"https:\/\/franciscanos.org.br\/noticias\/#website"},"primaryImageOfPage":{"@id":"https:\/\/franciscanos.org.br\/noticias\/anunciar-o-amor-eis-a-alegria-do-evangelho.html#primaryimage"},"datePublished":"2018-09-28T23:12:19+00:00","dateModified":"2020-06-06T22:19:22+00:00","author":{"@id":"https:\/\/franciscanos.org.br\/noticias\/#\/schema\/person\/b38fbf43118f02820bd932f2e4b14ad3"},"breadcrumb":{"@id":"https:\/\/franciscanos.org.br\/noticias\/anunciar-o-amor-eis-a-alegria-do-evangelho.html#breadcrumb"},"inLanguage":"pt-BR","potentialAction":[{"@type":"ReadAction","target":["https:\/\/franciscanos.org.br\/noticias\/anunciar-o-amor-eis-a-alegria-do-evangelho.html"]}]},{"@type":"BreadcrumbList","@id":"https:\/\/franciscanos.org.br\/noticias\/anunciar-o-amor-eis-a-alegria-do-evangelho.html#breadcrumb","itemListElement":[{"@type":"ListItem","position":1,"name":"Home","item":"https:\/\/franciscanos.org.br\/noticias"},{"@type":"ListItem","position":2,"name":"Anunciar o amor: eis a verdadeira alegria do Evangelho"}]},{"@type":"Person","@id":"https:\/\/franciscanos.org.br\/noticias\/#\/schema\/person\/b38fbf43118f02820bd932f2e4b14ad3","name":"admin","image":{"@type":"ImageObject","inLanguage":"pt-BR","@id":"https:\/\/franciscanos.org.br\/noticias\/#\/schema\/person\/image\/","url":"https:\/\/secure.gravatar.com\/avatar\/e8495742d34d0ba6448ea1c628263b3e?s=96&d=mm&r=g","contentUrl":"https:\/\/secure.gravatar.com\/avatar\/e8495742d34d0ba6448ea1c628263b3e?s=96&d=mm&r=g","caption":"admin"},"url":"https:\/\/franciscanos.org.br\/noticias\/author\/admin"}]}},"_links":{"self":[{"href":"https:\/\/franciscanos.org.br\/noticias\/wp-json\/wp\/v2\/posts\/172713"}],"collection":[{"href":"https:\/\/franciscanos.org.br\/noticias\/wp-json\/wp\/v2\/posts"}],"about":[{"href":"https:\/\/franciscanos.org.br\/noticias\/wp-json\/wp\/v2\/types\/post"}],"author":[{"embeddable":true,"href":"https:\/\/franciscanos.org.br\/noticias\/wp-json\/wp\/v2\/users\/1"}],"replies":[{"embeddable":true,"href":"https:\/\/franciscanos.org.br\/noticias\/wp-json\/wp\/v2\/comments?post=172713"}],"version-history":[{"count":1,"href":"https:\/\/franciscanos.org.br\/noticias\/wp-json\/wp\/v2\/posts\/172713\/revisions"}],"predecessor-version":[{"id":224774,"href":"https:\/\/franciscanos.org.br\/noticias\/wp-json\/wp\/v2\/posts\/172713\/revisions\/224774"}],"wp:featuredmedia":[{"embeddable":true,"href":"https:\/\/franciscanos.org.br\/noticias\/wp-json\/wp\/v2\/media\/191619"}],"wp:attachment":[{"href":"https:\/\/franciscanos.org.br\/noticias\/wp-json\/wp\/v2\/media?parent=172713"}],"wp:term":[{"taxonomy":"category","embeddable":true,"href":"https:\/\/franciscanos.org.br\/noticias\/wp-json\/wp\/v2\/categories?post=172713"},{"taxonomy":"post_tag","embeddable":true,"href":"https:\/\/franciscanos.org.br\/noticias\/wp-json\/wp\/v2\/tags?post=172713"}],"curies":[{"name":"wp","href":"https:\/\/api.w.org\/{rel}","templated":true}]}}