{"id":172680,"date":"2018-09-28T07:03:48","date_gmt":"2018-09-28T10:03:48","guid":{"rendered":"http:\/\/franciscanos.org.br\/?p=172680"},"modified":"2020-06-06T19:20:31","modified_gmt":"2020-06-06T22:20:31","slug":"papa-pede-para-acolher-quem-escolhe-conviver-sem-se-casar","status":"publish","type":"post","link":"https:\/\/franciscanos.org.br\/noticias\/papa-pede-para-acolher-quem-escolhe-conviver-sem-se-casar.html","title":{"rendered":"Papa pede para acolher quem escolhe conviver sem se casar"},"content":{"rendered":"<p><img loading=\"lazy\" class=\"alignleft\" src=\"http:\/\/franciscanos.org.br\/wp-content\/uploads\/2018\/09\/papa_280918.jpg\" alt=\"papa_280918\" width=\"820\" height=\"461\" \/><\/p>\n<p><strong>Cidade do Vaticano<\/strong> &#8211; \u201cO matrim\u00f4nio n\u00e3o \u00e9 somente um evento \u2018social\u2019, mas um verdadeiro Sacramento que comporta uma prepara\u00e7\u00e3o adequada e uma celebra\u00e7\u00e3o consciente. O v\u00ednculo matrimonial requer da parte dos noivos uma escolha consciente, que pondere a vontade de construir juntos algo que jamais dever\u00e1 ser tra\u00eddo ou abandonado\u201d.<\/p>\n<p>Foi o que disse o Papa na tarde desta quinta-feira (27\/09), na Bas\u00edlica de S\u00e3o Jo\u00e3o de Latr\u00e3o aos cerca de 850 participantes do Curso de forma\u00e7\u00e3o sobre matrim\u00f4nio e fam\u00edlia promovido nos dias 24 a 26 de setembro pela Diocese de Roma e pelo Tribunal da Rota Romana. Realizado na Bas\u00edlica sede da diocese, o curso teve a participa\u00e7\u00e3o de p\u00e1rocos, di\u00e1conos permanentes, casais e agentes da pastoral da fam\u00edlia.<\/p>\n<p><strong>Fam\u00edlia, Igreja dom\u00e9stica e santu\u00e1rio da vida<\/strong><\/p>\n<p>Dirigindo-se aos presentes ao t\u00e9rmino do referido curso, o Santo Padre ressaltou que o mesmo lhes permitiu examinar os desafios e projetos pastorais concernentes \u00e0 fam\u00edlia, considerada \u201cIgreja dom\u00e9stica e santu\u00e1rio da vida\u201d.<\/p>\n<p>Francisco disse tratar-se de um campo apost\u00f3lico amplo, complexo e delicado, ao qual \u201c\u00e9 necess\u00e1rio dedicar energia e entusiasmo, no intento de promover o Evangelho da fam\u00edlia e da vida\u201d.<\/p>\n<p>Tendo evocado a vis\u00e3o ampla e perspicaz de seus predecessores, disse ter desenvolvido nesta esteira o tema em quest\u00e3o, especialmente na Exorta\u00e7\u00e3o apost\u00f3lica Amoris laetitia (sobre o amor na fam\u00edlia, ndr), \u201ccolocando no centro a urg\u00eancia de um caminho s\u00e9rio de prepara\u00e7\u00e3o para o matrim\u00f4nio crist\u00e3o, que n\u00e3o se reduza a poucos encontros.<\/p>\n<p>Referindo-se \u00e0 experi\u00eancia pastoral em v\u00e1rias dioceses do mundo concernente ao acompanhamento dos noivos em vista do matrim\u00f4nio, enfatizou que \u00e9 importante oferecer-lhes \u201ca possibilidade de participar de semin\u00e1rios e retiros de ora\u00e7\u00e3o, que envolvam como animadores, al\u00e9m de sacerdotes, tamb\u00e9m casais de esposos de consolidada experi\u00eancia familiar e especialistas nas disciplinas psicol\u00f3gicas.<\/p>\n<p><strong>Falta de acompanhamento eclesial ap\u00f3s as n\u00fapcias<\/strong><\/p>\n<p>\u201cMuitas vezes a raiz \u00faltima dos problemas, que se apresentam ap\u00f3s a celebra\u00e7\u00e3o do sacramento nupcial, deve se procurar n\u00e3o somente numa imaturidade escondida e remota manifesta inesperadamente, mas sobretudo na fraqueza da f\u00e9 crist\u00e3 e na falta de acompanhamento eclesial, na solid\u00e3o em que muitas vezes os rec\u00e9m-casados s\u00e3o deixados ap\u00f3s a celebra\u00e7\u00e3o das n\u00fapcias\u201d, observou o Pont\u00edfice.<\/p>\n<p>Por isso, \u201creitero a necessidade de um catecumenato permanente para o Sacramento do matrim\u00f4nio que diz respeito \u00e0 sua prepara\u00e7\u00e3o, celebra\u00e7\u00e3o e aos primeiros tempos sucessivos\u201d, enfatizou Francisco dizendo tratar-se de \u201cum caminho partilhado entre sacerdotes, agentes pastorais e esposos crist\u00e3os\u201d.<\/p>\n<p>Quanto mais o caminho de prepara\u00e7\u00e3o for aprofundado e prolongado no tempo, mais os jovens casais aprender\u00e3o a corresponder \u00e0 gra\u00e7a e \u00e0 for\u00e7a de Deus e desenvolver\u00e3o tamb\u00e9m os \u201canticorpos\u201d para aprofundar \u201cos inevit\u00e1veis momentos de dificuldades e fadiga da vida conjugal e familiar\u201d.<\/p>\n<p><strong>Prepara\u00e7\u00e3o para o matrim\u00f4nio, tempo de gra\u00e7a<\/strong><\/p>\n<p>A experi\u00eancia ensina que o tempo da prepara\u00e7\u00e3o para o matrim\u00f4nio \u201c\u00e9 um tempo de gra\u00e7a, em que o casal encontra-se particularmente dispon\u00edvel a ouvir o Evangelho, a acolher Jesus como mestre de vida\u201d, acrescentou o Papa.<\/p>\n<p>A maior efic\u00e1cia do cuidado pastoral se realiza onde o acompanhamento n\u00e3o cessa com a celebra\u00e7\u00e3o das n\u00fapcias, mas, observou ainda, prossegue \u201cao menos nos primeiros anos de vida conjugal\u201d.<\/p>\n<p>Francisco dedicou a \u00faltima parte de seu discurso aos c\u00f4njuges que vivem s\u00e9rios problemas em sua rela\u00e7\u00e3o e se encontram em crise.<\/p>\n<p>\u201c\u00c9 necess\u00e1rio ajud\u00e1-los a reavivar a f\u00e9 e a redescobrir a gra\u00e7a do Sacramento; e, em certos casos \u2013 a ser avaliado com retid\u00e3o e liberdade interior \u2013, oferecer indica\u00e7\u00f5es apropriadas para iniciar um processo de nulidade.\u201d<\/p>\n<p>Aqueles que se deram conta do fato \u201cque a uni\u00e3o deles n\u00e3o \u00e9 um verdadeiro matrim\u00f4nio sacramental e querem sair desta situa\u00e7\u00e3o, possam encontrar nos bispos, nos sacerdotes e nos agentes pastorais o aux\u00edlio necess\u00e1rio, que se expressa n\u00e3o somente na comunica\u00e7\u00e3o de normas jur\u00eddicas, mas, em primeiro lugar, numa atitude de escuta e de compreens\u00e3o\u201d.<\/p>\n<p><strong>Novo processo matrimonial, instrumento v\u00e1lido<\/strong><\/p>\n<p>A esse prop\u00f3sito, o Papa acrescentou que a normativa sobre o novo processo matrimonial constitui um instrumento v\u00e1lido, que requer ser aplicado concretamente e indistintamente por todos, em todos os n\u00edveis eclesiais, porque sua raz\u00e3o \u00faltima, precisou Francisco, \u201c\u00e9 a salus animarum!\u201d (a salva\u00e7\u00e3o das almas, ndr).<\/p>\n<p>Com satisfa\u00e7\u00e3o, o Santo Padre disse ter tomado conhecimento que \u201cmuitos Bispos e Vig\u00e1rios judiciais acolheram prontamente e aplicaram o novo processo matrimonial, para o conforto da paz das consci\u00eancias, sobretudo dos mais pobres e distantes das nossas comunidades eclesiais\u201d.<\/p>\n<p><strong>Testemunhar a beleza do matrim\u00f4nio<\/strong><\/p>\n<p>O Pont\u00edfice concluiu fazendo votos de que \u201co horizonte da pastoral familiar diocesana seja sempre mais amplo, assumindo o estilo pr\u00f3prio do Evangelho, encontrando e acolhendo tamb\u00e9m aqueles jovens que escolhem conviver sem se casar. \u00c9 preciso testemunhar a eles a beleza do matrim\u00f4nio!\u201d \u2013 exortou-os por fim.<\/p>\n<hr \/>\n<p><em>Fonte: Vatican News<\/em><\/p>\n","protected":false},"excerpt":{"rendered":"<p>Curso de forma\u00e7\u00e3o sobre matrim\u00f4nio e fam\u00edlia<\/p>\n","protected":false},"author":1,"featured_media":191623,"comment_status":"open","ping_status":"open","sticky":false,"template":"","format":"standard","meta":[],"categories":[1428],"tags":[1638,55],"acf":[],"yoast_head":"<!-- This site is optimized with the Yoast SEO plugin v19.2 - https:\/\/yoast.com\/wordpress\/plugins\/seo\/ -->\n<title>Papa pede para acolher quem escolhe conviver sem se casar - Not\u00edcias - Franciscanos<\/title>\n<meta name=\"robots\" content=\"index, follow, max-snippet:-1, max-image-preview:large, max-video-preview:-1\" \/>\n<link rel=\"canonical\" href=\"https:\/\/franciscanos.org.br\/noticias\/papa-pede-para-acolher-quem-escolhe-conviver-sem-se-casar.html\" \/>\n<meta property=\"og:locale\" content=\"pt_BR\" \/>\n<meta property=\"og:type\" content=\"article\" \/>\n<meta property=\"og:title\" content=\"Papa pede para acolher quem escolhe conviver sem se casar - Not\u00edcias - Franciscanos\" \/>\n<meta property=\"og:description\" content=\"Curso de forma\u00e7\u00e3o sobre matrim\u00f4nio e fam\u00edlia\" \/>\n<meta property=\"og:url\" content=\"https:\/\/franciscanos.org.br\/noticias\/papa-pede-para-acolher-quem-escolhe-conviver-sem-se-casar.html\" \/>\n<meta property=\"og:site_name\" content=\"Not\u00edcias - Franciscanos\" \/>\n<meta property=\"article:published_time\" content=\"2018-09-28T10:03:48+00:00\" \/>\n<meta property=\"article:modified_time\" content=\"2020-06-06T22:20:31+00:00\" \/>\n<meta property=\"og:image\" content=\"https:\/\/franciscanos.org.br\/noticias\/wp-content\/uploads\/2018\/09\/papa_280918.jpg\" \/>\n\t<meta property=\"og:image:width\" content=\"273\" \/>\n\t<meta property=\"og:image:height\" content=\"181\" \/>\n\t<meta property=\"og:image:type\" content=\"image\/jpeg\" \/>\n<meta name=\"author\" content=\"admin\" \/>\n<meta name=\"twitter:card\" content=\"summary_large_image\" \/>\n<meta name=\"twitter:label1\" content=\"Escrito por\" \/>\n\t<meta name=\"twitter:data1\" content=\"admin\" \/>\n\t<meta name=\"twitter:label2\" content=\"Est. tempo de leitura\" \/>\n\t<meta name=\"twitter:data2\" content=\"4 minutos\" \/>\n<script type=\"application\/ld+json\" class=\"yoast-schema-graph\">{\"@context\":\"https:\/\/schema.org\",\"@graph\":[{\"@type\":\"WebSite\",\"@id\":\"https:\/\/franciscanos.org.br\/noticias\/#website\",\"url\":\"https:\/\/franciscanos.org.br\/noticias\/\",\"name\":\"Not\u00edcias - Franciscanos\",\"description\":\"Prov\u00edncia Franciscana da Imaculada Concei\u00e7\u00e3o do Brasil - Ordem dos Frades Menores - OFM\",\"potentialAction\":[{\"@type\":\"SearchAction\",\"target\":{\"@type\":\"EntryPoint\",\"urlTemplate\":\"https:\/\/franciscanos.org.br\/noticias\/?s={search_term_string}\"},\"query-input\":\"required name=search_term_string\"}],\"inLanguage\":\"pt-BR\"},{\"@type\":\"ImageObject\",\"inLanguage\":\"pt-BR\",\"@id\":\"https:\/\/franciscanos.org.br\/noticias\/papa-pede-para-acolher-quem-escolhe-conviver-sem-se-casar.html#primaryimage\",\"url\":\"https:\/\/franciscanos.org.br\/noticias\/wp-content\/uploads\/2018\/09\/papa_280918.jpg\",\"contentUrl\":\"https:\/\/franciscanos.org.br\/noticias\/wp-content\/uploads\/2018\/09\/papa_280918.jpg\",\"width\":273,\"height\":181},{\"@type\":\"WebPage\",\"@id\":\"https:\/\/franciscanos.org.br\/noticias\/papa-pede-para-acolher-quem-escolhe-conviver-sem-se-casar.html#webpage\",\"url\":\"https:\/\/franciscanos.org.br\/noticias\/papa-pede-para-acolher-quem-escolhe-conviver-sem-se-casar.html\",\"name\":\"Papa pede para acolher quem escolhe conviver sem se casar - Not\u00edcias - Franciscanos\",\"isPartOf\":{\"@id\":\"https:\/\/franciscanos.org.br\/noticias\/#website\"},\"primaryImageOfPage\":{\"@id\":\"https:\/\/franciscanos.org.br\/noticias\/papa-pede-para-acolher-quem-escolhe-conviver-sem-se-casar.html#primaryimage\"},\"datePublished\":\"2018-09-28T10:03:48+00:00\",\"dateModified\":\"2020-06-06T22:20:31+00:00\",\"author\":{\"@id\":\"https:\/\/franciscanos.org.br\/noticias\/#\/schema\/person\/b38fbf43118f02820bd932f2e4b14ad3\"},\"breadcrumb\":{\"@id\":\"https:\/\/franciscanos.org.br\/noticias\/papa-pede-para-acolher-quem-escolhe-conviver-sem-se-casar.html#breadcrumb\"},\"inLanguage\":\"pt-BR\",\"potentialAction\":[{\"@type\":\"ReadAction\",\"target\":[\"https:\/\/franciscanos.org.br\/noticias\/papa-pede-para-acolher-quem-escolhe-conviver-sem-se-casar.html\"]}]},{\"@type\":\"BreadcrumbList\",\"@id\":\"https:\/\/franciscanos.org.br\/noticias\/papa-pede-para-acolher-quem-escolhe-conviver-sem-se-casar.html#breadcrumb\",\"itemListElement\":[{\"@type\":\"ListItem\",\"position\":1,\"name\":\"Home\",\"item\":\"https:\/\/franciscanos.org.br\/noticias\"},{\"@type\":\"ListItem\",\"position\":2,\"name\":\"Papa pede para acolher quem escolhe conviver sem se casar\"}]},{\"@type\":\"Person\",\"@id\":\"https:\/\/franciscanos.org.br\/noticias\/#\/schema\/person\/b38fbf43118f02820bd932f2e4b14ad3\",\"name\":\"admin\",\"image\":{\"@type\":\"ImageObject\",\"inLanguage\":\"pt-BR\",\"@id\":\"https:\/\/franciscanos.org.br\/noticias\/#\/schema\/person\/image\/\",\"url\":\"https:\/\/secure.gravatar.com\/avatar\/e8495742d34d0ba6448ea1c628263b3e?s=96&d=mm&r=g\",\"contentUrl\":\"https:\/\/secure.gravatar.com\/avatar\/e8495742d34d0ba6448ea1c628263b3e?s=96&d=mm&r=g\",\"caption\":\"admin\"},\"url\":\"https:\/\/franciscanos.org.br\/noticias\/author\/admin\"}]}<\/script>\n<!-- \/ Yoast SEO plugin. -->","yoast_head_json":{"title":"Papa pede para acolher quem escolhe conviver sem se casar - Not\u00edcias - Franciscanos","robots":{"index":"index","follow":"follow","max-snippet":"max-snippet:-1","max-image-preview":"max-image-preview:large","max-video-preview":"max-video-preview:-1"},"canonical":"https:\/\/franciscanos.org.br\/noticias\/papa-pede-para-acolher-quem-escolhe-conviver-sem-se-casar.html","og_locale":"pt_BR","og_type":"article","og_title":"Papa pede para acolher quem escolhe conviver sem se casar - Not\u00edcias - Franciscanos","og_description":"Curso de forma\u00e7\u00e3o sobre matrim\u00f4nio e fam\u00edlia","og_url":"https:\/\/franciscanos.org.br\/noticias\/papa-pede-para-acolher-quem-escolhe-conviver-sem-se-casar.html","og_site_name":"Not\u00edcias - Franciscanos","article_published_time":"2018-09-28T10:03:48+00:00","article_modified_time":"2020-06-06T22:20:31+00:00","og_image":[{"width":273,"height":181,"url":"https:\/\/franciscanos.org.br\/noticias\/wp-content\/uploads\/2018\/09\/papa_280918.jpg","type":"image\/jpeg"}],"author":"admin","twitter_card":"summary_large_image","twitter_misc":{"Escrito por":"admin","Est. tempo de leitura":"4 minutos"},"schema":{"@context":"https:\/\/schema.org","@graph":[{"@type":"WebSite","@id":"https:\/\/franciscanos.org.br\/noticias\/#website","url":"https:\/\/franciscanos.org.br\/noticias\/","name":"Not\u00edcias - Franciscanos","description":"Prov\u00edncia Franciscana da Imaculada Concei\u00e7\u00e3o do Brasil - Ordem dos Frades Menores - OFM","potentialAction":[{"@type":"SearchAction","target":{"@type":"EntryPoint","urlTemplate":"https:\/\/franciscanos.org.br\/noticias\/?s={search_term_string}"},"query-input":"required name=search_term_string"}],"inLanguage":"pt-BR"},{"@type":"ImageObject","inLanguage":"pt-BR","@id":"https:\/\/franciscanos.org.br\/noticias\/papa-pede-para-acolher-quem-escolhe-conviver-sem-se-casar.html#primaryimage","url":"https:\/\/franciscanos.org.br\/noticias\/wp-content\/uploads\/2018\/09\/papa_280918.jpg","contentUrl":"https:\/\/franciscanos.org.br\/noticias\/wp-content\/uploads\/2018\/09\/papa_280918.jpg","width":273,"height":181},{"@type":"WebPage","@id":"https:\/\/franciscanos.org.br\/noticias\/papa-pede-para-acolher-quem-escolhe-conviver-sem-se-casar.html#webpage","url":"https:\/\/franciscanos.org.br\/noticias\/papa-pede-para-acolher-quem-escolhe-conviver-sem-se-casar.html","name":"Papa pede para acolher quem escolhe conviver sem se casar - Not\u00edcias - Franciscanos","isPartOf":{"@id":"https:\/\/franciscanos.org.br\/noticias\/#website"},"primaryImageOfPage":{"@id":"https:\/\/franciscanos.org.br\/noticias\/papa-pede-para-acolher-quem-escolhe-conviver-sem-se-casar.html#primaryimage"},"datePublished":"2018-09-28T10:03:48+00:00","dateModified":"2020-06-06T22:20:31+00:00","author":{"@id":"https:\/\/franciscanos.org.br\/noticias\/#\/schema\/person\/b38fbf43118f02820bd932f2e4b14ad3"},"breadcrumb":{"@id":"https:\/\/franciscanos.org.br\/noticias\/papa-pede-para-acolher-quem-escolhe-conviver-sem-se-casar.html#breadcrumb"},"inLanguage":"pt-BR","potentialAction":[{"@type":"ReadAction","target":["https:\/\/franciscanos.org.br\/noticias\/papa-pede-para-acolher-quem-escolhe-conviver-sem-se-casar.html"]}]},{"@type":"BreadcrumbList","@id":"https:\/\/franciscanos.org.br\/noticias\/papa-pede-para-acolher-quem-escolhe-conviver-sem-se-casar.html#breadcrumb","itemListElement":[{"@type":"ListItem","position":1,"name":"Home","item":"https:\/\/franciscanos.org.br\/noticias"},{"@type":"ListItem","position":2,"name":"Papa pede para acolher quem escolhe conviver sem se casar"}]},{"@type":"Person","@id":"https:\/\/franciscanos.org.br\/noticias\/#\/schema\/person\/b38fbf43118f02820bd932f2e4b14ad3","name":"admin","image":{"@type":"ImageObject","inLanguage":"pt-BR","@id":"https:\/\/franciscanos.org.br\/noticias\/#\/schema\/person\/image\/","url":"https:\/\/secure.gravatar.com\/avatar\/e8495742d34d0ba6448ea1c628263b3e?s=96&d=mm&r=g","contentUrl":"https:\/\/secure.gravatar.com\/avatar\/e8495742d34d0ba6448ea1c628263b3e?s=96&d=mm&r=g","caption":"admin"},"url":"https:\/\/franciscanos.org.br\/noticias\/author\/admin"}]}},"_links":{"self":[{"href":"https:\/\/franciscanos.org.br\/noticias\/wp-json\/wp\/v2\/posts\/172680"}],"collection":[{"href":"https:\/\/franciscanos.org.br\/noticias\/wp-json\/wp\/v2\/posts"}],"about":[{"href":"https:\/\/franciscanos.org.br\/noticias\/wp-json\/wp\/v2\/types\/post"}],"author":[{"embeddable":true,"href":"https:\/\/franciscanos.org.br\/noticias\/wp-json\/wp\/v2\/users\/1"}],"replies":[{"embeddable":true,"href":"https:\/\/franciscanos.org.br\/noticias\/wp-json\/wp\/v2\/comments?post=172680"}],"version-history":[{"count":1,"href":"https:\/\/franciscanos.org.br\/noticias\/wp-json\/wp\/v2\/posts\/172680\/revisions"}],"predecessor-version":[{"id":224775,"href":"https:\/\/franciscanos.org.br\/noticias\/wp-json\/wp\/v2\/posts\/172680\/revisions\/224775"}],"wp:featuredmedia":[{"embeddable":true,"href":"https:\/\/franciscanos.org.br\/noticias\/wp-json\/wp\/v2\/media\/191623"}],"wp:attachment":[{"href":"https:\/\/franciscanos.org.br\/noticias\/wp-json\/wp\/v2\/media?parent=172680"}],"wp:term":[{"taxonomy":"category","embeddable":true,"href":"https:\/\/franciscanos.org.br\/noticias\/wp-json\/wp\/v2\/categories?post=172680"},{"taxonomy":"post_tag","embeddable":true,"href":"https:\/\/franciscanos.org.br\/noticias\/wp-json\/wp\/v2\/tags?post=172680"}],"curies":[{"name":"wp","href":"https:\/\/api.w.org\/{rel}","templated":true}]}}