{"id":172625,"date":"2018-09-27T19:34:02","date_gmt":"2018-09-27T22:34:02","guid":{"rendered":"http:\/\/franciscanos.org.br\/?p=172625"},"modified":"2020-06-06T19:21:08","modified_gmt":"2020-06-06T22:21:08","slug":"franciscanos-sinais-de-esperanca-na-lepra-do-mundo","status":"publish","type":"post","link":"https:\/\/franciscanos.org.br\/noticias\/franciscanos-sinais-de-esperanca-na-lepra-do-mundo.html","title":{"rendered":"Franciscanos: sinal de esperan\u00e7a diante da &#8216;lepra&#8217; do mundo"},"content":{"rendered":"<p><img loading=\"lazy\" class=\"aligncenter\" src=\"http:\/\/franciscanos.org.br\/wp-content\/uploads\/2018\/09\/novena_270918-830.jpg\" alt=\"novena_270918 830\" width=\"830\" height=\"400\" \/><strong>\u00c9rika Augusto<\/strong><\/p>\n<p><strong>S\u00e3o Paulo (SP) &#8211; <\/strong>Esta foi a mensagem deixada por Frei Diego Melo, pregador do terceiro dia da novena no Santu\u00e1rio e Convento S\u00e3o Francisco, no centro da capital paulista. O chamado n\u00e3o provoca apenas os religiosos e religiosas, mas todos os seguidores e admiradores do santo de Assis.<\/p>\n<p>Nesta quinta-feira (27\/9), a novena refletiu o verso \u201cOnde houver desespero, que eu leve a esperan\u00e7a\u201d, da Ora\u00e7\u00e3o pela paz, atribu\u00edda a S\u00e3o Francisco. Na primeira leitura, a liturgia retomou o epis\u00f3dio do encontro de Francisco com o leproso. \u201cPara Francisco de Assis, o gesto de descer do cavalo e ir ao encontro daquele leproso, oferecendo um beijo e um abra\u00e7o, significava um ato altamente heroico, um ato prof\u00e9tico, um ato que rompia com todas as estruturas e l\u00f3gicas da \u00e9poca\u201d, afirmou, comparando com o gesto de Jesus, que cura os dez leprosos, conforme a passagem no Evangelho segundo Lucas (cf. Lc 17, 11-19).<\/p>\n<p>\u201cJesus e S\u00e3o Francisco acreditavam que o gesto de se aproximar dos exclu\u00eddos oferecia esperan\u00e7a para aquelas pessoas. S\u00e3o Francisco acreditava que diante daquele que era tido como morto para a sociedade, oferecer um pouco de aten\u00e7\u00e3o, um abra\u00e7o e um beijo, significava fazer aquela pessoa sair do desespero e novamente reencontrar a esperan\u00e7a\u201d, explicou, recordando o lema episcopal de Dom Paulo Evaristo Arns:\u00a0 \u201cDe esperan\u00e7a em esperan\u00e7a\u201d.<\/p>\n<p>Frei Diego acrescentou que nos dias de hoje existem muitas lepras, n\u00e3o a doen\u00e7a, que hoje \u00e9 conhecida como hansen\u00edase, mas situa\u00e7\u00f5es que oprimem e isolam as pessoas, como a falta de sentido, corrup\u00e7\u00e3o, \u00f3dio, intoler\u00e2ncia, vingan\u00e7a, preconceito. \u201cDiante destas lepras, n\u00f3s, franciscanos, precisamos levar a esperan\u00e7a, reacordar no cora\u00e7\u00e3o das pessoas essa esperan\u00e7a de que n\u00e3o \u00e9 por esse caminho. N\u00e3o \u00e9 pelo caminho do preconceito, do \u00f3dio, da falta de sentido. N\u00e3o \u00e9 por esse caminho que n\u00f3s vamos trilhar os passos de Jesus. Redescobrir a esperan\u00e7a significa mostrar para as pessoas e para n\u00f3s mesmos uma alternativa diante de um mundo e de um sistema que prega a morte, o \u00f3dio, a exclus\u00e3o. Precisamos detectar as fontes deste desespero. Diante de tantas lepras, precisamos sair de nossa comodidade, sermos arautos de um novo mundo poss\u00edvel\u201d, concluiu.<\/p>\n<p>Ao final da celebra\u00e7\u00e3o, os presentes receberam a b\u00ean\u00e7\u00e3o atrav\u00e9s das m\u00e3os de Frei Diego, Frei Marx Reis e Frei Odorico Decker.<\/p>\n<p><img loading=\"lazy\" class=\"aligncenter\" src=\"http:\/\/franciscanos.org.br\/wp-content\/uploads\/2018\/09\/novena_270918-B.jpg\" alt=\"novena_270918 B\" width=\"830\" height=\"500\" \/><\/p>\n<p>A Novena no Convento e Santu\u00e1rio S\u00e3o Francisco acontece at\u00e9 o dia 3 de outubro, de ter\u00e7a a sexta \u00e0s 15h e segunda-feira ao meio-dia. No domingo, 30 de setembro, acontece a prociss\u00e3o, saindo do Mosteiro S\u00e3o Bento \u00e0s 9h30. Em seguida, \u00e0s 10h30,\u00a0 ser\u00e1 celebrado o 6\u00ba dia da novena, presidido por Dom Mathias Tolentino Braga, abade do Mosteiro.<\/p>\n<p>No dia 3, quarta-feira, haver\u00e1 a celebra\u00e7\u00e3o do Tr\u00e2nsito de S\u00e3o Francisco, \u00e0s 18h.<\/p>\n<p>No dia 4, dia de S\u00e3o Francisco, haver\u00e1 missa \u00e0s 7h30, 9h, 10h30, 12h, 13h30, 15h, 16h30 e 18h. Durante todo o dia haver\u00e1 barracas no lado externo com comidas t\u00edpicas, ado\u00e7\u00e3o de animais, b\u00ean\u00e7\u00e3o das criaturas, venda de p\u00e3o do convento e muito mais.<\/p>\n","protected":false},"excerpt":{"rendered":"<p>Convento e Santu\u00e1rio S\u00e3o Francisco (SP)<\/p>\n","protected":false},"author":1,"featured_media":191635,"comment_status":"open","ping_status":"open","sticky":false,"template":"","format":"standard","meta":[],"categories":[1],"tags":[312],"acf":[],"yoast_head":"<!-- This site is optimized with the Yoast SEO plugin v19.2 - https:\/\/yoast.com\/wordpress\/plugins\/seo\/ -->\n<title>Franciscanos: sinal de esperan\u00e7a diante da &#039;lepra&#039; do mundo - Not\u00edcias - Franciscanos<\/title>\n<meta name=\"robots\" content=\"index, follow, max-snippet:-1, max-image-preview:large, max-video-preview:-1\" \/>\n<link rel=\"canonical\" href=\"https:\/\/franciscanos.org.br\/noticias\/franciscanos-sinais-de-esperanca-na-lepra-do-mundo.html\" \/>\n<meta property=\"og:locale\" content=\"pt_BR\" \/>\n<meta property=\"og:type\" content=\"article\" \/>\n<meta property=\"og:title\" content=\"Franciscanos: sinal de esperan\u00e7a diante da &#039;lepra&#039; do mundo - Not\u00edcias - Franciscanos\" \/>\n<meta property=\"og:description\" content=\"Convento e Santu\u00e1rio S\u00e3o Francisco (SP)\" \/>\n<meta property=\"og:url\" content=\"https:\/\/franciscanos.org.br\/noticias\/franciscanos-sinais-de-esperanca-na-lepra-do-mundo.html\" \/>\n<meta property=\"og:site_name\" content=\"Not\u00edcias - Franciscanos\" \/>\n<meta property=\"article:published_time\" content=\"2018-09-27T22:34:02+00:00\" \/>\n<meta property=\"article:modified_time\" content=\"2020-06-06T22:21:08+00:00\" \/>\n<meta property=\"og:image\" content=\"https:\/\/franciscanos.org.br\/noticias\/wp-content\/uploads\/2018\/09\/novena_270918-830.jpg\" \/>\n\t<meta property=\"og:image:width\" content=\"273\" \/>\n\t<meta property=\"og:image:height\" content=\"181\" \/>\n\t<meta property=\"og:image:type\" content=\"image\/jpeg\" \/>\n<meta name=\"author\" content=\"admin\" \/>\n<meta name=\"twitter:card\" content=\"summary_large_image\" \/>\n<meta name=\"twitter:label1\" content=\"Escrito por\" \/>\n\t<meta name=\"twitter:data1\" content=\"admin\" \/>\n\t<meta name=\"twitter:label2\" content=\"Est. tempo de leitura\" \/>\n\t<meta name=\"twitter:data2\" content=\"3 minutos\" \/>\n<script type=\"application\/ld+json\" class=\"yoast-schema-graph\">{\"@context\":\"https:\/\/schema.org\",\"@graph\":[{\"@type\":\"WebSite\",\"@id\":\"https:\/\/franciscanos.org.br\/noticias\/#website\",\"url\":\"https:\/\/franciscanos.org.br\/noticias\/\",\"name\":\"Not\u00edcias - Franciscanos\",\"description\":\"Prov\u00edncia Franciscana da Imaculada Concei\u00e7\u00e3o do Brasil - Ordem dos Frades Menores - OFM\",\"potentialAction\":[{\"@type\":\"SearchAction\",\"target\":{\"@type\":\"EntryPoint\",\"urlTemplate\":\"https:\/\/franciscanos.org.br\/noticias\/?s={search_term_string}\"},\"query-input\":\"required name=search_term_string\"}],\"inLanguage\":\"pt-BR\"},{\"@type\":\"ImageObject\",\"inLanguage\":\"pt-BR\",\"@id\":\"https:\/\/franciscanos.org.br\/noticias\/franciscanos-sinais-de-esperanca-na-lepra-do-mundo.html#primaryimage\",\"url\":\"https:\/\/franciscanos.org.br\/noticias\/wp-content\/uploads\/2018\/09\/novena_270918-830.jpg\",\"contentUrl\":\"https:\/\/franciscanos.org.br\/noticias\/wp-content\/uploads\/2018\/09\/novena_270918-830.jpg\",\"width\":273,\"height\":181},{\"@type\":\"WebPage\",\"@id\":\"https:\/\/franciscanos.org.br\/noticias\/franciscanos-sinais-de-esperanca-na-lepra-do-mundo.html#webpage\",\"url\":\"https:\/\/franciscanos.org.br\/noticias\/franciscanos-sinais-de-esperanca-na-lepra-do-mundo.html\",\"name\":\"Franciscanos: sinal de esperan\u00e7a diante da 'lepra' do mundo - Not\u00edcias - Franciscanos\",\"isPartOf\":{\"@id\":\"https:\/\/franciscanos.org.br\/noticias\/#website\"},\"primaryImageOfPage\":{\"@id\":\"https:\/\/franciscanos.org.br\/noticias\/franciscanos-sinais-de-esperanca-na-lepra-do-mundo.html#primaryimage\"},\"datePublished\":\"2018-09-27T22:34:02+00:00\",\"dateModified\":\"2020-06-06T22:21:08+00:00\",\"author\":{\"@id\":\"https:\/\/franciscanos.org.br\/noticias\/#\/schema\/person\/b38fbf43118f02820bd932f2e4b14ad3\"},\"breadcrumb\":{\"@id\":\"https:\/\/franciscanos.org.br\/noticias\/franciscanos-sinais-de-esperanca-na-lepra-do-mundo.html#breadcrumb\"},\"inLanguage\":\"pt-BR\",\"potentialAction\":[{\"@type\":\"ReadAction\",\"target\":[\"https:\/\/franciscanos.org.br\/noticias\/franciscanos-sinais-de-esperanca-na-lepra-do-mundo.html\"]}]},{\"@type\":\"BreadcrumbList\",\"@id\":\"https:\/\/franciscanos.org.br\/noticias\/franciscanos-sinais-de-esperanca-na-lepra-do-mundo.html#breadcrumb\",\"itemListElement\":[{\"@type\":\"ListItem\",\"position\":1,\"name\":\"Home\",\"item\":\"https:\/\/franciscanos.org.br\/noticias\"},{\"@type\":\"ListItem\",\"position\":2,\"name\":\"Franciscanos: sinal de esperan\u00e7a diante da &#8216;lepra&#8217; do mundo\"}]},{\"@type\":\"Person\",\"@id\":\"https:\/\/franciscanos.org.br\/noticias\/#\/schema\/person\/b38fbf43118f02820bd932f2e4b14ad3\",\"name\":\"admin\",\"image\":{\"@type\":\"ImageObject\",\"inLanguage\":\"pt-BR\",\"@id\":\"https:\/\/franciscanos.org.br\/noticias\/#\/schema\/person\/image\/\",\"url\":\"https:\/\/secure.gravatar.com\/avatar\/e8495742d34d0ba6448ea1c628263b3e?s=96&d=mm&r=g\",\"contentUrl\":\"https:\/\/secure.gravatar.com\/avatar\/e8495742d34d0ba6448ea1c628263b3e?s=96&d=mm&r=g\",\"caption\":\"admin\"},\"url\":\"https:\/\/franciscanos.org.br\/noticias\/author\/admin\"}]}<\/script>\n<!-- \/ Yoast SEO plugin. -->","yoast_head_json":{"title":"Franciscanos: sinal de esperan\u00e7a diante da 'lepra' do mundo - Not\u00edcias - Franciscanos","robots":{"index":"index","follow":"follow","max-snippet":"max-snippet:-1","max-image-preview":"max-image-preview:large","max-video-preview":"max-video-preview:-1"},"canonical":"https:\/\/franciscanos.org.br\/noticias\/franciscanos-sinais-de-esperanca-na-lepra-do-mundo.html","og_locale":"pt_BR","og_type":"article","og_title":"Franciscanos: sinal de esperan\u00e7a diante da 'lepra' do mundo - Not\u00edcias - Franciscanos","og_description":"Convento e Santu\u00e1rio S\u00e3o Francisco (SP)","og_url":"https:\/\/franciscanos.org.br\/noticias\/franciscanos-sinais-de-esperanca-na-lepra-do-mundo.html","og_site_name":"Not\u00edcias - Franciscanos","article_published_time":"2018-09-27T22:34:02+00:00","article_modified_time":"2020-06-06T22:21:08+00:00","og_image":[{"width":273,"height":181,"url":"https:\/\/franciscanos.org.br\/noticias\/wp-content\/uploads\/2018\/09\/novena_270918-830.jpg","type":"image\/jpeg"}],"author":"admin","twitter_card":"summary_large_image","twitter_misc":{"Escrito por":"admin","Est. tempo de leitura":"3 minutos"},"schema":{"@context":"https:\/\/schema.org","@graph":[{"@type":"WebSite","@id":"https:\/\/franciscanos.org.br\/noticias\/#website","url":"https:\/\/franciscanos.org.br\/noticias\/","name":"Not\u00edcias - Franciscanos","description":"Prov\u00edncia Franciscana da Imaculada Concei\u00e7\u00e3o do Brasil - Ordem dos Frades Menores - OFM","potentialAction":[{"@type":"SearchAction","target":{"@type":"EntryPoint","urlTemplate":"https:\/\/franciscanos.org.br\/noticias\/?s={search_term_string}"},"query-input":"required name=search_term_string"}],"inLanguage":"pt-BR"},{"@type":"ImageObject","inLanguage":"pt-BR","@id":"https:\/\/franciscanos.org.br\/noticias\/franciscanos-sinais-de-esperanca-na-lepra-do-mundo.html#primaryimage","url":"https:\/\/franciscanos.org.br\/noticias\/wp-content\/uploads\/2018\/09\/novena_270918-830.jpg","contentUrl":"https:\/\/franciscanos.org.br\/noticias\/wp-content\/uploads\/2018\/09\/novena_270918-830.jpg","width":273,"height":181},{"@type":"WebPage","@id":"https:\/\/franciscanos.org.br\/noticias\/franciscanos-sinais-de-esperanca-na-lepra-do-mundo.html#webpage","url":"https:\/\/franciscanos.org.br\/noticias\/franciscanos-sinais-de-esperanca-na-lepra-do-mundo.html","name":"Franciscanos: sinal de esperan\u00e7a diante da 'lepra' do mundo - Not\u00edcias - Franciscanos","isPartOf":{"@id":"https:\/\/franciscanos.org.br\/noticias\/#website"},"primaryImageOfPage":{"@id":"https:\/\/franciscanos.org.br\/noticias\/franciscanos-sinais-de-esperanca-na-lepra-do-mundo.html#primaryimage"},"datePublished":"2018-09-27T22:34:02+00:00","dateModified":"2020-06-06T22:21:08+00:00","author":{"@id":"https:\/\/franciscanos.org.br\/noticias\/#\/schema\/person\/b38fbf43118f02820bd932f2e4b14ad3"},"breadcrumb":{"@id":"https:\/\/franciscanos.org.br\/noticias\/franciscanos-sinais-de-esperanca-na-lepra-do-mundo.html#breadcrumb"},"inLanguage":"pt-BR","potentialAction":[{"@type":"ReadAction","target":["https:\/\/franciscanos.org.br\/noticias\/franciscanos-sinais-de-esperanca-na-lepra-do-mundo.html"]}]},{"@type":"BreadcrumbList","@id":"https:\/\/franciscanos.org.br\/noticias\/franciscanos-sinais-de-esperanca-na-lepra-do-mundo.html#breadcrumb","itemListElement":[{"@type":"ListItem","position":1,"name":"Home","item":"https:\/\/franciscanos.org.br\/noticias"},{"@type":"ListItem","position":2,"name":"Franciscanos: sinal de esperan\u00e7a diante da &#8216;lepra&#8217; do mundo"}]},{"@type":"Person","@id":"https:\/\/franciscanos.org.br\/noticias\/#\/schema\/person\/b38fbf43118f02820bd932f2e4b14ad3","name":"admin","image":{"@type":"ImageObject","inLanguage":"pt-BR","@id":"https:\/\/franciscanos.org.br\/noticias\/#\/schema\/person\/image\/","url":"https:\/\/secure.gravatar.com\/avatar\/e8495742d34d0ba6448ea1c628263b3e?s=96&d=mm&r=g","contentUrl":"https:\/\/secure.gravatar.com\/avatar\/e8495742d34d0ba6448ea1c628263b3e?s=96&d=mm&r=g","caption":"admin"},"url":"https:\/\/franciscanos.org.br\/noticias\/author\/admin"}]}},"_links":{"self":[{"href":"https:\/\/franciscanos.org.br\/noticias\/wp-json\/wp\/v2\/posts\/172625"}],"collection":[{"href":"https:\/\/franciscanos.org.br\/noticias\/wp-json\/wp\/v2\/posts"}],"about":[{"href":"https:\/\/franciscanos.org.br\/noticias\/wp-json\/wp\/v2\/types\/post"}],"author":[{"embeddable":true,"href":"https:\/\/franciscanos.org.br\/noticias\/wp-json\/wp\/v2\/users\/1"}],"replies":[{"embeddable":true,"href":"https:\/\/franciscanos.org.br\/noticias\/wp-json\/wp\/v2\/comments?post=172625"}],"version-history":[{"count":1,"href":"https:\/\/franciscanos.org.br\/noticias\/wp-json\/wp\/v2\/posts\/172625\/revisions"}],"predecessor-version":[{"id":224776,"href":"https:\/\/franciscanos.org.br\/noticias\/wp-json\/wp\/v2\/posts\/172625\/revisions\/224776"}],"wp:featuredmedia":[{"embeddable":true,"href":"https:\/\/franciscanos.org.br\/noticias\/wp-json\/wp\/v2\/media\/191635"}],"wp:attachment":[{"href":"https:\/\/franciscanos.org.br\/noticias\/wp-json\/wp\/v2\/media?parent=172625"}],"wp:term":[{"taxonomy":"category","embeddable":true,"href":"https:\/\/franciscanos.org.br\/noticias\/wp-json\/wp\/v2\/categories?post=172625"},{"taxonomy":"post_tag","embeddable":true,"href":"https:\/\/franciscanos.org.br\/noticias\/wp-json\/wp\/v2\/tags?post=172625"}],"curies":[{"name":"wp","href":"https:\/\/api.w.org\/{rel}","templated":true}]}}