{"id":172606,"date":"2018-09-27T14:40:03","date_gmt":"2018-09-27T17:40:03","guid":{"rendered":"http:\/\/franciscanos.org.br\/?p=172606"},"modified":"2018-11-27T10:52:22","modified_gmt":"2018-11-27T12:52:22","slug":"congregacao-fundada-por-frei-orestes-completa-50-anos","status":"publish","type":"post","link":"https:\/\/franciscanos.org.br\/noticias\/congregacao-fundada-por-frei-orestes-completa-50-anos.html","title":{"rendered":"Congrega\u00e7\u00e3o fundada por Frei Orestes completa 50 anos"},"content":{"rendered":"<p><img loading=\"lazy\" class=\"alignright wp-image-172607\" src=\"http:\/\/franciscanos.org.br\/wp-content\/uploads\/2018\/09\/orestes_270918.jpg\" alt=\"orestes_270918\" width=\"301\" height=\"454\" \/>As Irm\u00e3s Franciscanas de Nossa Senhora de F\u00e1tima, celebraram, em Campos do Jord\u00e3o, 50 anos de funda\u00e7\u00e3o. Embora os trabalhos com as crian\u00e7as tenham come\u00e7ado em 1959, a Congrega\u00e7\u00e3o recebeu a aprova\u00e7\u00e3o eclesi\u00e1stica em setembro de 1968.<\/p>\n<p>A Missa de a\u00e7\u00e3o de gra\u00e7as foi celebrada pelo bispo diocesano Dom Wilson Lu\u00eds Angotti. Concelebraram, al\u00e9m do p\u00e1roco Padre Beto, o Padre Ant\u00f4nio Marcos Girardi, primo-irm\u00e3o de Frei Orestes e autor dos primeiros estatutos da Congrega\u00e7\u00e3o, e Frei Clar\u00eancio Neotti, que assumiu o acompanhamento da Congrega\u00e7\u00e3o logo depois da morte de Frei Orestes (5 de agosto de 1988) e as acompanhou por 14 anos.<\/p>\n<p>Hoje as Irm\u00e3s t\u00eam quatro casas em Campos do Jord\u00e3o, tr\u00eas em Minas, duas no Paran\u00e1 e uma no Rio de Janeiro. Sempre fi\u00e9is ao carisma primitivo: o cuidado de crian\u00e7as carentes de zero a doze anos.<\/p>\n<p>Por ocasi\u00e3o do cinquenten\u00e1rio, o Padre Ant\u00f4nio Girardi lan\u00e7ou o livro Convivi com um Santo, que pode ser adquirido por dez reais na SEA, rua Dr. Pereira Barreto 233, Vila Abern\u00e9ssia, 12460-000 Campos do Jord\u00e3o, SP.<\/p>\n<p><strong>AUSTERIDADE E ORA\u00c7\u00c3O<\/strong><\/p>\n<p>Frei Orestes Girardi nasceu na cidade de Nova Prata, RS, aos 6 de setembro de 1921, filho de Adolpho Girardi e Leonilda Tasso Girardi. Ele nasceu deficiente f\u00edsico, defici\u00eancia essa que mais tarde lhe causou escoliose. Aos 10 de setembro de 1936 ingressou na Ordem dos Frades Menores, atrav\u00e9s do Noviciado de Rodeio (SC). Em 22 de novembro do mesmo ano recebeu o h\u00e1bito franciscano de irm\u00e3o menor e passou a se chamar Frei Orestes.<\/p>\n<p>Em todos os lugares onde morou, e durante toda sua vida, sempre procurou viver uma vida austera, de profunda ora\u00e7\u00e3o e doa\u00e7\u00e3o. Era despojado e n\u00e3o media esfor\u00e7os para ajudar aqueles que procuravam por sua assist\u00eancia. Humilde, pequenino, mas de grande for\u00e7a, vigor, resist\u00eancia, determina\u00e7\u00e3o, coragem e f\u00e9.<\/p>\n<p><a href=\"http:\/\/franciscanos.org.br\/wp-content\/uploads\/2018\/04\/CAMINHADA-FREI-ORESTES.jpg\"><img loading=\"lazy\" class=\"alignleft size-full wp-image-156664\" src=\"http:\/\/franciscanos.org.br\/wp-content\/uploads\/2018\/04\/CAMINHADA-FREI-ORESTES.jpg\" alt=\"CAMINHADA-FREI-ORESTES\" width=\"300\" height=\"330\" \/><\/a>Como franciscano tinha um profundo amor e respeito pela Eucaristia e para com os sacerdotes. Era um grande admirador da natureza, o colorido e a alegria das flores o levavam a reconhecer a presen\u00e7a de Deus na cria\u00e7\u00e3o. Seu jeito de ser deixou grandes marcas em todos os lugares por onde passou.<\/p>\n<p>Chegou a Campos do Jord\u00e3o no ano de 1955 e recebeu a miss\u00e3o de cuidar da portaria do Convento e da sacristia. Logo percebeu que faltava muito para terminar as obras da Igreja Matriz: sacristia, altares, confession\u00e1rios, alguns vitrais e os sinos. Os frades moravam nos fundos da Igreja, em cima da sacristia. Tudo era prec\u00e1rio e provis\u00f3rio. E ainda se surpreendeu com o frio intenso.<\/p>\n<p>Rapidamente, como nos outros lugares por onde j\u00e1 havia morado, prontificou-se a colaborar nas campanhas em melhoramento da igreja. A primeira campanha foi a dos tr\u00eas sinos, logo conseguiu tamb\u00e9m o rel\u00f3gio. Depois veio a campanha do novo altar, sendo um pouco mais f\u00e1cil de ser realizada, pois o povo j\u00e1 tinha confian\u00e7a em suas campanhas. Sendo um homem de grande sensibilidade e amor aos pobres, sua obra em Campos do Jord\u00e3o voltou-se tamb\u00e9m aos mais necessitados, especialmente as crian\u00e7as que ele encontrava, famintas e abandonadas, necessitadas de alimento, amor, aten\u00e7\u00e3o e educa\u00e7\u00e3o, que a todo o momento batiam \u00e0 porta do convento para pedir algo. Ele sentia que precisava fazer alguma coisa por estas crian\u00e7as e suas fam\u00edlias. Ent\u00e3o, come\u00e7ou a dar catequese e orient\u00e1-las, reunindo-as na sombra de uma \u00e1rvore. E a partir deste trabalho, em 1959, nasceu a SEA &#8211; Sociedade de Educa\u00e7\u00e3o e Assist\u00eancia Frei Orestes.<\/p>\n<p>Seu sonho de ser sacerdote, apesar de tantos empreendimentos, desafios e surpresas do Esp\u00edrito do Senhor, persistia. Conseguiu ordenar-se di\u00e1cono no dia 12\/03\/72 em S\u00e3o Paulo. Na Igreja Matriz de Santa Teresinha, em 1986, Frei Orestes celebrou 50 anos de Vida Consagrada Franciscana.<\/p>\n<p>Em 1988, ele conseguiu tamb\u00e9m a realiza\u00e7\u00e3o de dois sonhos: a aprova\u00e7\u00e3o da Congrega\u00e7\u00e3o das Irm\u00e3s Franciscanas de Nossa Senhora de F\u00e1tima pelo bispo Dom Ant\u00f4nio Afonso de Miranda no dia 13 de maio e. no dia 29, fez-se a entroniza\u00e7\u00e3o da imagem de Nossa Senhora de F\u00e1tima e dos tr\u00eas Pastorinhos, inaugurando o conhecido Trono de Nossa Senhora.<\/p>\n<p>Frei Orestes estava com a sa\u00fade muito fr\u00e1gil mas n\u00e3o se deixava abater e continuava suas visitas e assist\u00eancia aos pobres. Antes de falecer, no dia 5 de agosto de 1988, disse: \u201cN\u00e3o deixem as crian\u00e7as passarem fome e nem frio\u201d.<\/p>\n","protected":false},"excerpt":{"rendered":"<p>CFFB<\/p>\n","protected":false},"author":1,"featured_media":191628,"comment_status":"open","ping_status":"open","sticky":false,"template":"","format":"standard","meta":[],"categories":[1],"tags":[306],"acf":[],"yoast_head":"<!-- This site is optimized with the Yoast SEO plugin v19.2 - https:\/\/yoast.com\/wordpress\/plugins\/seo\/ -->\n<title>Congrega\u00e7\u00e3o fundada por Frei Orestes completa 50 anos - Not\u00edcias - Franciscanos<\/title>\n<meta name=\"robots\" content=\"index, follow, max-snippet:-1, max-image-preview:large, max-video-preview:-1\" \/>\n<link rel=\"canonical\" href=\"https:\/\/franciscanos.org.br\/noticias\/congregacao-fundada-por-frei-orestes-completa-50-anos.html\" \/>\n<meta property=\"og:locale\" content=\"pt_BR\" \/>\n<meta property=\"og:type\" content=\"article\" \/>\n<meta property=\"og:title\" content=\"Congrega\u00e7\u00e3o fundada por Frei Orestes completa 50 anos - Not\u00edcias - Franciscanos\" \/>\n<meta property=\"og:description\" content=\"CFFB\" \/>\n<meta property=\"og:url\" content=\"https:\/\/franciscanos.org.br\/noticias\/congregacao-fundada-por-frei-orestes-completa-50-anos.html\" \/>\n<meta property=\"og:site_name\" content=\"Not\u00edcias - Franciscanos\" \/>\n<meta property=\"article:published_time\" content=\"2018-09-27T17:40:03+00:00\" \/>\n<meta property=\"article:modified_time\" content=\"2018-11-27T12:52:22+00:00\" \/>\n<meta property=\"og:image\" content=\"https:\/\/franciscanos.org.br\/noticias\/wp-content\/uploads\/2018\/09\/orestes_2.jpg\" \/>\n\t<meta property=\"og:image:width\" content=\"273\" \/>\n\t<meta property=\"og:image:height\" content=\"181\" \/>\n\t<meta property=\"og:image:type\" content=\"image\/jpeg\" \/>\n<meta name=\"author\" content=\"admin\" \/>\n<meta name=\"twitter:card\" content=\"summary_large_image\" \/>\n<meta name=\"twitter:label1\" content=\"Escrito por\" \/>\n\t<meta name=\"twitter:data1\" content=\"admin\" \/>\n\t<meta name=\"twitter:label2\" content=\"Est. tempo de leitura\" \/>\n\t<meta name=\"twitter:data2\" content=\"4 minutos\" \/>\n<script type=\"application\/ld+json\" class=\"yoast-schema-graph\">{\"@context\":\"https:\/\/schema.org\",\"@graph\":[{\"@type\":\"WebSite\",\"@id\":\"https:\/\/franciscanos.org.br\/noticias\/#website\",\"url\":\"https:\/\/franciscanos.org.br\/noticias\/\",\"name\":\"Not\u00edcias - Franciscanos\",\"description\":\"Prov\u00edncia Franciscana da Imaculada Concei\u00e7\u00e3o do Brasil - Ordem dos Frades Menores - OFM\",\"potentialAction\":[{\"@type\":\"SearchAction\",\"target\":{\"@type\":\"EntryPoint\",\"urlTemplate\":\"https:\/\/franciscanos.org.br\/noticias\/?s={search_term_string}\"},\"query-input\":\"required name=search_term_string\"}],\"inLanguage\":\"pt-BR\"},{\"@type\":\"ImageObject\",\"inLanguage\":\"pt-BR\",\"@id\":\"https:\/\/franciscanos.org.br\/noticias\/congregacao-fundada-por-frei-orestes-completa-50-anos.html#primaryimage\",\"url\":\"https:\/\/franciscanos.org.br\/noticias\/wp-content\/uploads\/2018\/09\/orestes_2.jpg\",\"contentUrl\":\"https:\/\/franciscanos.org.br\/noticias\/wp-content\/uploads\/2018\/09\/orestes_2.jpg\",\"width\":273,\"height\":181},{\"@type\":\"WebPage\",\"@id\":\"https:\/\/franciscanos.org.br\/noticias\/congregacao-fundada-por-frei-orestes-completa-50-anos.html#webpage\",\"url\":\"https:\/\/franciscanos.org.br\/noticias\/congregacao-fundada-por-frei-orestes-completa-50-anos.html\",\"name\":\"Congrega\u00e7\u00e3o fundada por Frei Orestes completa 50 anos - Not\u00edcias - Franciscanos\",\"isPartOf\":{\"@id\":\"https:\/\/franciscanos.org.br\/noticias\/#website\"},\"primaryImageOfPage\":{\"@id\":\"https:\/\/franciscanos.org.br\/noticias\/congregacao-fundada-por-frei-orestes-completa-50-anos.html#primaryimage\"},\"datePublished\":\"2018-09-27T17:40:03+00:00\",\"dateModified\":\"2018-11-27T12:52:22+00:00\",\"author\":{\"@id\":\"https:\/\/franciscanos.org.br\/noticias\/#\/schema\/person\/b38fbf43118f02820bd932f2e4b14ad3\"},\"breadcrumb\":{\"@id\":\"https:\/\/franciscanos.org.br\/noticias\/congregacao-fundada-por-frei-orestes-completa-50-anos.html#breadcrumb\"},\"inLanguage\":\"pt-BR\",\"potentialAction\":[{\"@type\":\"ReadAction\",\"target\":[\"https:\/\/franciscanos.org.br\/noticias\/congregacao-fundada-por-frei-orestes-completa-50-anos.html\"]}]},{\"@type\":\"BreadcrumbList\",\"@id\":\"https:\/\/franciscanos.org.br\/noticias\/congregacao-fundada-por-frei-orestes-completa-50-anos.html#breadcrumb\",\"itemListElement\":[{\"@type\":\"ListItem\",\"position\":1,\"name\":\"Home\",\"item\":\"https:\/\/franciscanos.org.br\/noticias\"},{\"@type\":\"ListItem\",\"position\":2,\"name\":\"Congrega\u00e7\u00e3o fundada por Frei Orestes completa 50 anos\"}]},{\"@type\":\"Person\",\"@id\":\"https:\/\/franciscanos.org.br\/noticias\/#\/schema\/person\/b38fbf43118f02820bd932f2e4b14ad3\",\"name\":\"admin\",\"image\":{\"@type\":\"ImageObject\",\"inLanguage\":\"pt-BR\",\"@id\":\"https:\/\/franciscanos.org.br\/noticias\/#\/schema\/person\/image\/\",\"url\":\"https:\/\/secure.gravatar.com\/avatar\/e8495742d34d0ba6448ea1c628263b3e?s=96&d=mm&r=g\",\"contentUrl\":\"https:\/\/secure.gravatar.com\/avatar\/e8495742d34d0ba6448ea1c628263b3e?s=96&d=mm&r=g\",\"caption\":\"admin\"},\"url\":\"https:\/\/franciscanos.org.br\/noticias\/author\/admin\"}]}<\/script>\n<!-- \/ Yoast SEO plugin. -->","yoast_head_json":{"title":"Congrega\u00e7\u00e3o fundada por Frei Orestes completa 50 anos - Not\u00edcias - Franciscanos","robots":{"index":"index","follow":"follow","max-snippet":"max-snippet:-1","max-image-preview":"max-image-preview:large","max-video-preview":"max-video-preview:-1"},"canonical":"https:\/\/franciscanos.org.br\/noticias\/congregacao-fundada-por-frei-orestes-completa-50-anos.html","og_locale":"pt_BR","og_type":"article","og_title":"Congrega\u00e7\u00e3o fundada por Frei Orestes completa 50 anos - Not\u00edcias - Franciscanos","og_description":"CFFB","og_url":"https:\/\/franciscanos.org.br\/noticias\/congregacao-fundada-por-frei-orestes-completa-50-anos.html","og_site_name":"Not\u00edcias - Franciscanos","article_published_time":"2018-09-27T17:40:03+00:00","article_modified_time":"2018-11-27T12:52:22+00:00","og_image":[{"width":273,"height":181,"url":"https:\/\/franciscanos.org.br\/noticias\/wp-content\/uploads\/2018\/09\/orestes_2.jpg","type":"image\/jpeg"}],"author":"admin","twitter_card":"summary_large_image","twitter_misc":{"Escrito por":"admin","Est. tempo de leitura":"4 minutos"},"schema":{"@context":"https:\/\/schema.org","@graph":[{"@type":"WebSite","@id":"https:\/\/franciscanos.org.br\/noticias\/#website","url":"https:\/\/franciscanos.org.br\/noticias\/","name":"Not\u00edcias - Franciscanos","description":"Prov\u00edncia Franciscana da Imaculada Concei\u00e7\u00e3o do Brasil - Ordem dos Frades Menores - OFM","potentialAction":[{"@type":"SearchAction","target":{"@type":"EntryPoint","urlTemplate":"https:\/\/franciscanos.org.br\/noticias\/?s={search_term_string}"},"query-input":"required name=search_term_string"}],"inLanguage":"pt-BR"},{"@type":"ImageObject","inLanguage":"pt-BR","@id":"https:\/\/franciscanos.org.br\/noticias\/congregacao-fundada-por-frei-orestes-completa-50-anos.html#primaryimage","url":"https:\/\/franciscanos.org.br\/noticias\/wp-content\/uploads\/2018\/09\/orestes_2.jpg","contentUrl":"https:\/\/franciscanos.org.br\/noticias\/wp-content\/uploads\/2018\/09\/orestes_2.jpg","width":273,"height":181},{"@type":"WebPage","@id":"https:\/\/franciscanos.org.br\/noticias\/congregacao-fundada-por-frei-orestes-completa-50-anos.html#webpage","url":"https:\/\/franciscanos.org.br\/noticias\/congregacao-fundada-por-frei-orestes-completa-50-anos.html","name":"Congrega\u00e7\u00e3o fundada por Frei Orestes completa 50 anos - Not\u00edcias - Franciscanos","isPartOf":{"@id":"https:\/\/franciscanos.org.br\/noticias\/#website"},"primaryImageOfPage":{"@id":"https:\/\/franciscanos.org.br\/noticias\/congregacao-fundada-por-frei-orestes-completa-50-anos.html#primaryimage"},"datePublished":"2018-09-27T17:40:03+00:00","dateModified":"2018-11-27T12:52:22+00:00","author":{"@id":"https:\/\/franciscanos.org.br\/noticias\/#\/schema\/person\/b38fbf43118f02820bd932f2e4b14ad3"},"breadcrumb":{"@id":"https:\/\/franciscanos.org.br\/noticias\/congregacao-fundada-por-frei-orestes-completa-50-anos.html#breadcrumb"},"inLanguage":"pt-BR","potentialAction":[{"@type":"ReadAction","target":["https:\/\/franciscanos.org.br\/noticias\/congregacao-fundada-por-frei-orestes-completa-50-anos.html"]}]},{"@type":"BreadcrumbList","@id":"https:\/\/franciscanos.org.br\/noticias\/congregacao-fundada-por-frei-orestes-completa-50-anos.html#breadcrumb","itemListElement":[{"@type":"ListItem","position":1,"name":"Home","item":"https:\/\/franciscanos.org.br\/noticias"},{"@type":"ListItem","position":2,"name":"Congrega\u00e7\u00e3o fundada por Frei Orestes completa 50 anos"}]},{"@type":"Person","@id":"https:\/\/franciscanos.org.br\/noticias\/#\/schema\/person\/b38fbf43118f02820bd932f2e4b14ad3","name":"admin","image":{"@type":"ImageObject","inLanguage":"pt-BR","@id":"https:\/\/franciscanos.org.br\/noticias\/#\/schema\/person\/image\/","url":"https:\/\/secure.gravatar.com\/avatar\/e8495742d34d0ba6448ea1c628263b3e?s=96&d=mm&r=g","contentUrl":"https:\/\/secure.gravatar.com\/avatar\/e8495742d34d0ba6448ea1c628263b3e?s=96&d=mm&r=g","caption":"admin"},"url":"https:\/\/franciscanos.org.br\/noticias\/author\/admin"}]}},"_links":{"self":[{"href":"https:\/\/franciscanos.org.br\/noticias\/wp-json\/wp\/v2\/posts\/172606"}],"collection":[{"href":"https:\/\/franciscanos.org.br\/noticias\/wp-json\/wp\/v2\/posts"}],"about":[{"href":"https:\/\/franciscanos.org.br\/noticias\/wp-json\/wp\/v2\/types\/post"}],"author":[{"embeddable":true,"href":"https:\/\/franciscanos.org.br\/noticias\/wp-json\/wp\/v2\/users\/1"}],"replies":[{"embeddable":true,"href":"https:\/\/franciscanos.org.br\/noticias\/wp-json\/wp\/v2\/comments?post=172606"}],"version-history":[{"count":0,"href":"https:\/\/franciscanos.org.br\/noticias\/wp-json\/wp\/v2\/posts\/172606\/revisions"}],"wp:featuredmedia":[{"embeddable":true,"href":"https:\/\/franciscanos.org.br\/noticias\/wp-json\/wp\/v2\/media\/191628"}],"wp:attachment":[{"href":"https:\/\/franciscanos.org.br\/noticias\/wp-json\/wp\/v2\/media?parent=172606"}],"wp:term":[{"taxonomy":"category","embeddable":true,"href":"https:\/\/franciscanos.org.br\/noticias\/wp-json\/wp\/v2\/categories?post=172606"},{"taxonomy":"post_tag","embeddable":true,"href":"https:\/\/franciscanos.org.br\/noticias\/wp-json\/wp\/v2\/tags?post=172606"}],"curies":[{"name":"wp","href":"https:\/\/api.w.org\/{rel}","templated":true}]}}