{"id":172495,"date":"2018-09-26T19:53:34","date_gmt":"2018-09-26T22:53:34","guid":{"rendered":"http:\/\/franciscanos.org.br\/?p=172495"},"modified":"2020-06-06T19:25:50","modified_gmt":"2020-06-06T22:25:50","slug":"e-preciso-ter-a-fe-de-jesus-pede-frei-diego","status":"publish","type":"post","link":"https:\/\/franciscanos.org.br\/noticias\/e-preciso-ter-a-fe-de-jesus-pede-frei-diego.html","title":{"rendered":"\u00c9 preciso ter a f\u00e9 de Jesus, pede Frei Diego em novena"},"content":{"rendered":"<p><img loading=\"lazy\" class=\"alignleft\" src=\"http:\/\/franciscanos.org.br\/wp-content\/uploads\/2018\/09\/novena_260918-830.jpg\" alt=\"novena_260918 830\" width=\"830\" height=\"400\" \/><strong>\u00c9rika Augusto<\/strong><\/p>\n<p><strong>S\u00e3o Paulo (SP) &#8211;<\/strong> \u201cS\u00e3o Francisco, mais do que ter f\u00e9 em Jesus, tinha f\u00e9 de Jesus\u201d, explicou Frei Diego Melo, pregador do segundo dia da novena em honra a S\u00e3o Francisco no Santu\u00e1rio e Convento dedicado ao santo de Assis, no centro de S\u00e3o Paulo. Nesta quarta-feira, 26\/9, dezenas de pessoas se reuniram para participar do segundo dia das festividades dedicadas ao padroeiro local.<\/p>\n<p>O Convento, que re\u00fane devotos no m\u00eas de junho para a Trezena de Santo Ant\u00f4nio, est\u00e1 mostrando que S\u00e3o Francisco tamb\u00e9m tem muitos fi\u00e9is.<br \/>\nO tema apresentado hoje foi: \u201cOnde houver d\u00favida, que eu leve a f\u00e9\u201d. O pregador, que \u00e9 coordenador do Servi\u00e7o de Anima\u00e7\u00e3o Vocacional (SAV), falou sobre as d\u00favidas que habitam o cora\u00e7\u00e3o humano. \u201cDiante da realidade, somos convidados a entender a f\u00e9 como a capacidade de suportar as d\u00favidas. F\u00e9 \u00e9 a capacidade de suportar as contrariedades da vida, aquilo que n\u00e3o explicamos, que n\u00e3o conseguimos dar uma raz\u00e3o\u201d, afirmou.<\/p>\n<p>A primeira leitura, retirada da biografia de S\u00e3o Francisco segundo Tom\u00e1s de Celano, relata o per\u00edodo em que S\u00e3o Francisco esteve preso e como aquele momento de d\u00favidas come\u00e7ou a mudar seu cora\u00e7\u00e3o. \u201cFoi exatamente o momento em que, no meio daquelas d\u00favidas, quando tudo parecia ruir, S\u00e3o Francisco descobre a for\u00e7a da f\u00e9. Mesmo diante do sofrimento, da dor, da pris\u00e3o, de toda aquela l\u00f3gica de guerra na qual ele estava envolto, mesmo ali existia algo que lhe mantinha vivo, algo que lhe dava esperan\u00e7a\u201d, explicou.<\/p>\n<p>Frei Diego afirmou que aquele que busca ter a f\u00e9 de Jesus assume op\u00e7\u00f5es radicais, como o pr\u00f3prio Cristo e S\u00e3o Francisco assumiram, vendo o mundo e as pessoas com um olhar purificado, amando todos os seres. E afirmou que a f\u00e9 de S\u00e3o Francisco, entre todos os santos, foi a f\u00e9 que mais se aproximou da f\u00e9 de Jesus Cristo.<\/p>\n<p>Ele concluiu sua homilia lendo um texto de Maria Jos\u00e9 Meirelles Carvalho, mais conhecida como Maz\u00e9, sobre a f\u00e9 e a amizade com Jesus. Maz\u00e9 sofre de esclerose lateral amiotr\u00f3fica (ELA). Apesar da doen\u00e7a, ela d\u00e1 seu testemunho de f\u00e9 e de alegria de viver, mesmo diante de sua doen\u00e7a e de suas limita\u00e7\u00f5es. Segundo Frei Diego, Maz\u00e9 \u00e9 um exemplo de ter a f\u00e9 de Jesus. Acompanhe o texto na \u00edntegra:<\/p>\n<blockquote><p><strong>Simples assim\u00a0 (Maria Jos\u00e9 Meirelles)<\/strong><\/p>\n<p>Um dia veio uma enfermeira fazer um plant\u00e3o para cuidar de mim.<br \/>\nEnt\u00e3o percebi que ela olhava atentamente para um canto do meu quarto, onde fica uma mesinha com uma cadeira.<br \/>\nSobre essa mesa, um abajur e uma x\u00edcara de caf\u00e9 vazia. Fiquei a pensar o que se passava pela sua cabe\u00e7a para olhar tanto para aquele canto. Acabei por n\u00e3o resistir e perguntei a ela, o porqu\u00ea. Ela sorrindo me disse:<br \/>\n&#8211; D\u00e1-me a impress\u00e3o, olhando, que voc\u00ea vai receber uma visita para tomar caf\u00e9 com voc\u00ea.<br \/>\nRespondi a ela: isso mesmo! \u00c9 um amigo da fam\u00edlia. Ele vem sempre que preciso, para conversarmos. Nisso tocou minha campainha.<br \/>\nEla foi ver, achando que era o meu amigo. Abriu ent\u00e3o a janela, olhou em dire\u00e7\u00e3o ao meu port\u00e3o. Em seguida ela fechou a janela me dizendo que n\u00e3o era ningu\u00e9m. Deve ser alguma crian\u00e7a que apertou, exclamou ela.<br \/>\nEu respondi: ser\u00e1? Ficamos em sil\u00eancio por um instante.<br \/>\nDepois pedi a ela que pegasse meu ter\u00e7o. Ela o colocou em minha m\u00e3o, educadamente pediu licen\u00e7a para que pudesse ficar mais \u00e0 vontade e foi para uma salinha ao lado, me dizendo que se precisasse era s\u00f3 chamar. Antes que se retirasse do quarto, eu a convidei para rezar comigo. Ela n\u00e3o quis. Claro, respeitei sua decis\u00e3o.<br \/>\nPassou um tempo, at\u00e9 que ela retornou ao meu quarto para ver se estava tudo bem. Ent\u00e3o ela me disse:<br \/>\n&#8211; Seu amigo acabou nem vindo.<br \/>\nSorri, olhando para ela, e disse:<br \/>\n&#8211; Veio, mas j\u00e1 foi.<br \/>\n&#8211; Porque voc\u00ea n\u00e3o me chamou? Indagou-me. Voc\u00ea fala t\u00e3o bem dele, diz que \u00e9 amado por tantas pessoas, que gostaria de conhec\u00ea-lo.<br \/>\n&#8211; Eu te chamei, lembra? Quando te convidei para rezar comigo. Pois ent\u00e3o, \u00e9 nessa hora que Jesus vem para me visitar. Ele \u00e9 meu amigo, meu todo poderoso.<br \/>\nEla me olhou profundamente em meus olhos, apertou minhas m\u00e3os e me falou:<br \/>\nAgora sei de onde vem tanta f\u00e9 e tanta for\u00e7a para suportar essa doen\u00e7a, pois voc\u00ea \u00e9 um verdadeiro milagre de Deus. Quem me dera eu ter um pouquinho s\u00f3 da sua f\u00e9.<br \/>\nSorrindo, respondi:<br \/>\n&#8211; A f\u00e9, para obt\u00ea-la, tem que ser praticada todos os dias. Voc\u00ea vai quer que um bom di\u00e1logo com Jesus \u00e9 tudo. S\u00f3 ele saber\u00e1 o que realmente voc\u00ea precisa. Ele sabe tudo de voc\u00ea. Abra o seu cora\u00e7\u00e3o e deixe Jesus entrar. Assim ter\u00e1 tamb\u00e9m um grande amigo.<br \/>\nEla me respondeu dizendo: uma coisa t\u00e3o simples, que acabamos por n\u00e3o fazer. Conclui dizendo: Pois n\u00e3o \u00e9. Simples assim!<\/p><\/blockquote>\n<p>A Novena no Convento e Santu\u00e1rio S\u00e3o Francisco acontece at\u00e9 o dia 3 de outubro, de ter\u00e7a a sexta \u00e0s 15h e segunda-feira ao meio-dia. No domingo, 30 de setembro, acontece a prociss\u00e3o, saindo do Mosteiro S\u00e3o Bento \u00e0s 9h30. Em seguida, \u00e0s 10h30, \u00a0ser\u00e1 celebrado o 6\u00ba dia da novena, presidido por Dom Mathias Tolentino Braga, abade do Mosteiro.<\/p>\n","protected":false},"excerpt":{"rendered":"<p>Convento e Santu\u00e1rio S\u00e3o Francisco<\/p>\n","protected":false},"author":1,"featured_media":191643,"comment_status":"open","ping_status":"open","sticky":false,"template":"","format":"standard","meta":[],"categories":[1],"tags":[312],"acf":[],"yoast_head":"<!-- This site is optimized with the Yoast SEO plugin v19.2 - https:\/\/yoast.com\/wordpress\/plugins\/seo\/ -->\n<title>\u00c9 preciso ter a f\u00e9 de Jesus, pede Frei Diego em novena - Not\u00edcias - Franciscanos<\/title>\n<meta name=\"robots\" content=\"index, follow, max-snippet:-1, max-image-preview:large, max-video-preview:-1\" \/>\n<link rel=\"canonical\" href=\"https:\/\/franciscanos.org.br\/noticias\/e-preciso-ter-a-fe-de-jesus-pede-frei-diego.html\" \/>\n<meta property=\"og:locale\" content=\"pt_BR\" \/>\n<meta property=\"og:type\" content=\"article\" \/>\n<meta property=\"og:title\" content=\"\u00c9 preciso ter a f\u00e9 de Jesus, pede Frei Diego em novena - Not\u00edcias - Franciscanos\" \/>\n<meta property=\"og:description\" content=\"Convento e Santu\u00e1rio S\u00e3o Francisco\" \/>\n<meta property=\"og:url\" content=\"https:\/\/franciscanos.org.br\/noticias\/e-preciso-ter-a-fe-de-jesus-pede-frei-diego.html\" \/>\n<meta property=\"og:site_name\" content=\"Not\u00edcias - Franciscanos\" \/>\n<meta property=\"article:published_time\" content=\"2018-09-26T22:53:34+00:00\" \/>\n<meta property=\"article:modified_time\" content=\"2020-06-06T22:25:50+00:00\" \/>\n<meta property=\"og:image\" content=\"https:\/\/franciscanos.org.br\/noticias\/wp-content\/uploads\/2018\/09\/novena_260918-830.jpg\" \/>\n\t<meta property=\"og:image:width\" content=\"273\" \/>\n\t<meta property=\"og:image:height\" content=\"181\" \/>\n\t<meta property=\"og:image:type\" content=\"image\/jpeg\" \/>\n<meta name=\"author\" content=\"admin\" \/>\n<meta name=\"twitter:card\" content=\"summary_large_image\" \/>\n<meta name=\"twitter:label1\" content=\"Escrito por\" \/>\n\t<meta name=\"twitter:data1\" content=\"admin\" \/>\n\t<meta name=\"twitter:label2\" content=\"Est. tempo de leitura\" \/>\n\t<meta name=\"twitter:data2\" content=\"5 minutos\" \/>\n<script type=\"application\/ld+json\" class=\"yoast-schema-graph\">{\"@context\":\"https:\/\/schema.org\",\"@graph\":[{\"@type\":\"WebSite\",\"@id\":\"https:\/\/franciscanos.org.br\/noticias\/#website\",\"url\":\"https:\/\/franciscanos.org.br\/noticias\/\",\"name\":\"Not\u00edcias - Franciscanos\",\"description\":\"Prov\u00edncia Franciscana da Imaculada Concei\u00e7\u00e3o do Brasil - Ordem dos Frades Menores - OFM\",\"potentialAction\":[{\"@type\":\"SearchAction\",\"target\":{\"@type\":\"EntryPoint\",\"urlTemplate\":\"https:\/\/franciscanos.org.br\/noticias\/?s={search_term_string}\"},\"query-input\":\"required name=search_term_string\"}],\"inLanguage\":\"pt-BR\"},{\"@type\":\"ImageObject\",\"inLanguage\":\"pt-BR\",\"@id\":\"https:\/\/franciscanos.org.br\/noticias\/e-preciso-ter-a-fe-de-jesus-pede-frei-diego.html#primaryimage\",\"url\":\"https:\/\/franciscanos.org.br\/noticias\/wp-content\/uploads\/2018\/09\/novena_260918-830.jpg\",\"contentUrl\":\"https:\/\/franciscanos.org.br\/noticias\/wp-content\/uploads\/2018\/09\/novena_260918-830.jpg\",\"width\":273,\"height\":181},{\"@type\":\"WebPage\",\"@id\":\"https:\/\/franciscanos.org.br\/noticias\/e-preciso-ter-a-fe-de-jesus-pede-frei-diego.html#webpage\",\"url\":\"https:\/\/franciscanos.org.br\/noticias\/e-preciso-ter-a-fe-de-jesus-pede-frei-diego.html\",\"name\":\"\u00c9 preciso ter a f\u00e9 de Jesus, pede Frei Diego em novena - Not\u00edcias - Franciscanos\",\"isPartOf\":{\"@id\":\"https:\/\/franciscanos.org.br\/noticias\/#website\"},\"primaryImageOfPage\":{\"@id\":\"https:\/\/franciscanos.org.br\/noticias\/e-preciso-ter-a-fe-de-jesus-pede-frei-diego.html#primaryimage\"},\"datePublished\":\"2018-09-26T22:53:34+00:00\",\"dateModified\":\"2020-06-06T22:25:50+00:00\",\"author\":{\"@id\":\"https:\/\/franciscanos.org.br\/noticias\/#\/schema\/person\/b38fbf43118f02820bd932f2e4b14ad3\"},\"breadcrumb\":{\"@id\":\"https:\/\/franciscanos.org.br\/noticias\/e-preciso-ter-a-fe-de-jesus-pede-frei-diego.html#breadcrumb\"},\"inLanguage\":\"pt-BR\",\"potentialAction\":[{\"@type\":\"ReadAction\",\"target\":[\"https:\/\/franciscanos.org.br\/noticias\/e-preciso-ter-a-fe-de-jesus-pede-frei-diego.html\"]}]},{\"@type\":\"BreadcrumbList\",\"@id\":\"https:\/\/franciscanos.org.br\/noticias\/e-preciso-ter-a-fe-de-jesus-pede-frei-diego.html#breadcrumb\",\"itemListElement\":[{\"@type\":\"ListItem\",\"position\":1,\"name\":\"Home\",\"item\":\"https:\/\/franciscanos.org.br\/noticias\"},{\"@type\":\"ListItem\",\"position\":2,\"name\":\"\u00c9 preciso ter a f\u00e9 de Jesus, pede Frei Diego em novena\"}]},{\"@type\":\"Person\",\"@id\":\"https:\/\/franciscanos.org.br\/noticias\/#\/schema\/person\/b38fbf43118f02820bd932f2e4b14ad3\",\"name\":\"admin\",\"image\":{\"@type\":\"ImageObject\",\"inLanguage\":\"pt-BR\",\"@id\":\"https:\/\/franciscanos.org.br\/noticias\/#\/schema\/person\/image\/\",\"url\":\"https:\/\/secure.gravatar.com\/avatar\/e8495742d34d0ba6448ea1c628263b3e?s=96&d=mm&r=g\",\"contentUrl\":\"https:\/\/secure.gravatar.com\/avatar\/e8495742d34d0ba6448ea1c628263b3e?s=96&d=mm&r=g\",\"caption\":\"admin\"},\"url\":\"https:\/\/franciscanos.org.br\/noticias\/author\/admin\"}]}<\/script>\n<!-- \/ Yoast SEO plugin. -->","yoast_head_json":{"title":"\u00c9 preciso ter a f\u00e9 de Jesus, pede Frei Diego em novena - Not\u00edcias - Franciscanos","robots":{"index":"index","follow":"follow","max-snippet":"max-snippet:-1","max-image-preview":"max-image-preview:large","max-video-preview":"max-video-preview:-1"},"canonical":"https:\/\/franciscanos.org.br\/noticias\/e-preciso-ter-a-fe-de-jesus-pede-frei-diego.html","og_locale":"pt_BR","og_type":"article","og_title":"\u00c9 preciso ter a f\u00e9 de Jesus, pede Frei Diego em novena - Not\u00edcias - Franciscanos","og_description":"Convento e Santu\u00e1rio S\u00e3o Francisco","og_url":"https:\/\/franciscanos.org.br\/noticias\/e-preciso-ter-a-fe-de-jesus-pede-frei-diego.html","og_site_name":"Not\u00edcias - Franciscanos","article_published_time":"2018-09-26T22:53:34+00:00","article_modified_time":"2020-06-06T22:25:50+00:00","og_image":[{"width":273,"height":181,"url":"https:\/\/franciscanos.org.br\/noticias\/wp-content\/uploads\/2018\/09\/novena_260918-830.jpg","type":"image\/jpeg"}],"author":"admin","twitter_card":"summary_large_image","twitter_misc":{"Escrito por":"admin","Est. tempo de leitura":"5 minutos"},"schema":{"@context":"https:\/\/schema.org","@graph":[{"@type":"WebSite","@id":"https:\/\/franciscanos.org.br\/noticias\/#website","url":"https:\/\/franciscanos.org.br\/noticias\/","name":"Not\u00edcias - Franciscanos","description":"Prov\u00edncia Franciscana da Imaculada Concei\u00e7\u00e3o do Brasil - Ordem dos Frades Menores - OFM","potentialAction":[{"@type":"SearchAction","target":{"@type":"EntryPoint","urlTemplate":"https:\/\/franciscanos.org.br\/noticias\/?s={search_term_string}"},"query-input":"required name=search_term_string"}],"inLanguage":"pt-BR"},{"@type":"ImageObject","inLanguage":"pt-BR","@id":"https:\/\/franciscanos.org.br\/noticias\/e-preciso-ter-a-fe-de-jesus-pede-frei-diego.html#primaryimage","url":"https:\/\/franciscanos.org.br\/noticias\/wp-content\/uploads\/2018\/09\/novena_260918-830.jpg","contentUrl":"https:\/\/franciscanos.org.br\/noticias\/wp-content\/uploads\/2018\/09\/novena_260918-830.jpg","width":273,"height":181},{"@type":"WebPage","@id":"https:\/\/franciscanos.org.br\/noticias\/e-preciso-ter-a-fe-de-jesus-pede-frei-diego.html#webpage","url":"https:\/\/franciscanos.org.br\/noticias\/e-preciso-ter-a-fe-de-jesus-pede-frei-diego.html","name":"\u00c9 preciso ter a f\u00e9 de Jesus, pede Frei Diego em novena - Not\u00edcias - Franciscanos","isPartOf":{"@id":"https:\/\/franciscanos.org.br\/noticias\/#website"},"primaryImageOfPage":{"@id":"https:\/\/franciscanos.org.br\/noticias\/e-preciso-ter-a-fe-de-jesus-pede-frei-diego.html#primaryimage"},"datePublished":"2018-09-26T22:53:34+00:00","dateModified":"2020-06-06T22:25:50+00:00","author":{"@id":"https:\/\/franciscanos.org.br\/noticias\/#\/schema\/person\/b38fbf43118f02820bd932f2e4b14ad3"},"breadcrumb":{"@id":"https:\/\/franciscanos.org.br\/noticias\/e-preciso-ter-a-fe-de-jesus-pede-frei-diego.html#breadcrumb"},"inLanguage":"pt-BR","potentialAction":[{"@type":"ReadAction","target":["https:\/\/franciscanos.org.br\/noticias\/e-preciso-ter-a-fe-de-jesus-pede-frei-diego.html"]}]},{"@type":"BreadcrumbList","@id":"https:\/\/franciscanos.org.br\/noticias\/e-preciso-ter-a-fe-de-jesus-pede-frei-diego.html#breadcrumb","itemListElement":[{"@type":"ListItem","position":1,"name":"Home","item":"https:\/\/franciscanos.org.br\/noticias"},{"@type":"ListItem","position":2,"name":"\u00c9 preciso ter a f\u00e9 de Jesus, pede Frei Diego em novena"}]},{"@type":"Person","@id":"https:\/\/franciscanos.org.br\/noticias\/#\/schema\/person\/b38fbf43118f02820bd932f2e4b14ad3","name":"admin","image":{"@type":"ImageObject","inLanguage":"pt-BR","@id":"https:\/\/franciscanos.org.br\/noticias\/#\/schema\/person\/image\/","url":"https:\/\/secure.gravatar.com\/avatar\/e8495742d34d0ba6448ea1c628263b3e?s=96&d=mm&r=g","contentUrl":"https:\/\/secure.gravatar.com\/avatar\/e8495742d34d0ba6448ea1c628263b3e?s=96&d=mm&r=g","caption":"admin"},"url":"https:\/\/franciscanos.org.br\/noticias\/author\/admin"}]}},"_links":{"self":[{"href":"https:\/\/franciscanos.org.br\/noticias\/wp-json\/wp\/v2\/posts\/172495"}],"collection":[{"href":"https:\/\/franciscanos.org.br\/noticias\/wp-json\/wp\/v2\/posts"}],"about":[{"href":"https:\/\/franciscanos.org.br\/noticias\/wp-json\/wp\/v2\/types\/post"}],"author":[{"embeddable":true,"href":"https:\/\/franciscanos.org.br\/noticias\/wp-json\/wp\/v2\/users\/1"}],"replies":[{"embeddable":true,"href":"https:\/\/franciscanos.org.br\/noticias\/wp-json\/wp\/v2\/comments?post=172495"}],"version-history":[{"count":1,"href":"https:\/\/franciscanos.org.br\/noticias\/wp-json\/wp\/v2\/posts\/172495\/revisions"}],"predecessor-version":[{"id":224782,"href":"https:\/\/franciscanos.org.br\/noticias\/wp-json\/wp\/v2\/posts\/172495\/revisions\/224782"}],"wp:featuredmedia":[{"embeddable":true,"href":"https:\/\/franciscanos.org.br\/noticias\/wp-json\/wp\/v2\/media\/191643"}],"wp:attachment":[{"href":"https:\/\/franciscanos.org.br\/noticias\/wp-json\/wp\/v2\/media?parent=172495"}],"wp:term":[{"taxonomy":"category","embeddable":true,"href":"https:\/\/franciscanos.org.br\/noticias\/wp-json\/wp\/v2\/categories?post=172495"},{"taxonomy":"post_tag","embeddable":true,"href":"https:\/\/franciscanos.org.br\/noticias\/wp-json\/wp\/v2\/tags?post=172495"}],"curies":[{"name":"wp","href":"https:\/\/api.w.org\/{rel}","templated":true}]}}