{"id":172418,"date":"2018-09-25T20:36:50","date_gmt":"2018-09-25T23:36:50","guid":{"rendered":"http:\/\/franciscanos.org.br\/?p=172418"},"modified":"2020-06-06T19:27:03","modified_gmt":"2020-06-06T22:27:03","slug":"como-francisco-ser-promotor-do-amor","status":"publish","type":"post","link":"https:\/\/franciscanos.org.br\/noticias\/como-francisco-ser-promotor-do-amor.html","title":{"rendered":"&#8220;Precisamos ser promotores do amor\u201d, diz Frei Alvaci"},"content":{"rendered":"<p><img loading=\"lazy\" class=\"alignleft\" src=\"http:\/\/franciscanos.org.br\/wp-content\/uploads\/2018\/09\/novena_250918-830.jpg\" alt=\"novena_250918 830\" width=\"830\" height=\"400\" \/><strong>\u00c9rika Augusto<\/strong><\/p>\n<p><strong>S\u00e3o Paulo (SP) &#8211;<\/strong> Nesta ter\u00e7a-feira, 25\/09, os sinos do Convento e Santu\u00e1rio S\u00e3o Francisco anunciaram, \u00e0s 15 horas, o in\u00edcio da novena em honra ao Padroeiro. O tema escolhido para este ano \u00e9: &#8220;Francisco e a paz que buscamos&#8221;. Segundo o p\u00e1roco e reitor do Santu\u00e1rio, Frei Alvaci Mendes da Luz, que presidiu a celebra\u00e7\u00e3o de abertura, a paz \u00e9 um tema trabalhado repetidamente e algo que a humanidade ainda n\u00e3o alcan\u00e7ou. \u201cEste tema nunca se desgasta. Sempre estamos falando de paz e raramente chegamos perto dela. Estamos sempre buscando, e ela est\u00e1 sempre longe\u201d, afirmou.<\/p>\n<p>A cada dia, um trecho da ora\u00e7\u00e3o atribu\u00edda a S\u00e3o Francisco, a ora\u00e7\u00e3o pela paz, ser\u00e1 refletido. Neste primeiro dia, Frei Alvaci falou sobre o trecho \u201conde houver \u00f3dio, que eu leve o amor\u201d. O frade recordou aos presentes os diversos tipos de viol\u00eancia que a sociedade presencia diariamente, desde as guerras que n\u00e3o cessam, \u00e0 viol\u00eancia contra os refugiados e imigrantes e \u00e0 viol\u00eancia promovida atrav\u00e9s das redes sociais, sobretudo neste per\u00edodo eleitoral.<\/p>\n<p>O evangelho escolhido para este primeiro dia da novena foi a passagem do lava-p\u00e9s, ressaltando este amor-servi\u00e7o que Jesus prop\u00f5e. \u201cPara n\u00f3s, crist\u00e3os cat\u00f3licos, n\u00e3o existe outro modelo de amor que n\u00e3o seja o de Jesus Cristo. O modelo de amor ao pr\u00f3ximo, o modelo de amor que precisamos seguir \u00e9 este do servi\u00e7o\u201d, explicou.<\/p>\n<p>O pregador alertou para que os presentes n\u00e3o se deixassem levar por uma cultura de \u00f3dio e intoler\u00e2ncia, negando aquilo que se vive na Eucaristia e na comunidade. \u201cO Evangelho \u00e9 lava-p\u00e9s. Tudo que for o contr\u00e1rio disso, \u00e9 promo\u00e7\u00e3o do \u00f3dio. Precisamos ser promotores do amor\u201d, concluiu Frei Alvaci. No momento de a\u00e7\u00e3o de gra\u00e7as, Frei Odorico Decker agraciou os participantes da novena com a m\u00fasica Doce \u00e9 sentir tocada em sua famosa gaita.<\/p>\n<p>A Novena no Convento e Santu\u00e1rio S\u00e3o Francisco acontece at\u00e9 o dia 3 de outubro, de ter\u00e7a a sexta \u00e0s 15h e segunda-feira ao meio-dia. No domingo, 30 de setembro, acontecer\u00e1 a prociss\u00e3o, saindo do Mosteiro S\u00e3o Bento \u00e0s 9h30. Em seguida, \u00e0s 10h30, ser\u00e1 celebrado o 6\u00ba dia da novena, presidido por Dom Mathias Tolentino Braga, abade do Mosteiro.<\/p>\n","protected":false},"excerpt":{"rendered":"<p>Convento e Santu\u00e1rio S\u00e3o Francisco (SP)<\/p>\n","protected":false},"author":1,"featured_media":191646,"comment_status":"open","ping_status":"open","sticky":false,"template":"","format":"standard","meta":[],"categories":[1],"tags":[312],"acf":[],"yoast_head":"<!-- This site is optimized with the Yoast SEO plugin v19.2 - https:\/\/yoast.com\/wordpress\/plugins\/seo\/ -->\n<title>&quot;Precisamos ser promotores do amor\u201d, diz Frei Alvaci - Not\u00edcias - Franciscanos<\/title>\n<meta name=\"robots\" content=\"index, follow, max-snippet:-1, max-image-preview:large, max-video-preview:-1\" \/>\n<link rel=\"canonical\" href=\"https:\/\/franciscanos.org.br\/noticias\/como-francisco-ser-promotor-do-amor.html\" \/>\n<meta property=\"og:locale\" content=\"pt_BR\" \/>\n<meta property=\"og:type\" content=\"article\" \/>\n<meta property=\"og:title\" content=\"&quot;Precisamos ser promotores do amor\u201d, diz Frei Alvaci - Not\u00edcias - Franciscanos\" \/>\n<meta property=\"og:description\" content=\"Convento e Santu\u00e1rio S\u00e3o Francisco (SP)\" \/>\n<meta property=\"og:url\" content=\"https:\/\/franciscanos.org.br\/noticias\/como-francisco-ser-promotor-do-amor.html\" \/>\n<meta property=\"og:site_name\" content=\"Not\u00edcias - Franciscanos\" \/>\n<meta property=\"article:published_time\" content=\"2018-09-25T23:36:50+00:00\" \/>\n<meta property=\"article:modified_time\" content=\"2020-06-06T22:27:03+00:00\" \/>\n<meta property=\"og:image\" content=\"https:\/\/franciscanos.org.br\/noticias\/wp-content\/uploads\/2018\/09\/novena_250918-830.jpg\" \/>\n\t<meta property=\"og:image:width\" content=\"273\" \/>\n\t<meta property=\"og:image:height\" content=\"181\" \/>\n\t<meta property=\"og:image:type\" content=\"image\/jpeg\" \/>\n<meta name=\"author\" content=\"admin\" \/>\n<meta name=\"twitter:card\" content=\"summary_large_image\" \/>\n<meta name=\"twitter:label1\" content=\"Escrito por\" \/>\n\t<meta name=\"twitter:data1\" content=\"admin\" \/>\n\t<meta name=\"twitter:label2\" content=\"Est. tempo de leitura\" \/>\n\t<meta name=\"twitter:data2\" content=\"2 minutos\" \/>\n<script type=\"application\/ld+json\" class=\"yoast-schema-graph\">{\"@context\":\"https:\/\/schema.org\",\"@graph\":[{\"@type\":\"WebSite\",\"@id\":\"https:\/\/franciscanos.org.br\/noticias\/#website\",\"url\":\"https:\/\/franciscanos.org.br\/noticias\/\",\"name\":\"Not\u00edcias - Franciscanos\",\"description\":\"Prov\u00edncia Franciscana da Imaculada Concei\u00e7\u00e3o do Brasil - Ordem dos Frades Menores - OFM\",\"potentialAction\":[{\"@type\":\"SearchAction\",\"target\":{\"@type\":\"EntryPoint\",\"urlTemplate\":\"https:\/\/franciscanos.org.br\/noticias\/?s={search_term_string}\"},\"query-input\":\"required name=search_term_string\"}],\"inLanguage\":\"pt-BR\"},{\"@type\":\"ImageObject\",\"inLanguage\":\"pt-BR\",\"@id\":\"https:\/\/franciscanos.org.br\/noticias\/como-francisco-ser-promotor-do-amor.html#primaryimage\",\"url\":\"https:\/\/franciscanos.org.br\/noticias\/wp-content\/uploads\/2018\/09\/novena_250918-830.jpg\",\"contentUrl\":\"https:\/\/franciscanos.org.br\/noticias\/wp-content\/uploads\/2018\/09\/novena_250918-830.jpg\",\"width\":273,\"height\":181},{\"@type\":\"WebPage\",\"@id\":\"https:\/\/franciscanos.org.br\/noticias\/como-francisco-ser-promotor-do-amor.html#webpage\",\"url\":\"https:\/\/franciscanos.org.br\/noticias\/como-francisco-ser-promotor-do-amor.html\",\"name\":\"\\\"Precisamos ser promotores do amor\u201d, diz Frei Alvaci - Not\u00edcias - Franciscanos\",\"isPartOf\":{\"@id\":\"https:\/\/franciscanos.org.br\/noticias\/#website\"},\"primaryImageOfPage\":{\"@id\":\"https:\/\/franciscanos.org.br\/noticias\/como-francisco-ser-promotor-do-amor.html#primaryimage\"},\"datePublished\":\"2018-09-25T23:36:50+00:00\",\"dateModified\":\"2020-06-06T22:27:03+00:00\",\"author\":{\"@id\":\"https:\/\/franciscanos.org.br\/noticias\/#\/schema\/person\/b38fbf43118f02820bd932f2e4b14ad3\"},\"breadcrumb\":{\"@id\":\"https:\/\/franciscanos.org.br\/noticias\/como-francisco-ser-promotor-do-amor.html#breadcrumb\"},\"inLanguage\":\"pt-BR\",\"potentialAction\":[{\"@type\":\"ReadAction\",\"target\":[\"https:\/\/franciscanos.org.br\/noticias\/como-francisco-ser-promotor-do-amor.html\"]}]},{\"@type\":\"BreadcrumbList\",\"@id\":\"https:\/\/franciscanos.org.br\/noticias\/como-francisco-ser-promotor-do-amor.html#breadcrumb\",\"itemListElement\":[{\"@type\":\"ListItem\",\"position\":1,\"name\":\"Home\",\"item\":\"https:\/\/franciscanos.org.br\/noticias\"},{\"@type\":\"ListItem\",\"position\":2,\"name\":\"&#8220;Precisamos ser promotores do amor\u201d, diz Frei Alvaci\"}]},{\"@type\":\"Person\",\"@id\":\"https:\/\/franciscanos.org.br\/noticias\/#\/schema\/person\/b38fbf43118f02820bd932f2e4b14ad3\",\"name\":\"admin\",\"image\":{\"@type\":\"ImageObject\",\"inLanguage\":\"pt-BR\",\"@id\":\"https:\/\/franciscanos.org.br\/noticias\/#\/schema\/person\/image\/\",\"url\":\"https:\/\/secure.gravatar.com\/avatar\/e8495742d34d0ba6448ea1c628263b3e?s=96&d=mm&r=g\",\"contentUrl\":\"https:\/\/secure.gravatar.com\/avatar\/e8495742d34d0ba6448ea1c628263b3e?s=96&d=mm&r=g\",\"caption\":\"admin\"},\"url\":\"https:\/\/franciscanos.org.br\/noticias\/author\/admin\"}]}<\/script>\n<!-- \/ Yoast SEO plugin. -->","yoast_head_json":{"title":"\"Precisamos ser promotores do amor\u201d, diz Frei Alvaci - Not\u00edcias - Franciscanos","robots":{"index":"index","follow":"follow","max-snippet":"max-snippet:-1","max-image-preview":"max-image-preview:large","max-video-preview":"max-video-preview:-1"},"canonical":"https:\/\/franciscanos.org.br\/noticias\/como-francisco-ser-promotor-do-amor.html","og_locale":"pt_BR","og_type":"article","og_title":"\"Precisamos ser promotores do amor\u201d, diz Frei Alvaci - Not\u00edcias - Franciscanos","og_description":"Convento e Santu\u00e1rio S\u00e3o Francisco (SP)","og_url":"https:\/\/franciscanos.org.br\/noticias\/como-francisco-ser-promotor-do-amor.html","og_site_name":"Not\u00edcias - Franciscanos","article_published_time":"2018-09-25T23:36:50+00:00","article_modified_time":"2020-06-06T22:27:03+00:00","og_image":[{"width":273,"height":181,"url":"https:\/\/franciscanos.org.br\/noticias\/wp-content\/uploads\/2018\/09\/novena_250918-830.jpg","type":"image\/jpeg"}],"author":"admin","twitter_card":"summary_large_image","twitter_misc":{"Escrito por":"admin","Est. tempo de leitura":"2 minutos"},"schema":{"@context":"https:\/\/schema.org","@graph":[{"@type":"WebSite","@id":"https:\/\/franciscanos.org.br\/noticias\/#website","url":"https:\/\/franciscanos.org.br\/noticias\/","name":"Not\u00edcias - Franciscanos","description":"Prov\u00edncia Franciscana da Imaculada Concei\u00e7\u00e3o do Brasil - Ordem dos Frades Menores - OFM","potentialAction":[{"@type":"SearchAction","target":{"@type":"EntryPoint","urlTemplate":"https:\/\/franciscanos.org.br\/noticias\/?s={search_term_string}"},"query-input":"required name=search_term_string"}],"inLanguage":"pt-BR"},{"@type":"ImageObject","inLanguage":"pt-BR","@id":"https:\/\/franciscanos.org.br\/noticias\/como-francisco-ser-promotor-do-amor.html#primaryimage","url":"https:\/\/franciscanos.org.br\/noticias\/wp-content\/uploads\/2018\/09\/novena_250918-830.jpg","contentUrl":"https:\/\/franciscanos.org.br\/noticias\/wp-content\/uploads\/2018\/09\/novena_250918-830.jpg","width":273,"height":181},{"@type":"WebPage","@id":"https:\/\/franciscanos.org.br\/noticias\/como-francisco-ser-promotor-do-amor.html#webpage","url":"https:\/\/franciscanos.org.br\/noticias\/como-francisco-ser-promotor-do-amor.html","name":"\"Precisamos ser promotores do amor\u201d, diz Frei Alvaci - Not\u00edcias - Franciscanos","isPartOf":{"@id":"https:\/\/franciscanos.org.br\/noticias\/#website"},"primaryImageOfPage":{"@id":"https:\/\/franciscanos.org.br\/noticias\/como-francisco-ser-promotor-do-amor.html#primaryimage"},"datePublished":"2018-09-25T23:36:50+00:00","dateModified":"2020-06-06T22:27:03+00:00","author":{"@id":"https:\/\/franciscanos.org.br\/noticias\/#\/schema\/person\/b38fbf43118f02820bd932f2e4b14ad3"},"breadcrumb":{"@id":"https:\/\/franciscanos.org.br\/noticias\/como-francisco-ser-promotor-do-amor.html#breadcrumb"},"inLanguage":"pt-BR","potentialAction":[{"@type":"ReadAction","target":["https:\/\/franciscanos.org.br\/noticias\/como-francisco-ser-promotor-do-amor.html"]}]},{"@type":"BreadcrumbList","@id":"https:\/\/franciscanos.org.br\/noticias\/como-francisco-ser-promotor-do-amor.html#breadcrumb","itemListElement":[{"@type":"ListItem","position":1,"name":"Home","item":"https:\/\/franciscanos.org.br\/noticias"},{"@type":"ListItem","position":2,"name":"&#8220;Precisamos ser promotores do amor\u201d, diz Frei Alvaci"}]},{"@type":"Person","@id":"https:\/\/franciscanos.org.br\/noticias\/#\/schema\/person\/b38fbf43118f02820bd932f2e4b14ad3","name":"admin","image":{"@type":"ImageObject","inLanguage":"pt-BR","@id":"https:\/\/franciscanos.org.br\/noticias\/#\/schema\/person\/image\/","url":"https:\/\/secure.gravatar.com\/avatar\/e8495742d34d0ba6448ea1c628263b3e?s=96&d=mm&r=g","contentUrl":"https:\/\/secure.gravatar.com\/avatar\/e8495742d34d0ba6448ea1c628263b3e?s=96&d=mm&r=g","caption":"admin"},"url":"https:\/\/franciscanos.org.br\/noticias\/author\/admin"}]}},"_links":{"self":[{"href":"https:\/\/franciscanos.org.br\/noticias\/wp-json\/wp\/v2\/posts\/172418"}],"collection":[{"href":"https:\/\/franciscanos.org.br\/noticias\/wp-json\/wp\/v2\/posts"}],"about":[{"href":"https:\/\/franciscanos.org.br\/noticias\/wp-json\/wp\/v2\/types\/post"}],"author":[{"embeddable":true,"href":"https:\/\/franciscanos.org.br\/noticias\/wp-json\/wp\/v2\/users\/1"}],"replies":[{"embeddable":true,"href":"https:\/\/franciscanos.org.br\/noticias\/wp-json\/wp\/v2\/comments?post=172418"}],"version-history":[{"count":1,"href":"https:\/\/franciscanos.org.br\/noticias\/wp-json\/wp\/v2\/posts\/172418\/revisions"}],"predecessor-version":[{"id":224783,"href":"https:\/\/franciscanos.org.br\/noticias\/wp-json\/wp\/v2\/posts\/172418\/revisions\/224783"}],"wp:featuredmedia":[{"embeddable":true,"href":"https:\/\/franciscanos.org.br\/noticias\/wp-json\/wp\/v2\/media\/191646"}],"wp:attachment":[{"href":"https:\/\/franciscanos.org.br\/noticias\/wp-json\/wp\/v2\/media?parent=172418"}],"wp:term":[{"taxonomy":"category","embeddable":true,"href":"https:\/\/franciscanos.org.br\/noticias\/wp-json\/wp\/v2\/categories?post=172418"},{"taxonomy":"post_tag","embeddable":true,"href":"https:\/\/franciscanos.org.br\/noticias\/wp-json\/wp\/v2\/tags?post=172418"}],"curies":[{"name":"wp","href":"https:\/\/api.w.org\/{rel}","templated":true}]}}