{"id":172347,"date":"2018-10-25T00:24:02","date_gmt":"2018-10-25T03:24:02","guid":{"rendered":"http:\/\/franciscanos.org.br\/?p=172347"},"modified":"2019-09-12T09:50:20","modified_gmt":"2019-09-12T12:50:20","slug":"eleicoes-2018-reflexao-sobre-o-momento-atual","status":"publish","type":"post","link":"https:\/\/franciscanos.org.br\/noticias\/eleicoes-2018-reflexao-sobre-o-momento-atual.html","title":{"rendered":"Reflex\u00f5es sobre o momento pol\u00edtico do Brasil"},"content":{"rendered":"<p><img loading=\"lazy\" class=\"alignleft\" src=\"http:\/\/franciscanos.org.br\/wp-content\/uploads\/2018\/09\/conselho_240918-8301.jpg\" alt=\"conselho_240918-830\" width=\"830\" height=\"400\" \/><strong>S\u00e3o Paulo, 24 de setembro de 2018.<\/strong><\/p>\n<p>N\u00f3s, frades franciscanos que comp\u00f5em o Conselho de Evangeliza\u00e7\u00e3o da Prov\u00edncia Franciscana da Imaculada Concei\u00e7\u00e3o do Brasil, da Ordem dos Frades Menores, reunidos em S\u00e3o Paulo neste dia 24 de setembro, atentos ao compromisso irrenunci\u00e1vel que assumimos com o Evangelho por for\u00e7a de profiss\u00e3o, julgamo-nos no dever de nos pronunciar acerca do momento crucial que estamos vivendo enquanto na\u00e7\u00e3o.<\/p>\n<p>Causa-nos imensa preocupa\u00e7\u00e3o o modo pelo qual op\u00e7\u00f5es centrais de nossa democracia e dos direitos conquistados pelo povo a partir de muita luta e organiza\u00e7\u00e3o t\u00eam sido colocados em cheque por uma postura aventureira e irrespons\u00e1vel que se vale de feridas h\u00e1 muito plantadas no cora\u00e7\u00e3o dos brasileiros por aqueles que desejam semear o medo, o \u00f3dio, as rixas e incompreens\u00f5es a fim de manter intactos seus interesses ego\u00edstas e excludentes. Sendo assim, manifestamos com total clareza e abertura ao di\u00e1logo alguns pontos que nos parecem de fundamental import\u00e2ncia como crit\u00e9rios para escolha dos candidatos a ocupar os cargos que devem (ou deveriam) ser exercidos em favor da totalidade.<\/p>\n<p><strong>1) Combate \u00e0 viol\u00eancia<\/strong><\/p>\n<p>Inicialmente, deixamos claro que, para al\u00e9m de um combate \u00e0 viol\u00eancia, precisamos investir com seriedade na promo\u00e7\u00e3o de uma Cultura de Paz. Todo discurso que prega o aumento do poderio b\u00e9lico e policial, a facilita\u00e7\u00e3o do acesso \u00e0s armas e a ado\u00e7\u00e3o da vingan\u00e7a em lugar da justi\u00e7a \u00e9 ilus\u00f3rio e enganador. Acreditamos que toda a\u00e7\u00e3o criminosa deva ser respondida com o mecanismo da lei. Por outro lado, tamb\u00e9m sabemos que os crimes de maior potencial ofensivo (desvios milion\u00e1rios de verbas p\u00fablicas, lavagem de dinheiro, enriquecimento il\u00edcito, gerenciamento do tr\u00e1fico de armas e drogas) n\u00e3o se realizam nas periferias e favelas, mas em locais de luxo, ostenta\u00e7\u00e3o e riqueza, geralmente protegidos por forte aparato de seguran\u00e7a. Armar a popula\u00e7\u00e3o ou investir em for\u00e7as policiais repressivas s\u00f3 aumentar\u00e1 os j\u00e1 alarmantes n\u00fameros da mortalidade de pobres nos lugares abandonados pelo poder p\u00fablico.<\/p>\n<p>Positivamente, acreditamos na for\u00e7a de uma educa\u00e7\u00e3o de qualidade, na promo\u00e7\u00e3o das pessoas atrav\u00e9s da cultura, do esporte, da ci\u00eancia, na possibilidade de acesso ao trabalho, no acesso \u00e0 habita\u00e7\u00e3o, sa\u00fade e saneamento b\u00e1sico, na parceria entre institui\u00e7\u00f5es do Estado (inclusive a pol\u00edcia) e as comunidades como meios eficazes de promo\u00e7\u00e3o da paz e preven\u00e7\u00e3o da viol\u00eancia.<\/p>\n<p><strong>2) Trabalho e emprego<\/strong><\/p>\n<p>As leis trabalhistas s\u00e3o fruto de uma caminhada de amadurecimento do pa\u00eds e t\u00eam o objetivo de garantir aos trabalhadores uma prote\u00e7\u00e3o m\u00ednima diante das inseguran\u00e7as de um mercado inst\u00e1vel que se rege pelo lucro. Reconhecemos a necessidade de que os neg\u00f3cios sejam vi\u00e1veis para os empregadores, mas acreditamos que existam outros meios, pautados na solidariedade e na partilha, para garantir o futuro dos empreendimentos sem que necessariamente se coloque o \u00f4nus sobre a parte mais fraca da rela\u00e7\u00e3o, no caso, o trabalhador.<\/p>\n<p><strong>3) Supera\u00e7\u00e3o da corrup\u00e7\u00e3o<\/strong><\/p>\n<p>Acreditamos num trabalho s\u00e9rio, isento e coletivo para vencermos este mal enraizado em nossa sociedade. \u00c9 preciso haver investimento em mecanismos que garantam a isen\u00e7\u00e3o dos processos especialmente diante da for\u00e7a corruptora do poder econ\u00f4mico.<\/p>\n<p><strong>4) Aten\u00e7\u00e3o aos que vivem em vulnerabilidade<\/strong><\/p>\n<p>O dever do Estado tamb\u00e9m \u00e9 priorizar o atendimento \u00e0queles que vivem em situa\u00e7\u00f5es de vulnerabilidade, como povos ind\u00edgenas, quilombolas, popula\u00e7\u00f5es ribeirinhas, crian\u00e7as e idosos abandonados, pessoas com defici\u00eancia, imigrantes e todos os que vivem \u00e0 margem da pobreza. Promover a autonomia e garantir a defesa da vida em todas as suas etapas e circunst\u00e2ncias \u00e9 tarefa irrenunci\u00e1vel dos governantes eleitos pelo povo.<\/p>\n<p><strong>5) Promo\u00e7\u00e3o do di\u00e1logo e da participa\u00e7\u00e3o popular<\/strong><\/p>\n<p>Quanto maior a participa\u00e7\u00e3o de diferentes setores da sociedade, maior a possibilidade de construirmos um pa\u00eds mais justo e solid\u00e1rio. A esperan\u00e7a de um futuro melhor n\u00e3o deve se pautar apenas do ponto de vista de alguns, mas num trabalho conjunto onde todos, dialogando e cedendo no que for necess\u00e1rio, empenhem-se para a verdadeira constru\u00e7\u00e3o do bem comum.<\/p>\n<p>Esperamos que, no exerc\u00edcio democr\u00e1tico do voto, o povo brasileiro tenha consci\u00eancia para buscar aqueles que de fato est\u00e3o comprometidos com um projeto inclusivo e realmente transformador para nosso pa\u00eds. Que o empenho seja, de fato, na dire\u00e7\u00e3o de garantir a todos justo e real acesso aos tr\u00eas direitos b\u00e1sicos apontados pelo Papa Francisco: teto, trabalho e terra.<\/p>\n<p>Fraternalmente,<\/p>\n<p><strong>Frades do Conselho de Evangeliza\u00e7\u00e3o da Prov\u00edncia Franciscana da Imaculada Concei\u00e7\u00e3o do Brasil<\/strong><\/p>\n","protected":false},"excerpt":{"rendered":"<p>Nota<\/p>\n","protected":false},"author":1,"featured_media":191186,"comment_status":"open","ping_status":"open","sticky":false,"template":"","format":"standard","meta":[],"categories":[1],"tags":[812,1119,558,397],"acf":[],"yoast_head":"<!-- This site is optimized with the Yoast SEO plugin v19.2 - https:\/\/yoast.com\/wordpress\/plugins\/seo\/ -->\n<title>Reflex\u00f5es sobre o momento pol\u00edtico do Brasil - Not\u00edcias - Franciscanos<\/title>\n<meta name=\"robots\" content=\"index, follow, max-snippet:-1, max-image-preview:large, max-video-preview:-1\" \/>\n<link rel=\"canonical\" href=\"https:\/\/franciscanos.org.br\/noticias\/eleicoes-2018-reflexao-sobre-o-momento-atual.html\" \/>\n<meta property=\"og:locale\" content=\"pt_BR\" \/>\n<meta property=\"og:type\" content=\"article\" \/>\n<meta property=\"og:title\" content=\"Reflex\u00f5es sobre o momento pol\u00edtico do Brasil - Not\u00edcias - Franciscanos\" \/>\n<meta property=\"og:description\" content=\"Nota\" \/>\n<meta property=\"og:url\" content=\"https:\/\/franciscanos.org.br\/noticias\/eleicoes-2018-reflexao-sobre-o-momento-atual.html\" \/>\n<meta property=\"og:site_name\" content=\"Not\u00edcias - Franciscanos\" \/>\n<meta property=\"article:published_time\" content=\"2018-10-25T03:24:02+00:00\" \/>\n<meta property=\"article:modified_time\" content=\"2019-09-12T12:50:20+00:00\" \/>\n<meta property=\"og:image\" content=\"https:\/\/franciscanos.org.br\/noticias\/wp-content\/uploads\/2018\/10\/eleicoes_out.jpg\" \/>\n\t<meta property=\"og:image:width\" content=\"273\" \/>\n\t<meta property=\"og:image:height\" content=\"181\" \/>\n\t<meta property=\"og:image:type\" content=\"image\/jpeg\" \/>\n<meta name=\"author\" content=\"admin\" \/>\n<meta name=\"twitter:card\" content=\"summary_large_image\" \/>\n<meta name=\"twitter:label1\" content=\"Escrito por\" \/>\n\t<meta name=\"twitter:data1\" content=\"admin\" \/>\n\t<meta name=\"twitter:label2\" content=\"Est. tempo de leitura\" \/>\n\t<meta name=\"twitter:data2\" content=\"4 minutos\" \/>\n<script type=\"application\/ld+json\" class=\"yoast-schema-graph\">{\"@context\":\"https:\/\/schema.org\",\"@graph\":[{\"@type\":\"WebSite\",\"@id\":\"https:\/\/franciscanos.org.br\/noticias\/#website\",\"url\":\"https:\/\/franciscanos.org.br\/noticias\/\",\"name\":\"Not\u00edcias - Franciscanos\",\"description\":\"Prov\u00edncia Franciscana da Imaculada Concei\u00e7\u00e3o do Brasil - Ordem dos Frades Menores - OFM\",\"potentialAction\":[{\"@type\":\"SearchAction\",\"target\":{\"@type\":\"EntryPoint\",\"urlTemplate\":\"https:\/\/franciscanos.org.br\/noticias\/?s={search_term_string}\"},\"query-input\":\"required name=search_term_string\"}],\"inLanguage\":\"pt-BR\"},{\"@type\":\"ImageObject\",\"inLanguage\":\"pt-BR\",\"@id\":\"https:\/\/franciscanos.org.br\/noticias\/eleicoes-2018-reflexao-sobre-o-momento-atual.html#primaryimage\",\"url\":\"https:\/\/franciscanos.org.br\/noticias\/wp-content\/uploads\/2018\/10\/eleicoes_out.jpg\",\"contentUrl\":\"https:\/\/franciscanos.org.br\/noticias\/wp-content\/uploads\/2018\/10\/eleicoes_out.jpg\",\"width\":273,\"height\":181},{\"@type\":\"WebPage\",\"@id\":\"https:\/\/franciscanos.org.br\/noticias\/eleicoes-2018-reflexao-sobre-o-momento-atual.html#webpage\",\"url\":\"https:\/\/franciscanos.org.br\/noticias\/eleicoes-2018-reflexao-sobre-o-momento-atual.html\",\"name\":\"Reflex\u00f5es sobre o momento pol\u00edtico do Brasil - Not\u00edcias - Franciscanos\",\"isPartOf\":{\"@id\":\"https:\/\/franciscanos.org.br\/noticias\/#website\"},\"primaryImageOfPage\":{\"@id\":\"https:\/\/franciscanos.org.br\/noticias\/eleicoes-2018-reflexao-sobre-o-momento-atual.html#primaryimage\"},\"datePublished\":\"2018-10-25T03:24:02+00:00\",\"dateModified\":\"2019-09-12T12:50:20+00:00\",\"author\":{\"@id\":\"https:\/\/franciscanos.org.br\/noticias\/#\/schema\/person\/b38fbf43118f02820bd932f2e4b14ad3\"},\"breadcrumb\":{\"@id\":\"https:\/\/franciscanos.org.br\/noticias\/eleicoes-2018-reflexao-sobre-o-momento-atual.html#breadcrumb\"},\"inLanguage\":\"pt-BR\",\"potentialAction\":[{\"@type\":\"ReadAction\",\"target\":[\"https:\/\/franciscanos.org.br\/noticias\/eleicoes-2018-reflexao-sobre-o-momento-atual.html\"]}]},{\"@type\":\"BreadcrumbList\",\"@id\":\"https:\/\/franciscanos.org.br\/noticias\/eleicoes-2018-reflexao-sobre-o-momento-atual.html#breadcrumb\",\"itemListElement\":[{\"@type\":\"ListItem\",\"position\":1,\"name\":\"Home\",\"item\":\"https:\/\/franciscanos.org.br\/noticias\"},{\"@type\":\"ListItem\",\"position\":2,\"name\":\"Reflex\u00f5es sobre o momento pol\u00edtico do Brasil\"}]},{\"@type\":\"Person\",\"@id\":\"https:\/\/franciscanos.org.br\/noticias\/#\/schema\/person\/b38fbf43118f02820bd932f2e4b14ad3\",\"name\":\"admin\",\"image\":{\"@type\":\"ImageObject\",\"inLanguage\":\"pt-BR\",\"@id\":\"https:\/\/franciscanos.org.br\/noticias\/#\/schema\/person\/image\/\",\"url\":\"https:\/\/secure.gravatar.com\/avatar\/e8495742d34d0ba6448ea1c628263b3e?s=96&d=mm&r=g\",\"contentUrl\":\"https:\/\/secure.gravatar.com\/avatar\/e8495742d34d0ba6448ea1c628263b3e?s=96&d=mm&r=g\",\"caption\":\"admin\"},\"url\":\"https:\/\/franciscanos.org.br\/noticias\/author\/admin\"}]}<\/script>\n<!-- \/ Yoast SEO plugin. -->","yoast_head_json":{"title":"Reflex\u00f5es sobre o momento pol\u00edtico do Brasil - Not\u00edcias - Franciscanos","robots":{"index":"index","follow":"follow","max-snippet":"max-snippet:-1","max-image-preview":"max-image-preview:large","max-video-preview":"max-video-preview:-1"},"canonical":"https:\/\/franciscanos.org.br\/noticias\/eleicoes-2018-reflexao-sobre-o-momento-atual.html","og_locale":"pt_BR","og_type":"article","og_title":"Reflex\u00f5es sobre o momento pol\u00edtico do Brasil - Not\u00edcias - Franciscanos","og_description":"Nota","og_url":"https:\/\/franciscanos.org.br\/noticias\/eleicoes-2018-reflexao-sobre-o-momento-atual.html","og_site_name":"Not\u00edcias - Franciscanos","article_published_time":"2018-10-25T03:24:02+00:00","article_modified_time":"2019-09-12T12:50:20+00:00","og_image":[{"width":273,"height":181,"url":"https:\/\/franciscanos.org.br\/noticias\/wp-content\/uploads\/2018\/10\/eleicoes_out.jpg","type":"image\/jpeg"}],"author":"admin","twitter_card":"summary_large_image","twitter_misc":{"Escrito por":"admin","Est. tempo de leitura":"4 minutos"},"schema":{"@context":"https:\/\/schema.org","@graph":[{"@type":"WebSite","@id":"https:\/\/franciscanos.org.br\/noticias\/#website","url":"https:\/\/franciscanos.org.br\/noticias\/","name":"Not\u00edcias - Franciscanos","description":"Prov\u00edncia Franciscana da Imaculada Concei\u00e7\u00e3o do Brasil - Ordem dos Frades Menores - OFM","potentialAction":[{"@type":"SearchAction","target":{"@type":"EntryPoint","urlTemplate":"https:\/\/franciscanos.org.br\/noticias\/?s={search_term_string}"},"query-input":"required name=search_term_string"}],"inLanguage":"pt-BR"},{"@type":"ImageObject","inLanguage":"pt-BR","@id":"https:\/\/franciscanos.org.br\/noticias\/eleicoes-2018-reflexao-sobre-o-momento-atual.html#primaryimage","url":"https:\/\/franciscanos.org.br\/noticias\/wp-content\/uploads\/2018\/10\/eleicoes_out.jpg","contentUrl":"https:\/\/franciscanos.org.br\/noticias\/wp-content\/uploads\/2018\/10\/eleicoes_out.jpg","width":273,"height":181},{"@type":"WebPage","@id":"https:\/\/franciscanos.org.br\/noticias\/eleicoes-2018-reflexao-sobre-o-momento-atual.html#webpage","url":"https:\/\/franciscanos.org.br\/noticias\/eleicoes-2018-reflexao-sobre-o-momento-atual.html","name":"Reflex\u00f5es sobre o momento pol\u00edtico do Brasil - Not\u00edcias - Franciscanos","isPartOf":{"@id":"https:\/\/franciscanos.org.br\/noticias\/#website"},"primaryImageOfPage":{"@id":"https:\/\/franciscanos.org.br\/noticias\/eleicoes-2018-reflexao-sobre-o-momento-atual.html#primaryimage"},"datePublished":"2018-10-25T03:24:02+00:00","dateModified":"2019-09-12T12:50:20+00:00","author":{"@id":"https:\/\/franciscanos.org.br\/noticias\/#\/schema\/person\/b38fbf43118f02820bd932f2e4b14ad3"},"breadcrumb":{"@id":"https:\/\/franciscanos.org.br\/noticias\/eleicoes-2018-reflexao-sobre-o-momento-atual.html#breadcrumb"},"inLanguage":"pt-BR","potentialAction":[{"@type":"ReadAction","target":["https:\/\/franciscanos.org.br\/noticias\/eleicoes-2018-reflexao-sobre-o-momento-atual.html"]}]},{"@type":"BreadcrumbList","@id":"https:\/\/franciscanos.org.br\/noticias\/eleicoes-2018-reflexao-sobre-o-momento-atual.html#breadcrumb","itemListElement":[{"@type":"ListItem","position":1,"name":"Home","item":"https:\/\/franciscanos.org.br\/noticias"},{"@type":"ListItem","position":2,"name":"Reflex\u00f5es sobre o momento pol\u00edtico do Brasil"}]},{"@type":"Person","@id":"https:\/\/franciscanos.org.br\/noticias\/#\/schema\/person\/b38fbf43118f02820bd932f2e4b14ad3","name":"admin","image":{"@type":"ImageObject","inLanguage":"pt-BR","@id":"https:\/\/franciscanos.org.br\/noticias\/#\/schema\/person\/image\/","url":"https:\/\/secure.gravatar.com\/avatar\/e8495742d34d0ba6448ea1c628263b3e?s=96&d=mm&r=g","contentUrl":"https:\/\/secure.gravatar.com\/avatar\/e8495742d34d0ba6448ea1c628263b3e?s=96&d=mm&r=g","caption":"admin"},"url":"https:\/\/franciscanos.org.br\/noticias\/author\/admin"}]}},"_links":{"self":[{"href":"https:\/\/franciscanos.org.br\/noticias\/wp-json\/wp\/v2\/posts\/172347"}],"collection":[{"href":"https:\/\/franciscanos.org.br\/noticias\/wp-json\/wp\/v2\/posts"}],"about":[{"href":"https:\/\/franciscanos.org.br\/noticias\/wp-json\/wp\/v2\/types\/post"}],"author":[{"embeddable":true,"href":"https:\/\/franciscanos.org.br\/noticias\/wp-json\/wp\/v2\/users\/1"}],"replies":[{"embeddable":true,"href":"https:\/\/franciscanos.org.br\/noticias\/wp-json\/wp\/v2\/comments?post=172347"}],"version-history":[{"count":0,"href":"https:\/\/franciscanos.org.br\/noticias\/wp-json\/wp\/v2\/posts\/172347\/revisions"}],"wp:featuredmedia":[{"embeddable":true,"href":"https:\/\/franciscanos.org.br\/noticias\/wp-json\/wp\/v2\/media\/191186"}],"wp:attachment":[{"href":"https:\/\/franciscanos.org.br\/noticias\/wp-json\/wp\/v2\/media?parent=172347"}],"wp:term":[{"taxonomy":"category","embeddable":true,"href":"https:\/\/franciscanos.org.br\/noticias\/wp-json\/wp\/v2\/categories?post=172347"},{"taxonomy":"post_tag","embeddable":true,"href":"https:\/\/franciscanos.org.br\/noticias\/wp-json\/wp\/v2\/tags?post=172347"}],"curies":[{"name":"wp","href":"https:\/\/api.w.org\/{rel}","templated":true}]}}