{"id":172286,"date":"2018-09-24T10:30:13","date_gmt":"2018-09-24T13:30:13","guid":{"rendered":"http:\/\/franciscanos.org.br\/?p=172286"},"modified":"2018-11-27T11:20:26","modified_gmt":"2018-11-27T13:20:26","slug":"entrevista-com-dom-jaime-spengler","status":"publish","type":"post","link":"https:\/\/franciscanos.org.br\/noticias\/entrevista-com-dom-jaime-spengler.html","title":{"rendered":"&#8220;Urge ir ao encontro da juventude onde ela est\u00e1!&#8221;, diz D. Jaime"},"content":{"rendered":"<p><strong><img loading=\"lazy\" class=\"alignleft size-full wp-image-191672\" src=\"https:\/\/franciscanos.org.br\/noticias\/wp-content\/uploads\/2018\/09\/jaime-spengler-980.jpg\" alt=\"\" width=\"980\" height=\"550\" srcset=\"https:\/\/franciscanos.org.br\/noticias\/wp-content\/uploads\/2018\/09\/jaime-spengler-980.jpg 980w, https:\/\/franciscanos.org.br\/noticias\/wp-content\/uploads\/2018\/09\/jaime-spengler-980-450x253.jpg 450w, https:\/\/franciscanos.org.br\/noticias\/wp-content\/uploads\/2018\/09\/jaime-spengler-980-768x431.jpg 768w, https:\/\/franciscanos.org.br\/noticias\/wp-content\/uploads\/2018\/09\/jaime-spengler-980-150x84.jpg 150w\" sizes=\"(max-width: 980px) 100vw, 980px\" \/>S\u00e3o Paulo (SP) &#8211;<\/strong> Um dos participantes do S\u00ednodo, representando a Confer\u00eancia Nacional dos Bispos do Brasil (CNBB), \u00e9 o franciscano Dom Jaime Spengler, Arcebispo de Porto Alegre. Em entrevista a este site , Dom Jaime fala sobre as expectativas ao participar de seu primeiro S\u00ednodo e sobre a realidade juvenil no Brasil.\u00a0Jaime Spengler nasceu em 6 de setembro de 1960 em Gaspar (SC). Ingressou na Ordem dos Frades Menores por esta Prov\u00edncia\u00a0 Franciscana da Imaculada Concei\u00e7\u00e3o em 20 de janeiro de 1982, quando foi admitido ao Noviciado de Rodeio (SC). Cursou Filosofia no Instituto Filos\u00f3fico S\u00e3o Boaventura, de Campo Largo (PR), e Teologia no Instituto Teol\u00f3gico Franciscano de Petr\u00f3polis (RJ), concluindo-o no Instituto Teol\u00f3gico de Jerusal\u00e9m em Israel. Foi ordenado sacerdote em 17 de novembro de 1990, na sua cidade natal. Acompanhe!<\/p>\n<p><strong>Entrevista a \u00c9rika Augusto<\/strong><\/p>\n<p><strong>Site Franciscanos &#8211; Quais as suas expectativas para o S\u00ednodo?<\/strong><\/p>\n<p><strong>Dom Jaime Spengler\u00a0&#8211;\u00a0<\/strong>\u00c9 a primeira vez que tenho oportunidade de participar de um evento eclesial dessa grandeza. O Papa Francisco afirma que \u2018o caminho da sinodalidade \u00e9 o caminho que Deus espera da Igreja do Terceiro Mil\u00eanio\u2019. Neste sentido, o S\u00ednodo representa uma oportunidade privilegiada para participar da realiza\u00e7\u00e3o de um caminho feito em conjunto com todo o povo de Deus. Poder tomar parte nesse caminho com pessoas dos cinco continentes, provenientes de realidades culturais, sociais, pol\u00edticas, econ\u00f4micas e eclesiais as mais variadas, e juntos buscar construir indica\u00e7\u00f5es vi\u00e1veis para a evangeliza\u00e7\u00e3o da juventude mundial \u00e9 gra\u00e7a. Por outro lado, trata-se de um processo que exigir\u00e1 de todos sensibilidade, perspic\u00e1cia, sabedoria e discernimento. A expectativa maior \u00e9 que o S\u00ednodo possa oferecer indica\u00e7\u00f5es plaus\u00edveis para a transmiss\u00e3o da f\u00e9 \u00e0s novas gera\u00e7\u00f5es. Nisso consiste, hoje, o grande desafio da Igreja!<\/p>\n<p><strong>Site Franciscanos &#8211;\u00a0\u00a0Como o senhor v\u00ea a realidade da juventude brasileira hoje?<\/strong><\/p>\n<p><strong>Dom Jaime &#8211;\u00a0<\/strong>A juventude brasileira possui muitas express\u00f5es. S\u00e3o muitas as facetas da juventude brasileira. Tendo presente o momento hist\u00f3rico que estamos vivendo, por um lado vejo uma parcela da juventude ansiosa de poder colaborar na transforma\u00e7\u00e3o da realidade, em vista de dias melhores para o nosso povo; de outro lado, constatamos certa acomoda\u00e7\u00e3o; n\u00e3o s\u00e3o poucos os que cultivam o indiferentismo ou mesmo conformismo diante do atual quatro s\u00f3cio-politico-econ\u00f4mico. H\u00e1 ainda aqueles que n\u00e3o veem o futuro com esperan\u00e7a; est\u00e1 sendo-lhes roubada a esperan\u00e7a. E n\u00f3s n\u00e3o podemos permitir que a esperan\u00e7a seja roubada! Encontramos ainda, em muitas comunidades, jovens engajados, determinados, alegres, ousados. Talvez n\u00e3o sejam a maioria; mas s\u00e3o estes que nos incentivam a avan\u00e7ar com maior determina\u00e7\u00e3o e coragem.<\/p>\n<p><img loading=\"lazy\" src=\"http:\/\/franciscanos.org.br\/wp-content\/uploads\/2018\/09\/jaime_240918-b.jpg\" alt=\"jaime_240918 b\" width=\"830\" height=\"400\" \/><\/p>\n<p><strong>Site Franciscanos &#8211;\u00a0<\/strong>\u00a0<strong>Na Arquidiocese de Porto Alegre, quais s\u00e3o os principais desafios no trabalho com a juventude?<\/strong><\/p>\n<p><strong>Dom Jaime &#8211;\u00a0<\/strong>O maior desafio \u00e9 aquele, talvez, da Igreja do Brasil: tornar o Crucificado-Ressuscitado e seu Evangelho conhecido e amado. Al\u00e9m disso, encontrar meios para proporcionar aos jovens aut\u00eanticas experi\u00eancias de encontro com Jesus Cristo. Existem v\u00e1rios movimentos juvenis. No entanto, favorecer espa\u00e7os e tempos para que os jovens se sintam atra\u00eddos por Cristo e seu Evangelho, e assim se disponham a realizar um caminho de disc\u00edpulos e n\u00e3o simplesmente de adeptos, exige ousadia pastoral. N\u00e3o \u00e9 tarefa f\u00e1cil deixar o rotineiro para ir ao encontro dos afastados, dos indiferentes e agn\u00f3sticos! E, no entanto, eles talvez sejam a maioria dessa parcela especial da sociedade. H\u00e1 sempre a tenta\u00e7\u00e3o de se sentir satisfeito com aqueles que est\u00e3o conosco. No entanto, Jesus convida a ir ao encontro dos feridos, ignorados, distantes. A ordem de Jesus aos ap\u00f3stolos de ontem continua repercutindo na vida dos ap\u00f3stolos de hoje: \u00e9 necess\u00e1rio avan\u00e7ar para \u00e1guas mais profundas!<\/p>\n<p><strong>Site Franciscanos &#8211;\u00a0\u00a0No seu ponto de vista, concretamente, como a Igreja pode se aproximar da juventude hoje?<\/strong><\/p>\n<p><strong>Dom Jaime &#8211;\u00a0<\/strong>Onde podemos encontrar a maioria dos jovens? Certamente n\u00e3o \u00e9 em nossas comunidades! Portanto, urge ir ao encontro da juventude l\u00e1 onde ela se encontra. Espa\u00e7o privilegiado para encontr\u00e1-la \u00e9 certamente as escolas e universidades. E aqui vale o que diz o<em> Instrumentum Laboris<\/em> do S\u00ednodo: \u201cDevemos nos perguntar o quanto nossas escolas ajudam os jovens a considerar sua prepara\u00e7\u00e3o escolar como uma responsabilidade perante os problemas do mundo, as necessidades dos mais pobres e o cuidado do meio ambiente\u201d. Nossas escolas cat\u00f3licas possuem uma identidade? Qual a verdadeira raz\u00e3o da presen\u00e7a de express\u00f5es da Igreja no mundo da educa\u00e7\u00e3o? H\u00e1 por parte do poder p\u00fablico o necess\u00e1rio empenho em formar o jovem para a vida? Ou se deseja simplesmente adestrar o jovem para o mercado de trabalho? A Igreja precisa estar presente nas escolas!<\/p>\n<p>Outro espa\u00e7o privilegiado para encontrar a juventude s\u00e3o as ruas da cidade. A Igreja n\u00e3o pode ficar esperando que o jovem venha at\u00e9 o templo. Aqui \u00e9 necess\u00e1rio criatividade e ousadia. Tamb\u00e9m o \u00e2mbito familiar \u00e9 lugar privilegiado para encontrar a juventude. Por isso, seria conveniente criar espa\u00e7os de trabalho pastoral conjunto entre a catequese, a pastoral familiar e a pr\u00f3pria pastoral juvenil. A pastoral n\u00e3o acontece por \u2018gavetas\u2019! Essa poss\u00edvel integra\u00e7\u00e3o ou aproxima\u00e7\u00e3o, pode proporcionar estrat\u00e9gias novas de acompanhamento da juventude.<\/p>\n<p>O jovem precisa ser acompanhado. Alias, \u00e9 interessante perceber o quanto o <em>Instrumentum Laboris<\/em> do S\u00ednodo trata do tema do acompanhamento. Construir estrat\u00e9gias de acompanhamento, saber fazer-se pr\u00f3ximo, ir ao encontro da juventude, aprender a ouvir os jovens, descobrir uma linguagem capaz de tornar a mensagem do Evangelho compreens\u00edvel aos jovens \u00e9 algo que precisamos juntos, atrav\u00e9s do di\u00e1logo, da observa\u00e7\u00e3o e da ora\u00e7\u00e3o encontrar, projetar, realizar e avaliar. N\u00e3o existe uma f\u00f3rmula pronta para aproximar-se da juventude. Distintas situa\u00e7\u00f5es requerem respostas adequadas. E respostas adequadas a situa\u00e7\u00f5es distintas pressup\u00f5em perspic\u00e1cia, sensibilidade, aten\u00e7\u00e3o, vigil\u00e2ncia e discernimento.<\/p>\n<p><strong>Site Franciscanos &#8211;\u00a0Como o senhor avalia a prepara\u00e7\u00e3o do S\u00ednodo? O fato dos jovens terem respondido tornou o S\u00ednodo mais &#8216;participativo&#8217;?<\/strong><\/p>\n<p><strong>Dom Jaime &#8211;<\/strong>\u00a0O itiner\u00e1rio sinodal realizado at\u00e9 o momento foi algo magnifico. Desde os in\u00edcios dos trabalhos de prepara\u00e7\u00e3o para o S\u00ednodo houve a preocupa\u00e7\u00e3o de envolver o maior n\u00famero poss\u00edvel de jovens de todo o mundo. Os jovens responderam de forma magn\u00edfica! N\u00e3o s\u00f3 cat\u00f3licos; tamb\u00e9m jovens de outros de nomina\u00e7\u00f5es religiosas, ateus, indiferentes, agn\u00f3sticos. Tudo isso \u00e9 sinal de um desejo da parte dos jovens de poder expor suas alegrias e esperan\u00e7as, dores e ang\u00fastias, incertezas e d\u00favidas, expectativas e desejos mais \u00edntimos. O caminho empreendido torna certamente o S\u00ednodo mais participativo. Toca agora aos participantes dessa fase do S\u00ednodo levar em considera\u00e7\u00e3o o que foi colhido no seio da juventude mundial e buscar encontrar indica\u00e7\u00f5es que possam, de algum modo, responder aos anseios da juventude, iluminadas pelo Evangelho, a rica e bela tradi\u00e7\u00e3o da Igreja e as ci\u00eancias humanas.<\/p>\n","protected":false},"excerpt":{"rendered":"<p>S\u00ednodo<\/p>\n","protected":false},"author":1,"featured_media":191674,"comment_status":"open","ping_status":"open","sticky":false,"template":"","format":"standard","meta":[],"categories":[758],"tags":[472],"acf":[],"yoast_head":"<!-- This site is optimized with the Yoast SEO plugin v19.2 - https:\/\/yoast.com\/wordpress\/plugins\/seo\/ -->\n<title>&quot;Urge ir ao encontro da juventude onde ela est\u00e1!&quot;, diz D. Jaime - Not\u00edcias - Franciscanos<\/title>\n<meta name=\"robots\" content=\"index, follow, max-snippet:-1, max-image-preview:large, max-video-preview:-1\" \/>\n<link rel=\"canonical\" href=\"https:\/\/franciscanos.org.br\/noticias\/entrevista-com-dom-jaime-spengler.html\" \/>\n<meta property=\"og:locale\" content=\"pt_BR\" \/>\n<meta property=\"og:type\" content=\"article\" \/>\n<meta property=\"og:title\" content=\"&quot;Urge ir ao encontro da juventude onde ela est\u00e1!&quot;, diz D. Jaime - Not\u00edcias - Franciscanos\" \/>\n<meta property=\"og:description\" content=\"S\u00ednodo\" \/>\n<meta property=\"og:url\" content=\"https:\/\/franciscanos.org.br\/noticias\/entrevista-com-dom-jaime-spengler.html\" \/>\n<meta property=\"og:site_name\" content=\"Not\u00edcias - Franciscanos\" \/>\n<meta property=\"article:published_time\" content=\"2018-09-24T13:30:13+00:00\" \/>\n<meta property=\"article:modified_time\" content=\"2018-11-27T13:20:26+00:00\" \/>\n<meta property=\"og:image\" content=\"https:\/\/franciscanos.org.br\/noticias\/wp-content\/uploads\/2018\/09\/jaime-spengler.jpeg\" \/>\n\t<meta property=\"og:image:width\" content=\"273\" \/>\n\t<meta property=\"og:image:height\" content=\"181\" \/>\n\t<meta property=\"og:image:type\" content=\"image\/jpeg\" \/>\n<meta name=\"author\" content=\"admin\" \/>\n<meta name=\"twitter:card\" content=\"summary_large_image\" \/>\n<meta name=\"twitter:label1\" content=\"Escrito por\" \/>\n\t<meta name=\"twitter:data1\" content=\"admin\" \/>\n\t<meta name=\"twitter:label2\" content=\"Est. tempo de leitura\" \/>\n\t<meta name=\"twitter:data2\" content=\"6 minutos\" \/>\n<script type=\"application\/ld+json\" class=\"yoast-schema-graph\">{\"@context\":\"https:\/\/schema.org\",\"@graph\":[{\"@type\":\"WebSite\",\"@id\":\"https:\/\/franciscanos.org.br\/noticias\/#website\",\"url\":\"https:\/\/franciscanos.org.br\/noticias\/\",\"name\":\"Not\u00edcias - Franciscanos\",\"description\":\"Prov\u00edncia Franciscana da Imaculada Concei\u00e7\u00e3o do Brasil - Ordem dos Frades Menores - OFM\",\"potentialAction\":[{\"@type\":\"SearchAction\",\"target\":{\"@type\":\"EntryPoint\",\"urlTemplate\":\"https:\/\/franciscanos.org.br\/noticias\/?s={search_term_string}\"},\"query-input\":\"required name=search_term_string\"}],\"inLanguage\":\"pt-BR\"},{\"@type\":\"ImageObject\",\"inLanguage\":\"pt-BR\",\"@id\":\"https:\/\/franciscanos.org.br\/noticias\/entrevista-com-dom-jaime-spengler.html#primaryimage\",\"url\":\"https:\/\/franciscanos.org.br\/noticias\/wp-content\/uploads\/2018\/09\/jaime-spengler.jpeg\",\"contentUrl\":\"https:\/\/franciscanos.org.br\/noticias\/wp-content\/uploads\/2018\/09\/jaime-spengler.jpeg\",\"width\":273,\"height\":181},{\"@type\":\"WebPage\",\"@id\":\"https:\/\/franciscanos.org.br\/noticias\/entrevista-com-dom-jaime-spengler.html#webpage\",\"url\":\"https:\/\/franciscanos.org.br\/noticias\/entrevista-com-dom-jaime-spengler.html\",\"name\":\"\\\"Urge ir ao encontro da juventude onde ela est\u00e1!\\\", diz D. Jaime - Not\u00edcias - Franciscanos\",\"isPartOf\":{\"@id\":\"https:\/\/franciscanos.org.br\/noticias\/#website\"},\"primaryImageOfPage\":{\"@id\":\"https:\/\/franciscanos.org.br\/noticias\/entrevista-com-dom-jaime-spengler.html#primaryimage\"},\"datePublished\":\"2018-09-24T13:30:13+00:00\",\"dateModified\":\"2018-11-27T13:20:26+00:00\",\"author\":{\"@id\":\"https:\/\/franciscanos.org.br\/noticias\/#\/schema\/person\/b38fbf43118f02820bd932f2e4b14ad3\"},\"breadcrumb\":{\"@id\":\"https:\/\/franciscanos.org.br\/noticias\/entrevista-com-dom-jaime-spengler.html#breadcrumb\"},\"inLanguage\":\"pt-BR\",\"potentialAction\":[{\"@type\":\"ReadAction\",\"target\":[\"https:\/\/franciscanos.org.br\/noticias\/entrevista-com-dom-jaime-spengler.html\"]}]},{\"@type\":\"BreadcrumbList\",\"@id\":\"https:\/\/franciscanos.org.br\/noticias\/entrevista-com-dom-jaime-spengler.html#breadcrumb\",\"itemListElement\":[{\"@type\":\"ListItem\",\"position\":1,\"name\":\"Home\",\"item\":\"https:\/\/franciscanos.org.br\/noticias\"},{\"@type\":\"ListItem\",\"position\":2,\"name\":\"&#8220;Urge ir ao encontro da juventude onde ela est\u00e1!&#8221;, diz D. Jaime\"}]},{\"@type\":\"Person\",\"@id\":\"https:\/\/franciscanos.org.br\/noticias\/#\/schema\/person\/b38fbf43118f02820bd932f2e4b14ad3\",\"name\":\"admin\",\"image\":{\"@type\":\"ImageObject\",\"inLanguage\":\"pt-BR\",\"@id\":\"https:\/\/franciscanos.org.br\/noticias\/#\/schema\/person\/image\/\",\"url\":\"https:\/\/secure.gravatar.com\/avatar\/e8495742d34d0ba6448ea1c628263b3e?s=96&d=mm&r=g\",\"contentUrl\":\"https:\/\/secure.gravatar.com\/avatar\/e8495742d34d0ba6448ea1c628263b3e?s=96&d=mm&r=g\",\"caption\":\"admin\"},\"url\":\"https:\/\/franciscanos.org.br\/noticias\/author\/admin\"}]}<\/script>\n<!-- \/ Yoast SEO plugin. -->","yoast_head_json":{"title":"\"Urge ir ao encontro da juventude onde ela est\u00e1!\", diz D. Jaime - Not\u00edcias - Franciscanos","robots":{"index":"index","follow":"follow","max-snippet":"max-snippet:-1","max-image-preview":"max-image-preview:large","max-video-preview":"max-video-preview:-1"},"canonical":"https:\/\/franciscanos.org.br\/noticias\/entrevista-com-dom-jaime-spengler.html","og_locale":"pt_BR","og_type":"article","og_title":"\"Urge ir ao encontro da juventude onde ela est\u00e1!\", diz D. Jaime - Not\u00edcias - Franciscanos","og_description":"S\u00ednodo","og_url":"https:\/\/franciscanos.org.br\/noticias\/entrevista-com-dom-jaime-spengler.html","og_site_name":"Not\u00edcias - Franciscanos","article_published_time":"2018-09-24T13:30:13+00:00","article_modified_time":"2018-11-27T13:20:26+00:00","og_image":[{"width":273,"height":181,"url":"https:\/\/franciscanos.org.br\/noticias\/wp-content\/uploads\/2018\/09\/jaime-spengler.jpeg","type":"image\/jpeg"}],"author":"admin","twitter_card":"summary_large_image","twitter_misc":{"Escrito por":"admin","Est. tempo de leitura":"6 minutos"},"schema":{"@context":"https:\/\/schema.org","@graph":[{"@type":"WebSite","@id":"https:\/\/franciscanos.org.br\/noticias\/#website","url":"https:\/\/franciscanos.org.br\/noticias\/","name":"Not\u00edcias - Franciscanos","description":"Prov\u00edncia Franciscana da Imaculada Concei\u00e7\u00e3o do Brasil - Ordem dos Frades Menores - OFM","potentialAction":[{"@type":"SearchAction","target":{"@type":"EntryPoint","urlTemplate":"https:\/\/franciscanos.org.br\/noticias\/?s={search_term_string}"},"query-input":"required name=search_term_string"}],"inLanguage":"pt-BR"},{"@type":"ImageObject","inLanguage":"pt-BR","@id":"https:\/\/franciscanos.org.br\/noticias\/entrevista-com-dom-jaime-spengler.html#primaryimage","url":"https:\/\/franciscanos.org.br\/noticias\/wp-content\/uploads\/2018\/09\/jaime-spengler.jpeg","contentUrl":"https:\/\/franciscanos.org.br\/noticias\/wp-content\/uploads\/2018\/09\/jaime-spengler.jpeg","width":273,"height":181},{"@type":"WebPage","@id":"https:\/\/franciscanos.org.br\/noticias\/entrevista-com-dom-jaime-spengler.html#webpage","url":"https:\/\/franciscanos.org.br\/noticias\/entrevista-com-dom-jaime-spengler.html","name":"\"Urge ir ao encontro da juventude onde ela est\u00e1!\", diz D. Jaime - Not\u00edcias - Franciscanos","isPartOf":{"@id":"https:\/\/franciscanos.org.br\/noticias\/#website"},"primaryImageOfPage":{"@id":"https:\/\/franciscanos.org.br\/noticias\/entrevista-com-dom-jaime-spengler.html#primaryimage"},"datePublished":"2018-09-24T13:30:13+00:00","dateModified":"2018-11-27T13:20:26+00:00","author":{"@id":"https:\/\/franciscanos.org.br\/noticias\/#\/schema\/person\/b38fbf43118f02820bd932f2e4b14ad3"},"breadcrumb":{"@id":"https:\/\/franciscanos.org.br\/noticias\/entrevista-com-dom-jaime-spengler.html#breadcrumb"},"inLanguage":"pt-BR","potentialAction":[{"@type":"ReadAction","target":["https:\/\/franciscanos.org.br\/noticias\/entrevista-com-dom-jaime-spengler.html"]}]},{"@type":"BreadcrumbList","@id":"https:\/\/franciscanos.org.br\/noticias\/entrevista-com-dom-jaime-spengler.html#breadcrumb","itemListElement":[{"@type":"ListItem","position":1,"name":"Home","item":"https:\/\/franciscanos.org.br\/noticias"},{"@type":"ListItem","position":2,"name":"&#8220;Urge ir ao encontro da juventude onde ela est\u00e1!&#8221;, diz D. Jaime"}]},{"@type":"Person","@id":"https:\/\/franciscanos.org.br\/noticias\/#\/schema\/person\/b38fbf43118f02820bd932f2e4b14ad3","name":"admin","image":{"@type":"ImageObject","inLanguage":"pt-BR","@id":"https:\/\/franciscanos.org.br\/noticias\/#\/schema\/person\/image\/","url":"https:\/\/secure.gravatar.com\/avatar\/e8495742d34d0ba6448ea1c628263b3e?s=96&d=mm&r=g","contentUrl":"https:\/\/secure.gravatar.com\/avatar\/e8495742d34d0ba6448ea1c628263b3e?s=96&d=mm&r=g","caption":"admin"},"url":"https:\/\/franciscanos.org.br\/noticias\/author\/admin"}]}},"_links":{"self":[{"href":"https:\/\/franciscanos.org.br\/noticias\/wp-json\/wp\/v2\/posts\/172286"}],"collection":[{"href":"https:\/\/franciscanos.org.br\/noticias\/wp-json\/wp\/v2\/posts"}],"about":[{"href":"https:\/\/franciscanos.org.br\/noticias\/wp-json\/wp\/v2\/types\/post"}],"author":[{"embeddable":true,"href":"https:\/\/franciscanos.org.br\/noticias\/wp-json\/wp\/v2\/users\/1"}],"replies":[{"embeddable":true,"href":"https:\/\/franciscanos.org.br\/noticias\/wp-json\/wp\/v2\/comments?post=172286"}],"version-history":[{"count":0,"href":"https:\/\/franciscanos.org.br\/noticias\/wp-json\/wp\/v2\/posts\/172286\/revisions"}],"wp:featuredmedia":[{"embeddable":true,"href":"https:\/\/franciscanos.org.br\/noticias\/wp-json\/wp\/v2\/media\/191674"}],"wp:attachment":[{"href":"https:\/\/franciscanos.org.br\/noticias\/wp-json\/wp\/v2\/media?parent=172286"}],"wp:term":[{"taxonomy":"category","embeddable":true,"href":"https:\/\/franciscanos.org.br\/noticias\/wp-json\/wp\/v2\/categories?post=172286"},{"taxonomy":"post_tag","embeddable":true,"href":"https:\/\/franciscanos.org.br\/noticias\/wp-json\/wp\/v2\/tags?post=172286"}],"curies":[{"name":"wp","href":"https:\/\/api.w.org\/{rel}","templated":true}]}}