{"id":172150,"date":"2018-09-22T17:34:57","date_gmt":"2018-09-22T20:34:57","guid":{"rendered":"http:\/\/franciscanos.org.br\/?p=172150"},"modified":"2018-11-27T13:04:52","modified_gmt":"2018-11-27T15:04:52","slug":"missa-nordestina-as-licoes-do-baiao-de-dois","status":"publish","type":"post","link":"https:\/\/franciscanos.org.br\/noticias\/missa-nordestina-as-licoes-do-baiao-de-dois.html","title":{"rendered":"Missa Nordestina: conhe\u00e7a as li\u00e7\u00f5es do bai\u00e3o de dois"},"content":{"rendered":"<p><img loading=\"lazy\" class=\"aligncenter\" src=\"http:\/\/franciscanos.org.br\/wp-content\/uploads\/2018\/09\/missa_220918_7.jpg\" alt=\"missa_220918_7\" width=\"830\" height=\"466\" \/><\/p>\n<p><strong>Moacir Beggo<\/strong><\/p>\n<p><strong>S\u00e3o Paulo (SP)<\/strong> &#8211; Caro leitor, antes de mais nada, voc\u00ea n\u00e3o est\u00e1 numa p\u00e1gina de arte culin\u00e1ria. Essas li\u00e7\u00f5es falam de simplicidade, comunh\u00e3o e generosidade e foram passadas, em forma de catequese, por Frei Gustavo Medella na Missa Nordestina, celebrada pela quinta vez consecutiva no Convento e Santu\u00e1rio S\u00e3o Francisco, no Largo S\u00e3o Francisco, no centro de S\u00e3o Paulo. Os fi\u00e9is nordestinos, em sua grande maioria, vieram celebrar este momento e recordar uma devo\u00e7\u00e3o muito forte no Nordeste: S\u00e3o Francisco das Chagas.<\/p>\n<p>A equipe lit\u00fargica do Santu\u00e1rio, sob a coordena\u00e7\u00e3o do reitor Frei Alvaci Mendes da Luz, preparou uma bela Celebra\u00e7\u00e3o Eucar\u00edstica com a ajuda da Pastoral do Migrante de S\u00e3o Paulo. O estandarte reproduzindo S\u00e3o Francisco das Chagas do Santu\u00e1rio de Canind\u00e9, no Cear\u00e1, abriu a prociss\u00e3o de entrada ao meio-dia deste s\u00e1bado, 22 de setembro, ao som de cantos e ritmos nordestinos. Entre os frades presentes, o Vig\u00e1rio Provincial, Frei C\u00e9sar K\u00fclkamp, representando os frades da Prov\u00edncia da Imaculada, e o guardi\u00e3o do Convento S\u00e3o Francisco, Frei M\u00e1rio Tagliari.<\/p>\n<p>A Festa das Chagas de S\u00e3o Francisco \u00e9 celebrada pela Fam\u00edlia Franciscana no dia 17 de setembro. Em Canind\u00e9, ela d\u00e1 in\u00edcio aos festejos de S\u00e3o Francisco. Na capital paulista, esta Missa abriu os festejos em honra do Padroeiro do Convento e Santu\u00e1rio, a ser celebrado no dia 4 de outubro. Na pr\u00f3xima ter\u00e7a-feira tem in\u00edcio a Novena de S\u00e3o Francisco, \u00e0s 15 horas. O celebrante falou sobre o significado das Chagas na vida de S\u00e3o Francisco e na nossa vida.<\/p>\n<p><img loading=\"lazy\" class=\"aligncenter\" src=\"http:\/\/franciscanos.org.br\/wp-content\/uploads\/2018\/09\/missa_220918_5.jpg\" alt=\"missa_220918_5\" width=\"830\" height=\"400\" \/><\/p>\n<p>&#8220;S\u00e3o Francisco recebe nas m\u00e3os, nos p\u00e9s e no cora\u00e7\u00e3o as mesmas feridas de Nosso Senhor na cruz, por gra\u00e7a especial\u00edssima alcan\u00e7ada, pelo grau de maturidade que ele chegou querendo sentir no pr\u00f3prio corpo o que o Senhor sentiu por amor. E querendo sentir o amor que Nosso Senhor sentiu por n\u00f3s para chegar ao extremo da ousadia de uma entrega humilhante na cruz&#8221;, disse Frei Medella.<\/p>\n<p>Segundo o frade, a primeira mensagem que S\u00e3o Francisco das Chagas nos traz \u00e9 que o amor deixa marcas. &#8220;Voc\u00ea \u00e9 marcado por amor. Todos n\u00f3s somos marcados. Quem vem dos estados do Nordeste, que tem o pai e a m\u00e3e l\u00e1, aprendeu amar aquela terra, porque aquela terra que est\u00e1 a milhares de quil\u00f4metros n\u00e3o o deixou. Est\u00e1 marcada no seu cora\u00e7\u00e3o. Esse amor \u00e9 uma sintonia. Esse amor se faz presente a cada dia de nossa vida, estando longe ou perto das nossas origens, do nosso ber\u00e7o, daquilo que nos \u00e9 familiar, que nos \u00e9 querido. O amor deixa marcas&#8221;, frisou.<\/p>\n<p>Falando no Nordeste, o frade usou um prato popular na regi\u00e3o para marcar a sua mensagem: o bai\u00e3o de dois. Primeiro chamou as pessoas para falarem como se faz o prato preferido especialmente pelos cearenses. A origem do termo ganhou popularidade com a m\u00fasica &#8220;Bai\u00e3o de Dois&#8221;, parceria do compositor cearense Humberto Teixeira com o &#8220;Rei do Bai\u00e3o&#8221;, o pernambucano Lu\u00eds Gonzaga, na metade do s\u00e9culo XX.<\/p>\n<p>Diante da explica\u00e7\u00e3o do cearense Souza, que deu a a receita do bai\u00e3o de dois, Frei Medella refletiu. &#8220;Voc\u00eas viram que n\u00e3o tem segredo: um pouco de arroz, um pouco de feij\u00e3o verde, um peda\u00e7o de carne seca, peda\u00e7o de queijo coalho e coentro. O que o bai\u00e3o de dois nos ensina?&#8221;, perguntou o frade.<\/p>\n<p>Primeiro, disse Frei Gustavo, ele ensina a simplicidade. &#8220;\u00c9 o prato que o pobre pode fazer. Arroz, feij\u00e3o verde, um pedacinho de carne seca e queijo coalho. Hoje a carne seca est\u00e1 um pouco cara, mas se procurar acha mais em conta. Todos ingredientes simples, acess\u00edveis\u00a0 e de f\u00e1cil preparo&#8221;, explicou.<\/p>\n<p><img loading=\"lazy\" class=\"aligncenter\" src=\"http:\/\/franciscanos.org.br\/wp-content\/uploads\/2018\/09\/missa_220918_8.jpg\" alt=\"missa_220918_8\" width=\"830\" height=\"623\" \/><\/p>\n<p>A segunda li\u00e7\u00e3o \u00e9 a comunh\u00e3o. &#8220;Nenhum ingrediente quer ser mais do que o outro no bai\u00e3o de dois. Nenhum quer ser um prato especial, do tipo &#8216;arroz \u00e0 moda cearense&#8217;, mas apenas bai\u00e3o de dois. Cada um d\u00e1 a sua contribui\u00e7\u00e3o dentro da comunh\u00e3o para formar o prato gostoso, com arroz, feij\u00e3o, carne seca e queijo. O Souza acrescentou o creme de leite e voc\u00ea pode experimentar fazendo em casa&#8230;&#8221;, brincou o frade.<\/p>\n<p>&#8220;Mas essa \u00e9 a comunh\u00e3o: os ingredientes se unem. E n\u00f3s tamb\u00e9m precisamos da simplicidade. Acolher o diferente, saber que o outro vem transformar para a receita ficar melhor, ficar completa. \u00c9 muito triste quando vemos no nosso Brasil discursos desrespeitando os quem v\u00eam de fora, imigrantes, migrantes. Ou como dizem, gente que vem de outros lugares &#8216;para tirar o nosso lugar, tirar o nosso emprego&#8217;. S\u00e3o olhados com desprezo. N\u00f3s somos chamados \u00e0 comunh\u00e3o na simplicidade&#8221;, frisou Frei Medella.<\/p>\n<p>A \u00faltima li\u00e7\u00e3o, acrescentou o frade, \u00e9 a generosidade. &#8220;Geralmente, a panela \u00e9 grande. Quem faz a comida, j\u00e1 conta com aqueles que chegam de surpresa. Ent\u00e3o, todo mundo pode ir \u00e0 panela e se servir um bom prato de bai\u00e3o de dois, conversando, aproximando os la\u00e7os, criando pontes, criando comunh\u00e3o. Essas s\u00e3o as tr\u00eas li\u00e7\u00f5es do bai\u00e3o de dois, sabendo que o amor deixa marcas, sabendo que o amor nos ajuda dar sentido \u00e0 vida e sabendo que com o amor, na simplicidade, na comunh\u00e3o, na generosidade, n\u00f3s temos tudo para sermos felizes. Os ingredientes est\u00e3o a\u00ed. S\u00f3 falta colocarmos a m\u00e3o na massa e fazermos um bai\u00e3o de dois gostoso, partilhado na alegria e na gratid\u00e3o&#8221;, completou.<\/p>\n<p>Durante a prociss\u00e3o do Ofert\u00f3rio e na Ora\u00e7\u00e3o dos Fi\u00e9is, muitos pedidos de paz, de respeito pelos migrantes, de solidariedade, de f\u00e9 e esperan\u00e7a no pa\u00eds. A celebra\u00e7\u00e3o terminou com uma prociss\u00e3o com imagens de Nossa Senhora do Nordeste, S\u00e3o Francisco das Chagas, Padre C\u00edcero, Frei Dami\u00e3o e Santa Francisca de Roma, Protetora dos imigrantes.<\/p>\n<p>A festa deste dia no Largo S\u00e3o Francisco continuou no claustro, com a Tarde pr\u00eamios, que teve como animador do bingo Frei Alexandre Rohling, o Frei Xand\u00e3o.<\/p>\n","protected":false},"excerpt":{"rendered":"<p>S\u00e3o Francisco de Assis<\/p>\n","protected":false},"author":1,"featured_media":191705,"comment_status":"open","ping_status":"open","sticky":false,"template":"","format":"standard","meta":[],"categories":[1],"tags":[312],"acf":[],"yoast_head":"<!-- This site is optimized with the Yoast SEO plugin v19.2 - https:\/\/yoast.com\/wordpress\/plugins\/seo\/ -->\n<title>Missa Nordestina: conhe\u00e7a as li\u00e7\u00f5es do bai\u00e3o de dois - Not\u00edcias - Franciscanos<\/title>\n<meta name=\"robots\" content=\"index, follow, max-snippet:-1, max-image-preview:large, max-video-preview:-1\" \/>\n<link rel=\"canonical\" href=\"https:\/\/franciscanos.org.br\/noticias\/missa-nordestina-as-licoes-do-baiao-de-dois.html\" \/>\n<meta property=\"og:locale\" content=\"pt_BR\" \/>\n<meta property=\"og:type\" content=\"article\" \/>\n<meta property=\"og:title\" content=\"Missa Nordestina: conhe\u00e7a as li\u00e7\u00f5es do bai\u00e3o de dois - Not\u00edcias - Franciscanos\" \/>\n<meta property=\"og:description\" content=\"S\u00e3o Francisco de Assis\" \/>\n<meta property=\"og:url\" content=\"https:\/\/franciscanos.org.br\/noticias\/missa-nordestina-as-licoes-do-baiao-de-dois.html\" \/>\n<meta property=\"og:site_name\" content=\"Not\u00edcias - Franciscanos\" \/>\n<meta property=\"article:published_time\" content=\"2018-09-22T20:34:57+00:00\" \/>\n<meta property=\"article:modified_time\" content=\"2018-11-27T15:04:52+00:00\" \/>\n<meta property=\"og:image\" content=\"https:\/\/franciscanos.org.br\/noticias\/wp-content\/uploads\/2018\/09\/missa_220918_7.jpg\" \/>\n\t<meta property=\"og:image:width\" content=\"273\" \/>\n\t<meta property=\"og:image:height\" content=\"181\" \/>\n\t<meta property=\"og:image:type\" content=\"image\/jpeg\" \/>\n<meta name=\"author\" content=\"admin\" \/>\n<meta name=\"twitter:card\" content=\"summary_large_image\" \/>\n<meta name=\"twitter:label1\" content=\"Escrito por\" \/>\n\t<meta name=\"twitter:data1\" content=\"admin\" \/>\n\t<meta name=\"twitter:label2\" content=\"Est. tempo de leitura\" \/>\n\t<meta name=\"twitter:data2\" content=\"5 minutos\" \/>\n<script type=\"application\/ld+json\" class=\"yoast-schema-graph\">{\"@context\":\"https:\/\/schema.org\",\"@graph\":[{\"@type\":\"WebSite\",\"@id\":\"https:\/\/franciscanos.org.br\/noticias\/#website\",\"url\":\"https:\/\/franciscanos.org.br\/noticias\/\",\"name\":\"Not\u00edcias - Franciscanos\",\"description\":\"Prov\u00edncia Franciscana da Imaculada Concei\u00e7\u00e3o do Brasil - Ordem dos Frades Menores - OFM\",\"potentialAction\":[{\"@type\":\"SearchAction\",\"target\":{\"@type\":\"EntryPoint\",\"urlTemplate\":\"https:\/\/franciscanos.org.br\/noticias\/?s={search_term_string}\"},\"query-input\":\"required name=search_term_string\"}],\"inLanguage\":\"pt-BR\"},{\"@type\":\"ImageObject\",\"inLanguage\":\"pt-BR\",\"@id\":\"https:\/\/franciscanos.org.br\/noticias\/missa-nordestina-as-licoes-do-baiao-de-dois.html#primaryimage\",\"url\":\"https:\/\/franciscanos.org.br\/noticias\/wp-content\/uploads\/2018\/09\/missa_220918_7.jpg\",\"contentUrl\":\"https:\/\/franciscanos.org.br\/noticias\/wp-content\/uploads\/2018\/09\/missa_220918_7.jpg\",\"width\":273,\"height\":181},{\"@type\":\"WebPage\",\"@id\":\"https:\/\/franciscanos.org.br\/noticias\/missa-nordestina-as-licoes-do-baiao-de-dois.html#webpage\",\"url\":\"https:\/\/franciscanos.org.br\/noticias\/missa-nordestina-as-licoes-do-baiao-de-dois.html\",\"name\":\"Missa Nordestina: conhe\u00e7a as li\u00e7\u00f5es do bai\u00e3o de dois - Not\u00edcias - Franciscanos\",\"isPartOf\":{\"@id\":\"https:\/\/franciscanos.org.br\/noticias\/#website\"},\"primaryImageOfPage\":{\"@id\":\"https:\/\/franciscanos.org.br\/noticias\/missa-nordestina-as-licoes-do-baiao-de-dois.html#primaryimage\"},\"datePublished\":\"2018-09-22T20:34:57+00:00\",\"dateModified\":\"2018-11-27T15:04:52+00:00\",\"author\":{\"@id\":\"https:\/\/franciscanos.org.br\/noticias\/#\/schema\/person\/b38fbf43118f02820bd932f2e4b14ad3\"},\"breadcrumb\":{\"@id\":\"https:\/\/franciscanos.org.br\/noticias\/missa-nordestina-as-licoes-do-baiao-de-dois.html#breadcrumb\"},\"inLanguage\":\"pt-BR\",\"potentialAction\":[{\"@type\":\"ReadAction\",\"target\":[\"https:\/\/franciscanos.org.br\/noticias\/missa-nordestina-as-licoes-do-baiao-de-dois.html\"]}]},{\"@type\":\"BreadcrumbList\",\"@id\":\"https:\/\/franciscanos.org.br\/noticias\/missa-nordestina-as-licoes-do-baiao-de-dois.html#breadcrumb\",\"itemListElement\":[{\"@type\":\"ListItem\",\"position\":1,\"name\":\"Home\",\"item\":\"https:\/\/franciscanos.org.br\/noticias\"},{\"@type\":\"ListItem\",\"position\":2,\"name\":\"Missa Nordestina: conhe\u00e7a as li\u00e7\u00f5es do bai\u00e3o de dois\"}]},{\"@type\":\"Person\",\"@id\":\"https:\/\/franciscanos.org.br\/noticias\/#\/schema\/person\/b38fbf43118f02820bd932f2e4b14ad3\",\"name\":\"admin\",\"image\":{\"@type\":\"ImageObject\",\"inLanguage\":\"pt-BR\",\"@id\":\"https:\/\/franciscanos.org.br\/noticias\/#\/schema\/person\/image\/\",\"url\":\"https:\/\/secure.gravatar.com\/avatar\/e8495742d34d0ba6448ea1c628263b3e?s=96&d=mm&r=g\",\"contentUrl\":\"https:\/\/secure.gravatar.com\/avatar\/e8495742d34d0ba6448ea1c628263b3e?s=96&d=mm&r=g\",\"caption\":\"admin\"},\"url\":\"https:\/\/franciscanos.org.br\/noticias\/author\/admin\"}]}<\/script>\n<!-- \/ Yoast SEO plugin. -->","yoast_head_json":{"title":"Missa Nordestina: conhe\u00e7a as li\u00e7\u00f5es do bai\u00e3o de dois - Not\u00edcias - Franciscanos","robots":{"index":"index","follow":"follow","max-snippet":"max-snippet:-1","max-image-preview":"max-image-preview:large","max-video-preview":"max-video-preview:-1"},"canonical":"https:\/\/franciscanos.org.br\/noticias\/missa-nordestina-as-licoes-do-baiao-de-dois.html","og_locale":"pt_BR","og_type":"article","og_title":"Missa Nordestina: conhe\u00e7a as li\u00e7\u00f5es do bai\u00e3o de dois - Not\u00edcias - Franciscanos","og_description":"S\u00e3o Francisco de Assis","og_url":"https:\/\/franciscanos.org.br\/noticias\/missa-nordestina-as-licoes-do-baiao-de-dois.html","og_site_name":"Not\u00edcias - Franciscanos","article_published_time":"2018-09-22T20:34:57+00:00","article_modified_time":"2018-11-27T15:04:52+00:00","og_image":[{"width":273,"height":181,"url":"https:\/\/franciscanos.org.br\/noticias\/wp-content\/uploads\/2018\/09\/missa_220918_7.jpg","type":"image\/jpeg"}],"author":"admin","twitter_card":"summary_large_image","twitter_misc":{"Escrito por":"admin","Est. tempo de leitura":"5 minutos"},"schema":{"@context":"https:\/\/schema.org","@graph":[{"@type":"WebSite","@id":"https:\/\/franciscanos.org.br\/noticias\/#website","url":"https:\/\/franciscanos.org.br\/noticias\/","name":"Not\u00edcias - Franciscanos","description":"Prov\u00edncia Franciscana da Imaculada Concei\u00e7\u00e3o do Brasil - Ordem dos Frades Menores - OFM","potentialAction":[{"@type":"SearchAction","target":{"@type":"EntryPoint","urlTemplate":"https:\/\/franciscanos.org.br\/noticias\/?s={search_term_string}"},"query-input":"required name=search_term_string"}],"inLanguage":"pt-BR"},{"@type":"ImageObject","inLanguage":"pt-BR","@id":"https:\/\/franciscanos.org.br\/noticias\/missa-nordestina-as-licoes-do-baiao-de-dois.html#primaryimage","url":"https:\/\/franciscanos.org.br\/noticias\/wp-content\/uploads\/2018\/09\/missa_220918_7.jpg","contentUrl":"https:\/\/franciscanos.org.br\/noticias\/wp-content\/uploads\/2018\/09\/missa_220918_7.jpg","width":273,"height":181},{"@type":"WebPage","@id":"https:\/\/franciscanos.org.br\/noticias\/missa-nordestina-as-licoes-do-baiao-de-dois.html#webpage","url":"https:\/\/franciscanos.org.br\/noticias\/missa-nordestina-as-licoes-do-baiao-de-dois.html","name":"Missa Nordestina: conhe\u00e7a as li\u00e7\u00f5es do bai\u00e3o de dois - Not\u00edcias - Franciscanos","isPartOf":{"@id":"https:\/\/franciscanos.org.br\/noticias\/#website"},"primaryImageOfPage":{"@id":"https:\/\/franciscanos.org.br\/noticias\/missa-nordestina-as-licoes-do-baiao-de-dois.html#primaryimage"},"datePublished":"2018-09-22T20:34:57+00:00","dateModified":"2018-11-27T15:04:52+00:00","author":{"@id":"https:\/\/franciscanos.org.br\/noticias\/#\/schema\/person\/b38fbf43118f02820bd932f2e4b14ad3"},"breadcrumb":{"@id":"https:\/\/franciscanos.org.br\/noticias\/missa-nordestina-as-licoes-do-baiao-de-dois.html#breadcrumb"},"inLanguage":"pt-BR","potentialAction":[{"@type":"ReadAction","target":["https:\/\/franciscanos.org.br\/noticias\/missa-nordestina-as-licoes-do-baiao-de-dois.html"]}]},{"@type":"BreadcrumbList","@id":"https:\/\/franciscanos.org.br\/noticias\/missa-nordestina-as-licoes-do-baiao-de-dois.html#breadcrumb","itemListElement":[{"@type":"ListItem","position":1,"name":"Home","item":"https:\/\/franciscanos.org.br\/noticias"},{"@type":"ListItem","position":2,"name":"Missa Nordestina: conhe\u00e7a as li\u00e7\u00f5es do bai\u00e3o de dois"}]},{"@type":"Person","@id":"https:\/\/franciscanos.org.br\/noticias\/#\/schema\/person\/b38fbf43118f02820bd932f2e4b14ad3","name":"admin","image":{"@type":"ImageObject","inLanguage":"pt-BR","@id":"https:\/\/franciscanos.org.br\/noticias\/#\/schema\/person\/image\/","url":"https:\/\/secure.gravatar.com\/avatar\/e8495742d34d0ba6448ea1c628263b3e?s=96&d=mm&r=g","contentUrl":"https:\/\/secure.gravatar.com\/avatar\/e8495742d34d0ba6448ea1c628263b3e?s=96&d=mm&r=g","caption":"admin"},"url":"https:\/\/franciscanos.org.br\/noticias\/author\/admin"}]}},"_links":{"self":[{"href":"https:\/\/franciscanos.org.br\/noticias\/wp-json\/wp\/v2\/posts\/172150"}],"collection":[{"href":"https:\/\/franciscanos.org.br\/noticias\/wp-json\/wp\/v2\/posts"}],"about":[{"href":"https:\/\/franciscanos.org.br\/noticias\/wp-json\/wp\/v2\/types\/post"}],"author":[{"embeddable":true,"href":"https:\/\/franciscanos.org.br\/noticias\/wp-json\/wp\/v2\/users\/1"}],"replies":[{"embeddable":true,"href":"https:\/\/franciscanos.org.br\/noticias\/wp-json\/wp\/v2\/comments?post=172150"}],"version-history":[{"count":0,"href":"https:\/\/franciscanos.org.br\/noticias\/wp-json\/wp\/v2\/posts\/172150\/revisions"}],"wp:featuredmedia":[{"embeddable":true,"href":"https:\/\/franciscanos.org.br\/noticias\/wp-json\/wp\/v2\/media\/191705"}],"wp:attachment":[{"href":"https:\/\/franciscanos.org.br\/noticias\/wp-json\/wp\/v2\/media?parent=172150"}],"wp:term":[{"taxonomy":"category","embeddable":true,"href":"https:\/\/franciscanos.org.br\/noticias\/wp-json\/wp\/v2\/categories?post=172150"},{"taxonomy":"post_tag","embeddable":true,"href":"https:\/\/franciscanos.org.br\/noticias\/wp-json\/wp\/v2\/tags?post=172150"}],"curies":[{"name":"wp","href":"https:\/\/api.w.org\/{rel}","templated":true}]}}