{"id":171768,"date":"2018-09-19T06:46:39","date_gmt":"2018-09-19T09:46:39","guid":{"rendered":"http:\/\/franciscanos.org.br\/?p=171768"},"modified":"2020-06-07T06:48:48","modified_gmt":"2020-06-07T09:48:48","slug":"os-pais-nos-deram-a-vida-jamais-devemos-insulta-los-pediu-francisco","status":"publish","type":"post","link":"https:\/\/franciscanos.org.br\/noticias\/os-pais-nos-deram-a-vida-jamais-devemos-insulta-los-pediu-francisco.html","title":{"rendered":"&#8220;Os pais nos deram a vida e jamais devemos insult\u00e1-los. Se voc\u00ea se afastou deles, volte!&#8221;"},"content":{"rendered":"<p><img loading=\"lazy\" class=\"aligncenter\" src=\"http:\/\/franciscanos.org.br\/wp-content\/uploads\/2018\/09\/papa_190918.jpg\" alt=\"papa_190918\" width=\"819\" height=\"417\" \/><\/p>\n<p><strong>Cidade do Vaticano<\/strong> &#8211; \u201cHonrar pai e m\u00e3e\u201d. O quarto mandamento foi o tema da catequese do Papa na Audi\u00eancia Geral desta quarta-feira, 19, ao dar continuidade a sua s\u00e9rie de reflex\u00f5es sobre o Dec\u00e1logo. Francisco pediu para nunca insultarmos os pais. Do Brasil estava presente um grupo do Col\u00e9gio Santo In\u00e1cio, de Fortaleza.<\/p>\n<p>Francisco come\u00e7ou explicando aos 13 mil presentes na Pra\u00e7a S\u00e3o Pedro, numa quarta-feira com tempo inst\u00e1vel, o sentido desta \u201chonra\u201d, que em hebraico indica a gl\u00f3ria, o valor, a consist\u00eancia de uma realidade. Portanto, \u201chonrar\u201d significa reconhecer este valor.<\/p>\n<p>Se \u201chonrar a Deus nas Escrituras quer dizer reconhecer a sua realidade, considerar a sua presen\u00e7a\u201d, dando a Ele \u201cseu justo lugar na exist\u00eancia\u201d, honrar pai e m\u00e3e quer dizer ent\u00e3o \u201creconhecer a sua import\u00e2ncia tamb\u00e9m com atos concretos, que exprimem dedica\u00e7\u00e3o, afeto, cuidado\u201d, mas n\u00e3o s\u00f3.<\/p>\n<p>\u201cHonra o teu pai e a tua m\u00e3e, como te ordenou o Senhor, para que se prolonguem os teus dias e prosperes na terra que te deu o Senhor teu Deus\u201d. O quarto mandamento \u2013 explica o Papa &#8211; \u201ccont\u00e9m um \u00eaxito\u201d, ou seja, \u201chonrar os pais leva a uma vida longa e feliz\u201d.<\/p>\n<p>De fato, \u201ca palavra \u201cfelicidade\u201d no Dec\u00e1logo aparece somente ligada \u00e0 rela\u00e7\u00e3o com os pais\u201d. E essa sabedoria milenar declara o que as ci\u00eancias humanas conseguiram elaborar somente h\u00e1 pouco mais de um s\u00e9culo, isto \u00e9, que a marca da inf\u00e2ncia marca toda a vida: \u201cMuitas vezes pode ser f\u00e1cil entender se algu\u00e9m cresceu em um ambiente saud\u00e1vel e equilibrado. Mas da mesma forma perceber se uma pessoa vem de experi\u00eancias de abandono ou de viol\u00eancia. A nossa inf\u00e2ncia \u00e9 um pouco como uma tinta indel\u00e9vel, se expressa nos gostos, nos modos de ser, mesmo que alguns tentem esconder as feridas de suas origens\u201d.<\/p>\n<p><img loading=\"lazy\" class=\"aligncenter\" src=\"http:\/\/franciscanos.org.br\/wp-content\/uploads\/2018\/09\/papa_190918_3.jpg\" alt=\"papa_190918_3\" width=\"820\" height=\"546\" \/><\/p>\n<p>Francisco chama a aten\u00e7\u00e3o, que o quarto mandamento n\u00e3o fala da bondade dos pais, nem pede a eles que sejam perfeitos, mas, \u201cfala de um ato dos filhos, independente dos m\u00e9ritos dos genitores, e diz uma coisa extraordin\u00e1ria e libertadora\u201d: \u201cMesmo que nem todos os pais sejam bons e nem todos as inf\u00e2ncias sejam serenas, todos os filhos podem ser felizes, porque a realiza\u00e7\u00e3o de uma vida plena e feliz depende do justo reconhecimento para com aqueles que nos colocaram no mundo\u201d.<\/p>\n<p>O Papa ressalta o quanto este quarto mandamento \u201cpode ser construtivo para tantos jovens que vem de hist\u00f3rias de dor e para todos aqueles que sofreram em sua juventude. Muitos santos &#8211; e muitos crist\u00e3os &#8211; depois de uma inf\u00e2ncia dolorosa viveram uma vida luminosa, porque, gra\u00e7as a Jesus Cristo, se reconciliaram com a vida: &#8220;Pensemos ao hoje Beato, mas no pr\u00f3ximo m\u00eas Santo Sulprizio, aquele jovem napolitano que h\u00e1 19 anos acabou sua vida reconciliado com tanta dor e tantas coisas, porque seu cora\u00e7\u00e3o era sereno e jamais havia renegado seus pais. Pensemos em S\u00e3o Camilo de Lellis, que de uma inf\u00e2ncia desordenada construiu uma vida de amor e servi\u00e7o; a Santa Josefina Bakhita, crescida em uma escravid\u00e3o horr\u00edvel; ou ao aben\u00e7oado Carlo Gnocchi, \u00f3rf\u00e3o e pobre; e ao pr\u00f3prio S\u00e3o Jo\u00e3o Paulo II, marcado pela perda da m\u00e3e em tenra idade\u201d.<\/p>\n<p>O homem, qualquer que seja a sua hist\u00f3ria, \u201crecebe deste mandamento a orienta\u00e7\u00e3o que conduz a Cristo\u201d, em quem se manifesta de fato \u201co Pai verdadeiro, que nos oferece renascer do alto\u201d. \u201cOs enigmas de nossas vidas se iluminam quando se descobre que Deus desde sempre nos preparou a vida como seus filhos, onde cada ato \u00e9 uma miss\u00e3o dele recebida.\u201d<\/p>\n<p>As nossas feridas \u2013 observou o Santo Padre \u2013 iniciam a ser \u201cpotencialidades\u201d quando, por gra\u00e7a, descobrimos que o verdadeiro enigma n\u00e3o \u00e9 mais \u201cpor que?\u201d, mas \u201cpor quem?\u201d\u201d me aconteceu isto, explicando: \u201cEm vista de qual obra Deus me forjou atrav\u00e9s da minha hist\u00f3ria? Aqui tudo se inverte, tudo se torna precioso, tudo se torna construtivo. Ent\u00e3o podemos come\u00e7ar a honrar nossos pais com a liberdade de filhos adultos e com misericordiosa acolhida de seus limites\u201d.<\/p>\n<p><img loading=\"lazy\" class=\"aligncenter\" src=\"http:\/\/franciscanos.org.br\/wp-content\/uploads\/2018\/09\/papa_190918_2.jpg\" alt=\"papa_190918_2\" width=\"820\" height=\"546\" \/><\/p>\n<p>\u201cHonrar os pais \u2013 exortou o Papa. Nos deram a vida\u201d. E fez um pedido: \u201cSe voc\u00ea se afastou dos seus pais, mah, faz um esfor\u00e7o e volte, volte para eles. Talvez sejam idosos. Deram a vida a voc\u00ea. E depois, entre n\u00f3s existe este costume de dizer coisas ruins, mesmo palavr\u00f5es. Por favor. Nunca, nunca, nunca insultar os outros, os pais. Nunca insultar o pai, a m\u00e3e. Nunca. Tomem esta decis\u00e3o interior. A partir de hoje nunca insultarei o pai ou a m\u00e3e de quem quer que seja. Nos deram a vida. Nunca insult\u00e1-los\u201d.<\/p>\n<p>Mas essa vida maravilhosa, disse o Papa Francisco ao concluir, nos \u00e9 oferta, n\u00e3o imposta. Renascer em Cristo \u00e9 uma gra\u00e7a a ser acolhida livremente e \u00e9 o tesouro de nosso Batismo, no qual, por obra do Esp\u00edrito Santo, um s\u00f3 \u00e9 o Pai nosso, aquele de c\u00e9u\u201d. \u201cPoderemos come\u00e7ar a honrar nossos pais com a liberdade de filhos adultos e com misericordiosa acolhida de seus limites, quando descobrirmos que o verdadeiro enigma n\u00e3o \u00e9 mais \u201cpor que?\u201d, mas \u201cpor quem?\u201d\u201d aconteceu isto ou aquilo que forjou a minha vida&#8221;, completou o Papa.<\/p>\n<hr \/>\n<p><em>Fonte: Vatican News<\/em><\/p>\n","protected":false},"excerpt":{"rendered":"<p>Audi\u00eancia Geral<\/p>\n","protected":false},"author":1,"featured_media":191733,"comment_status":"open","ping_status":"open","sticky":false,"template":"","format":"standard","meta":[],"categories":[1428],"tags":[487],"acf":[],"yoast_head":"<!-- This site is optimized with the Yoast SEO plugin v19.2 - https:\/\/yoast.com\/wordpress\/plugins\/seo\/ -->\n<title>&quot;Os pais nos deram a vida e jamais devemos insult\u00e1-los. Se voc\u00ea se afastou deles, volte!&quot; - Not\u00edcias - Franciscanos<\/title>\n<meta name=\"robots\" content=\"index, follow, max-snippet:-1, max-image-preview:large, max-video-preview:-1\" \/>\n<link rel=\"canonical\" href=\"https:\/\/franciscanos.org.br\/noticias\/os-pais-nos-deram-a-vida-jamais-devemos-insulta-los-pediu-francisco.html\" \/>\n<meta property=\"og:locale\" content=\"pt_BR\" \/>\n<meta property=\"og:type\" content=\"article\" \/>\n<meta property=\"og:title\" content=\"&quot;Os pais nos deram a vida e jamais devemos insult\u00e1-los. Se voc\u00ea se afastou deles, volte!&quot; - Not\u00edcias - Franciscanos\" \/>\n<meta property=\"og:description\" content=\"Audi\u00eancia Geral\" \/>\n<meta property=\"og:url\" content=\"https:\/\/franciscanos.org.br\/noticias\/os-pais-nos-deram-a-vida-jamais-devemos-insulta-los-pediu-francisco.html\" \/>\n<meta property=\"og:site_name\" content=\"Not\u00edcias - Franciscanos\" \/>\n<meta property=\"article:published_time\" content=\"2018-09-19T09:46:39+00:00\" \/>\n<meta property=\"article:modified_time\" content=\"2020-06-07T09:48:48+00:00\" \/>\n<meta property=\"og:image\" content=\"https:\/\/franciscanos.org.br\/noticias\/wp-content\/uploads\/2018\/09\/papa_190918.jpg\" \/>\n\t<meta property=\"og:image:width\" content=\"273\" \/>\n\t<meta property=\"og:image:height\" content=\"181\" \/>\n\t<meta property=\"og:image:type\" content=\"image\/jpeg\" \/>\n<meta name=\"author\" content=\"admin\" \/>\n<meta name=\"twitter:card\" content=\"summary_large_image\" \/>\n<meta name=\"twitter:label1\" content=\"Escrito por\" \/>\n\t<meta name=\"twitter:data1\" content=\"admin\" \/>\n\t<meta name=\"twitter:label2\" content=\"Est. tempo de leitura\" \/>\n\t<meta name=\"twitter:data2\" content=\"5 minutos\" \/>\n<script type=\"application\/ld+json\" class=\"yoast-schema-graph\">{\"@context\":\"https:\/\/schema.org\",\"@graph\":[{\"@type\":\"WebSite\",\"@id\":\"https:\/\/franciscanos.org.br\/noticias\/#website\",\"url\":\"https:\/\/franciscanos.org.br\/noticias\/\",\"name\":\"Not\u00edcias - Franciscanos\",\"description\":\"Prov\u00edncia Franciscana da Imaculada Concei\u00e7\u00e3o do Brasil - Ordem dos Frades Menores - OFM\",\"potentialAction\":[{\"@type\":\"SearchAction\",\"target\":{\"@type\":\"EntryPoint\",\"urlTemplate\":\"https:\/\/franciscanos.org.br\/noticias\/?s={search_term_string}\"},\"query-input\":\"required name=search_term_string\"}],\"inLanguage\":\"pt-BR\"},{\"@type\":\"ImageObject\",\"inLanguage\":\"pt-BR\",\"@id\":\"https:\/\/franciscanos.org.br\/noticias\/os-pais-nos-deram-a-vida-jamais-devemos-insulta-los-pediu-francisco.html#primaryimage\",\"url\":\"https:\/\/franciscanos.org.br\/noticias\/wp-content\/uploads\/2018\/09\/papa_190918.jpg\",\"contentUrl\":\"https:\/\/franciscanos.org.br\/noticias\/wp-content\/uploads\/2018\/09\/papa_190918.jpg\",\"width\":273,\"height\":181},{\"@type\":\"WebPage\",\"@id\":\"https:\/\/franciscanos.org.br\/noticias\/os-pais-nos-deram-a-vida-jamais-devemos-insulta-los-pediu-francisco.html#webpage\",\"url\":\"https:\/\/franciscanos.org.br\/noticias\/os-pais-nos-deram-a-vida-jamais-devemos-insulta-los-pediu-francisco.html\",\"name\":\"\\\"Os pais nos deram a vida e jamais devemos insult\u00e1-los. Se voc\u00ea se afastou deles, volte!\\\" - Not\u00edcias - Franciscanos\",\"isPartOf\":{\"@id\":\"https:\/\/franciscanos.org.br\/noticias\/#website\"},\"primaryImageOfPage\":{\"@id\":\"https:\/\/franciscanos.org.br\/noticias\/os-pais-nos-deram-a-vida-jamais-devemos-insulta-los-pediu-francisco.html#primaryimage\"},\"datePublished\":\"2018-09-19T09:46:39+00:00\",\"dateModified\":\"2020-06-07T09:48:48+00:00\",\"author\":{\"@id\":\"https:\/\/franciscanos.org.br\/noticias\/#\/schema\/person\/b38fbf43118f02820bd932f2e4b14ad3\"},\"breadcrumb\":{\"@id\":\"https:\/\/franciscanos.org.br\/noticias\/os-pais-nos-deram-a-vida-jamais-devemos-insulta-los-pediu-francisco.html#breadcrumb\"},\"inLanguage\":\"pt-BR\",\"potentialAction\":[{\"@type\":\"ReadAction\",\"target\":[\"https:\/\/franciscanos.org.br\/noticias\/os-pais-nos-deram-a-vida-jamais-devemos-insulta-los-pediu-francisco.html\"]}]},{\"@type\":\"BreadcrumbList\",\"@id\":\"https:\/\/franciscanos.org.br\/noticias\/os-pais-nos-deram-a-vida-jamais-devemos-insulta-los-pediu-francisco.html#breadcrumb\",\"itemListElement\":[{\"@type\":\"ListItem\",\"position\":1,\"name\":\"Home\",\"item\":\"https:\/\/franciscanos.org.br\/noticias\"},{\"@type\":\"ListItem\",\"position\":2,\"name\":\"&#8220;Os pais nos deram a vida e jamais devemos insult\u00e1-los. Se voc\u00ea se afastou deles, volte!&#8221;\"}]},{\"@type\":\"Person\",\"@id\":\"https:\/\/franciscanos.org.br\/noticias\/#\/schema\/person\/b38fbf43118f02820bd932f2e4b14ad3\",\"name\":\"admin\",\"image\":{\"@type\":\"ImageObject\",\"inLanguage\":\"pt-BR\",\"@id\":\"https:\/\/franciscanos.org.br\/noticias\/#\/schema\/person\/image\/\",\"url\":\"https:\/\/secure.gravatar.com\/avatar\/e8495742d34d0ba6448ea1c628263b3e?s=96&d=mm&r=g\",\"contentUrl\":\"https:\/\/secure.gravatar.com\/avatar\/e8495742d34d0ba6448ea1c628263b3e?s=96&d=mm&r=g\",\"caption\":\"admin\"},\"url\":\"https:\/\/franciscanos.org.br\/noticias\/author\/admin\"}]}<\/script>\n<!-- \/ Yoast SEO plugin. -->","yoast_head_json":{"title":"\"Os pais nos deram a vida e jamais devemos insult\u00e1-los. Se voc\u00ea se afastou deles, volte!\" - Not\u00edcias - Franciscanos","robots":{"index":"index","follow":"follow","max-snippet":"max-snippet:-1","max-image-preview":"max-image-preview:large","max-video-preview":"max-video-preview:-1"},"canonical":"https:\/\/franciscanos.org.br\/noticias\/os-pais-nos-deram-a-vida-jamais-devemos-insulta-los-pediu-francisco.html","og_locale":"pt_BR","og_type":"article","og_title":"\"Os pais nos deram a vida e jamais devemos insult\u00e1-los. Se voc\u00ea se afastou deles, volte!\" - Not\u00edcias - Franciscanos","og_description":"Audi\u00eancia Geral","og_url":"https:\/\/franciscanos.org.br\/noticias\/os-pais-nos-deram-a-vida-jamais-devemos-insulta-los-pediu-francisco.html","og_site_name":"Not\u00edcias - Franciscanos","article_published_time":"2018-09-19T09:46:39+00:00","article_modified_time":"2020-06-07T09:48:48+00:00","og_image":[{"width":273,"height":181,"url":"https:\/\/franciscanos.org.br\/noticias\/wp-content\/uploads\/2018\/09\/papa_190918.jpg","type":"image\/jpeg"}],"author":"admin","twitter_card":"summary_large_image","twitter_misc":{"Escrito por":"admin","Est. tempo de leitura":"5 minutos"},"schema":{"@context":"https:\/\/schema.org","@graph":[{"@type":"WebSite","@id":"https:\/\/franciscanos.org.br\/noticias\/#website","url":"https:\/\/franciscanos.org.br\/noticias\/","name":"Not\u00edcias - Franciscanos","description":"Prov\u00edncia Franciscana da Imaculada Concei\u00e7\u00e3o do Brasil - Ordem dos Frades Menores - OFM","potentialAction":[{"@type":"SearchAction","target":{"@type":"EntryPoint","urlTemplate":"https:\/\/franciscanos.org.br\/noticias\/?s={search_term_string}"},"query-input":"required name=search_term_string"}],"inLanguage":"pt-BR"},{"@type":"ImageObject","inLanguage":"pt-BR","@id":"https:\/\/franciscanos.org.br\/noticias\/os-pais-nos-deram-a-vida-jamais-devemos-insulta-los-pediu-francisco.html#primaryimage","url":"https:\/\/franciscanos.org.br\/noticias\/wp-content\/uploads\/2018\/09\/papa_190918.jpg","contentUrl":"https:\/\/franciscanos.org.br\/noticias\/wp-content\/uploads\/2018\/09\/papa_190918.jpg","width":273,"height":181},{"@type":"WebPage","@id":"https:\/\/franciscanos.org.br\/noticias\/os-pais-nos-deram-a-vida-jamais-devemos-insulta-los-pediu-francisco.html#webpage","url":"https:\/\/franciscanos.org.br\/noticias\/os-pais-nos-deram-a-vida-jamais-devemos-insulta-los-pediu-francisco.html","name":"\"Os pais nos deram a vida e jamais devemos insult\u00e1-los. Se voc\u00ea se afastou deles, volte!\" - Not\u00edcias - Franciscanos","isPartOf":{"@id":"https:\/\/franciscanos.org.br\/noticias\/#website"},"primaryImageOfPage":{"@id":"https:\/\/franciscanos.org.br\/noticias\/os-pais-nos-deram-a-vida-jamais-devemos-insulta-los-pediu-francisco.html#primaryimage"},"datePublished":"2018-09-19T09:46:39+00:00","dateModified":"2020-06-07T09:48:48+00:00","author":{"@id":"https:\/\/franciscanos.org.br\/noticias\/#\/schema\/person\/b38fbf43118f02820bd932f2e4b14ad3"},"breadcrumb":{"@id":"https:\/\/franciscanos.org.br\/noticias\/os-pais-nos-deram-a-vida-jamais-devemos-insulta-los-pediu-francisco.html#breadcrumb"},"inLanguage":"pt-BR","potentialAction":[{"@type":"ReadAction","target":["https:\/\/franciscanos.org.br\/noticias\/os-pais-nos-deram-a-vida-jamais-devemos-insulta-los-pediu-francisco.html"]}]},{"@type":"BreadcrumbList","@id":"https:\/\/franciscanos.org.br\/noticias\/os-pais-nos-deram-a-vida-jamais-devemos-insulta-los-pediu-francisco.html#breadcrumb","itemListElement":[{"@type":"ListItem","position":1,"name":"Home","item":"https:\/\/franciscanos.org.br\/noticias"},{"@type":"ListItem","position":2,"name":"&#8220;Os pais nos deram a vida e jamais devemos insult\u00e1-los. Se voc\u00ea se afastou deles, volte!&#8221;"}]},{"@type":"Person","@id":"https:\/\/franciscanos.org.br\/noticias\/#\/schema\/person\/b38fbf43118f02820bd932f2e4b14ad3","name":"admin","image":{"@type":"ImageObject","inLanguage":"pt-BR","@id":"https:\/\/franciscanos.org.br\/noticias\/#\/schema\/person\/image\/","url":"https:\/\/secure.gravatar.com\/avatar\/e8495742d34d0ba6448ea1c628263b3e?s=96&d=mm&r=g","contentUrl":"https:\/\/secure.gravatar.com\/avatar\/e8495742d34d0ba6448ea1c628263b3e?s=96&d=mm&r=g","caption":"admin"},"url":"https:\/\/franciscanos.org.br\/noticias\/author\/admin"}]}},"_links":{"self":[{"href":"https:\/\/franciscanos.org.br\/noticias\/wp-json\/wp\/v2\/posts\/171768"}],"collection":[{"href":"https:\/\/franciscanos.org.br\/noticias\/wp-json\/wp\/v2\/posts"}],"about":[{"href":"https:\/\/franciscanos.org.br\/noticias\/wp-json\/wp\/v2\/types\/post"}],"author":[{"embeddable":true,"href":"https:\/\/franciscanos.org.br\/noticias\/wp-json\/wp\/v2\/users\/1"}],"replies":[{"embeddable":true,"href":"https:\/\/franciscanos.org.br\/noticias\/wp-json\/wp\/v2\/comments?post=171768"}],"version-history":[{"count":1,"href":"https:\/\/franciscanos.org.br\/noticias\/wp-json\/wp\/v2\/posts\/171768\/revisions"}],"predecessor-version":[{"id":224824,"href":"https:\/\/franciscanos.org.br\/noticias\/wp-json\/wp\/v2\/posts\/171768\/revisions\/224824"}],"wp:featuredmedia":[{"embeddable":true,"href":"https:\/\/franciscanos.org.br\/noticias\/wp-json\/wp\/v2\/media\/191733"}],"wp:attachment":[{"href":"https:\/\/franciscanos.org.br\/noticias\/wp-json\/wp\/v2\/media?parent=171768"}],"wp:term":[{"taxonomy":"category","embeddable":true,"href":"https:\/\/franciscanos.org.br\/noticias\/wp-json\/wp\/v2\/categories?post=171768"},{"taxonomy":"post_tag","embeddable":true,"href":"https:\/\/franciscanos.org.br\/noticias\/wp-json\/wp\/v2\/tags?post=171768"}],"curies":[{"name":"wp","href":"https:\/\/api.w.org\/{rel}","templated":true}]}}