{"id":171755,"date":"2018-09-18T16:15:42","date_gmt":"2018-09-18T19:15:42","guid":{"rendered":"http:\/\/franciscanos.org.br\/?p=171755"},"modified":"2018-11-27T13:32:24","modified_gmt":"2018-11-27T15:32:24","slug":"amanha-missa-de-7o-dia-de-ir-crescencia-maekawa","status":"publish","type":"post","link":"https:\/\/franciscanos.org.br\/noticias\/amanha-missa-de-7o-dia-de-ir-crescencia-maekawa.html","title":{"rendered":"Missa de 7\u00ba dia de Ir. Cresc\u00eancia Maekawa"},"content":{"rendered":"<p class=\"aLF-aPX-K0-aPE\"><img loading=\"lazy\" class=\"alignleft\" src=\"http:\/\/franciscanos.org.br\/wp-content\/uploads\/2018\/09\/irma_crescencia_180918-830.jpg\" alt=\"irma_crescencia_180918 830\" width=\"830\" height=\"400\" \/><\/p>\n<p class=\"aLF-aPX-K0-aPE\"><strong>S\u00e3o Paulo (SP) &#8211;\u00a0<\/strong> No dia 13 de setembro, faleceu em S\u00e3o Paulo Ir. Cresc\u00eancia Maekawa, religiosa do Instituto Secular das Catequistas Mission\u00e1rias de S\u00e3o Francisco de Assis.<\/p>\n<p class=\"aLF-aPX-K0-aPE\">Quem morou e passou alguns dias no Convento S\u00e3o Francisco, em S\u00e3o Paulo (SP), provavelmente conheceu Irm\u00e3 Cresc\u00eancia. Foi ali que ela trabalhou de 1974 a 2010. Ela come\u00e7ou como secret\u00e1ria paroquial da Pastoral Nipo-brasileira e depois assumiu como secret\u00e1ria da Par\u00f3quia. Foram 40 anos de dedica\u00e7\u00e3o.<\/p>\n<p class=\"aLF-aPX-K0-aPE\">Do Jaragu\u00e1, onde residia, fazia diariamente uma boa caminhada de trem, de \u00f4nibus, de metr\u00f4 e a p\u00e9 at\u00e9 o Convento. Nunca reclamava e sempre esbanjava alegria.<\/p>\n<p class=\"aLF-aPX-K0-aPE\">Natural da cidade japonesa de Uto Gum, nasceu no dia 25 de agosto de 1934. Irm\u00e3 Cresc\u00eancia apreciava uma boa culin\u00e1ria. Gostava de criar pratos novos e n\u00e3o gostava de batata doce, pois dizia que comeu muito na \u00e9poca da guerra. Teve uma inf\u00e2ncia marcada pela perda precoce dos pais. Ainda crian\u00e7a, soube o que \u00e9 a fome na guerra.<\/p>\n<p class=\"aLF-aPX-K0-aPE\">Na vida fraterna era humilde. Na idade avan\u00e7ada, sentia muita dor, tinha dificuldades na vis\u00e3o e locomo\u00e7\u00e3o. A \u00faltima palavra, a caminho da mesa de cirurgia, foi: \u201cSou macaca velha!\u201d<\/p>\n<p class=\"aLF-aPX-K0-aPE\">A missa de 7\u00ba dia ser\u00e1 realizada amanh\u00e3, 19\/9, \u00e0s 7h30 na casa das religiosas, localizada na\u00a0<em>Rua\u00a0Gertrudes\u00a0Jord\u00e3o,\u00a0133, Jaragu\u00e1, em S\u00e3o Paulo<\/em>. Ao meio-dia, os frades do Santu\u00e1rio e Convento S\u00e3o Francisco (<em>Largo S\u00e3o Francisco, 133, S\u00e9<\/em>) rezar\u00e3o em\u00a0sua inten\u00e7\u00e3o e em agradecimento pelos anos de trabalho e amizade.<\/p>\n","protected":false},"excerpt":{"rendered":"<p>Falecimento<\/p>\n","protected":false},"author":1,"featured_media":191735,"comment_status":"open","ping_status":"open","sticky":false,"template":"","format":"standard","meta":[],"categories":[1],"tags":[312],"acf":[],"yoast_head":"<!-- This site is optimized with the Yoast SEO plugin v19.2 - https:\/\/yoast.com\/wordpress\/plugins\/seo\/ -->\n<title>Missa de 7\u00ba dia de Ir. Cresc\u00eancia Maekawa - Not\u00edcias - Franciscanos<\/title>\n<meta name=\"robots\" content=\"index, follow, max-snippet:-1, max-image-preview:large, max-video-preview:-1\" \/>\n<link rel=\"canonical\" href=\"https:\/\/franciscanos.org.br\/noticias\/amanha-missa-de-7o-dia-de-ir-crescencia-maekawa.html\" \/>\n<meta property=\"og:locale\" content=\"pt_BR\" \/>\n<meta property=\"og:type\" content=\"article\" \/>\n<meta property=\"og:title\" content=\"Missa de 7\u00ba dia de Ir. Cresc\u00eancia Maekawa - Not\u00edcias - Franciscanos\" \/>\n<meta property=\"og:description\" content=\"Falecimento\" \/>\n<meta property=\"og:url\" content=\"https:\/\/franciscanos.org.br\/noticias\/amanha-missa-de-7o-dia-de-ir-crescencia-maekawa.html\" \/>\n<meta property=\"og:site_name\" content=\"Not\u00edcias - Franciscanos\" \/>\n<meta property=\"article:published_time\" content=\"2018-09-18T19:15:42+00:00\" \/>\n<meta property=\"article:modified_time\" content=\"2018-11-27T15:32:24+00:00\" \/>\n<meta property=\"og:image\" content=\"https:\/\/franciscanos.org.br\/noticias\/wp-content\/uploads\/2018\/09\/irma_crescencia_180918-830.jpg\" \/>\n\t<meta property=\"og:image:width\" content=\"273\" \/>\n\t<meta property=\"og:image:height\" content=\"181\" \/>\n\t<meta property=\"og:image:type\" content=\"image\/jpeg\" \/>\n<meta name=\"author\" content=\"admin\" \/>\n<meta name=\"twitter:card\" content=\"summary_large_image\" \/>\n<meta name=\"twitter:label1\" content=\"Escrito por\" \/>\n\t<meta name=\"twitter:data1\" content=\"admin\" \/>\n\t<meta name=\"twitter:label2\" content=\"Est. tempo de leitura\" \/>\n\t<meta name=\"twitter:data2\" content=\"1 minuto\" \/>\n<script type=\"application\/ld+json\" class=\"yoast-schema-graph\">{\"@context\":\"https:\/\/schema.org\",\"@graph\":[{\"@type\":\"WebSite\",\"@id\":\"https:\/\/franciscanos.org.br\/noticias\/#website\",\"url\":\"https:\/\/franciscanos.org.br\/noticias\/\",\"name\":\"Not\u00edcias - Franciscanos\",\"description\":\"Prov\u00edncia Franciscana da Imaculada Concei\u00e7\u00e3o do Brasil - Ordem dos Frades Menores - OFM\",\"potentialAction\":[{\"@type\":\"SearchAction\",\"target\":{\"@type\":\"EntryPoint\",\"urlTemplate\":\"https:\/\/franciscanos.org.br\/noticias\/?s={search_term_string}\"},\"query-input\":\"required name=search_term_string\"}],\"inLanguage\":\"pt-BR\"},{\"@type\":\"ImageObject\",\"inLanguage\":\"pt-BR\",\"@id\":\"https:\/\/franciscanos.org.br\/noticias\/amanha-missa-de-7o-dia-de-ir-crescencia-maekawa.html#primaryimage\",\"url\":\"https:\/\/franciscanos.org.br\/noticias\/wp-content\/uploads\/2018\/09\/irma_crescencia_180918-830.jpg\",\"contentUrl\":\"https:\/\/franciscanos.org.br\/noticias\/wp-content\/uploads\/2018\/09\/irma_crescencia_180918-830.jpg\",\"width\":273,\"height\":181},{\"@type\":\"WebPage\",\"@id\":\"https:\/\/franciscanos.org.br\/noticias\/amanha-missa-de-7o-dia-de-ir-crescencia-maekawa.html#webpage\",\"url\":\"https:\/\/franciscanos.org.br\/noticias\/amanha-missa-de-7o-dia-de-ir-crescencia-maekawa.html\",\"name\":\"Missa de 7\u00ba dia de Ir. Cresc\u00eancia Maekawa - Not\u00edcias - Franciscanos\",\"isPartOf\":{\"@id\":\"https:\/\/franciscanos.org.br\/noticias\/#website\"},\"primaryImageOfPage\":{\"@id\":\"https:\/\/franciscanos.org.br\/noticias\/amanha-missa-de-7o-dia-de-ir-crescencia-maekawa.html#primaryimage\"},\"datePublished\":\"2018-09-18T19:15:42+00:00\",\"dateModified\":\"2018-11-27T15:32:24+00:00\",\"author\":{\"@id\":\"https:\/\/franciscanos.org.br\/noticias\/#\/schema\/person\/b38fbf43118f02820bd932f2e4b14ad3\"},\"breadcrumb\":{\"@id\":\"https:\/\/franciscanos.org.br\/noticias\/amanha-missa-de-7o-dia-de-ir-crescencia-maekawa.html#breadcrumb\"},\"inLanguage\":\"pt-BR\",\"potentialAction\":[{\"@type\":\"ReadAction\",\"target\":[\"https:\/\/franciscanos.org.br\/noticias\/amanha-missa-de-7o-dia-de-ir-crescencia-maekawa.html\"]}]},{\"@type\":\"BreadcrumbList\",\"@id\":\"https:\/\/franciscanos.org.br\/noticias\/amanha-missa-de-7o-dia-de-ir-crescencia-maekawa.html#breadcrumb\",\"itemListElement\":[{\"@type\":\"ListItem\",\"position\":1,\"name\":\"Home\",\"item\":\"https:\/\/franciscanos.org.br\/noticias\"},{\"@type\":\"ListItem\",\"position\":2,\"name\":\"Missa de 7\u00ba dia de Ir. Cresc\u00eancia Maekawa\"}]},{\"@type\":\"Person\",\"@id\":\"https:\/\/franciscanos.org.br\/noticias\/#\/schema\/person\/b38fbf43118f02820bd932f2e4b14ad3\",\"name\":\"admin\",\"image\":{\"@type\":\"ImageObject\",\"inLanguage\":\"pt-BR\",\"@id\":\"https:\/\/franciscanos.org.br\/noticias\/#\/schema\/person\/image\/\",\"url\":\"https:\/\/secure.gravatar.com\/avatar\/e8495742d34d0ba6448ea1c628263b3e?s=96&d=mm&r=g\",\"contentUrl\":\"https:\/\/secure.gravatar.com\/avatar\/e8495742d34d0ba6448ea1c628263b3e?s=96&d=mm&r=g\",\"caption\":\"admin\"},\"url\":\"https:\/\/franciscanos.org.br\/noticias\/author\/admin\"}]}<\/script>\n<!-- \/ Yoast SEO plugin. -->","yoast_head_json":{"title":"Missa de 7\u00ba dia de Ir. Cresc\u00eancia Maekawa - Not\u00edcias - Franciscanos","robots":{"index":"index","follow":"follow","max-snippet":"max-snippet:-1","max-image-preview":"max-image-preview:large","max-video-preview":"max-video-preview:-1"},"canonical":"https:\/\/franciscanos.org.br\/noticias\/amanha-missa-de-7o-dia-de-ir-crescencia-maekawa.html","og_locale":"pt_BR","og_type":"article","og_title":"Missa de 7\u00ba dia de Ir. Cresc\u00eancia Maekawa - Not\u00edcias - Franciscanos","og_description":"Falecimento","og_url":"https:\/\/franciscanos.org.br\/noticias\/amanha-missa-de-7o-dia-de-ir-crescencia-maekawa.html","og_site_name":"Not\u00edcias - Franciscanos","article_published_time":"2018-09-18T19:15:42+00:00","article_modified_time":"2018-11-27T15:32:24+00:00","og_image":[{"width":273,"height":181,"url":"https:\/\/franciscanos.org.br\/noticias\/wp-content\/uploads\/2018\/09\/irma_crescencia_180918-830.jpg","type":"image\/jpeg"}],"author":"admin","twitter_card":"summary_large_image","twitter_misc":{"Escrito por":"admin","Est. tempo de leitura":"1 minuto"},"schema":{"@context":"https:\/\/schema.org","@graph":[{"@type":"WebSite","@id":"https:\/\/franciscanos.org.br\/noticias\/#website","url":"https:\/\/franciscanos.org.br\/noticias\/","name":"Not\u00edcias - Franciscanos","description":"Prov\u00edncia Franciscana da Imaculada Concei\u00e7\u00e3o do Brasil - Ordem dos Frades Menores - OFM","potentialAction":[{"@type":"SearchAction","target":{"@type":"EntryPoint","urlTemplate":"https:\/\/franciscanos.org.br\/noticias\/?s={search_term_string}"},"query-input":"required name=search_term_string"}],"inLanguage":"pt-BR"},{"@type":"ImageObject","inLanguage":"pt-BR","@id":"https:\/\/franciscanos.org.br\/noticias\/amanha-missa-de-7o-dia-de-ir-crescencia-maekawa.html#primaryimage","url":"https:\/\/franciscanos.org.br\/noticias\/wp-content\/uploads\/2018\/09\/irma_crescencia_180918-830.jpg","contentUrl":"https:\/\/franciscanos.org.br\/noticias\/wp-content\/uploads\/2018\/09\/irma_crescencia_180918-830.jpg","width":273,"height":181},{"@type":"WebPage","@id":"https:\/\/franciscanos.org.br\/noticias\/amanha-missa-de-7o-dia-de-ir-crescencia-maekawa.html#webpage","url":"https:\/\/franciscanos.org.br\/noticias\/amanha-missa-de-7o-dia-de-ir-crescencia-maekawa.html","name":"Missa de 7\u00ba dia de Ir. Cresc\u00eancia Maekawa - Not\u00edcias - Franciscanos","isPartOf":{"@id":"https:\/\/franciscanos.org.br\/noticias\/#website"},"primaryImageOfPage":{"@id":"https:\/\/franciscanos.org.br\/noticias\/amanha-missa-de-7o-dia-de-ir-crescencia-maekawa.html#primaryimage"},"datePublished":"2018-09-18T19:15:42+00:00","dateModified":"2018-11-27T15:32:24+00:00","author":{"@id":"https:\/\/franciscanos.org.br\/noticias\/#\/schema\/person\/b38fbf43118f02820bd932f2e4b14ad3"},"breadcrumb":{"@id":"https:\/\/franciscanos.org.br\/noticias\/amanha-missa-de-7o-dia-de-ir-crescencia-maekawa.html#breadcrumb"},"inLanguage":"pt-BR","potentialAction":[{"@type":"ReadAction","target":["https:\/\/franciscanos.org.br\/noticias\/amanha-missa-de-7o-dia-de-ir-crescencia-maekawa.html"]}]},{"@type":"BreadcrumbList","@id":"https:\/\/franciscanos.org.br\/noticias\/amanha-missa-de-7o-dia-de-ir-crescencia-maekawa.html#breadcrumb","itemListElement":[{"@type":"ListItem","position":1,"name":"Home","item":"https:\/\/franciscanos.org.br\/noticias"},{"@type":"ListItem","position":2,"name":"Missa de 7\u00ba dia de Ir. Cresc\u00eancia Maekawa"}]},{"@type":"Person","@id":"https:\/\/franciscanos.org.br\/noticias\/#\/schema\/person\/b38fbf43118f02820bd932f2e4b14ad3","name":"admin","image":{"@type":"ImageObject","inLanguage":"pt-BR","@id":"https:\/\/franciscanos.org.br\/noticias\/#\/schema\/person\/image\/","url":"https:\/\/secure.gravatar.com\/avatar\/e8495742d34d0ba6448ea1c628263b3e?s=96&d=mm&r=g","contentUrl":"https:\/\/secure.gravatar.com\/avatar\/e8495742d34d0ba6448ea1c628263b3e?s=96&d=mm&r=g","caption":"admin"},"url":"https:\/\/franciscanos.org.br\/noticias\/author\/admin"}]}},"_links":{"self":[{"href":"https:\/\/franciscanos.org.br\/noticias\/wp-json\/wp\/v2\/posts\/171755"}],"collection":[{"href":"https:\/\/franciscanos.org.br\/noticias\/wp-json\/wp\/v2\/posts"}],"about":[{"href":"https:\/\/franciscanos.org.br\/noticias\/wp-json\/wp\/v2\/types\/post"}],"author":[{"embeddable":true,"href":"https:\/\/franciscanos.org.br\/noticias\/wp-json\/wp\/v2\/users\/1"}],"replies":[{"embeddable":true,"href":"https:\/\/franciscanos.org.br\/noticias\/wp-json\/wp\/v2\/comments?post=171755"}],"version-history":[{"count":0,"href":"https:\/\/franciscanos.org.br\/noticias\/wp-json\/wp\/v2\/posts\/171755\/revisions"}],"wp:featuredmedia":[{"embeddable":true,"href":"https:\/\/franciscanos.org.br\/noticias\/wp-json\/wp\/v2\/media\/191735"}],"wp:attachment":[{"href":"https:\/\/franciscanos.org.br\/noticias\/wp-json\/wp\/v2\/media?parent=171755"}],"wp:term":[{"taxonomy":"category","embeddable":true,"href":"https:\/\/franciscanos.org.br\/noticias\/wp-json\/wp\/v2\/categories?post=171755"},{"taxonomy":"post_tag","embeddable":true,"href":"https:\/\/franciscanos.org.br\/noticias\/wp-json\/wp\/v2\/tags?post=171755"}],"curies":[{"name":"wp","href":"https:\/\/api.w.org\/{rel}","templated":true}]}}