{"id":171742,"date":"2018-09-18T09:48:58","date_gmt":"2018-09-18T12:48:58","guid":{"rendered":"http:\/\/franciscanos.org.br\/?p=171742"},"modified":"2020-06-07T06:50:48","modified_gmt":"2020-06-07T09:50:48","slug":"subimos-o-monte-alverne-porque-queremos-tocar-as-chagas-de-cristo","status":"publish","type":"post","link":"https:\/\/franciscanos.org.br\/noticias\/subimos-o-monte-alverne-porque-queremos-tocar-as-chagas-de-cristo.html","title":{"rendered":"Subimos o Monte Alverne para tocar as chagas de Cristo"},"content":{"rendered":"<p><img loading=\"lazy\" class=\"aligncenter\" src=\"http:\/\/franciscanos.org.br\/wp-content\/uploads\/2018\/09\/estigmas_180918-830.jpg\" alt=\"estigmas_180918 830\" width=\"830\" height=\"400\" \/><\/p>\n<blockquote><p>Em 16 de setembro de 2018, na vig\u00edlia da Festa dos Estigmas de S\u00e3o Francisco, o Ministro Geral, Frei Michael Perry, pronunciou esta homilia durante a Missa celebrada para os jovens no Monte Alverne:<\/p><\/blockquote>\n<p>Em primeiro lugar, quero agradec\u00ea-los por aceitarem o convite de subir o Monte Alverne tamb\u00e9m neste ano. O que significa chegar a esta montanha santa? Quais implica\u00e7\u00f5es concretas podem ter em nossas vidas ao fazer semelhante viagem?<\/p>\n<p>Subir o Monte Alverne \u00e9 subir ao Calv\u00e1rio, que \u00e9 o lugar que presenciou um dos eventos mais importantes da hist\u00f3ria da humanidade. Certamente \u00e9 o lugar da vit\u00f3ria sobre o pecado e a morte, mas antes disso, \u00e9 lugar de sofrimento e agonia, \u00e9 lugar da morte do inocente.<\/p>\n<p>Subimos o Monte Alverne porque queremos tocar as feridas de Cristo com nossas pr\u00f3prias m\u00e3os, ou seja, o que causa dor, ang\u00fastia, indecis\u00e3o, muitas vezes desalento e at\u00e9 uma sensa\u00e7\u00e3o de fracasso. Subimos esta montanha porque queremos entender o paradoxo que S\u00e3o Paulo nos oferece em sua carta, quando nos diz que a \u00fanica gl\u00f3ria que nos pertence \u00e9 a Cruz de Nosso Senhor Jesus Cristo, pela qual o mundo \u00e9 para mim um crucificado e eu um crucificado para o mundo.<\/p>\n<p>Em um mundo onde a exclus\u00e3o e a marginaliza\u00e7\u00e3o est\u00e3o na ordem do dia, devido \u00e0s mentalidades populistas e xen\u00f3fobas que est\u00e3o aumentando e com o ambiente geopol\u00edtico fragilizado, \u00e9 urgente orientar nosso olhar ao Cristo ferido, para combater o fantasma do medo que golpeia nossas portas e nos impede acolher com solidariedade os seres humanos que, por raz\u00f5es pouco conhecidas e contra sua vontade, tiveram que abandonar sua p\u00e1tria para chegar a uma nova realidade.<\/p>\n<p>Imaginemos que no lugar das 177 pessoas que estavam no barco \u201cDiciotti\u201d, no dia 20 de agosto no porto de Cat\u00e2nia, na Sic\u00edlia, fossemos n\u00f3s que tiv\u00e9ssemos sofrido a indiferen\u00e7a do bra\u00e7o de ferro pol\u00edtico que n\u00e3o se comove diante da dor alheia. Imaginemos que tiv\u00e9ssemos que sofrer o inferno do ex\u00edlio acompanhado de submiss\u00e3o, explora\u00e7\u00e3o e perda de liberdade. Uma das crian\u00e7as resgatadas havia estado no escuro durante um ano. Al\u00e9m disso, como se tudo isso n\u00e3o fosse suficiente, eles levaram 5 dias para desembarcar, enquanto o mundo inteiro observava que a situa\u00e7\u00e3o dentro do barco era cada vez mais cr\u00edtica. Como nos sentir\u00edamos se f\u00f4ssemos n\u00f3s a sofrer tudo isso? Ter\u00edamos resistido? Ter\u00edamos sobrevivido? Convido-os a um ato de solidariedade, a nos colocarmos no lugar destas pessoas, de modo que despertem em n\u00f3s sentimentos de miseric\u00f3rdia e compaix\u00e3o.<\/p>\n<p>Queridos jovens, este \u00e9 um dos estigmas que hoje estamos convidados a reconhecer em nosso corpo. Parafraseando as palavras que S\u00e3o Paulo nos recorda na primeira leitura, n\u00e3o conta a circuncis\u00e3o nem a n\u00e3o circuncis\u00e3o, n\u00e3o conta ser deste ou daquele pa\u00eds, ser europeu, americano ou africano, n\u00e3o ser parte de uma comunidade econ\u00f4mica robusta e sustent\u00e1vel, o que conta \u00e9 ser uma nova criatura. Sejam voc\u00eas novas criaturas, homens e mulheres que podem abra\u00e7ar com grande amor o que o mundo quer descartar, o que se torna indesej\u00e1vel e inc\u00f4modo.<\/p>\n<p>Fonte: <a href=\"https:\/\/ofm.org\/it\/blog\/saliamo-sulla-verna-perche-vogliamo-toccare-con-mano-le-piaghe-di-cristo-la-festa-delle-stimmate-2018\/\" target=\"_blank\" rel=\"noopener noreferrer\">OFM.org<\/a>\u00a0| Tradu\u00e7\u00e3o: <a href=\"http:\/\/franciscanos.org.br\" target=\"_blank\" rel=\"noopener noreferrer\">franciscanos.org.br<\/a><\/p>\n","protected":false},"excerpt":{"rendered":"<p>Ordem dos Frades Menores<\/p>\n","protected":false},"author":1,"featured_media":191742,"comment_status":"open","ping_status":"open","sticky":false,"template":"","format":"standard","meta":[],"categories":[1],"tags":[723,397],"acf":[],"yoast_head":"<!-- This site is optimized with the Yoast SEO plugin v19.2 - https:\/\/yoast.com\/wordpress\/plugins\/seo\/ -->\n<title>Subimos o Monte Alverne para tocar as chagas de Cristo - Not\u00edcias - Franciscanos<\/title>\n<meta name=\"robots\" content=\"index, follow, max-snippet:-1, max-image-preview:large, max-video-preview:-1\" \/>\n<link rel=\"canonical\" href=\"https:\/\/franciscanos.org.br\/noticias\/subimos-o-monte-alverne-porque-queremos-tocar-as-chagas-de-cristo.html\" \/>\n<meta property=\"og:locale\" content=\"pt_BR\" \/>\n<meta property=\"og:type\" content=\"article\" \/>\n<meta property=\"og:title\" content=\"Subimos o Monte Alverne para tocar as chagas de Cristo - Not\u00edcias - Franciscanos\" \/>\n<meta property=\"og:description\" content=\"Ordem dos Frades Menores\" \/>\n<meta property=\"og:url\" content=\"https:\/\/franciscanos.org.br\/noticias\/subimos-o-monte-alverne-porque-queremos-tocar-as-chagas-de-cristo.html\" \/>\n<meta property=\"og:site_name\" content=\"Not\u00edcias - Franciscanos\" \/>\n<meta property=\"article:published_time\" content=\"2018-09-18T12:48:58+00:00\" \/>\n<meta property=\"article:modified_time\" content=\"2020-06-07T09:50:48+00:00\" \/>\n<meta property=\"og:image\" content=\"https:\/\/franciscanos.org.br\/noticias\/wp-content\/uploads\/2018\/09\/estigmas_180918-830.jpg\" \/>\n\t<meta property=\"og:image:width\" content=\"273\" \/>\n\t<meta property=\"og:image:height\" content=\"181\" \/>\n\t<meta property=\"og:image:type\" content=\"image\/jpeg\" \/>\n<meta name=\"author\" content=\"admin\" \/>\n<meta name=\"twitter:card\" content=\"summary_large_image\" \/>\n<meta name=\"twitter:label1\" content=\"Escrito por\" \/>\n\t<meta name=\"twitter:data1\" content=\"admin\" \/>\n\t<meta name=\"twitter:label2\" content=\"Est. tempo de leitura\" \/>\n\t<meta name=\"twitter:data2\" content=\"3 minutos\" \/>\n<script type=\"application\/ld+json\" class=\"yoast-schema-graph\">{\"@context\":\"https:\/\/schema.org\",\"@graph\":[{\"@type\":\"WebSite\",\"@id\":\"https:\/\/franciscanos.org.br\/noticias\/#website\",\"url\":\"https:\/\/franciscanos.org.br\/noticias\/\",\"name\":\"Not\u00edcias - Franciscanos\",\"description\":\"Prov\u00edncia Franciscana da Imaculada Concei\u00e7\u00e3o do Brasil - Ordem dos Frades Menores - OFM\",\"potentialAction\":[{\"@type\":\"SearchAction\",\"target\":{\"@type\":\"EntryPoint\",\"urlTemplate\":\"https:\/\/franciscanos.org.br\/noticias\/?s={search_term_string}\"},\"query-input\":\"required name=search_term_string\"}],\"inLanguage\":\"pt-BR\"},{\"@type\":\"ImageObject\",\"inLanguage\":\"pt-BR\",\"@id\":\"https:\/\/franciscanos.org.br\/noticias\/subimos-o-monte-alverne-porque-queremos-tocar-as-chagas-de-cristo.html#primaryimage\",\"url\":\"https:\/\/franciscanos.org.br\/noticias\/wp-content\/uploads\/2018\/09\/estigmas_180918-830.jpg\",\"contentUrl\":\"https:\/\/franciscanos.org.br\/noticias\/wp-content\/uploads\/2018\/09\/estigmas_180918-830.jpg\",\"width\":273,\"height\":181},{\"@type\":\"WebPage\",\"@id\":\"https:\/\/franciscanos.org.br\/noticias\/subimos-o-monte-alverne-porque-queremos-tocar-as-chagas-de-cristo.html#webpage\",\"url\":\"https:\/\/franciscanos.org.br\/noticias\/subimos-o-monte-alverne-porque-queremos-tocar-as-chagas-de-cristo.html\",\"name\":\"Subimos o Monte Alverne para tocar as chagas de Cristo - Not\u00edcias - Franciscanos\",\"isPartOf\":{\"@id\":\"https:\/\/franciscanos.org.br\/noticias\/#website\"},\"primaryImageOfPage\":{\"@id\":\"https:\/\/franciscanos.org.br\/noticias\/subimos-o-monte-alverne-porque-queremos-tocar-as-chagas-de-cristo.html#primaryimage\"},\"datePublished\":\"2018-09-18T12:48:58+00:00\",\"dateModified\":\"2020-06-07T09:50:48+00:00\",\"author\":{\"@id\":\"https:\/\/franciscanos.org.br\/noticias\/#\/schema\/person\/b38fbf43118f02820bd932f2e4b14ad3\"},\"breadcrumb\":{\"@id\":\"https:\/\/franciscanos.org.br\/noticias\/subimos-o-monte-alverne-porque-queremos-tocar-as-chagas-de-cristo.html#breadcrumb\"},\"inLanguage\":\"pt-BR\",\"potentialAction\":[{\"@type\":\"ReadAction\",\"target\":[\"https:\/\/franciscanos.org.br\/noticias\/subimos-o-monte-alverne-porque-queremos-tocar-as-chagas-de-cristo.html\"]}]},{\"@type\":\"BreadcrumbList\",\"@id\":\"https:\/\/franciscanos.org.br\/noticias\/subimos-o-monte-alverne-porque-queremos-tocar-as-chagas-de-cristo.html#breadcrumb\",\"itemListElement\":[{\"@type\":\"ListItem\",\"position\":1,\"name\":\"Home\",\"item\":\"https:\/\/franciscanos.org.br\/noticias\"},{\"@type\":\"ListItem\",\"position\":2,\"name\":\"Subimos o Monte Alverne para tocar as chagas de Cristo\"}]},{\"@type\":\"Person\",\"@id\":\"https:\/\/franciscanos.org.br\/noticias\/#\/schema\/person\/b38fbf43118f02820bd932f2e4b14ad3\",\"name\":\"admin\",\"image\":{\"@type\":\"ImageObject\",\"inLanguage\":\"pt-BR\",\"@id\":\"https:\/\/franciscanos.org.br\/noticias\/#\/schema\/person\/image\/\",\"url\":\"https:\/\/secure.gravatar.com\/avatar\/e8495742d34d0ba6448ea1c628263b3e?s=96&d=mm&r=g\",\"contentUrl\":\"https:\/\/secure.gravatar.com\/avatar\/e8495742d34d0ba6448ea1c628263b3e?s=96&d=mm&r=g\",\"caption\":\"admin\"},\"url\":\"https:\/\/franciscanos.org.br\/noticias\/author\/admin\"}]}<\/script>\n<!-- \/ Yoast SEO plugin. -->","yoast_head_json":{"title":"Subimos o Monte Alverne para tocar as chagas de Cristo - Not\u00edcias - Franciscanos","robots":{"index":"index","follow":"follow","max-snippet":"max-snippet:-1","max-image-preview":"max-image-preview:large","max-video-preview":"max-video-preview:-1"},"canonical":"https:\/\/franciscanos.org.br\/noticias\/subimos-o-monte-alverne-porque-queremos-tocar-as-chagas-de-cristo.html","og_locale":"pt_BR","og_type":"article","og_title":"Subimos o Monte Alverne para tocar as chagas de Cristo - Not\u00edcias - Franciscanos","og_description":"Ordem dos Frades Menores","og_url":"https:\/\/franciscanos.org.br\/noticias\/subimos-o-monte-alverne-porque-queremos-tocar-as-chagas-de-cristo.html","og_site_name":"Not\u00edcias - Franciscanos","article_published_time":"2018-09-18T12:48:58+00:00","article_modified_time":"2020-06-07T09:50:48+00:00","og_image":[{"width":273,"height":181,"url":"https:\/\/franciscanos.org.br\/noticias\/wp-content\/uploads\/2018\/09\/estigmas_180918-830.jpg","type":"image\/jpeg"}],"author":"admin","twitter_card":"summary_large_image","twitter_misc":{"Escrito por":"admin","Est. tempo de leitura":"3 minutos"},"schema":{"@context":"https:\/\/schema.org","@graph":[{"@type":"WebSite","@id":"https:\/\/franciscanos.org.br\/noticias\/#website","url":"https:\/\/franciscanos.org.br\/noticias\/","name":"Not\u00edcias - Franciscanos","description":"Prov\u00edncia Franciscana da Imaculada Concei\u00e7\u00e3o do Brasil - Ordem dos Frades Menores - OFM","potentialAction":[{"@type":"SearchAction","target":{"@type":"EntryPoint","urlTemplate":"https:\/\/franciscanos.org.br\/noticias\/?s={search_term_string}"},"query-input":"required name=search_term_string"}],"inLanguage":"pt-BR"},{"@type":"ImageObject","inLanguage":"pt-BR","@id":"https:\/\/franciscanos.org.br\/noticias\/subimos-o-monte-alverne-porque-queremos-tocar-as-chagas-de-cristo.html#primaryimage","url":"https:\/\/franciscanos.org.br\/noticias\/wp-content\/uploads\/2018\/09\/estigmas_180918-830.jpg","contentUrl":"https:\/\/franciscanos.org.br\/noticias\/wp-content\/uploads\/2018\/09\/estigmas_180918-830.jpg","width":273,"height":181},{"@type":"WebPage","@id":"https:\/\/franciscanos.org.br\/noticias\/subimos-o-monte-alverne-porque-queremos-tocar-as-chagas-de-cristo.html#webpage","url":"https:\/\/franciscanos.org.br\/noticias\/subimos-o-monte-alverne-porque-queremos-tocar-as-chagas-de-cristo.html","name":"Subimos o Monte Alverne para tocar as chagas de Cristo - Not\u00edcias - Franciscanos","isPartOf":{"@id":"https:\/\/franciscanos.org.br\/noticias\/#website"},"primaryImageOfPage":{"@id":"https:\/\/franciscanos.org.br\/noticias\/subimos-o-monte-alverne-porque-queremos-tocar-as-chagas-de-cristo.html#primaryimage"},"datePublished":"2018-09-18T12:48:58+00:00","dateModified":"2020-06-07T09:50:48+00:00","author":{"@id":"https:\/\/franciscanos.org.br\/noticias\/#\/schema\/person\/b38fbf43118f02820bd932f2e4b14ad3"},"breadcrumb":{"@id":"https:\/\/franciscanos.org.br\/noticias\/subimos-o-monte-alverne-porque-queremos-tocar-as-chagas-de-cristo.html#breadcrumb"},"inLanguage":"pt-BR","potentialAction":[{"@type":"ReadAction","target":["https:\/\/franciscanos.org.br\/noticias\/subimos-o-monte-alverne-porque-queremos-tocar-as-chagas-de-cristo.html"]}]},{"@type":"BreadcrumbList","@id":"https:\/\/franciscanos.org.br\/noticias\/subimos-o-monte-alverne-porque-queremos-tocar-as-chagas-de-cristo.html#breadcrumb","itemListElement":[{"@type":"ListItem","position":1,"name":"Home","item":"https:\/\/franciscanos.org.br\/noticias"},{"@type":"ListItem","position":2,"name":"Subimos o Monte Alverne para tocar as chagas de Cristo"}]},{"@type":"Person","@id":"https:\/\/franciscanos.org.br\/noticias\/#\/schema\/person\/b38fbf43118f02820bd932f2e4b14ad3","name":"admin","image":{"@type":"ImageObject","inLanguage":"pt-BR","@id":"https:\/\/franciscanos.org.br\/noticias\/#\/schema\/person\/image\/","url":"https:\/\/secure.gravatar.com\/avatar\/e8495742d34d0ba6448ea1c628263b3e?s=96&d=mm&r=g","contentUrl":"https:\/\/secure.gravatar.com\/avatar\/e8495742d34d0ba6448ea1c628263b3e?s=96&d=mm&r=g","caption":"admin"},"url":"https:\/\/franciscanos.org.br\/noticias\/author\/admin"}]}},"_links":{"self":[{"href":"https:\/\/franciscanos.org.br\/noticias\/wp-json\/wp\/v2\/posts\/171742"}],"collection":[{"href":"https:\/\/franciscanos.org.br\/noticias\/wp-json\/wp\/v2\/posts"}],"about":[{"href":"https:\/\/franciscanos.org.br\/noticias\/wp-json\/wp\/v2\/types\/post"}],"author":[{"embeddable":true,"href":"https:\/\/franciscanos.org.br\/noticias\/wp-json\/wp\/v2\/users\/1"}],"replies":[{"embeddable":true,"href":"https:\/\/franciscanos.org.br\/noticias\/wp-json\/wp\/v2\/comments?post=171742"}],"version-history":[{"count":1,"href":"https:\/\/franciscanos.org.br\/noticias\/wp-json\/wp\/v2\/posts\/171742\/revisions"}],"predecessor-version":[{"id":224826,"href":"https:\/\/franciscanos.org.br\/noticias\/wp-json\/wp\/v2\/posts\/171742\/revisions\/224826"}],"wp:featuredmedia":[{"embeddable":true,"href":"https:\/\/franciscanos.org.br\/noticias\/wp-json\/wp\/v2\/media\/191742"}],"wp:attachment":[{"href":"https:\/\/franciscanos.org.br\/noticias\/wp-json\/wp\/v2\/media?parent=171742"}],"wp:term":[{"taxonomy":"category","embeddable":true,"href":"https:\/\/franciscanos.org.br\/noticias\/wp-json\/wp\/v2\/categories?post=171742"},{"taxonomy":"post_tag","embeddable":true,"href":"https:\/\/franciscanos.org.br\/noticias\/wp-json\/wp\/v2\/tags?post=171742"}],"curies":[{"name":"wp","href":"https:\/\/api.w.org\/{rel}","templated":true}]}}