{"id":171731,"date":"2018-09-18T07:31:00","date_gmt":"2018-09-18T10:31:00","guid":{"rendered":"http:\/\/franciscanos.org.br\/?p=171731"},"modified":"2019-01-29T11:02:05","modified_gmt":"2019-01-29T13:02:05","slug":"romaria-franciscana-para-encontro-com-maria-e-frei-galvao","status":"publish","type":"post","link":"https:\/\/franciscanos.org.br\/noticias\/romaria-franciscana-para-encontro-com-maria-e-frei-galvao.html","title":{"rendered":"Romaria Franciscana: encontro com Maria e Frei Galv\u00e3o"},"content":{"rendered":"<p><img loading=\"lazy\" class=\"aligncenter\" src=\"http:\/\/franciscanos.org.br\/wp-content\/uploads\/2018\/09\/pvf_180918_1.jpg\" alt=\"pvf_180918_1\" width=\"830\" height=\"437\" \/><\/p>\n<p>Neste domingo, 16 de setembro, um grupo de benfeitores do Pr\u00f3-voca\u00e7\u00f5es e Miss\u00f5es Franciscanas participou da tradicional Romaria Franciscana. Nosso \u00f4nibus partiu do Largo de S\u00e3o Francisco, \u00e0s 7h15, ap\u00f3s recebermos a b\u00ean\u00e7\u00e3o de envio de Frei Alvaci Mendes da Luz.<\/p>\n<p>Quando est\u00e1vamos viajando no in\u00edcio do complexo vi\u00e1rio Ayrton Senna, o povo j\u00e1 havia degustado o lanche oferecido pelo colaborador Lucas Feitosa, que me acompanhou nesta viagem. Sendo assim, bem alimentados continuamos nossa viagem rezando tr\u00eas dezenas do Ter\u00e7o, este que foi oferecido na inten\u00e7\u00e3o dos benfeitores vivos e falecidos, dos seus familiares, pelos vocacionados \u00e0 vida franciscana, pelos seminaristas e frades estudantes, pelos mission\u00e1rios franciscanos, pelos confrades enfermos da Prov\u00edncia e pelo nosso querido Papa Francisco.<\/p>\n<p>Quando chegamos ao Santu\u00e1rio Nacional, encontramos um estacionamento lotado com muitos \u00f4nibus e autom\u00f3veis que traziam muitos devotos \u00e0quele lugar sagrado. Caminhamos um bom tanto, rezando e cantando a Nossa Senhora. Pr\u00f3ximos da rampa de acesso \u00e0 Bas\u00edlica fizemos nosso momento de ora\u00e7\u00e3o e, n\u00e3o somente os benfeitores, mais uma multid\u00e3o que nos acompanhou rezou conosco aos p\u00e9s da M\u00e3e.<\/p>\n<p>Por volta das 11 horas nos reunimos aos p\u00e9s da Tribuna Papa Jo\u00e3o Paulo II e caminhamos em dire\u00e7\u00e3o ao \u00f4nibus. Partimos para Guaratinguet\u00e1, onde visitamos a gruta de Nossa Senhora de Lourdes, \u00e0s margens do Rio Para\u00edba. Ali rezamos a quinta e \u00faltima dezena do ter\u00e7o e tivemos oportunidade de beber uma \u00e1gua aben\u00e7oada e fresca que brotava das pedras aos p\u00e9s da bela gruta. Os ponteiros do rel\u00f3gio da torre da Igreja marcavam 12h15 quando chamei o povo para nos dirigirmos ao Semin\u00e1rio Frei Galv\u00e3o.<\/p>\n<p>Fomos fraternalmente acolhidos pelo Frei Soneca, que abra\u00e7ava e cumprimentava a cada benfeitor. Depois Frei Claudino D\u2019Almago, com ajuda dos postulantes, mostrava o caminho para o refeit\u00f3rio. Encontramos um ambiente preparado especialmente para este encontro. Frei Je\u00e3 Paulo de Andrade preparava a mesa com os pratos a serem servidos naquele delicioso almo\u00e7o. Cantamos juntos e bendizemos a Deus pela vida dos benfeitores, agradecemos a casa pela acolhida e partilhamos a refei\u00e7\u00e3o.<\/p>\n<p><img loading=\"lazy\" class=\"aligncenter\" src=\"http:\/\/franciscanos.org.br\/wp-content\/uploads\/2018\/09\/pvf_180918.jpg\" alt=\"pvf_180918\" width=\"830\" height=\"381\" \/><\/p>\n<p>Pelas 02h15, Frei Jo\u00e3o Francisco, guardi\u00e3o da Fraternidade do Semin\u00e1rio frei Galv\u00e3o, presidiu a Celebra\u00e7\u00e3o de a\u00e7\u00e3o de gra\u00e7as. Em suas palavras falou da import\u00e2ncia da ajuda dos benfeitores que partilham conosco um pouquinho de sua renda para a manuten\u00e7\u00e3o desta e de todas as casas de forma\u00e7\u00e3o da Prov\u00edncia. Ainda disse, fazendo men\u00e7\u00e3o \u00e0 festa das Chagas de S\u00e3o Francisco, que o Ser\u00e1fico Pai muito tempo antes de vivenciar esta quaresma e receber os estigmas, j\u00e1 tinha impressos no seu cora\u00e7\u00e3o os estigmas. Depois da Missa, os benfeitores visitaram os espa\u00e7os da casa, bosques, jardins e a lojinha de lembran\u00e7as.<\/p>\n<p>Perto do final da tarde fomos convidados para um delicioso cafezinho com bolo de cenoura e chocolate, cuca de banana e biscoitos. Saciados fizemos nossa foto oficial aos p\u00e9s da bela est\u00e1tua de Nossa Senhora de F\u00e1tima, que est\u00e1 nos jardins do Semin\u00e1rio. J\u00e1 era perto das 5 horas quando nos despedimos dos confrades e postulantes para retornarmos \u00e0 capital paulista.<\/p>\n<p>Nosso agradecimento especial a todos os que participaram desta Romaria. Aos confrades que nos receberam em Guaratinguet\u00e1\/SP. Que deus vos recompense por tudo o que nos proporcionaram neste dia. Termino citando uma frase de D. Ant\u00f4nia Mendes da Luz, m\u00e3e de Frei Alvaci, que participou conosco desta Romaria: \u201cDeus \u00e9 bom o tempo todo, o tempo todo Deus \u00e9 bom\u201d.<\/p>\n<p><strong>Frei Alexandre Rohling<\/strong><\/p>\n","protected":false},"excerpt":{"rendered":"<p>PVF<\/p>\n","protected":false},"author":1,"featured_media":191745,"comment_status":"open","ping_status":"open","sticky":false,"template":"","format":"standard","meta":[],"categories":[1],"tags":[254],"acf":[],"yoast_head":"<!-- This site is optimized with the Yoast SEO plugin v19.2 - https:\/\/yoast.com\/wordpress\/plugins\/seo\/ -->\n<title>Romaria Franciscana: encontro com Maria e Frei Galv\u00e3o - Not\u00edcias - Franciscanos<\/title>\n<meta name=\"robots\" content=\"index, follow, max-snippet:-1, max-image-preview:large, max-video-preview:-1\" \/>\n<link rel=\"canonical\" href=\"https:\/\/franciscanos.org.br\/noticias\/romaria-franciscana-para-encontro-com-maria-e-frei-galvao.html\" \/>\n<meta property=\"og:locale\" content=\"pt_BR\" \/>\n<meta property=\"og:type\" content=\"article\" \/>\n<meta property=\"og:title\" content=\"Romaria Franciscana: encontro com Maria e Frei Galv\u00e3o - Not\u00edcias - Franciscanos\" \/>\n<meta property=\"og:description\" content=\"PVF\" \/>\n<meta property=\"og:url\" content=\"https:\/\/franciscanos.org.br\/noticias\/romaria-franciscana-para-encontro-com-maria-e-frei-galvao.html\" \/>\n<meta property=\"og:site_name\" content=\"Not\u00edcias - Franciscanos\" \/>\n<meta property=\"article:published_time\" content=\"2018-09-18T10:31:00+00:00\" \/>\n<meta property=\"article:modified_time\" content=\"2019-01-29T13:02:05+00:00\" \/>\n<meta property=\"og:image\" content=\"https:\/\/franciscanos.org.br\/noticias\/wp-content\/uploads\/2018\/09\/pvf_180918_1.jpg\" \/>\n\t<meta property=\"og:image:width\" content=\"273\" \/>\n\t<meta property=\"og:image:height\" content=\"181\" \/>\n\t<meta property=\"og:image:type\" content=\"image\/jpeg\" \/>\n<meta name=\"author\" content=\"admin\" \/>\n<meta name=\"twitter:card\" content=\"summary_large_image\" \/>\n<meta name=\"twitter:label1\" content=\"Escrito por\" \/>\n\t<meta name=\"twitter:data1\" content=\"admin\" \/>\n\t<meta name=\"twitter:label2\" content=\"Est. tempo de leitura\" \/>\n\t<meta name=\"twitter:data2\" content=\"3 minutos\" \/>\n<script type=\"application\/ld+json\" class=\"yoast-schema-graph\">{\"@context\":\"https:\/\/schema.org\",\"@graph\":[{\"@type\":\"WebSite\",\"@id\":\"https:\/\/franciscanos.org.br\/noticias\/#website\",\"url\":\"https:\/\/franciscanos.org.br\/noticias\/\",\"name\":\"Not\u00edcias - Franciscanos\",\"description\":\"Prov\u00edncia Franciscana da Imaculada Concei\u00e7\u00e3o do Brasil - Ordem dos Frades Menores - OFM\",\"potentialAction\":[{\"@type\":\"SearchAction\",\"target\":{\"@type\":\"EntryPoint\",\"urlTemplate\":\"https:\/\/franciscanos.org.br\/noticias\/?s={search_term_string}\"},\"query-input\":\"required name=search_term_string\"}],\"inLanguage\":\"pt-BR\"},{\"@type\":\"ImageObject\",\"inLanguage\":\"pt-BR\",\"@id\":\"https:\/\/franciscanos.org.br\/noticias\/romaria-franciscana-para-encontro-com-maria-e-frei-galvao.html#primaryimage\",\"url\":\"https:\/\/franciscanos.org.br\/noticias\/wp-content\/uploads\/2018\/09\/pvf_180918_1.jpg\",\"contentUrl\":\"https:\/\/franciscanos.org.br\/noticias\/wp-content\/uploads\/2018\/09\/pvf_180918_1.jpg\",\"width\":273,\"height\":181},{\"@type\":\"WebPage\",\"@id\":\"https:\/\/franciscanos.org.br\/noticias\/romaria-franciscana-para-encontro-com-maria-e-frei-galvao.html#webpage\",\"url\":\"https:\/\/franciscanos.org.br\/noticias\/romaria-franciscana-para-encontro-com-maria-e-frei-galvao.html\",\"name\":\"Romaria Franciscana: encontro com Maria e Frei Galv\u00e3o - Not\u00edcias - Franciscanos\",\"isPartOf\":{\"@id\":\"https:\/\/franciscanos.org.br\/noticias\/#website\"},\"primaryImageOfPage\":{\"@id\":\"https:\/\/franciscanos.org.br\/noticias\/romaria-franciscana-para-encontro-com-maria-e-frei-galvao.html#primaryimage\"},\"datePublished\":\"2018-09-18T10:31:00+00:00\",\"dateModified\":\"2019-01-29T13:02:05+00:00\",\"author\":{\"@id\":\"https:\/\/franciscanos.org.br\/noticias\/#\/schema\/person\/b38fbf43118f02820bd932f2e4b14ad3\"},\"breadcrumb\":{\"@id\":\"https:\/\/franciscanos.org.br\/noticias\/romaria-franciscana-para-encontro-com-maria-e-frei-galvao.html#breadcrumb\"},\"inLanguage\":\"pt-BR\",\"potentialAction\":[{\"@type\":\"ReadAction\",\"target\":[\"https:\/\/franciscanos.org.br\/noticias\/romaria-franciscana-para-encontro-com-maria-e-frei-galvao.html\"]}]},{\"@type\":\"BreadcrumbList\",\"@id\":\"https:\/\/franciscanos.org.br\/noticias\/romaria-franciscana-para-encontro-com-maria-e-frei-galvao.html#breadcrumb\",\"itemListElement\":[{\"@type\":\"ListItem\",\"position\":1,\"name\":\"Home\",\"item\":\"https:\/\/franciscanos.org.br\/noticias\"},{\"@type\":\"ListItem\",\"position\":2,\"name\":\"Romaria Franciscana: encontro com Maria e Frei Galv\u00e3o\"}]},{\"@type\":\"Person\",\"@id\":\"https:\/\/franciscanos.org.br\/noticias\/#\/schema\/person\/b38fbf43118f02820bd932f2e4b14ad3\",\"name\":\"admin\",\"image\":{\"@type\":\"ImageObject\",\"inLanguage\":\"pt-BR\",\"@id\":\"https:\/\/franciscanos.org.br\/noticias\/#\/schema\/person\/image\/\",\"url\":\"https:\/\/secure.gravatar.com\/avatar\/e8495742d34d0ba6448ea1c628263b3e?s=96&d=mm&r=g\",\"contentUrl\":\"https:\/\/secure.gravatar.com\/avatar\/e8495742d34d0ba6448ea1c628263b3e?s=96&d=mm&r=g\",\"caption\":\"admin\"},\"url\":\"https:\/\/franciscanos.org.br\/noticias\/author\/admin\"}]}<\/script>\n<!-- \/ Yoast SEO plugin. -->","yoast_head_json":{"title":"Romaria Franciscana: encontro com Maria e Frei Galv\u00e3o - Not\u00edcias - Franciscanos","robots":{"index":"index","follow":"follow","max-snippet":"max-snippet:-1","max-image-preview":"max-image-preview:large","max-video-preview":"max-video-preview:-1"},"canonical":"https:\/\/franciscanos.org.br\/noticias\/romaria-franciscana-para-encontro-com-maria-e-frei-galvao.html","og_locale":"pt_BR","og_type":"article","og_title":"Romaria Franciscana: encontro com Maria e Frei Galv\u00e3o - Not\u00edcias - Franciscanos","og_description":"PVF","og_url":"https:\/\/franciscanos.org.br\/noticias\/romaria-franciscana-para-encontro-com-maria-e-frei-galvao.html","og_site_name":"Not\u00edcias - Franciscanos","article_published_time":"2018-09-18T10:31:00+00:00","article_modified_time":"2019-01-29T13:02:05+00:00","og_image":[{"width":273,"height":181,"url":"https:\/\/franciscanos.org.br\/noticias\/wp-content\/uploads\/2018\/09\/pvf_180918_1.jpg","type":"image\/jpeg"}],"author":"admin","twitter_card":"summary_large_image","twitter_misc":{"Escrito por":"admin","Est. tempo de leitura":"3 minutos"},"schema":{"@context":"https:\/\/schema.org","@graph":[{"@type":"WebSite","@id":"https:\/\/franciscanos.org.br\/noticias\/#website","url":"https:\/\/franciscanos.org.br\/noticias\/","name":"Not\u00edcias - Franciscanos","description":"Prov\u00edncia Franciscana da Imaculada Concei\u00e7\u00e3o do Brasil - Ordem dos Frades Menores - OFM","potentialAction":[{"@type":"SearchAction","target":{"@type":"EntryPoint","urlTemplate":"https:\/\/franciscanos.org.br\/noticias\/?s={search_term_string}"},"query-input":"required name=search_term_string"}],"inLanguage":"pt-BR"},{"@type":"ImageObject","inLanguage":"pt-BR","@id":"https:\/\/franciscanos.org.br\/noticias\/romaria-franciscana-para-encontro-com-maria-e-frei-galvao.html#primaryimage","url":"https:\/\/franciscanos.org.br\/noticias\/wp-content\/uploads\/2018\/09\/pvf_180918_1.jpg","contentUrl":"https:\/\/franciscanos.org.br\/noticias\/wp-content\/uploads\/2018\/09\/pvf_180918_1.jpg","width":273,"height":181},{"@type":"WebPage","@id":"https:\/\/franciscanos.org.br\/noticias\/romaria-franciscana-para-encontro-com-maria-e-frei-galvao.html#webpage","url":"https:\/\/franciscanos.org.br\/noticias\/romaria-franciscana-para-encontro-com-maria-e-frei-galvao.html","name":"Romaria Franciscana: encontro com Maria e Frei Galv\u00e3o - Not\u00edcias - Franciscanos","isPartOf":{"@id":"https:\/\/franciscanos.org.br\/noticias\/#website"},"primaryImageOfPage":{"@id":"https:\/\/franciscanos.org.br\/noticias\/romaria-franciscana-para-encontro-com-maria-e-frei-galvao.html#primaryimage"},"datePublished":"2018-09-18T10:31:00+00:00","dateModified":"2019-01-29T13:02:05+00:00","author":{"@id":"https:\/\/franciscanos.org.br\/noticias\/#\/schema\/person\/b38fbf43118f02820bd932f2e4b14ad3"},"breadcrumb":{"@id":"https:\/\/franciscanos.org.br\/noticias\/romaria-franciscana-para-encontro-com-maria-e-frei-galvao.html#breadcrumb"},"inLanguage":"pt-BR","potentialAction":[{"@type":"ReadAction","target":["https:\/\/franciscanos.org.br\/noticias\/romaria-franciscana-para-encontro-com-maria-e-frei-galvao.html"]}]},{"@type":"BreadcrumbList","@id":"https:\/\/franciscanos.org.br\/noticias\/romaria-franciscana-para-encontro-com-maria-e-frei-galvao.html#breadcrumb","itemListElement":[{"@type":"ListItem","position":1,"name":"Home","item":"https:\/\/franciscanos.org.br\/noticias"},{"@type":"ListItem","position":2,"name":"Romaria Franciscana: encontro com Maria e Frei Galv\u00e3o"}]},{"@type":"Person","@id":"https:\/\/franciscanos.org.br\/noticias\/#\/schema\/person\/b38fbf43118f02820bd932f2e4b14ad3","name":"admin","image":{"@type":"ImageObject","inLanguage":"pt-BR","@id":"https:\/\/franciscanos.org.br\/noticias\/#\/schema\/person\/image\/","url":"https:\/\/secure.gravatar.com\/avatar\/e8495742d34d0ba6448ea1c628263b3e?s=96&d=mm&r=g","contentUrl":"https:\/\/secure.gravatar.com\/avatar\/e8495742d34d0ba6448ea1c628263b3e?s=96&d=mm&r=g","caption":"admin"},"url":"https:\/\/franciscanos.org.br\/noticias\/author\/admin"}]}},"_links":{"self":[{"href":"https:\/\/franciscanos.org.br\/noticias\/wp-json\/wp\/v2\/posts\/171731"}],"collection":[{"href":"https:\/\/franciscanos.org.br\/noticias\/wp-json\/wp\/v2\/posts"}],"about":[{"href":"https:\/\/franciscanos.org.br\/noticias\/wp-json\/wp\/v2\/types\/post"}],"author":[{"embeddable":true,"href":"https:\/\/franciscanos.org.br\/noticias\/wp-json\/wp\/v2\/users\/1"}],"replies":[{"embeddable":true,"href":"https:\/\/franciscanos.org.br\/noticias\/wp-json\/wp\/v2\/comments?post=171731"}],"version-history":[{"count":0,"href":"https:\/\/franciscanos.org.br\/noticias\/wp-json\/wp\/v2\/posts\/171731\/revisions"}],"wp:featuredmedia":[{"embeddable":true,"href":"https:\/\/franciscanos.org.br\/noticias\/wp-json\/wp\/v2\/media\/191745"}],"wp:attachment":[{"href":"https:\/\/franciscanos.org.br\/noticias\/wp-json\/wp\/v2\/media?parent=171731"}],"wp:term":[{"taxonomy":"category","embeddable":true,"href":"https:\/\/franciscanos.org.br\/noticias\/wp-json\/wp\/v2\/categories?post=171731"},{"taxonomy":"post_tag","embeddable":true,"href":"https:\/\/franciscanos.org.br\/noticias\/wp-json\/wp\/v2\/tags?post=171731"}],"curies":[{"name":"wp","href":"https:\/\/api.w.org\/{rel}","templated":true}]}}