{"id":171724,"date":"2018-09-18T07:12:22","date_gmt":"2018-09-18T10:12:22","guid":{"rendered":"http:\/\/franciscanos.org.br\/?p=171724"},"modified":"2020-06-07T06:51:43","modified_gmt":"2020-06-07T09:51:43","slug":"o-pastor-e-humilde-proximo-ao-povo-nao-dos-grupinhos-poderosos","status":"publish","type":"post","link":"https:\/\/franciscanos.org.br\/noticias\/o-pastor-e-humilde-proximo-ao-povo-nao-dos-grupinhos-poderosos.html","title":{"rendered":"O pastor \u00e9 humilde, pr\u00f3ximo ao povo e n\u00e3o aos grupinhos"},"content":{"rendered":"<p><img loading=\"lazy\" class=\"alignleft\" src=\"http:\/\/franciscanos.org.br\/wp-content\/uploads\/2018\/09\/marta_180918.jpg\" alt=\"marta_180918\" width=\"820\" height=\"461\" \/><\/p>\n<p><strong>Cidade do Vaticano<\/strong> &#8211; O que dava autoridade a Jesus como pastor era a sua humildade, a proximidade com as pessoas, a compaix\u00e3o, que se expressava na brandura e na ternura. E quando as coisas iam mal, como no Calv\u00e1rio, \u201cficava calado e rezava\u201d. Na homilia da Missa celebrada na Casa Santa Marta na manh\u00e3 desta ter\u00e7a-feira (18\/9), o Papa Francisco reprop\u00f5e Jesus como \u00edcone e modelo de pastor, que tem uma autoridade pela gra\u00e7a do Esp\u00edrito Santo e pela proximidade \u00e0s pessoas, \u201cn\u00e3o aos grupinhos dos poderosos, dos ideol\u00f3gicos\u201d.<\/p>\n<p>Francisco comenta a passagem do Evangelho de Lucas proposto pela liturgia, que narra o milagre da ressurei\u00e7\u00e3o do filho \u00fanico da m\u00e3e que era vi\u00fava, e sublinha que Jesus tinha autoridade diante do povo, n\u00e3o pela doutrina que pregava, que era quase a mesma dos outros, mas porque era \u201cmanso e humilde de cora\u00e7\u00e3o\u201d.<\/p>\n<p>\u201cEle n\u00e3o gritava, ele n\u00e3o dizia \u201ceu sou o Messias\u201d ou \u201csou o Profeta\u201d; n\u00e3o tocava trombetas quando curava algu\u00e9m e pregava \u00e0s pessoas ou realizava um milagre como a multiplica\u00e7\u00e3o dos p\u00e3es. N\u00e3o. Ele era humilde. Ele fazia\u201d. E era \u201cpr\u00f3ximo \u00e0s pessoas\u2019.<\/p>\n<p>Os doutores da Lei, pelo contr\u00e1rio, \u201censinavam da c\u00e1tedra e se distanciavam das pessoas\u201d. N\u00e3o se interessavam pelas pessoas, a n\u00e3o ser para impor mandamentos, que \u201cmultiplicavam at\u00e9 mais de 300\u201d. Mas n\u00e3o eram pr\u00f3ximos \u00e0s pessoas: \u201cNo Evangelho, quando Jesus n\u00e3o estava com as pessoas, estava com o Pai, rezando. E a maior parte do tempo na vida de Jesus, na vida p\u00fablica de jesus, Ele passou na estrada, com as pessoas. Esta proximidade: a humildade de Jesus, o que d\u00e1 autoridade a Jesus, o leva a proximidade com as pessoas. Ele tocava as pessoas, abra\u00e7ava as pessoas, olhava nos olhos das pessoas, escutava as pessoas. Pr\u00f3ximo. E isto lhe dava autoridade\u201d.<\/p>\n<p>S\u00e3o Lucas, no Evangelho, sublinha que a \u201cgrande compaix\u00e3o\u201d que teve Jesus ao ver a m\u00e3e que era vi\u00fava, sozinha, o filho morto. Ele tinha \u201cesta capacidade de \u2018sofrer com\u2019. N\u00e3o era te\u00f3rico\u201d. Poder-se-ia dizer que \u201cpensava com o cora\u00e7\u00e3o, n\u00e3o separava a cabe\u00e7a do cora\u00e7\u00e3o\u201d: \u201cE h\u00e1 duas caracter\u00edsticas desta compaix\u00e3o que gostaria de sublinhar: a mansid\u00e3o e a ternura. Jesus disse: Aprendam de mim que sou manso e humilde de cora\u00e7\u00e3o\u201d: manso de cora\u00e7\u00e3o. Ele era manso, n\u00e3o gritava. N\u00e3o punia as pessoas. Era manso. Sempre com mansid\u00e3o. Jesus se irritava? Sim! Pensemos quando viu que a casa de seu pai havia se tornado um shopping, para vender coisas, troca de dinheiro&#8230;ali se irritou, pegou o chicote e expulsou todos. Mas porque amava o Pai, porque era humilde diante do Pai, tinha esta for\u00e7a\u201d.<\/p>\n<p>Depois, a ternura. Jesus n\u00e3o disse \u201cN\u00e3o chore, senhora\u201d, estando longe. \u201cN\u00e3o. Aproximou-se, talvez tenha tocado seus ombros, talvez lhe fez um carinho. \u2018N\u00e3o chore\u2019. Assim \u00e9 Jesus. E Jesus faz o mesmo conosco, porque est\u00e1 pr\u00f3ximo, est\u00e1 em meio \u00e0s pessoas, \u00e9 pastor\u201d. Outro gesto de ternura \u00e9 pegar o rapaz e devolv\u00ea-lo \u00e0 sua m\u00e3e. Enfim, \u201chumilde e manso de cora\u00e7\u00e3o, pr\u00f3ximo \u00e0s pessoas, com capacidade de sentir compaix\u00e3o, com compaix\u00e3o e com esses dois tra\u00e7os de mansid\u00e3o e de ternura. Este \u00e9 Jesus\u201d. E faz com todos n\u00f3s, quando se aproxima, aquilo que fez com o jovem e a m\u00e3e vi\u00fava.<\/p>\n<p>\u201cEste \u00e9 o \u00edcone do pastor\u201d, destacou o Pont\u00edfice, e disto devemos aprender n\u00f3s, pastores: \u201cPr\u00f3ximos \u00e0s pessoas, n\u00e3o aos grupinhos dos poderosos, dos ide\u00f3logos \u2026 Essas pessoas envenenam a alma, n\u00e3o nos fazem bem!\u201d. O pastor, portanto, \u201cdeve ter a pot\u00eancia e a autoridade que tinha Jesus, aquela da humildade, da mansid\u00e3o, da proximidade, da capacidade de compaix\u00e3o e de ternura\u201d.<\/p>\n<p>E depois quando as coisas n\u00e3o saem bem para Jesus, o que ele fez?, questionou o Papa: &#8220;Quando as pessoas o insultavam, aquela Sexta-Feira Santa, e gritavam \u2018crucifiquem-no\u2019, ele ficou em sil\u00eancio, porque sentia compaix\u00e3o por aquelas pessoas enganadas pelos poderosos do dinheiro, do poder&#8230; Ficou calado. Rezava. O pastor, nos momentos dif\u00edceis, nos momentos em que o diabo se faz sentir, onde o pastor \u00e9 acusado, mas acusado pelo Grande Acusador atrav\u00e9s de tantas pessoas, tantos poderosos, sofre, oferece a vida e reza. E Jesus rezou. A ora\u00e7\u00e3o o levou inclusive \u00e0 Cruz, com fortaleza; e tamb\u00e9m ali teve a capacidade de se aproximar e curar a alma do Ladr\u00e3o&#8221;.<\/p>\n<p>O convite final de Francisco \u00e9 para hoje relermos o cap\u00edtulo s\u00e9timo de Lucas, para ver \u201conde est\u00e1 a autoridade de Jesus\u201d. E pedirmos a gra\u00e7a de que \u201ctodos n\u00f3s pastores tenhamos esta autoridade: uma autoridade que \u00e9 uma gra\u00e7a do Esp\u00edrito Santo\u201d.<\/p>\n<hr \/>\n<p><em>Fonte: Vatican News<\/em><\/p>\n","protected":false},"excerpt":{"rendered":"<p>Missa em Santa Marta<\/p>\n","protected":false},"author":1,"featured_media":191748,"comment_status":"open","ping_status":"open","sticky":false,"template":"","format":"standard","meta":[],"categories":[1428],"tags":[1586],"acf":[],"yoast_head":"<!-- This site is optimized with the Yoast SEO plugin v19.2 - https:\/\/yoast.com\/wordpress\/plugins\/seo\/ -->\n<title>O pastor \u00e9 humilde, pr\u00f3ximo ao povo e n\u00e3o aos grupinhos - Not\u00edcias - Franciscanos<\/title>\n<meta name=\"robots\" content=\"index, follow, max-snippet:-1, max-image-preview:large, max-video-preview:-1\" \/>\n<link rel=\"canonical\" href=\"https:\/\/franciscanos.org.br\/noticias\/o-pastor-e-humilde-proximo-ao-povo-nao-dos-grupinhos-poderosos.html\" \/>\n<meta property=\"og:locale\" content=\"pt_BR\" \/>\n<meta property=\"og:type\" content=\"article\" \/>\n<meta property=\"og:title\" content=\"O pastor \u00e9 humilde, pr\u00f3ximo ao povo e n\u00e3o aos grupinhos - Not\u00edcias - Franciscanos\" \/>\n<meta property=\"og:description\" content=\"Missa em Santa Marta\" \/>\n<meta property=\"og:url\" content=\"https:\/\/franciscanos.org.br\/noticias\/o-pastor-e-humilde-proximo-ao-povo-nao-dos-grupinhos-poderosos.html\" \/>\n<meta property=\"og:site_name\" content=\"Not\u00edcias - Franciscanos\" \/>\n<meta property=\"article:published_time\" content=\"2018-09-18T10:12:22+00:00\" \/>\n<meta property=\"article:modified_time\" content=\"2020-06-07T09:51:43+00:00\" \/>\n<meta property=\"og:image\" content=\"https:\/\/franciscanos.org.br\/noticias\/wp-content\/uploads\/2018\/09\/marta_180918.jpg\" \/>\n\t<meta property=\"og:image:width\" content=\"273\" \/>\n\t<meta property=\"og:image:height\" content=\"181\" \/>\n\t<meta property=\"og:image:type\" content=\"image\/jpeg\" \/>\n<meta name=\"author\" content=\"admin\" \/>\n<meta name=\"twitter:card\" content=\"summary_large_image\" \/>\n<meta name=\"twitter:label1\" content=\"Escrito por\" \/>\n\t<meta name=\"twitter:data1\" content=\"admin\" \/>\n\t<meta name=\"twitter:label2\" content=\"Est. tempo de leitura\" \/>\n\t<meta name=\"twitter:data2\" content=\"4 minutos\" \/>\n<script type=\"application\/ld+json\" class=\"yoast-schema-graph\">{\"@context\":\"https:\/\/schema.org\",\"@graph\":[{\"@type\":\"WebSite\",\"@id\":\"https:\/\/franciscanos.org.br\/noticias\/#website\",\"url\":\"https:\/\/franciscanos.org.br\/noticias\/\",\"name\":\"Not\u00edcias - Franciscanos\",\"description\":\"Prov\u00edncia Franciscana da Imaculada Concei\u00e7\u00e3o do Brasil - Ordem dos Frades Menores - OFM\",\"potentialAction\":[{\"@type\":\"SearchAction\",\"target\":{\"@type\":\"EntryPoint\",\"urlTemplate\":\"https:\/\/franciscanos.org.br\/noticias\/?s={search_term_string}\"},\"query-input\":\"required name=search_term_string\"}],\"inLanguage\":\"pt-BR\"},{\"@type\":\"ImageObject\",\"inLanguage\":\"pt-BR\",\"@id\":\"https:\/\/franciscanos.org.br\/noticias\/o-pastor-e-humilde-proximo-ao-povo-nao-dos-grupinhos-poderosos.html#primaryimage\",\"url\":\"https:\/\/franciscanos.org.br\/noticias\/wp-content\/uploads\/2018\/09\/marta_180918.jpg\",\"contentUrl\":\"https:\/\/franciscanos.org.br\/noticias\/wp-content\/uploads\/2018\/09\/marta_180918.jpg\",\"width\":273,\"height\":181},{\"@type\":\"WebPage\",\"@id\":\"https:\/\/franciscanos.org.br\/noticias\/o-pastor-e-humilde-proximo-ao-povo-nao-dos-grupinhos-poderosos.html#webpage\",\"url\":\"https:\/\/franciscanos.org.br\/noticias\/o-pastor-e-humilde-proximo-ao-povo-nao-dos-grupinhos-poderosos.html\",\"name\":\"O pastor \u00e9 humilde, pr\u00f3ximo ao povo e n\u00e3o aos grupinhos - Not\u00edcias - Franciscanos\",\"isPartOf\":{\"@id\":\"https:\/\/franciscanos.org.br\/noticias\/#website\"},\"primaryImageOfPage\":{\"@id\":\"https:\/\/franciscanos.org.br\/noticias\/o-pastor-e-humilde-proximo-ao-povo-nao-dos-grupinhos-poderosos.html#primaryimage\"},\"datePublished\":\"2018-09-18T10:12:22+00:00\",\"dateModified\":\"2020-06-07T09:51:43+00:00\",\"author\":{\"@id\":\"https:\/\/franciscanos.org.br\/noticias\/#\/schema\/person\/b38fbf43118f02820bd932f2e4b14ad3\"},\"breadcrumb\":{\"@id\":\"https:\/\/franciscanos.org.br\/noticias\/o-pastor-e-humilde-proximo-ao-povo-nao-dos-grupinhos-poderosos.html#breadcrumb\"},\"inLanguage\":\"pt-BR\",\"potentialAction\":[{\"@type\":\"ReadAction\",\"target\":[\"https:\/\/franciscanos.org.br\/noticias\/o-pastor-e-humilde-proximo-ao-povo-nao-dos-grupinhos-poderosos.html\"]}]},{\"@type\":\"BreadcrumbList\",\"@id\":\"https:\/\/franciscanos.org.br\/noticias\/o-pastor-e-humilde-proximo-ao-povo-nao-dos-grupinhos-poderosos.html#breadcrumb\",\"itemListElement\":[{\"@type\":\"ListItem\",\"position\":1,\"name\":\"Home\",\"item\":\"https:\/\/franciscanos.org.br\/noticias\"},{\"@type\":\"ListItem\",\"position\":2,\"name\":\"O pastor \u00e9 humilde, pr\u00f3ximo ao povo e n\u00e3o aos grupinhos\"}]},{\"@type\":\"Person\",\"@id\":\"https:\/\/franciscanos.org.br\/noticias\/#\/schema\/person\/b38fbf43118f02820bd932f2e4b14ad3\",\"name\":\"admin\",\"image\":{\"@type\":\"ImageObject\",\"inLanguage\":\"pt-BR\",\"@id\":\"https:\/\/franciscanos.org.br\/noticias\/#\/schema\/person\/image\/\",\"url\":\"https:\/\/secure.gravatar.com\/avatar\/e8495742d34d0ba6448ea1c628263b3e?s=96&d=mm&r=g\",\"contentUrl\":\"https:\/\/secure.gravatar.com\/avatar\/e8495742d34d0ba6448ea1c628263b3e?s=96&d=mm&r=g\",\"caption\":\"admin\"},\"url\":\"https:\/\/franciscanos.org.br\/noticias\/author\/admin\"}]}<\/script>\n<!-- \/ Yoast SEO plugin. -->","yoast_head_json":{"title":"O pastor \u00e9 humilde, pr\u00f3ximo ao povo e n\u00e3o aos grupinhos - Not\u00edcias - Franciscanos","robots":{"index":"index","follow":"follow","max-snippet":"max-snippet:-1","max-image-preview":"max-image-preview:large","max-video-preview":"max-video-preview:-1"},"canonical":"https:\/\/franciscanos.org.br\/noticias\/o-pastor-e-humilde-proximo-ao-povo-nao-dos-grupinhos-poderosos.html","og_locale":"pt_BR","og_type":"article","og_title":"O pastor \u00e9 humilde, pr\u00f3ximo ao povo e n\u00e3o aos grupinhos - Not\u00edcias - Franciscanos","og_description":"Missa em Santa Marta","og_url":"https:\/\/franciscanos.org.br\/noticias\/o-pastor-e-humilde-proximo-ao-povo-nao-dos-grupinhos-poderosos.html","og_site_name":"Not\u00edcias - Franciscanos","article_published_time":"2018-09-18T10:12:22+00:00","article_modified_time":"2020-06-07T09:51:43+00:00","og_image":[{"width":273,"height":181,"url":"https:\/\/franciscanos.org.br\/noticias\/wp-content\/uploads\/2018\/09\/marta_180918.jpg","type":"image\/jpeg"}],"author":"admin","twitter_card":"summary_large_image","twitter_misc":{"Escrito por":"admin","Est. tempo de leitura":"4 minutos"},"schema":{"@context":"https:\/\/schema.org","@graph":[{"@type":"WebSite","@id":"https:\/\/franciscanos.org.br\/noticias\/#website","url":"https:\/\/franciscanos.org.br\/noticias\/","name":"Not\u00edcias - Franciscanos","description":"Prov\u00edncia Franciscana da Imaculada Concei\u00e7\u00e3o do Brasil - Ordem dos Frades Menores - OFM","potentialAction":[{"@type":"SearchAction","target":{"@type":"EntryPoint","urlTemplate":"https:\/\/franciscanos.org.br\/noticias\/?s={search_term_string}"},"query-input":"required name=search_term_string"}],"inLanguage":"pt-BR"},{"@type":"ImageObject","inLanguage":"pt-BR","@id":"https:\/\/franciscanos.org.br\/noticias\/o-pastor-e-humilde-proximo-ao-povo-nao-dos-grupinhos-poderosos.html#primaryimage","url":"https:\/\/franciscanos.org.br\/noticias\/wp-content\/uploads\/2018\/09\/marta_180918.jpg","contentUrl":"https:\/\/franciscanos.org.br\/noticias\/wp-content\/uploads\/2018\/09\/marta_180918.jpg","width":273,"height":181},{"@type":"WebPage","@id":"https:\/\/franciscanos.org.br\/noticias\/o-pastor-e-humilde-proximo-ao-povo-nao-dos-grupinhos-poderosos.html#webpage","url":"https:\/\/franciscanos.org.br\/noticias\/o-pastor-e-humilde-proximo-ao-povo-nao-dos-grupinhos-poderosos.html","name":"O pastor \u00e9 humilde, pr\u00f3ximo ao povo e n\u00e3o aos grupinhos - Not\u00edcias - Franciscanos","isPartOf":{"@id":"https:\/\/franciscanos.org.br\/noticias\/#website"},"primaryImageOfPage":{"@id":"https:\/\/franciscanos.org.br\/noticias\/o-pastor-e-humilde-proximo-ao-povo-nao-dos-grupinhos-poderosos.html#primaryimage"},"datePublished":"2018-09-18T10:12:22+00:00","dateModified":"2020-06-07T09:51:43+00:00","author":{"@id":"https:\/\/franciscanos.org.br\/noticias\/#\/schema\/person\/b38fbf43118f02820bd932f2e4b14ad3"},"breadcrumb":{"@id":"https:\/\/franciscanos.org.br\/noticias\/o-pastor-e-humilde-proximo-ao-povo-nao-dos-grupinhos-poderosos.html#breadcrumb"},"inLanguage":"pt-BR","potentialAction":[{"@type":"ReadAction","target":["https:\/\/franciscanos.org.br\/noticias\/o-pastor-e-humilde-proximo-ao-povo-nao-dos-grupinhos-poderosos.html"]}]},{"@type":"BreadcrumbList","@id":"https:\/\/franciscanos.org.br\/noticias\/o-pastor-e-humilde-proximo-ao-povo-nao-dos-grupinhos-poderosos.html#breadcrumb","itemListElement":[{"@type":"ListItem","position":1,"name":"Home","item":"https:\/\/franciscanos.org.br\/noticias"},{"@type":"ListItem","position":2,"name":"O pastor \u00e9 humilde, pr\u00f3ximo ao povo e n\u00e3o aos grupinhos"}]},{"@type":"Person","@id":"https:\/\/franciscanos.org.br\/noticias\/#\/schema\/person\/b38fbf43118f02820bd932f2e4b14ad3","name":"admin","image":{"@type":"ImageObject","inLanguage":"pt-BR","@id":"https:\/\/franciscanos.org.br\/noticias\/#\/schema\/person\/image\/","url":"https:\/\/secure.gravatar.com\/avatar\/e8495742d34d0ba6448ea1c628263b3e?s=96&d=mm&r=g","contentUrl":"https:\/\/secure.gravatar.com\/avatar\/e8495742d34d0ba6448ea1c628263b3e?s=96&d=mm&r=g","caption":"admin"},"url":"https:\/\/franciscanos.org.br\/noticias\/author\/admin"}]}},"_links":{"self":[{"href":"https:\/\/franciscanos.org.br\/noticias\/wp-json\/wp\/v2\/posts\/171724"}],"collection":[{"href":"https:\/\/franciscanos.org.br\/noticias\/wp-json\/wp\/v2\/posts"}],"about":[{"href":"https:\/\/franciscanos.org.br\/noticias\/wp-json\/wp\/v2\/types\/post"}],"author":[{"embeddable":true,"href":"https:\/\/franciscanos.org.br\/noticias\/wp-json\/wp\/v2\/users\/1"}],"replies":[{"embeddable":true,"href":"https:\/\/franciscanos.org.br\/noticias\/wp-json\/wp\/v2\/comments?post=171724"}],"version-history":[{"count":1,"href":"https:\/\/franciscanos.org.br\/noticias\/wp-json\/wp\/v2\/posts\/171724\/revisions"}],"predecessor-version":[{"id":224827,"href":"https:\/\/franciscanos.org.br\/noticias\/wp-json\/wp\/v2\/posts\/171724\/revisions\/224827"}],"wp:featuredmedia":[{"embeddable":true,"href":"https:\/\/franciscanos.org.br\/noticias\/wp-json\/wp\/v2\/media\/191748"}],"wp:attachment":[{"href":"https:\/\/franciscanos.org.br\/noticias\/wp-json\/wp\/v2\/media?parent=171724"}],"wp:term":[{"taxonomy":"category","embeddable":true,"href":"https:\/\/franciscanos.org.br\/noticias\/wp-json\/wp\/v2\/categories?post=171724"},{"taxonomy":"post_tag","embeddable":true,"href":"https:\/\/franciscanos.org.br\/noticias\/wp-json\/wp\/v2\/tags?post=171724"}],"curies":[{"name":"wp","href":"https:\/\/api.w.org\/{rel}","templated":true}]}}