{"id":171685,"date":"2018-09-17T06:43:09","date_gmt":"2018-09-17T09:43:09","guid":{"rendered":"http:\/\/franciscanos.org.br\/?p=171685"},"modified":"2020-06-07T06:52:51","modified_gmt":"2020-06-07T09:52:51","slug":"para-seguir-cristo-e-preciso-renunciar-ao-orgulho-egoista","status":"publish","type":"post","link":"https:\/\/franciscanos.org.br\/noticias\/para-seguir-cristo-e-preciso-renunciar-ao-orgulho-egoista.html","title":{"rendered":"Para seguir Cristo \u00e9 preciso renunciar ao orgulho ego\u00edsta"},"content":{"rendered":"<p><img loading=\"lazy\" src=\"http:\/\/franciscanos.org.br\/wp-content\/uploads\/2018\/09\/angelus_170918.jpg\" alt=\"angelus_170918\" width=\"820\" height=\"462\" \/><\/p>\n<p><strong>Cidade do Vaticano<\/strong> &#8211; Para seguir Jesus, \u00e9 preciso renunciar \u00e0s pretens\u00f5es do pr\u00f3prio orgulho ego\u00edstico e tomar a pr\u00f3pria cruz: foi o que disse o Papa Francisco no Angelus deste domingo (16\/09). Diante de uma multid\u00e3o na Pra\u00e7a S. Pedro, o Pont\u00edfice inspirou sua reflex\u00e3o no trecho evang\u00e9lico de S\u00e3o Marcos, em que Jesus pergunta aos disc\u00edpulos sobre sua identidade.<\/p>\n<p>Antes de interpelar diretamente os Doze, explicou o Papa, Jesus quer ouvir deles o que as pessoas pensam Dele. Por isso pergunta: \u201cQuem dizem os homens que eu sou?\u201d. Emerge que Jesus \u00e9 considerado pelo povo um grande profeta. Mas, na realidade, Ele n\u00e3o se interessa pela fala\u00e7\u00e3o das pessoas.<\/p>\n<p>Ele n\u00e3o aceita nem mesmo que os seus disc\u00edpulos respondam \u00e0s suas perguntas com f\u00f3rmulas pr\u00e9-concebidas, \u201cporque uma f\u00e9 que se reduz a f\u00f3rmulas \u00e9 uma f\u00e9 m\u00edope\u201d.<\/p>\n<p><strong>Quem sou eu para voc\u00ea?<\/strong><\/p>\n<p>\u201cO Senhor quer que os seus disc\u00edpulos de ontem e de hoje instaurem com Ele uma rela\u00e7\u00e3o pessoal\u201d, afirmou Francisco, que acrescentou:<\/p>\n<p>\u201cHoje, Jesus dirige esta pergunta t\u00e3o direta e confidencial a cada um de n\u00f3s: \u2018Quem sou eu para voc\u00ea?\u2019. Cada um de n\u00f3s \u00e9 chamado a responder, no pr\u00f3prio cora\u00e7\u00e3o, deixando-se iluminar pela luz que o Pai nos d\u00e1 para conhecer o seu Filho Jesus.\u201d<\/p>\n<p>Por\u00e9m, prosseguiu, Jesus adverte que a sua miss\u00e3o se realiza n\u00e3o na estrada ampla do sucesso, mas no caminho \u00e1rduo do Servo sofredor. Por isso, pode acontecer de protestar e nos rebelar, porque isso contrasta com as nossas expectativas mundanas. A profiss\u00e3o de f\u00e9 em Jesus Cristo n\u00e3o pode parar nas palavras, mas pede que seja autenticada por escolhas e gestos concretos.<\/p>\n<p>\u201cJesus nos diz que para segui-Lo, para ser seus disc\u00edpulos, \u00e9 preciso renunciar a si mesmo, isto \u00e9, \u00e0s pretens\u00f5es do pr\u00f3prio orgulho ego\u00edstico e tomar a pr\u00f3pria cruz\u201d.<\/p>\n<p><strong>O amor muda tudo<\/strong><\/p>\n<p>Com frequ\u00eancia na vida, por tantos motivos, erramos o caminho, buscando a felicidade nas coisas ou nas pessoas que tratamos como coisas. Mas a felicidade a encontramos somente quando o amor, aquele verdadeiro, nos encontra, nos surpreende, nos transforma. &#8220;O amor muda tudo e pode mudar inclusive a n\u00f3s!&#8221;, disse Francisco.<\/p>\n<p>O Papa ent\u00e3o concluiu: \u201cQue a Virgem Maria, que viveu a sua f\u00e9 seguindo fielmente o seu Filho Jesus, ajude tamb\u00e9m n\u00f3s a caminhar na sua estrada, vivendo generosamente a nossa vida por Ele e pelos irm\u00e3os.\u201d<\/p>\n<hr \/>\n<p><em>Fonte: Vatican News<\/em><\/p>\n","protected":false},"excerpt":{"rendered":"<p>Angelus<\/p>\n","protected":false},"author":1,"featured_media":191753,"comment_status":"open","ping_status":"open","sticky":false,"template":"","format":"standard","meta":[],"categories":[1428],"tags":[403],"acf":[],"yoast_head":"<!-- This site is optimized with the Yoast SEO plugin v19.2 - https:\/\/yoast.com\/wordpress\/plugins\/seo\/ -->\n<title>Para seguir Cristo \u00e9 preciso renunciar ao orgulho ego\u00edsta - Not\u00edcias - Franciscanos<\/title>\n<meta name=\"robots\" content=\"index, follow, max-snippet:-1, max-image-preview:large, max-video-preview:-1\" \/>\n<link rel=\"canonical\" href=\"https:\/\/franciscanos.org.br\/noticias\/para-seguir-cristo-e-preciso-renunciar-ao-orgulho-egoista.html\" \/>\n<meta property=\"og:locale\" content=\"pt_BR\" \/>\n<meta property=\"og:type\" content=\"article\" \/>\n<meta property=\"og:title\" content=\"Para seguir Cristo \u00e9 preciso renunciar ao orgulho ego\u00edsta - Not\u00edcias - Franciscanos\" \/>\n<meta property=\"og:description\" content=\"Angelus\" \/>\n<meta property=\"og:url\" content=\"https:\/\/franciscanos.org.br\/noticias\/para-seguir-cristo-e-preciso-renunciar-ao-orgulho-egoista.html\" \/>\n<meta property=\"og:site_name\" content=\"Not\u00edcias - Franciscanos\" \/>\n<meta property=\"article:published_time\" content=\"2018-09-17T09:43:09+00:00\" \/>\n<meta property=\"article:modified_time\" content=\"2020-06-07T09:52:51+00:00\" \/>\n<meta property=\"og:image\" content=\"https:\/\/franciscanos.org.br\/noticias\/wp-content\/uploads\/2018\/09\/angelus_170918.jpg\" \/>\n\t<meta property=\"og:image:width\" content=\"273\" \/>\n\t<meta property=\"og:image:height\" content=\"181\" \/>\n\t<meta property=\"og:image:type\" content=\"image\/jpeg\" \/>\n<meta name=\"author\" content=\"admin\" \/>\n<meta name=\"twitter:card\" content=\"summary_large_image\" \/>\n<meta name=\"twitter:label1\" content=\"Escrito por\" \/>\n\t<meta name=\"twitter:data1\" content=\"admin\" \/>\n\t<meta name=\"twitter:label2\" content=\"Est. tempo de leitura\" \/>\n\t<meta name=\"twitter:data2\" content=\"2 minutos\" \/>\n<script type=\"application\/ld+json\" class=\"yoast-schema-graph\">{\"@context\":\"https:\/\/schema.org\",\"@graph\":[{\"@type\":\"WebSite\",\"@id\":\"https:\/\/franciscanos.org.br\/noticias\/#website\",\"url\":\"https:\/\/franciscanos.org.br\/noticias\/\",\"name\":\"Not\u00edcias - Franciscanos\",\"description\":\"Prov\u00edncia Franciscana da Imaculada Concei\u00e7\u00e3o do Brasil - Ordem dos Frades Menores - OFM\",\"potentialAction\":[{\"@type\":\"SearchAction\",\"target\":{\"@type\":\"EntryPoint\",\"urlTemplate\":\"https:\/\/franciscanos.org.br\/noticias\/?s={search_term_string}\"},\"query-input\":\"required name=search_term_string\"}],\"inLanguage\":\"pt-BR\"},{\"@type\":\"ImageObject\",\"inLanguage\":\"pt-BR\",\"@id\":\"https:\/\/franciscanos.org.br\/noticias\/para-seguir-cristo-e-preciso-renunciar-ao-orgulho-egoista.html#primaryimage\",\"url\":\"https:\/\/franciscanos.org.br\/noticias\/wp-content\/uploads\/2018\/09\/angelus_170918.jpg\",\"contentUrl\":\"https:\/\/franciscanos.org.br\/noticias\/wp-content\/uploads\/2018\/09\/angelus_170918.jpg\",\"width\":273,\"height\":181},{\"@type\":\"WebPage\",\"@id\":\"https:\/\/franciscanos.org.br\/noticias\/para-seguir-cristo-e-preciso-renunciar-ao-orgulho-egoista.html#webpage\",\"url\":\"https:\/\/franciscanos.org.br\/noticias\/para-seguir-cristo-e-preciso-renunciar-ao-orgulho-egoista.html\",\"name\":\"Para seguir Cristo \u00e9 preciso renunciar ao orgulho ego\u00edsta - Not\u00edcias - Franciscanos\",\"isPartOf\":{\"@id\":\"https:\/\/franciscanos.org.br\/noticias\/#website\"},\"primaryImageOfPage\":{\"@id\":\"https:\/\/franciscanos.org.br\/noticias\/para-seguir-cristo-e-preciso-renunciar-ao-orgulho-egoista.html#primaryimage\"},\"datePublished\":\"2018-09-17T09:43:09+00:00\",\"dateModified\":\"2020-06-07T09:52:51+00:00\",\"author\":{\"@id\":\"https:\/\/franciscanos.org.br\/noticias\/#\/schema\/person\/b38fbf43118f02820bd932f2e4b14ad3\"},\"breadcrumb\":{\"@id\":\"https:\/\/franciscanos.org.br\/noticias\/para-seguir-cristo-e-preciso-renunciar-ao-orgulho-egoista.html#breadcrumb\"},\"inLanguage\":\"pt-BR\",\"potentialAction\":[{\"@type\":\"ReadAction\",\"target\":[\"https:\/\/franciscanos.org.br\/noticias\/para-seguir-cristo-e-preciso-renunciar-ao-orgulho-egoista.html\"]}]},{\"@type\":\"BreadcrumbList\",\"@id\":\"https:\/\/franciscanos.org.br\/noticias\/para-seguir-cristo-e-preciso-renunciar-ao-orgulho-egoista.html#breadcrumb\",\"itemListElement\":[{\"@type\":\"ListItem\",\"position\":1,\"name\":\"Home\",\"item\":\"https:\/\/franciscanos.org.br\/noticias\"},{\"@type\":\"ListItem\",\"position\":2,\"name\":\"Para seguir Cristo \u00e9 preciso renunciar ao orgulho ego\u00edsta\"}]},{\"@type\":\"Person\",\"@id\":\"https:\/\/franciscanos.org.br\/noticias\/#\/schema\/person\/b38fbf43118f02820bd932f2e4b14ad3\",\"name\":\"admin\",\"image\":{\"@type\":\"ImageObject\",\"inLanguage\":\"pt-BR\",\"@id\":\"https:\/\/franciscanos.org.br\/noticias\/#\/schema\/person\/image\/\",\"url\":\"https:\/\/secure.gravatar.com\/avatar\/e8495742d34d0ba6448ea1c628263b3e?s=96&d=mm&r=g\",\"contentUrl\":\"https:\/\/secure.gravatar.com\/avatar\/e8495742d34d0ba6448ea1c628263b3e?s=96&d=mm&r=g\",\"caption\":\"admin\"},\"url\":\"https:\/\/franciscanos.org.br\/noticias\/author\/admin\"}]}<\/script>\n<!-- \/ Yoast SEO plugin. -->","yoast_head_json":{"title":"Para seguir Cristo \u00e9 preciso renunciar ao orgulho ego\u00edsta - Not\u00edcias - Franciscanos","robots":{"index":"index","follow":"follow","max-snippet":"max-snippet:-1","max-image-preview":"max-image-preview:large","max-video-preview":"max-video-preview:-1"},"canonical":"https:\/\/franciscanos.org.br\/noticias\/para-seguir-cristo-e-preciso-renunciar-ao-orgulho-egoista.html","og_locale":"pt_BR","og_type":"article","og_title":"Para seguir Cristo \u00e9 preciso renunciar ao orgulho ego\u00edsta - Not\u00edcias - Franciscanos","og_description":"Angelus","og_url":"https:\/\/franciscanos.org.br\/noticias\/para-seguir-cristo-e-preciso-renunciar-ao-orgulho-egoista.html","og_site_name":"Not\u00edcias - Franciscanos","article_published_time":"2018-09-17T09:43:09+00:00","article_modified_time":"2020-06-07T09:52:51+00:00","og_image":[{"width":273,"height":181,"url":"https:\/\/franciscanos.org.br\/noticias\/wp-content\/uploads\/2018\/09\/angelus_170918.jpg","type":"image\/jpeg"}],"author":"admin","twitter_card":"summary_large_image","twitter_misc":{"Escrito por":"admin","Est. tempo de leitura":"2 minutos"},"schema":{"@context":"https:\/\/schema.org","@graph":[{"@type":"WebSite","@id":"https:\/\/franciscanos.org.br\/noticias\/#website","url":"https:\/\/franciscanos.org.br\/noticias\/","name":"Not\u00edcias - Franciscanos","description":"Prov\u00edncia Franciscana da Imaculada Concei\u00e7\u00e3o do Brasil - Ordem dos Frades Menores - OFM","potentialAction":[{"@type":"SearchAction","target":{"@type":"EntryPoint","urlTemplate":"https:\/\/franciscanos.org.br\/noticias\/?s={search_term_string}"},"query-input":"required name=search_term_string"}],"inLanguage":"pt-BR"},{"@type":"ImageObject","inLanguage":"pt-BR","@id":"https:\/\/franciscanos.org.br\/noticias\/para-seguir-cristo-e-preciso-renunciar-ao-orgulho-egoista.html#primaryimage","url":"https:\/\/franciscanos.org.br\/noticias\/wp-content\/uploads\/2018\/09\/angelus_170918.jpg","contentUrl":"https:\/\/franciscanos.org.br\/noticias\/wp-content\/uploads\/2018\/09\/angelus_170918.jpg","width":273,"height":181},{"@type":"WebPage","@id":"https:\/\/franciscanos.org.br\/noticias\/para-seguir-cristo-e-preciso-renunciar-ao-orgulho-egoista.html#webpage","url":"https:\/\/franciscanos.org.br\/noticias\/para-seguir-cristo-e-preciso-renunciar-ao-orgulho-egoista.html","name":"Para seguir Cristo \u00e9 preciso renunciar ao orgulho ego\u00edsta - Not\u00edcias - Franciscanos","isPartOf":{"@id":"https:\/\/franciscanos.org.br\/noticias\/#website"},"primaryImageOfPage":{"@id":"https:\/\/franciscanos.org.br\/noticias\/para-seguir-cristo-e-preciso-renunciar-ao-orgulho-egoista.html#primaryimage"},"datePublished":"2018-09-17T09:43:09+00:00","dateModified":"2020-06-07T09:52:51+00:00","author":{"@id":"https:\/\/franciscanos.org.br\/noticias\/#\/schema\/person\/b38fbf43118f02820bd932f2e4b14ad3"},"breadcrumb":{"@id":"https:\/\/franciscanos.org.br\/noticias\/para-seguir-cristo-e-preciso-renunciar-ao-orgulho-egoista.html#breadcrumb"},"inLanguage":"pt-BR","potentialAction":[{"@type":"ReadAction","target":["https:\/\/franciscanos.org.br\/noticias\/para-seguir-cristo-e-preciso-renunciar-ao-orgulho-egoista.html"]}]},{"@type":"BreadcrumbList","@id":"https:\/\/franciscanos.org.br\/noticias\/para-seguir-cristo-e-preciso-renunciar-ao-orgulho-egoista.html#breadcrumb","itemListElement":[{"@type":"ListItem","position":1,"name":"Home","item":"https:\/\/franciscanos.org.br\/noticias"},{"@type":"ListItem","position":2,"name":"Para seguir Cristo \u00e9 preciso renunciar ao orgulho ego\u00edsta"}]},{"@type":"Person","@id":"https:\/\/franciscanos.org.br\/noticias\/#\/schema\/person\/b38fbf43118f02820bd932f2e4b14ad3","name":"admin","image":{"@type":"ImageObject","inLanguage":"pt-BR","@id":"https:\/\/franciscanos.org.br\/noticias\/#\/schema\/person\/image\/","url":"https:\/\/secure.gravatar.com\/avatar\/e8495742d34d0ba6448ea1c628263b3e?s=96&d=mm&r=g","contentUrl":"https:\/\/secure.gravatar.com\/avatar\/e8495742d34d0ba6448ea1c628263b3e?s=96&d=mm&r=g","caption":"admin"},"url":"https:\/\/franciscanos.org.br\/noticias\/author\/admin"}]}},"_links":{"self":[{"href":"https:\/\/franciscanos.org.br\/noticias\/wp-json\/wp\/v2\/posts\/171685"}],"collection":[{"href":"https:\/\/franciscanos.org.br\/noticias\/wp-json\/wp\/v2\/posts"}],"about":[{"href":"https:\/\/franciscanos.org.br\/noticias\/wp-json\/wp\/v2\/types\/post"}],"author":[{"embeddable":true,"href":"https:\/\/franciscanos.org.br\/noticias\/wp-json\/wp\/v2\/users\/1"}],"replies":[{"embeddable":true,"href":"https:\/\/franciscanos.org.br\/noticias\/wp-json\/wp\/v2\/comments?post=171685"}],"version-history":[{"count":1,"href":"https:\/\/franciscanos.org.br\/noticias\/wp-json\/wp\/v2\/posts\/171685\/revisions"}],"predecessor-version":[{"id":224829,"href":"https:\/\/franciscanos.org.br\/noticias\/wp-json\/wp\/v2\/posts\/171685\/revisions\/224829"}],"wp:featuredmedia":[{"embeddable":true,"href":"https:\/\/franciscanos.org.br\/noticias\/wp-json\/wp\/v2\/media\/191753"}],"wp:attachment":[{"href":"https:\/\/franciscanos.org.br\/noticias\/wp-json\/wp\/v2\/media?parent=171685"}],"wp:term":[{"taxonomy":"category","embeddable":true,"href":"https:\/\/franciscanos.org.br\/noticias\/wp-json\/wp\/v2\/categories?post=171685"},{"taxonomy":"post_tag","embeddable":true,"href":"https:\/\/franciscanos.org.br\/noticias\/wp-json\/wp\/v2\/tags?post=171685"}],"curies":[{"name":"wp","href":"https:\/\/api.w.org\/{rel}","templated":true}]}}