{"id":17160,"date":"2012-05-07T08:21:25","date_gmt":"2012-05-07T11:21:25","guid":{"rendered":"http:\/\/new.franciscanos.org.br\/?p=17160"},"modified":"2019-04-25T10:55:39","modified_gmt":"2019-04-25T13:55:39","slug":"estandarte-de-santa-clara-chega-a-florianopolis","status":"publish","type":"post","link":"https:\/\/franciscanos.org.br\/noticias\/estandarte-de-santa-clara-chega-a-florianopolis.html","title":{"rendered":"Estandarte de Santa Clara chega a Florian\u00f3polis"},"content":{"rendered":"<p><strong><a href=\"http:\/\/franciscanos.org.br\/wp-content\/uploads\/2012\/05\/2178_070512.jpg\"><img loading=\"lazy\" class=\"alignright size-full wp-image-17165\" title=\"2178_070512\" src=\"http:\/\/franciscanos.org.br\/wp-content\/uploads\/2012\/05\/2178_070512.jpg\" alt=\"\" width=\"400\" height=\"319\" \/><\/a>Leonardo Contin da Costa, especial para este site<\/strong><br \/>\nAp\u00f3s visitar 20 Fraternidades no interior de Santa Catarina desde o in\u00edcio de mar\u00e7o, o estandarte de Santa Clara, que faz mem\u00f3ria aos 800 anos do nascimento da Ordem das Irm\u00e3s Clarissas, chegou neste Domingo (06\/05) \u00e0 capital do estado. As Irm\u00e3s Carmela Panini, Maria Diva Schiochet e Terezinha Sotopietro (Catequistas Franciscanas) o trouxeram da Casa Provincial de sua Congrega\u00e7\u00e3o, em Rio do Sul, \u00e0 Par\u00f3quia Santo Ant\u00f4nio, no centro de Florian\u00f3polis, sendo recebido pelo Vig\u00e1rio, Frei Vanderley Grassi, OFM, e alguns paroquianos.<br \/>\nAinda no domingo, Frei Vanderley presidiu a \u201cCelebra\u00e7\u00e3o de Santa Clara de Assis e de Hoje\u201d, com a presen\u00e7a de seus confrades, membros da OFS (Fraternidade das Chagas) e da Juventude Franciscana (Fraternidade Perfeita Alegria) local. Na cerim\u00f4nia foram lembrados e refletidos trechos importantes da vida de Santa Clara, como a invas\u00e3o do ex\u00e9rcito dos sarracenos ao convento de S\u00e3o Dami\u00e3o, localizado fora dos muros de Assis, e a sua incans\u00e1vel disposi\u00e7\u00e3o ao servi\u00e7o e ao trabalho em favor do pr\u00f3ximo.<br \/>\nO estandarte permanecer\u00e1 na Par\u00f3quia at\u00e9 esta quarta-feira (09\/05), quando ser\u00e1 levado para a Par\u00f3quia Sant\u00edssima Trindade, dos Frades Capuchinhos de Florian\u00f3polis. No dia 19 de agosto, todas as Fraternidades da Fam\u00edlia Franciscana que comp\u00f5em o Regional, devem se reunir no clube Antares, na cidade de Rodeio, para o Encerramento do Ano Clariano e o Congresso Regional da OFS e da FFB de Santa Catarina.<br \/>\n<strong>Veja imagens<\/strong><br \/>\n[nggallery id=178]<\/p>\n","protected":false},"excerpt":{"rendered":"<p>FFB<\/p>\n","protected":false},"author":1,"featured_media":203369,"comment_status":"closed","ping_status":"closed","sticky":false,"template":"","format":"standard","meta":[],"categories":[1],"tags":[203,478,60],"acf":[],"yoast_head":"<!-- This site is optimized with the Yoast SEO plugin v19.2 - https:\/\/yoast.com\/wordpress\/plugins\/seo\/ -->\n<title>Estandarte de Santa Clara chega a Florian\u00f3polis - Not\u00edcias - Franciscanos<\/title>\n<meta name=\"robots\" content=\"index, follow, max-snippet:-1, max-image-preview:large, max-video-preview:-1\" \/>\n<link rel=\"canonical\" href=\"https:\/\/franciscanos.org.br\/noticias\/estandarte-de-santa-clara-chega-a-florianopolis.html\" \/>\n<meta property=\"og:locale\" content=\"pt_BR\" \/>\n<meta property=\"og:type\" content=\"article\" \/>\n<meta property=\"og:title\" content=\"Estandarte de Santa Clara chega a Florian\u00f3polis - Not\u00edcias - Franciscanos\" \/>\n<meta property=\"og:description\" content=\"FFB\" \/>\n<meta property=\"og:url\" content=\"https:\/\/franciscanos.org.br\/noticias\/estandarte-de-santa-clara-chega-a-florianopolis.html\" \/>\n<meta property=\"og:site_name\" content=\"Not\u00edcias - Franciscanos\" \/>\n<meta property=\"article:published_time\" content=\"2012-05-07T11:21:25+00:00\" \/>\n<meta property=\"article:modified_time\" content=\"2019-04-25T13:55:39+00:00\" \/>\n<meta property=\"og:image\" content=\"https:\/\/franciscanos.org.br\/noticias\/wp-content\/uploads\/2012\/05\/2178_070512.jpg\" \/>\n\t<meta property=\"og:image:width\" content=\"273\" \/>\n\t<meta property=\"og:image:height\" content=\"181\" \/>\n\t<meta property=\"og:image:type\" content=\"image\/jpeg\" \/>\n<meta name=\"author\" content=\"admin\" \/>\n<meta name=\"twitter:card\" content=\"summary_large_image\" \/>\n<meta name=\"twitter:label1\" content=\"Escrito por\" \/>\n\t<meta name=\"twitter:data1\" content=\"admin\" \/>\n\t<meta name=\"twitter:label2\" content=\"Est. tempo de leitura\" \/>\n\t<meta name=\"twitter:data2\" content=\"1 minuto\" \/>\n<script type=\"application\/ld+json\" class=\"yoast-schema-graph\">{\"@context\":\"https:\/\/schema.org\",\"@graph\":[{\"@type\":\"WebSite\",\"@id\":\"https:\/\/franciscanos.org.br\/noticias\/#website\",\"url\":\"https:\/\/franciscanos.org.br\/noticias\/\",\"name\":\"Not\u00edcias - Franciscanos\",\"description\":\"Prov\u00edncia Franciscana da Imaculada Concei\u00e7\u00e3o do Brasil - Ordem dos Frades Menores - OFM\",\"potentialAction\":[{\"@type\":\"SearchAction\",\"target\":{\"@type\":\"EntryPoint\",\"urlTemplate\":\"https:\/\/franciscanos.org.br\/noticias\/?s={search_term_string}\"},\"query-input\":\"required name=search_term_string\"}],\"inLanguage\":\"pt-BR\"},{\"@type\":\"ImageObject\",\"inLanguage\":\"pt-BR\",\"@id\":\"https:\/\/franciscanos.org.br\/noticias\/estandarte-de-santa-clara-chega-a-florianopolis.html#primaryimage\",\"url\":\"https:\/\/franciscanos.org.br\/noticias\/wp-content\/uploads\/2012\/05\/2178_070512.jpg\",\"contentUrl\":\"https:\/\/franciscanos.org.br\/noticias\/wp-content\/uploads\/2012\/05\/2178_070512.jpg\",\"width\":273,\"height\":181},{\"@type\":\"WebPage\",\"@id\":\"https:\/\/franciscanos.org.br\/noticias\/estandarte-de-santa-clara-chega-a-florianopolis.html#webpage\",\"url\":\"https:\/\/franciscanos.org.br\/noticias\/estandarte-de-santa-clara-chega-a-florianopolis.html\",\"name\":\"Estandarte de Santa Clara chega a Florian\u00f3polis - Not\u00edcias - Franciscanos\",\"isPartOf\":{\"@id\":\"https:\/\/franciscanos.org.br\/noticias\/#website\"},\"primaryImageOfPage\":{\"@id\":\"https:\/\/franciscanos.org.br\/noticias\/estandarte-de-santa-clara-chega-a-florianopolis.html#primaryimage\"},\"datePublished\":\"2012-05-07T11:21:25+00:00\",\"dateModified\":\"2019-04-25T13:55:39+00:00\",\"author\":{\"@id\":\"https:\/\/franciscanos.org.br\/noticias\/#\/schema\/person\/b38fbf43118f02820bd932f2e4b14ad3\"},\"breadcrumb\":{\"@id\":\"https:\/\/franciscanos.org.br\/noticias\/estandarte-de-santa-clara-chega-a-florianopolis.html#breadcrumb\"},\"inLanguage\":\"pt-BR\",\"potentialAction\":[{\"@type\":\"ReadAction\",\"target\":[\"https:\/\/franciscanos.org.br\/noticias\/estandarte-de-santa-clara-chega-a-florianopolis.html\"]}]},{\"@type\":\"BreadcrumbList\",\"@id\":\"https:\/\/franciscanos.org.br\/noticias\/estandarte-de-santa-clara-chega-a-florianopolis.html#breadcrumb\",\"itemListElement\":[{\"@type\":\"ListItem\",\"position\":1,\"name\":\"Home\",\"item\":\"https:\/\/franciscanos.org.br\/noticias\"},{\"@type\":\"ListItem\",\"position\":2,\"name\":\"Estandarte de Santa Clara chega a Florian\u00f3polis\"}]},{\"@type\":\"Person\",\"@id\":\"https:\/\/franciscanos.org.br\/noticias\/#\/schema\/person\/b38fbf43118f02820bd932f2e4b14ad3\",\"name\":\"admin\",\"image\":{\"@type\":\"ImageObject\",\"inLanguage\":\"pt-BR\",\"@id\":\"https:\/\/franciscanos.org.br\/noticias\/#\/schema\/person\/image\/\",\"url\":\"https:\/\/secure.gravatar.com\/avatar\/e8495742d34d0ba6448ea1c628263b3e?s=96&d=mm&r=g\",\"contentUrl\":\"https:\/\/secure.gravatar.com\/avatar\/e8495742d34d0ba6448ea1c628263b3e?s=96&d=mm&r=g\",\"caption\":\"admin\"},\"url\":\"https:\/\/franciscanos.org.br\/noticias\/author\/admin\"}]}<\/script>\n<!-- \/ Yoast SEO plugin. -->","yoast_head_json":{"title":"Estandarte de Santa Clara chega a Florian\u00f3polis - Not\u00edcias - Franciscanos","robots":{"index":"index","follow":"follow","max-snippet":"max-snippet:-1","max-image-preview":"max-image-preview:large","max-video-preview":"max-video-preview:-1"},"canonical":"https:\/\/franciscanos.org.br\/noticias\/estandarte-de-santa-clara-chega-a-florianopolis.html","og_locale":"pt_BR","og_type":"article","og_title":"Estandarte de Santa Clara chega a Florian\u00f3polis - Not\u00edcias - Franciscanos","og_description":"FFB","og_url":"https:\/\/franciscanos.org.br\/noticias\/estandarte-de-santa-clara-chega-a-florianopolis.html","og_site_name":"Not\u00edcias - Franciscanos","article_published_time":"2012-05-07T11:21:25+00:00","article_modified_time":"2019-04-25T13:55:39+00:00","og_image":[{"width":273,"height":181,"url":"https:\/\/franciscanos.org.br\/noticias\/wp-content\/uploads\/2012\/05\/2178_070512.jpg","type":"image\/jpeg"}],"author":"admin","twitter_card":"summary_large_image","twitter_misc":{"Escrito por":"admin","Est. tempo de leitura":"1 minuto"},"schema":{"@context":"https:\/\/schema.org","@graph":[{"@type":"WebSite","@id":"https:\/\/franciscanos.org.br\/noticias\/#website","url":"https:\/\/franciscanos.org.br\/noticias\/","name":"Not\u00edcias - Franciscanos","description":"Prov\u00edncia Franciscana da Imaculada Concei\u00e7\u00e3o do Brasil - Ordem dos Frades Menores - OFM","potentialAction":[{"@type":"SearchAction","target":{"@type":"EntryPoint","urlTemplate":"https:\/\/franciscanos.org.br\/noticias\/?s={search_term_string}"},"query-input":"required name=search_term_string"}],"inLanguage":"pt-BR"},{"@type":"ImageObject","inLanguage":"pt-BR","@id":"https:\/\/franciscanos.org.br\/noticias\/estandarte-de-santa-clara-chega-a-florianopolis.html#primaryimage","url":"https:\/\/franciscanos.org.br\/noticias\/wp-content\/uploads\/2012\/05\/2178_070512.jpg","contentUrl":"https:\/\/franciscanos.org.br\/noticias\/wp-content\/uploads\/2012\/05\/2178_070512.jpg","width":273,"height":181},{"@type":"WebPage","@id":"https:\/\/franciscanos.org.br\/noticias\/estandarte-de-santa-clara-chega-a-florianopolis.html#webpage","url":"https:\/\/franciscanos.org.br\/noticias\/estandarte-de-santa-clara-chega-a-florianopolis.html","name":"Estandarte de Santa Clara chega a Florian\u00f3polis - Not\u00edcias - Franciscanos","isPartOf":{"@id":"https:\/\/franciscanos.org.br\/noticias\/#website"},"primaryImageOfPage":{"@id":"https:\/\/franciscanos.org.br\/noticias\/estandarte-de-santa-clara-chega-a-florianopolis.html#primaryimage"},"datePublished":"2012-05-07T11:21:25+00:00","dateModified":"2019-04-25T13:55:39+00:00","author":{"@id":"https:\/\/franciscanos.org.br\/noticias\/#\/schema\/person\/b38fbf43118f02820bd932f2e4b14ad3"},"breadcrumb":{"@id":"https:\/\/franciscanos.org.br\/noticias\/estandarte-de-santa-clara-chega-a-florianopolis.html#breadcrumb"},"inLanguage":"pt-BR","potentialAction":[{"@type":"ReadAction","target":["https:\/\/franciscanos.org.br\/noticias\/estandarte-de-santa-clara-chega-a-florianopolis.html"]}]},{"@type":"BreadcrumbList","@id":"https:\/\/franciscanos.org.br\/noticias\/estandarte-de-santa-clara-chega-a-florianopolis.html#breadcrumb","itemListElement":[{"@type":"ListItem","position":1,"name":"Home","item":"https:\/\/franciscanos.org.br\/noticias"},{"@type":"ListItem","position":2,"name":"Estandarte de Santa Clara chega a Florian\u00f3polis"}]},{"@type":"Person","@id":"https:\/\/franciscanos.org.br\/noticias\/#\/schema\/person\/b38fbf43118f02820bd932f2e4b14ad3","name":"admin","image":{"@type":"ImageObject","inLanguage":"pt-BR","@id":"https:\/\/franciscanos.org.br\/noticias\/#\/schema\/person\/image\/","url":"https:\/\/secure.gravatar.com\/avatar\/e8495742d34d0ba6448ea1c628263b3e?s=96&d=mm&r=g","contentUrl":"https:\/\/secure.gravatar.com\/avatar\/e8495742d34d0ba6448ea1c628263b3e?s=96&d=mm&r=g","caption":"admin"},"url":"https:\/\/franciscanos.org.br\/noticias\/author\/admin"}]}},"_links":{"self":[{"href":"https:\/\/franciscanos.org.br\/noticias\/wp-json\/wp\/v2\/posts\/17160"}],"collection":[{"href":"https:\/\/franciscanos.org.br\/noticias\/wp-json\/wp\/v2\/posts"}],"about":[{"href":"https:\/\/franciscanos.org.br\/noticias\/wp-json\/wp\/v2\/types\/post"}],"author":[{"embeddable":true,"href":"https:\/\/franciscanos.org.br\/noticias\/wp-json\/wp\/v2\/users\/1"}],"replies":[{"embeddable":true,"href":"https:\/\/franciscanos.org.br\/noticias\/wp-json\/wp\/v2\/comments?post=17160"}],"version-history":[{"count":0,"href":"https:\/\/franciscanos.org.br\/noticias\/wp-json\/wp\/v2\/posts\/17160\/revisions"}],"wp:featuredmedia":[{"embeddable":true,"href":"https:\/\/franciscanos.org.br\/noticias\/wp-json\/wp\/v2\/media\/203369"}],"wp:attachment":[{"href":"https:\/\/franciscanos.org.br\/noticias\/wp-json\/wp\/v2\/media?parent=17160"}],"wp:term":[{"taxonomy":"category","embeddable":true,"href":"https:\/\/franciscanos.org.br\/noticias\/wp-json\/wp\/v2\/categories?post=17160"},{"taxonomy":"post_tag","embeddable":true,"href":"https:\/\/franciscanos.org.br\/noticias\/wp-json\/wp\/v2\/tags?post=17160"}],"curies":[{"name":"wp","href":"https:\/\/api.w.org\/{rel}","templated":true}]}}