{"id":171417,"date":"2018-09-14T20:46:09","date_gmt":"2018-09-14T23:46:09","guid":{"rendered":"http:\/\/franciscanos.org.br\/?p=171417"},"modified":"2021-04-19T22:28:11","modified_gmt":"2021-04-20T01:28:11","slug":"fraternidade-do-sagrado-em-petropolis-acolhe-os-professandos","status":"publish","type":"post","link":"https:\/\/franciscanos.org.br\/noticias\/fraternidade-do-sagrado-em-petropolis-acolhe-os-professandos.html","title":{"rendered":"Fraternidade do Sagrado em Petr\u00f3polis acolhe os professandos"},"content":{"rendered":"<p><strong><img loading=\"lazy\" class=\"size-full wp-image-191776 aligncenter\" src=\"https:\/\/franciscanos.org.br\/noticias\/wp-content\/uploads\/2018\/09\/pedido_140918.jpg\" alt=\"\" width=\"830\" height=\"357\" srcset=\"https:\/\/franciscanos.org.br\/noticias\/wp-content\/uploads\/2018\/09\/pedido_140918.jpg 830w, https:\/\/franciscanos.org.br\/noticias\/wp-content\/uploads\/2018\/09\/pedido_140918-450x194.jpg 450w, https:\/\/franciscanos.org.br\/noticias\/wp-content\/uploads\/2018\/09\/pedido_140918-768x330.jpg 768w, https:\/\/franciscanos.org.br\/noticias\/wp-content\/uploads\/2018\/09\/pedido_140918-150x65.jpg 150w\" sizes=\"(max-width: 830px) 100vw, 830px\" \/>Moacir Beggo<\/strong><\/p>\n<p><strong>\u00a0Petr\u00f3polis (RJ)<\/strong> \u2013 A celebra\u00e7\u00e3o da Profiss\u00e3o Solene de sete frades na Prov\u00edncia Franciscana da Imaculada Concei\u00e7\u00e3o e da Funda\u00e7\u00e3o Imaculada M\u00e3e de Deus de Angola come\u00e7ou nesta sexta-feira, dia 14 de setembro, festa da Exalta\u00e7\u00e3o da Santa Cruz. Durante a ora\u00e7\u00e3o antes do jantar, os professandos fizeram o pedido \u00e0 Fraternidade do Sagrado Cora\u00e7\u00e3o para ingressar em definitivo na Ordem dos Frades Menores e foram acolhidos com alegria e f\u00e9.<\/p>\n<p>Esse pedido foi feito no refeit\u00f3rio do Convento de Petr\u00f3polis (RJ), quando o guardi\u00e3o Frei Jorge Paulo Schiavini, vice-mestre e vig\u00e1rio paroquial, presidiu este momento celebrativo junto com o mestre desta etapa de Teologia, Frei Marcos Andrade.<\/p>\n<p>A profiss\u00e3o perp\u00e9tua, o \u00faltimo degrau para o frade menor ingressar definitivamente na vida religiosa, ser\u00e1 feito neste s\u00e1bado, 15 de setembro, pelos jovens angolanos, Frei Alfredo Epalanga Prego e Frei M\u00e1rio Sampaio Pelu, e os brasileiros Frei Alan Leal de Mattos, Frei Jefferson Max Nunes Maciel, Frei Jhones Lucas Martins, Frei Josemberg Cardozo Aranha e Frei Junior Mendes ao Ministro Provincial Frei Fid\u00eancio Vanboemmel durante a Celebra\u00e7\u00e3o Eucar\u00edstica, \u00e0s 16h15, na Igreja do Sagrado Cora\u00e7\u00e3o de Jesus de Petr\u00f3polis (RJ).<\/p>\n<p><img loading=\"lazy\" class=\"aligncenter\" src=\"http:\/\/franciscanos.org.br\/wp-content\/uploads\/2018\/09\/pedido_140918_1.jpg\" alt=\"pedido_140918_1\" width=\"830\" height=\"519\" \/><\/p>\n<p>Frei Marcos fez a acolhida e explicou, especialmente aos familiares e amigos presentes, que esses jovens frades j\u00e1 tinham sido aprovados para a profiss\u00e3o solene pelo Ministro Provincial, Frei Fid\u00eancio Vanboemmel, pelos membros do Governo Provincial, pela equipe de forma\u00e7\u00e3o desta etapa de Teologia e tamb\u00e9m pelos confrades que se posicionaram a partir do pedido que fizeram de professar solenemente na Ordem dos Frades Menores. Ele tamb\u00e9m explicou que Frei Jhones Lucas Martins j\u00e1 havia feito o pedido \u00e0 sua Fraternidade de Duque de Caxias, onde reside.<\/p>\n<p>O pedido \u00e9 feito individualmente, mas este gesto simb\u00f3lico diante dos confrades, dos familiares e amigos presentes nesta noite, al\u00e9m de ser uma tradi\u00e7\u00e3o franciscana, faz parte da vida em fraternidade.<\/p>\n<p>Neste momento celebrativo, o guardi\u00e3o Frei Jorge perguntou aos professandos: \u201cMeus irm\u00e3os, qual \u00e9 o vosso desejo?\u201d. Eles responderam juntos: \u201cReverend\u00edssimo Guardi\u00e3o e dilet\u00edssimos irm\u00e3os em Cristo, rogamos a v\u00f3s pelo amor de Deus, da bem-aventurada sempre Virgem Maria, de nosso Pai S\u00e3o Francisco, de todos os Santos, admitir-nos \u00e0 Profiss\u00e3o dos votos perp\u00e9tuos na Ordem, para fazermos penit\u00eancia, emendarmos a nossa vida e servirmos fielmente a Deus at\u00e9 a morte. Tamb\u00e9m pedimos perd\u00e3o de todas as faltas cometidas durante o tempo da prova\u00e7\u00e3o e rogamos que vos lembreis de n\u00f3s em vossas preces para que com a gra\u00e7a de Deus possamos ser fi\u00e9is ao ideal de vida franciscana que com a gra\u00e7a de Deus nos propusemos abra\u00e7ar\u201d. Eles ouviram, ent\u00e3o, a resposta: \u201cDemos gra\u00e7as a Deus!\u201d<\/p>\n<p><img loading=\"lazy\" class=\"aligncenter\" src=\"http:\/\/franciscanos.org.br\/wp-content\/uploads\/2018\/09\/pedido_140918_2.jpg\" alt=\"pedido_140918_2\" width=\"830\" height=\"513\" \/><\/p>\n<p>Segundo o guardi\u00e3o, o pedido dos professandos \u00e9 uma alegria e um desafio ao mesmo tempo. &#8220;Nos alegra porque cada um de voc\u00eas, com seus dons, com o seu jeito de ser, com a hist\u00f3ria de vida enriquece a nossa Fraternidade. Na conviv\u00eancia, n\u00f3s sentimos essa riqueza e essa partilha de dons que voc\u00eas trazem. Nos alegramos tamb\u00e9m porque, ao conviver com voc\u00eas ao longo desses anos, constru\u00edmos uma hist\u00f3ria comum de vida fraterna e de atualiza\u00e7\u00e3o da voca\u00e7\u00e3o franciscana. Mas o pedido de voc\u00eas nos desafia e nos anima a perseverarmos e a buscarmos com intensidade a voca\u00e7\u00e3o que n\u00f3s tamb\u00e9m abra\u00e7amos. Ao testemunhar a generosidade de voc\u00eas, nesta profiss\u00e3o solene e no seguimento de Jesus Cristo, somos animados a pedir, mais uma vez \u00e0 Ordem e a Deus, para reiniciar a vida de consagra\u00e7\u00e3o franciscana&#8221;, explicou Frei Jorge, fazendo um pedido: &#8220;Todos n\u00f3s precisamos assumir o compromisso de rezarmos uns pelos outros. Voc\u00eas rezam por n\u00f3s e n\u00f3s, como Fraternidade, por voc\u00eas. Familiares e amigos tamb\u00e9m s\u00e3o chamados a rezarem para que eles mantenham acesa esta chama&#8221;, completou.<\/p>\n<p>Frei Jorge acolheu especialmente o Ministro Provincial, Frei Fid\u00eancio Vanboemmel, que amanh\u00e3 preside esta celebra\u00e7\u00e3o e o Visitador Geral, Frei Miguel Kleinhans, que acompanha a Prov\u00edncia da Imaculada at\u00e9 o Cap\u00edtulo Provincial em novembro. Frei Fid\u00eancio deu a b\u00ean\u00e7\u00e3o final.<\/p>\n","protected":false},"excerpt":{"rendered":"<p>Profiss\u00e3o Solene <\/p>\n","protected":false},"author":1,"featured_media":191778,"comment_status":"open","ping_status":"open","sticky":false,"template":"","format":"standard","meta":[],"categories":[1],"tags":[190,1130],"acf":[],"yoast_head":"<!-- This site is optimized with the Yoast SEO plugin v19.2 - https:\/\/yoast.com\/wordpress\/plugins\/seo\/ -->\n<title>Fraternidade do Sagrado em Petr\u00f3polis acolhe os professandos - Not\u00edcias - Franciscanos<\/title>\n<meta name=\"robots\" content=\"index, follow, max-snippet:-1, max-image-preview:large, max-video-preview:-1\" \/>\n<link rel=\"canonical\" href=\"https:\/\/franciscanos.org.br\/noticias\/fraternidade-do-sagrado-em-petropolis-acolhe-os-professandos.html\" \/>\n<meta property=\"og:locale\" content=\"pt_BR\" \/>\n<meta property=\"og:type\" content=\"article\" \/>\n<meta property=\"og:title\" content=\"Fraternidade do Sagrado em Petr\u00f3polis acolhe os professandos - Not\u00edcias - Franciscanos\" \/>\n<meta property=\"og:description\" content=\"Profiss\u00e3o Solene\" \/>\n<meta property=\"og:url\" content=\"https:\/\/franciscanos.org.br\/noticias\/fraternidade-do-sagrado-em-petropolis-acolhe-os-professandos.html\" \/>\n<meta property=\"og:site_name\" content=\"Not\u00edcias - Franciscanos\" \/>\n<meta property=\"article:published_time\" content=\"2018-09-14T23:46:09+00:00\" \/>\n<meta property=\"article:modified_time\" content=\"2021-04-20T01:28:11+00:00\" \/>\n<meta property=\"og:image\" content=\"https:\/\/franciscanos.org.br\/noticias\/wp-content\/uploads\/2018\/09\/pedido_140918-1.jpg\" \/>\n\t<meta property=\"og:image:width\" content=\"273\" \/>\n\t<meta property=\"og:image:height\" content=\"181\" \/>\n\t<meta property=\"og:image:type\" content=\"image\/jpeg\" \/>\n<meta name=\"author\" content=\"admin\" \/>\n<meta name=\"twitter:card\" content=\"summary_large_image\" \/>\n<meta name=\"twitter:label1\" content=\"Escrito por\" \/>\n\t<meta name=\"twitter:data1\" content=\"admin\" \/>\n\t<meta name=\"twitter:label2\" content=\"Est. tempo de leitura\" \/>\n\t<meta name=\"twitter:data2\" content=\"4 minutos\" \/>\n<script type=\"application\/ld+json\" class=\"yoast-schema-graph\">{\"@context\":\"https:\/\/schema.org\",\"@graph\":[{\"@type\":\"WebSite\",\"@id\":\"https:\/\/franciscanos.org.br\/noticias\/#website\",\"url\":\"https:\/\/franciscanos.org.br\/noticias\/\",\"name\":\"Not\u00edcias - Franciscanos\",\"description\":\"Prov\u00edncia Franciscana da Imaculada Concei\u00e7\u00e3o do Brasil - Ordem dos Frades Menores - OFM\",\"potentialAction\":[{\"@type\":\"SearchAction\",\"target\":{\"@type\":\"EntryPoint\",\"urlTemplate\":\"https:\/\/franciscanos.org.br\/noticias\/?s={search_term_string}\"},\"query-input\":\"required name=search_term_string\"}],\"inLanguage\":\"pt-BR\"},{\"@type\":\"ImageObject\",\"inLanguage\":\"pt-BR\",\"@id\":\"https:\/\/franciscanos.org.br\/noticias\/fraternidade-do-sagrado-em-petropolis-acolhe-os-professandos.html#primaryimage\",\"url\":\"https:\/\/franciscanos.org.br\/noticias\/wp-content\/uploads\/2018\/09\/pedido_140918-1.jpg\",\"contentUrl\":\"https:\/\/franciscanos.org.br\/noticias\/wp-content\/uploads\/2018\/09\/pedido_140918-1.jpg\",\"width\":273,\"height\":181},{\"@type\":\"WebPage\",\"@id\":\"https:\/\/franciscanos.org.br\/noticias\/fraternidade-do-sagrado-em-petropolis-acolhe-os-professandos.html#webpage\",\"url\":\"https:\/\/franciscanos.org.br\/noticias\/fraternidade-do-sagrado-em-petropolis-acolhe-os-professandos.html\",\"name\":\"Fraternidade do Sagrado em Petr\u00f3polis acolhe os professandos - Not\u00edcias - Franciscanos\",\"isPartOf\":{\"@id\":\"https:\/\/franciscanos.org.br\/noticias\/#website\"},\"primaryImageOfPage\":{\"@id\":\"https:\/\/franciscanos.org.br\/noticias\/fraternidade-do-sagrado-em-petropolis-acolhe-os-professandos.html#primaryimage\"},\"datePublished\":\"2018-09-14T23:46:09+00:00\",\"dateModified\":\"2021-04-20T01:28:11+00:00\",\"author\":{\"@id\":\"https:\/\/franciscanos.org.br\/noticias\/#\/schema\/person\/b38fbf43118f02820bd932f2e4b14ad3\"},\"breadcrumb\":{\"@id\":\"https:\/\/franciscanos.org.br\/noticias\/fraternidade-do-sagrado-em-petropolis-acolhe-os-professandos.html#breadcrumb\"},\"inLanguage\":\"pt-BR\",\"potentialAction\":[{\"@type\":\"ReadAction\",\"target\":[\"https:\/\/franciscanos.org.br\/noticias\/fraternidade-do-sagrado-em-petropolis-acolhe-os-professandos.html\"]}]},{\"@type\":\"BreadcrumbList\",\"@id\":\"https:\/\/franciscanos.org.br\/noticias\/fraternidade-do-sagrado-em-petropolis-acolhe-os-professandos.html#breadcrumb\",\"itemListElement\":[{\"@type\":\"ListItem\",\"position\":1,\"name\":\"Home\",\"item\":\"https:\/\/franciscanos.org.br\/noticias\"},{\"@type\":\"ListItem\",\"position\":2,\"name\":\"Fraternidade do Sagrado em Petr\u00f3polis acolhe os professandos\"}]},{\"@type\":\"Person\",\"@id\":\"https:\/\/franciscanos.org.br\/noticias\/#\/schema\/person\/b38fbf43118f02820bd932f2e4b14ad3\",\"name\":\"admin\",\"image\":{\"@type\":\"ImageObject\",\"inLanguage\":\"pt-BR\",\"@id\":\"https:\/\/franciscanos.org.br\/noticias\/#\/schema\/person\/image\/\",\"url\":\"https:\/\/secure.gravatar.com\/avatar\/e8495742d34d0ba6448ea1c628263b3e?s=96&d=mm&r=g\",\"contentUrl\":\"https:\/\/secure.gravatar.com\/avatar\/e8495742d34d0ba6448ea1c628263b3e?s=96&d=mm&r=g\",\"caption\":\"admin\"},\"url\":\"https:\/\/franciscanos.org.br\/noticias\/author\/admin\"}]}<\/script>\n<!-- \/ Yoast SEO plugin. -->","yoast_head_json":{"title":"Fraternidade do Sagrado em Petr\u00f3polis acolhe os professandos - Not\u00edcias - Franciscanos","robots":{"index":"index","follow":"follow","max-snippet":"max-snippet:-1","max-image-preview":"max-image-preview:large","max-video-preview":"max-video-preview:-1"},"canonical":"https:\/\/franciscanos.org.br\/noticias\/fraternidade-do-sagrado-em-petropolis-acolhe-os-professandos.html","og_locale":"pt_BR","og_type":"article","og_title":"Fraternidade do Sagrado em Petr\u00f3polis acolhe os professandos - Not\u00edcias - Franciscanos","og_description":"Profiss\u00e3o Solene","og_url":"https:\/\/franciscanos.org.br\/noticias\/fraternidade-do-sagrado-em-petropolis-acolhe-os-professandos.html","og_site_name":"Not\u00edcias - Franciscanos","article_published_time":"2018-09-14T23:46:09+00:00","article_modified_time":"2021-04-20T01:28:11+00:00","og_image":[{"width":273,"height":181,"url":"https:\/\/franciscanos.org.br\/noticias\/wp-content\/uploads\/2018\/09\/pedido_140918-1.jpg","type":"image\/jpeg"}],"author":"admin","twitter_card":"summary_large_image","twitter_misc":{"Escrito por":"admin","Est. tempo de leitura":"4 minutos"},"schema":{"@context":"https:\/\/schema.org","@graph":[{"@type":"WebSite","@id":"https:\/\/franciscanos.org.br\/noticias\/#website","url":"https:\/\/franciscanos.org.br\/noticias\/","name":"Not\u00edcias - Franciscanos","description":"Prov\u00edncia Franciscana da Imaculada Concei\u00e7\u00e3o do Brasil - Ordem dos Frades Menores - OFM","potentialAction":[{"@type":"SearchAction","target":{"@type":"EntryPoint","urlTemplate":"https:\/\/franciscanos.org.br\/noticias\/?s={search_term_string}"},"query-input":"required name=search_term_string"}],"inLanguage":"pt-BR"},{"@type":"ImageObject","inLanguage":"pt-BR","@id":"https:\/\/franciscanos.org.br\/noticias\/fraternidade-do-sagrado-em-petropolis-acolhe-os-professandos.html#primaryimage","url":"https:\/\/franciscanos.org.br\/noticias\/wp-content\/uploads\/2018\/09\/pedido_140918-1.jpg","contentUrl":"https:\/\/franciscanos.org.br\/noticias\/wp-content\/uploads\/2018\/09\/pedido_140918-1.jpg","width":273,"height":181},{"@type":"WebPage","@id":"https:\/\/franciscanos.org.br\/noticias\/fraternidade-do-sagrado-em-petropolis-acolhe-os-professandos.html#webpage","url":"https:\/\/franciscanos.org.br\/noticias\/fraternidade-do-sagrado-em-petropolis-acolhe-os-professandos.html","name":"Fraternidade do Sagrado em Petr\u00f3polis acolhe os professandos - Not\u00edcias - Franciscanos","isPartOf":{"@id":"https:\/\/franciscanos.org.br\/noticias\/#website"},"primaryImageOfPage":{"@id":"https:\/\/franciscanos.org.br\/noticias\/fraternidade-do-sagrado-em-petropolis-acolhe-os-professandos.html#primaryimage"},"datePublished":"2018-09-14T23:46:09+00:00","dateModified":"2021-04-20T01:28:11+00:00","author":{"@id":"https:\/\/franciscanos.org.br\/noticias\/#\/schema\/person\/b38fbf43118f02820bd932f2e4b14ad3"},"breadcrumb":{"@id":"https:\/\/franciscanos.org.br\/noticias\/fraternidade-do-sagrado-em-petropolis-acolhe-os-professandos.html#breadcrumb"},"inLanguage":"pt-BR","potentialAction":[{"@type":"ReadAction","target":["https:\/\/franciscanos.org.br\/noticias\/fraternidade-do-sagrado-em-petropolis-acolhe-os-professandos.html"]}]},{"@type":"BreadcrumbList","@id":"https:\/\/franciscanos.org.br\/noticias\/fraternidade-do-sagrado-em-petropolis-acolhe-os-professandos.html#breadcrumb","itemListElement":[{"@type":"ListItem","position":1,"name":"Home","item":"https:\/\/franciscanos.org.br\/noticias"},{"@type":"ListItem","position":2,"name":"Fraternidade do Sagrado em Petr\u00f3polis acolhe os professandos"}]},{"@type":"Person","@id":"https:\/\/franciscanos.org.br\/noticias\/#\/schema\/person\/b38fbf43118f02820bd932f2e4b14ad3","name":"admin","image":{"@type":"ImageObject","inLanguage":"pt-BR","@id":"https:\/\/franciscanos.org.br\/noticias\/#\/schema\/person\/image\/","url":"https:\/\/secure.gravatar.com\/avatar\/e8495742d34d0ba6448ea1c628263b3e?s=96&d=mm&r=g","contentUrl":"https:\/\/secure.gravatar.com\/avatar\/e8495742d34d0ba6448ea1c628263b3e?s=96&d=mm&r=g","caption":"admin"},"url":"https:\/\/franciscanos.org.br\/noticias\/author\/admin"}]}},"_links":{"self":[{"href":"https:\/\/franciscanos.org.br\/noticias\/wp-json\/wp\/v2\/posts\/171417"}],"collection":[{"href":"https:\/\/franciscanos.org.br\/noticias\/wp-json\/wp\/v2\/posts"}],"about":[{"href":"https:\/\/franciscanos.org.br\/noticias\/wp-json\/wp\/v2\/types\/post"}],"author":[{"embeddable":true,"href":"https:\/\/franciscanos.org.br\/noticias\/wp-json\/wp\/v2\/users\/1"}],"replies":[{"embeddable":true,"href":"https:\/\/franciscanos.org.br\/noticias\/wp-json\/wp\/v2\/comments?post=171417"}],"version-history":[{"count":1,"href":"https:\/\/franciscanos.org.br\/noticias\/wp-json\/wp\/v2\/posts\/171417\/revisions"}],"predecessor-version":[{"id":231730,"href":"https:\/\/franciscanos.org.br\/noticias\/wp-json\/wp\/v2\/posts\/171417\/revisions\/231730"}],"wp:featuredmedia":[{"embeddable":true,"href":"https:\/\/franciscanos.org.br\/noticias\/wp-json\/wp\/v2\/media\/191778"}],"wp:attachment":[{"href":"https:\/\/franciscanos.org.br\/noticias\/wp-json\/wp\/v2\/media?parent=171417"}],"wp:term":[{"taxonomy":"category","embeddable":true,"href":"https:\/\/franciscanos.org.br\/noticias\/wp-json\/wp\/v2\/categories?post=171417"},{"taxonomy":"post_tag","embeddable":true,"href":"https:\/\/franciscanos.org.br\/noticias\/wp-json\/wp\/v2\/tags?post=171417"}],"curies":[{"name":"wp","href":"https:\/\/api.w.org\/{rel}","templated":true}]}}