{"id":171391,"date":"2018-09-13T00:28:08","date_gmt":"2018-09-13T03:28:08","guid":{"rendered":"http:\/\/franciscanos.org.br\/?p=171391"},"modified":"2020-06-07T07:30:45","modified_gmt":"2020-06-07T10:30:45","slug":"papa-a-cruz-nos-ensina-a-nao-temer-as-derrotas","status":"publish","type":"post","link":"https:\/\/franciscanos.org.br\/noticias\/papa-a-cruz-nos-ensina-a-nao-temer-as-derrotas.html","title":{"rendered":"Papa: A cruz nos ensina a n\u00e3o temer as derrotas"},"content":{"rendered":"<p><img loading=\"lazy\" class=\"alignleft\" src=\"http:\/\/franciscanos.org.br\/wp-content\/uploads\/2018\/05\/marta_030518G.jpg\" alt=\"marta_030518G\" width=\"830\" height=\"401\" \/><strong>Cidade do Vaticano &#8211;<\/strong> A Cruz de Jesus nos ensina que na vida existe o fracasso e a vit\u00f3ria, e que n\u00e3o devemos temer os \u201cmomentos maus\u201d, que podem ser iluminados justamente pela cruz, sinal da vit\u00f3ria de Deus sobre o mal.<\/p>\n<p>Um mal, satan\u00e1s, que est\u00e1 destru\u00eddo e acorrentado, mas \u201cainda late\u201d e se voc\u00ea se aproximar dele para acarici\u00e1-lo, ele \u201cdestruir\u00e1 voc\u00ea\u201d.<\/p>\n<p>Foi o que disse o Papa na homilia da Missa celebrada na manh\u00e3 desta sexta-feira, 14, na Capela da Casa Santa Marta, na festa da Exalta\u00e7\u00e3o da Santa Cruz.<\/p>\n<p>Contemplar a Cruz, sinal do crist\u00e3o \u2013 explica Francisco \u2013 \u00e9 para n\u00f3s contemplar um sinal de derrota mas tamb\u00e9m um sinal de vit\u00f3ria. Na cruz fracassa \u201ctudo aquilo que Jesus havia realizado na vida\u201d, e acaba toda a esperan\u00e7a das pessoas que seguiam Jesus: &#8220;N\u00e3o tenhamos medo de contemplar a cruz como um momento de derrota, de fracasso. Paulo, quando reflete sobre o mist\u00e9rio de Jesus Cristo, nos diz coisas fortes, nos diz que Jesus se esvaziou, se aniquilou, fez-se pecado at\u00e9 o fim, assumiu todo o nosso pecado, todo o pecado do mundo: era um &#8220;trapo&#8221;, um condenado. Paulo n\u00e3o teve medo de mostrar essa derrota e tamb\u00e9m isso pode iluminar um pouco nossos maus momentos, nossos momentos de derrota, mas tamb\u00e9m a cruz \u00e9 um sinal de vit\u00f3ria para n\u00f3s crist\u00e3os&#8221;, explicou.<\/p>\n<p>O Livro dos N\u00fameros, na primeira leitura, narra o momento do \u00caxodo, no qual o povo judeu que murmurava \u201cfoi mordido pelas serpentes\u201d. E isto evoca a antiga serpente, satan\u00e1s, o grande acusador, recorda Francisco. Mas aquele que provocava a morte \u2013 diz a profecia \u2013 ser\u00e1 elevado e dar\u00e1 a salva\u00e7\u00e3o.<\/p>\n<p>De fato, \u201cJesus feito pecado venceu o autor do pecado, venceu a serpente\u201d. Satan\u00e1s estava feliz na Sexta-feira Santa \u2013 enfatiza Francisco \u2013 \u201ct\u00e3o feliz que n\u00e3o percebeu, a grande armadilha \u201cda hist\u00f3ria em que cairia\u201d.<\/p>\n<p>Como dizem os Padres da Igreja, satan\u00e1s \u201cviu Jesus t\u00e3o desfigurado, esfarrapado e como o peixe faminto que vai \u00e0 isca presa ao anzol, foi l\u00e1 e o engoliu\u201d.<\/p>\n<p>\u201cMas naquele momento engoliu tamb\u00e9m a divindade porque era a isca presa ao anzol, com o peixe\u201d. \u201cNaquele momento \u2013 comenta o Pont\u00edfice \u2013 satan\u00e1s foi destru\u00eddo para sempre. N\u00e3o tem for\u00e7a. A Cruz, naquele momento, torna-se sinal de vit\u00f3ria\u201d.<\/p>\n<p>\u201cA nossa vit\u00f3ria \u00e9 a cruz de Jesus, vit\u00f3ria diante do nosso inimigo, a grande serpente antiga, o Grande Acusador\u201d. Na cruz \u2013 sublinha o Pont\u00edfice \u2013 \u201cfomos salvos, naquele percurso que Jesus quis percorrer at\u00e9 o mais baixo, mas com a for\u00e7a da divindade\u201d: \u201cJesus disse a Nicodemos: \u201cQuando eu for elevado, atrairei todos a mim\u201d. Jesus elevado e satan\u00e1s destru\u00eddo. A cruz de Jesus deve ser para n\u00f3s a atra\u00e7\u00e3o: olhar para ela, porque \u00e9 a for\u00e7a para continuar em frente. E a antiga serpente destru\u00edda ainda late, ainda amea\u00e7a, mas, como diziam os Padres da Igrejas, \u00e9 um c\u00e3o acorrentado: n\u00e3o se aproxime e n\u00e3o morder\u00e1 voc\u00ea; mas se voc\u00ea for acarici\u00e1-lo porque o encanto o leva at\u00e9 l\u00e1 como se fosse um cachorrinho, prepare-se, ele destruir\u00e1 voc\u00ea\u201d.<\/p>\n<p>A nossa vida segue em frente \u2013 esclarece o Papa &#8211; com Cristo vencedor e ressuscitado, que nos envia o Esp\u00edrito Santo, mas tamb\u00e9m com aquele c\u00e3o acorrentado, &#8220;a quem n\u00e3o devo me aproximar, porque ele me morder\u00e1&#8221;: \u201cA cruz nos ensina isso, que na vida h\u00e1 o fracasso e a vit\u00f3ria. Devemos ser capazes de tolerar as derrotas, lev\u00e1-las com paci\u00eancia, as derrotas, tamb\u00e9m dos nossos pecados, porque Ele pagou por n\u00f3s. Toler\u00e1-los n\u2019Ele, pedir perd\u00e3o n\u2019Ele, mas nunca se deixar seduzir por esse c\u00e3o acorrentado. Hoje seria belo se em casa, tranquilos, ficarmos 5, 10, 15 minutos diante do crucifixo, ou o que temos em casa ou aquele do ros\u00e1rio: olhar para ele, \u00e9 o nosso sinal de derrota, que provoca as persegui\u00e7\u00f5es, que nos destr\u00f3i, \u00e9 tamb\u00e9m o nosso sinal de vit\u00f3ria porque Deus venceu ali.\u201d<\/p>\n<hr \/>\n<p><em>Fonte: Vatican News<\/em><\/p>\n","protected":false},"excerpt":{"rendered":"<p>Missa em Santa Marta<\/p>\n","protected":false},"author":1,"featured_media":191804,"comment_status":"open","ping_status":"open","sticky":false,"template":"","format":"standard","meta":[],"categories":[1428],"tags":[1586],"acf":[],"yoast_head":"<!-- This site is optimized with the Yoast SEO plugin v19.2 - https:\/\/yoast.com\/wordpress\/plugins\/seo\/ -->\n<title>Papa: A cruz nos ensina a n\u00e3o temer as derrotas - Not\u00edcias - Franciscanos<\/title>\n<meta name=\"robots\" content=\"index, follow, max-snippet:-1, max-image-preview:large, max-video-preview:-1\" \/>\n<link rel=\"canonical\" href=\"https:\/\/franciscanos.org.br\/noticias\/papa-a-cruz-nos-ensina-a-nao-temer-as-derrotas.html\" \/>\n<meta property=\"og:locale\" content=\"pt_BR\" \/>\n<meta property=\"og:type\" content=\"article\" \/>\n<meta property=\"og:title\" content=\"Papa: A cruz nos ensina a n\u00e3o temer as derrotas - Not\u00edcias - Franciscanos\" \/>\n<meta property=\"og:description\" content=\"Missa em Santa Marta\" \/>\n<meta property=\"og:url\" content=\"https:\/\/franciscanos.org.br\/noticias\/papa-a-cruz-nos-ensina-a-nao-temer-as-derrotas.html\" \/>\n<meta property=\"og:site_name\" content=\"Not\u00edcias - Franciscanos\" \/>\n<meta property=\"article:published_time\" content=\"2018-09-13T03:28:08+00:00\" \/>\n<meta property=\"article:modified_time\" content=\"2020-06-07T10:30:45+00:00\" \/>\n<meta property=\"og:image\" content=\"https:\/\/franciscanos.org.br\/noticias\/wp-content\/uploads\/2018\/09\/marta_030518G.jpg\" \/>\n\t<meta property=\"og:image:width\" content=\"273\" \/>\n\t<meta property=\"og:image:height\" content=\"181\" \/>\n\t<meta property=\"og:image:type\" content=\"image\/jpeg\" \/>\n<meta name=\"author\" content=\"admin\" \/>\n<meta name=\"twitter:card\" content=\"summary_large_image\" \/>\n<meta name=\"twitter:label1\" content=\"Escrito por\" \/>\n\t<meta name=\"twitter:data1\" content=\"admin\" \/>\n\t<meta name=\"twitter:label2\" content=\"Est. tempo de leitura\" \/>\n\t<meta name=\"twitter:data2\" content=\"4 minutos\" \/>\n<script type=\"application\/ld+json\" class=\"yoast-schema-graph\">{\"@context\":\"https:\/\/schema.org\",\"@graph\":[{\"@type\":\"WebSite\",\"@id\":\"https:\/\/franciscanos.org.br\/noticias\/#website\",\"url\":\"https:\/\/franciscanos.org.br\/noticias\/\",\"name\":\"Not\u00edcias - Franciscanos\",\"description\":\"Prov\u00edncia Franciscana da Imaculada Concei\u00e7\u00e3o do Brasil - Ordem dos Frades Menores - OFM\",\"potentialAction\":[{\"@type\":\"SearchAction\",\"target\":{\"@type\":\"EntryPoint\",\"urlTemplate\":\"https:\/\/franciscanos.org.br\/noticias\/?s={search_term_string}\"},\"query-input\":\"required name=search_term_string\"}],\"inLanguage\":\"pt-BR\"},{\"@type\":\"ImageObject\",\"inLanguage\":\"pt-BR\",\"@id\":\"https:\/\/franciscanos.org.br\/noticias\/papa-a-cruz-nos-ensina-a-nao-temer-as-derrotas.html#primaryimage\",\"url\":\"https:\/\/franciscanos.org.br\/noticias\/wp-content\/uploads\/2018\/09\/marta_030518G.jpg\",\"contentUrl\":\"https:\/\/franciscanos.org.br\/noticias\/wp-content\/uploads\/2018\/09\/marta_030518G.jpg\",\"width\":273,\"height\":181},{\"@type\":\"WebPage\",\"@id\":\"https:\/\/franciscanos.org.br\/noticias\/papa-a-cruz-nos-ensina-a-nao-temer-as-derrotas.html#webpage\",\"url\":\"https:\/\/franciscanos.org.br\/noticias\/papa-a-cruz-nos-ensina-a-nao-temer-as-derrotas.html\",\"name\":\"Papa: A cruz nos ensina a n\u00e3o temer as derrotas - Not\u00edcias - Franciscanos\",\"isPartOf\":{\"@id\":\"https:\/\/franciscanos.org.br\/noticias\/#website\"},\"primaryImageOfPage\":{\"@id\":\"https:\/\/franciscanos.org.br\/noticias\/papa-a-cruz-nos-ensina-a-nao-temer-as-derrotas.html#primaryimage\"},\"datePublished\":\"2018-09-13T03:28:08+00:00\",\"dateModified\":\"2020-06-07T10:30:45+00:00\",\"author\":{\"@id\":\"https:\/\/franciscanos.org.br\/noticias\/#\/schema\/person\/b38fbf43118f02820bd932f2e4b14ad3\"},\"breadcrumb\":{\"@id\":\"https:\/\/franciscanos.org.br\/noticias\/papa-a-cruz-nos-ensina-a-nao-temer-as-derrotas.html#breadcrumb\"},\"inLanguage\":\"pt-BR\",\"potentialAction\":[{\"@type\":\"ReadAction\",\"target\":[\"https:\/\/franciscanos.org.br\/noticias\/papa-a-cruz-nos-ensina-a-nao-temer-as-derrotas.html\"]}]},{\"@type\":\"BreadcrumbList\",\"@id\":\"https:\/\/franciscanos.org.br\/noticias\/papa-a-cruz-nos-ensina-a-nao-temer-as-derrotas.html#breadcrumb\",\"itemListElement\":[{\"@type\":\"ListItem\",\"position\":1,\"name\":\"Home\",\"item\":\"https:\/\/franciscanos.org.br\/noticias\"},{\"@type\":\"ListItem\",\"position\":2,\"name\":\"Papa: A cruz nos ensina a n\u00e3o temer as derrotas\"}]},{\"@type\":\"Person\",\"@id\":\"https:\/\/franciscanos.org.br\/noticias\/#\/schema\/person\/b38fbf43118f02820bd932f2e4b14ad3\",\"name\":\"admin\",\"image\":{\"@type\":\"ImageObject\",\"inLanguage\":\"pt-BR\",\"@id\":\"https:\/\/franciscanos.org.br\/noticias\/#\/schema\/person\/image\/\",\"url\":\"https:\/\/secure.gravatar.com\/avatar\/e8495742d34d0ba6448ea1c628263b3e?s=96&d=mm&r=g\",\"contentUrl\":\"https:\/\/secure.gravatar.com\/avatar\/e8495742d34d0ba6448ea1c628263b3e?s=96&d=mm&r=g\",\"caption\":\"admin\"},\"url\":\"https:\/\/franciscanos.org.br\/noticias\/author\/admin\"}]}<\/script>\n<!-- \/ Yoast SEO plugin. -->","yoast_head_json":{"title":"Papa: A cruz nos ensina a n\u00e3o temer as derrotas - Not\u00edcias - Franciscanos","robots":{"index":"index","follow":"follow","max-snippet":"max-snippet:-1","max-image-preview":"max-image-preview:large","max-video-preview":"max-video-preview:-1"},"canonical":"https:\/\/franciscanos.org.br\/noticias\/papa-a-cruz-nos-ensina-a-nao-temer-as-derrotas.html","og_locale":"pt_BR","og_type":"article","og_title":"Papa: A cruz nos ensina a n\u00e3o temer as derrotas - Not\u00edcias - Franciscanos","og_description":"Missa em Santa Marta","og_url":"https:\/\/franciscanos.org.br\/noticias\/papa-a-cruz-nos-ensina-a-nao-temer-as-derrotas.html","og_site_name":"Not\u00edcias - Franciscanos","article_published_time":"2018-09-13T03:28:08+00:00","article_modified_time":"2020-06-07T10:30:45+00:00","og_image":[{"width":273,"height":181,"url":"https:\/\/franciscanos.org.br\/noticias\/wp-content\/uploads\/2018\/09\/marta_030518G.jpg","type":"image\/jpeg"}],"author":"admin","twitter_card":"summary_large_image","twitter_misc":{"Escrito por":"admin","Est. tempo de leitura":"4 minutos"},"schema":{"@context":"https:\/\/schema.org","@graph":[{"@type":"WebSite","@id":"https:\/\/franciscanos.org.br\/noticias\/#website","url":"https:\/\/franciscanos.org.br\/noticias\/","name":"Not\u00edcias - Franciscanos","description":"Prov\u00edncia Franciscana da Imaculada Concei\u00e7\u00e3o do Brasil - Ordem dos Frades Menores - OFM","potentialAction":[{"@type":"SearchAction","target":{"@type":"EntryPoint","urlTemplate":"https:\/\/franciscanos.org.br\/noticias\/?s={search_term_string}"},"query-input":"required name=search_term_string"}],"inLanguage":"pt-BR"},{"@type":"ImageObject","inLanguage":"pt-BR","@id":"https:\/\/franciscanos.org.br\/noticias\/papa-a-cruz-nos-ensina-a-nao-temer-as-derrotas.html#primaryimage","url":"https:\/\/franciscanos.org.br\/noticias\/wp-content\/uploads\/2018\/09\/marta_030518G.jpg","contentUrl":"https:\/\/franciscanos.org.br\/noticias\/wp-content\/uploads\/2018\/09\/marta_030518G.jpg","width":273,"height":181},{"@type":"WebPage","@id":"https:\/\/franciscanos.org.br\/noticias\/papa-a-cruz-nos-ensina-a-nao-temer-as-derrotas.html#webpage","url":"https:\/\/franciscanos.org.br\/noticias\/papa-a-cruz-nos-ensina-a-nao-temer-as-derrotas.html","name":"Papa: A cruz nos ensina a n\u00e3o temer as derrotas - Not\u00edcias - Franciscanos","isPartOf":{"@id":"https:\/\/franciscanos.org.br\/noticias\/#website"},"primaryImageOfPage":{"@id":"https:\/\/franciscanos.org.br\/noticias\/papa-a-cruz-nos-ensina-a-nao-temer-as-derrotas.html#primaryimage"},"datePublished":"2018-09-13T03:28:08+00:00","dateModified":"2020-06-07T10:30:45+00:00","author":{"@id":"https:\/\/franciscanos.org.br\/noticias\/#\/schema\/person\/b38fbf43118f02820bd932f2e4b14ad3"},"breadcrumb":{"@id":"https:\/\/franciscanos.org.br\/noticias\/papa-a-cruz-nos-ensina-a-nao-temer-as-derrotas.html#breadcrumb"},"inLanguage":"pt-BR","potentialAction":[{"@type":"ReadAction","target":["https:\/\/franciscanos.org.br\/noticias\/papa-a-cruz-nos-ensina-a-nao-temer-as-derrotas.html"]}]},{"@type":"BreadcrumbList","@id":"https:\/\/franciscanos.org.br\/noticias\/papa-a-cruz-nos-ensina-a-nao-temer-as-derrotas.html#breadcrumb","itemListElement":[{"@type":"ListItem","position":1,"name":"Home","item":"https:\/\/franciscanos.org.br\/noticias"},{"@type":"ListItem","position":2,"name":"Papa: A cruz nos ensina a n\u00e3o temer as derrotas"}]},{"@type":"Person","@id":"https:\/\/franciscanos.org.br\/noticias\/#\/schema\/person\/b38fbf43118f02820bd932f2e4b14ad3","name":"admin","image":{"@type":"ImageObject","inLanguage":"pt-BR","@id":"https:\/\/franciscanos.org.br\/noticias\/#\/schema\/person\/image\/","url":"https:\/\/secure.gravatar.com\/avatar\/e8495742d34d0ba6448ea1c628263b3e?s=96&d=mm&r=g","contentUrl":"https:\/\/secure.gravatar.com\/avatar\/e8495742d34d0ba6448ea1c628263b3e?s=96&d=mm&r=g","caption":"admin"},"url":"https:\/\/franciscanos.org.br\/noticias\/author\/admin"}]}},"_links":{"self":[{"href":"https:\/\/franciscanos.org.br\/noticias\/wp-json\/wp\/v2\/posts\/171391"}],"collection":[{"href":"https:\/\/franciscanos.org.br\/noticias\/wp-json\/wp\/v2\/posts"}],"about":[{"href":"https:\/\/franciscanos.org.br\/noticias\/wp-json\/wp\/v2\/types\/post"}],"author":[{"embeddable":true,"href":"https:\/\/franciscanos.org.br\/noticias\/wp-json\/wp\/v2\/users\/1"}],"replies":[{"embeddable":true,"href":"https:\/\/franciscanos.org.br\/noticias\/wp-json\/wp\/v2\/comments?post=171391"}],"version-history":[{"count":1,"href":"https:\/\/franciscanos.org.br\/noticias\/wp-json\/wp\/v2\/posts\/171391\/revisions"}],"predecessor-version":[{"id":224839,"href":"https:\/\/franciscanos.org.br\/noticias\/wp-json\/wp\/v2\/posts\/171391\/revisions\/224839"}],"wp:featuredmedia":[{"embeddable":true,"href":"https:\/\/franciscanos.org.br\/noticias\/wp-json\/wp\/v2\/media\/191804"}],"wp:attachment":[{"href":"https:\/\/franciscanos.org.br\/noticias\/wp-json\/wp\/v2\/media?parent=171391"}],"wp:term":[{"taxonomy":"category","embeddable":true,"href":"https:\/\/franciscanos.org.br\/noticias\/wp-json\/wp\/v2\/categories?post=171391"},{"taxonomy":"post_tag","embeddable":true,"href":"https:\/\/franciscanos.org.br\/noticias\/wp-json\/wp\/v2\/tags?post=171391"}],"curies":[{"name":"wp","href":"https:\/\/api.w.org\/{rel}","templated":true}]}}