{"id":171385,"date":"2018-09-14T07:30:54","date_gmt":"2018-09-14T10:30:54","guid":{"rendered":"http:\/\/franciscanos.org.br\/?p=171385"},"modified":"2020-02-17T10:26:53","modified_gmt":"2020-02-17T13:26:53","slug":"fae-inaugura-nova-estrutura-do-nucleo-de-pratica-juridica","status":"publish","type":"post","link":"https:\/\/franciscanos.org.br\/noticias\/fae-inaugura-nova-estrutura-do-nucleo-de-pratica-juridica.html","title":{"rendered":"FAE inaugura nova estrutura do N\u00facleo de Pr\u00e1tica Jur\u00eddica"},"content":{"rendered":"<p><img loading=\"lazy\" class=\"aligncenter\" src=\"http:\/\/franciscanos.org.br\/wp-content\/uploads\/2018\/09\/fae_140918.jpg\" alt=\"SONY DSC\" width=\"830\" height=\"423\" \/><\/p>\n<p>Neste segundo semestre, o <strong>N\u00facleo de Pr\u00e1tica Jur\u00eddica (NPJ)<\/strong> da FAE Centro Universit\u00e1rio \u2013 <em>campus<\/em> Curitiba passar\u00e1 a oferecer assist\u00eancia jur\u00eddica gratuita para a popula\u00e7\u00e3o e est\u00e1gio orientado para seus alunos de Direito em novo endere\u00e7o. Localizado no centro de Curitiba, o servi\u00e7o-escola da Institui\u00e7\u00e3o agora ocupa o pr\u00e9dio hist\u00f3rico, totalmente restaurado pela FAE, localizado na esquina da Rua 24 de Maio com a Visconde de Guarapuava.<\/p>\n<p>A inaugura\u00e7\u00e3o do novo espa\u00e7o ocorreu na \u00faltima semana e contou com a presen\u00e7a de professores, funcion\u00e1rios, reitoria e dire\u00e7\u00e3o do Grupo Educacional Bom Jesus. De acordo com o coordenador do curso de Direito e do NPJ do <em>campus<\/em> Curitiba da FAE, <strong>Karlo Messa Vettorazzi<\/strong>, \u201cmais do que manter um pr\u00e9dio hist\u00f3rico, estamos proporcionando neste lugar um servi\u00e7o de cidadania para a comunidade\u201d.<\/p>\n<p>Segundo o reitor da FAE, <strong>Jorge Ap\u00f3stolos Siarcos<\/strong>, a mudan\u00e7a estrat\u00e9gica de endere\u00e7o do NPJ visa atender \u00e0 demanda da popula\u00e7\u00e3o mais necessitada e tamb\u00e9m da comunidade acad\u00eamica. \u201cA nova sede oferece f\u00e1cil acesso \u00e0 popula\u00e7\u00e3o e est\u00e1 localizada em uma regi\u00e3o bastante movimentada, trazendo a academia mais pr\u00f3ximo das pessoas e fazendo com que os alunos tenham ainda mais contato com a realidade do mercado\u201d, explicou.<\/p>\n<p>A inaugura\u00e7\u00e3o foi conclu\u00edda com uma mensagem do presidente do Grupo Educacional Bom Jesus, Frei Jo\u00e3o Mannes, ressaltando que essa iniciativa segue \u201cos princ\u00edpios franciscanos de acolhimento e de servir ao pr\u00f3ximo, com potencial para mudar a vida de muitas pessoas\u201d.<\/p>\n<p><strong>Mem\u00f3ria arquitet\u00f4nica e justi\u00e7a social<\/strong><\/p>\n<p>\u201cConstru\u00eddo no in\u00edcio do s\u00e9culo XX, este im\u00f3vel, de valor hist\u00f3rico-cultural para Curitiba, foi adquirido em 1910 pelo Sr. Antonio de Barros Barbosa e sua esposa, Ana de Castro Barbosa. Manteve-se na fam\u00edlia at\u00e9 meados da d\u00e9cada de 1970 e, h\u00e1 gera\u00e7\u00f5es, embeleza nossa cidade com sua edifica\u00e7\u00e3o \u00edmpar.<\/p>\n<p>Com a aquisi\u00e7\u00e3o e o restauro de sua estrutura original, o Grupo Educacional Bom Jesus preserva um bem hist\u00f3rico de Curitiba, al\u00e9m de inaugurar a sede do N\u00facleo de Pr\u00e1tica Jur\u00eddica da FAE<strong>, <\/strong>oportunizando \u00e0 comunidade o acesso \u00e0 Justi\u00e7a, mediante assist\u00eancia gratuita com toda a <em>expertise<\/em> do curso de Direito da FAE.\u201d<\/p>\n<p>O texto acima est\u00e1 registrado na placa de identifica\u00e7\u00e3o da nova sede do NPJ do <em>campus<\/em> Curitiba.<\/p>\n<p><img loading=\"lazy\" class=\"aligncenter\" src=\"http:\/\/franciscanos.org.br\/wp-content\/uploads\/2018\/09\/fae_140918_1.jpg\" alt=\"SONY DSC\" width=\"830\" height=\"558\" \/><\/p>\n<p>A FAE tamb\u00e9m possui um NPJ no <em>campus<\/em> S\u00e3o Jos\u00e9 dos Pinhais. Mais informa\u00e7\u00f5es sobre o servi\u00e7o-escola est\u00e3o dispon\u00edveis no <a href=\"http:\/\/fae.edu\/servicos\/pratica-juridica.vm\"><em>site<\/em> da FAE<\/a> ou podem ser obtidas pelos contatos abaixo:<\/p>\n<p><strong>Curitiba<\/strong><\/p>\n<p>Endere\u00e7o: Rua 24 de Maio, 168.<\/p>\n<p>Telefone: (41) 2105-4845<\/p>\n<p>Hor\u00e1rio de atendimento: sob consulta.<\/p>\n<p><strong>S\u00e3o Jos\u00e9 dos Pinhais<\/strong><\/p>\n<p>Endere\u00e7o: Avenida Rui Barbosa, 9443.<\/p>\n<p>Telefone: (41) 2117-9808<\/p>\n<p>Hor\u00e1rios de atendimento:<\/p>\n<p>Segunda a sexta-feira, das 9h \u00e0s 11h50 e das 13h \u00e0s 18h.<\/p>\n","protected":false},"excerpt":{"rendered":"<p>Frente da Educa\u00e7\u00e3o<\/p>\n","protected":false},"author":1,"featured_media":221072,"comment_status":"open","ping_status":"open","sticky":false,"template":"","format":"standard","meta":[],"categories":[1],"tags":[],"acf":[],"yoast_head":"<!-- This site is optimized with the Yoast SEO plugin v19.2 - https:\/\/yoast.com\/wordpress\/plugins\/seo\/ -->\n<title>FAE inaugura nova estrutura do N\u00facleo de Pr\u00e1tica Jur\u00eddica - Not\u00edcias - Franciscanos<\/title>\n<meta name=\"robots\" content=\"index, follow, max-snippet:-1, max-image-preview:large, max-video-preview:-1\" \/>\n<link rel=\"canonical\" href=\"https:\/\/franciscanos.org.br\/noticias\/fae-inaugura-nova-estrutura-do-nucleo-de-pratica-juridica.html\" \/>\n<meta property=\"og:locale\" content=\"pt_BR\" \/>\n<meta property=\"og:type\" content=\"article\" \/>\n<meta property=\"og:title\" content=\"FAE inaugura nova estrutura do N\u00facleo de Pr\u00e1tica Jur\u00eddica - Not\u00edcias - Franciscanos\" \/>\n<meta property=\"og:description\" content=\"Frente da Educa\u00e7\u00e3o\" \/>\n<meta property=\"og:url\" content=\"https:\/\/franciscanos.org.br\/noticias\/fae-inaugura-nova-estrutura-do-nucleo-de-pratica-juridica.html\" \/>\n<meta property=\"og:site_name\" content=\"Not\u00edcias - Franciscanos\" \/>\n<meta property=\"article:published_time\" content=\"2018-09-14T10:30:54+00:00\" \/>\n<meta property=\"article:modified_time\" content=\"2020-02-17T13:26:53+00:00\" \/>\n<meta property=\"og:image\" content=\"https:\/\/franciscanos.org.br\/noticias\/wp-content\/uploads\/2018\/09\/fae_140918-1.jpg\" \/>\n\t<meta property=\"og:image:width\" content=\"273\" \/>\n\t<meta property=\"og:image:height\" content=\"181\" \/>\n\t<meta property=\"og:image:type\" content=\"image\/jpeg\" \/>\n<meta name=\"author\" content=\"admin\" \/>\n<meta name=\"twitter:card\" content=\"summary_large_image\" \/>\n<meta name=\"twitter:label1\" content=\"Escrito por\" \/>\n\t<meta name=\"twitter:data1\" content=\"admin\" \/>\n\t<meta name=\"twitter:label2\" content=\"Est. tempo de leitura\" \/>\n\t<meta name=\"twitter:data2\" content=\"2 minutos\" \/>\n<script type=\"application\/ld+json\" class=\"yoast-schema-graph\">{\"@context\":\"https:\/\/schema.org\",\"@graph\":[{\"@type\":\"WebSite\",\"@id\":\"https:\/\/franciscanos.org.br\/noticias\/#website\",\"url\":\"https:\/\/franciscanos.org.br\/noticias\/\",\"name\":\"Not\u00edcias - Franciscanos\",\"description\":\"Prov\u00edncia Franciscana da Imaculada Concei\u00e7\u00e3o do Brasil - Ordem dos Frades Menores - OFM\",\"potentialAction\":[{\"@type\":\"SearchAction\",\"target\":{\"@type\":\"EntryPoint\",\"urlTemplate\":\"https:\/\/franciscanos.org.br\/noticias\/?s={search_term_string}\"},\"query-input\":\"required name=search_term_string\"}],\"inLanguage\":\"pt-BR\"},{\"@type\":\"ImageObject\",\"inLanguage\":\"pt-BR\",\"@id\":\"https:\/\/franciscanos.org.br\/noticias\/fae-inaugura-nova-estrutura-do-nucleo-de-pratica-juridica.html#primaryimage\",\"url\":\"https:\/\/franciscanos.org.br\/noticias\/wp-content\/uploads\/2018\/09\/fae_140918-1.jpg\",\"contentUrl\":\"https:\/\/franciscanos.org.br\/noticias\/wp-content\/uploads\/2018\/09\/fae_140918-1.jpg\",\"width\":273,\"height\":181,\"caption\":\"SONY DSC\"},{\"@type\":\"WebPage\",\"@id\":\"https:\/\/franciscanos.org.br\/noticias\/fae-inaugura-nova-estrutura-do-nucleo-de-pratica-juridica.html#webpage\",\"url\":\"https:\/\/franciscanos.org.br\/noticias\/fae-inaugura-nova-estrutura-do-nucleo-de-pratica-juridica.html\",\"name\":\"FAE inaugura nova estrutura do N\u00facleo de Pr\u00e1tica Jur\u00eddica - Not\u00edcias - Franciscanos\",\"isPartOf\":{\"@id\":\"https:\/\/franciscanos.org.br\/noticias\/#website\"},\"primaryImageOfPage\":{\"@id\":\"https:\/\/franciscanos.org.br\/noticias\/fae-inaugura-nova-estrutura-do-nucleo-de-pratica-juridica.html#primaryimage\"},\"datePublished\":\"2018-09-14T10:30:54+00:00\",\"dateModified\":\"2020-02-17T13:26:53+00:00\",\"author\":{\"@id\":\"https:\/\/franciscanos.org.br\/noticias\/#\/schema\/person\/b38fbf43118f02820bd932f2e4b14ad3\"},\"breadcrumb\":{\"@id\":\"https:\/\/franciscanos.org.br\/noticias\/fae-inaugura-nova-estrutura-do-nucleo-de-pratica-juridica.html#breadcrumb\"},\"inLanguage\":\"pt-BR\",\"potentialAction\":[{\"@type\":\"ReadAction\",\"target\":[\"https:\/\/franciscanos.org.br\/noticias\/fae-inaugura-nova-estrutura-do-nucleo-de-pratica-juridica.html\"]}]},{\"@type\":\"BreadcrumbList\",\"@id\":\"https:\/\/franciscanos.org.br\/noticias\/fae-inaugura-nova-estrutura-do-nucleo-de-pratica-juridica.html#breadcrumb\",\"itemListElement\":[{\"@type\":\"ListItem\",\"position\":1,\"name\":\"Home\",\"item\":\"https:\/\/franciscanos.org.br\/noticias\"},{\"@type\":\"ListItem\",\"position\":2,\"name\":\"FAE inaugura nova estrutura do N\u00facleo de Pr\u00e1tica Jur\u00eddica\"}]},{\"@type\":\"Person\",\"@id\":\"https:\/\/franciscanos.org.br\/noticias\/#\/schema\/person\/b38fbf43118f02820bd932f2e4b14ad3\",\"name\":\"admin\",\"image\":{\"@type\":\"ImageObject\",\"inLanguage\":\"pt-BR\",\"@id\":\"https:\/\/franciscanos.org.br\/noticias\/#\/schema\/person\/image\/\",\"url\":\"https:\/\/secure.gravatar.com\/avatar\/e8495742d34d0ba6448ea1c628263b3e?s=96&d=mm&r=g\",\"contentUrl\":\"https:\/\/secure.gravatar.com\/avatar\/e8495742d34d0ba6448ea1c628263b3e?s=96&d=mm&r=g\",\"caption\":\"admin\"},\"url\":\"https:\/\/franciscanos.org.br\/noticias\/author\/admin\"}]}<\/script>\n<!-- \/ Yoast SEO plugin. -->","yoast_head_json":{"title":"FAE inaugura nova estrutura do N\u00facleo de Pr\u00e1tica Jur\u00eddica - Not\u00edcias - Franciscanos","robots":{"index":"index","follow":"follow","max-snippet":"max-snippet:-1","max-image-preview":"max-image-preview:large","max-video-preview":"max-video-preview:-1"},"canonical":"https:\/\/franciscanos.org.br\/noticias\/fae-inaugura-nova-estrutura-do-nucleo-de-pratica-juridica.html","og_locale":"pt_BR","og_type":"article","og_title":"FAE inaugura nova estrutura do N\u00facleo de Pr\u00e1tica Jur\u00eddica - Not\u00edcias - Franciscanos","og_description":"Frente da Educa\u00e7\u00e3o","og_url":"https:\/\/franciscanos.org.br\/noticias\/fae-inaugura-nova-estrutura-do-nucleo-de-pratica-juridica.html","og_site_name":"Not\u00edcias - Franciscanos","article_published_time":"2018-09-14T10:30:54+00:00","article_modified_time":"2020-02-17T13:26:53+00:00","og_image":[{"width":273,"height":181,"url":"https:\/\/franciscanos.org.br\/noticias\/wp-content\/uploads\/2018\/09\/fae_140918-1.jpg","type":"image\/jpeg"}],"author":"admin","twitter_card":"summary_large_image","twitter_misc":{"Escrito por":"admin","Est. tempo de leitura":"2 minutos"},"schema":{"@context":"https:\/\/schema.org","@graph":[{"@type":"WebSite","@id":"https:\/\/franciscanos.org.br\/noticias\/#website","url":"https:\/\/franciscanos.org.br\/noticias\/","name":"Not\u00edcias - Franciscanos","description":"Prov\u00edncia Franciscana da Imaculada Concei\u00e7\u00e3o do Brasil - Ordem dos Frades Menores - OFM","potentialAction":[{"@type":"SearchAction","target":{"@type":"EntryPoint","urlTemplate":"https:\/\/franciscanos.org.br\/noticias\/?s={search_term_string}"},"query-input":"required name=search_term_string"}],"inLanguage":"pt-BR"},{"@type":"ImageObject","inLanguage":"pt-BR","@id":"https:\/\/franciscanos.org.br\/noticias\/fae-inaugura-nova-estrutura-do-nucleo-de-pratica-juridica.html#primaryimage","url":"https:\/\/franciscanos.org.br\/noticias\/wp-content\/uploads\/2018\/09\/fae_140918-1.jpg","contentUrl":"https:\/\/franciscanos.org.br\/noticias\/wp-content\/uploads\/2018\/09\/fae_140918-1.jpg","width":273,"height":181,"caption":"SONY DSC"},{"@type":"WebPage","@id":"https:\/\/franciscanos.org.br\/noticias\/fae-inaugura-nova-estrutura-do-nucleo-de-pratica-juridica.html#webpage","url":"https:\/\/franciscanos.org.br\/noticias\/fae-inaugura-nova-estrutura-do-nucleo-de-pratica-juridica.html","name":"FAE inaugura nova estrutura do N\u00facleo de Pr\u00e1tica Jur\u00eddica - Not\u00edcias - Franciscanos","isPartOf":{"@id":"https:\/\/franciscanos.org.br\/noticias\/#website"},"primaryImageOfPage":{"@id":"https:\/\/franciscanos.org.br\/noticias\/fae-inaugura-nova-estrutura-do-nucleo-de-pratica-juridica.html#primaryimage"},"datePublished":"2018-09-14T10:30:54+00:00","dateModified":"2020-02-17T13:26:53+00:00","author":{"@id":"https:\/\/franciscanos.org.br\/noticias\/#\/schema\/person\/b38fbf43118f02820bd932f2e4b14ad3"},"breadcrumb":{"@id":"https:\/\/franciscanos.org.br\/noticias\/fae-inaugura-nova-estrutura-do-nucleo-de-pratica-juridica.html#breadcrumb"},"inLanguage":"pt-BR","potentialAction":[{"@type":"ReadAction","target":["https:\/\/franciscanos.org.br\/noticias\/fae-inaugura-nova-estrutura-do-nucleo-de-pratica-juridica.html"]}]},{"@type":"BreadcrumbList","@id":"https:\/\/franciscanos.org.br\/noticias\/fae-inaugura-nova-estrutura-do-nucleo-de-pratica-juridica.html#breadcrumb","itemListElement":[{"@type":"ListItem","position":1,"name":"Home","item":"https:\/\/franciscanos.org.br\/noticias"},{"@type":"ListItem","position":2,"name":"FAE inaugura nova estrutura do N\u00facleo de Pr\u00e1tica Jur\u00eddica"}]},{"@type":"Person","@id":"https:\/\/franciscanos.org.br\/noticias\/#\/schema\/person\/b38fbf43118f02820bd932f2e4b14ad3","name":"admin","image":{"@type":"ImageObject","inLanguage":"pt-BR","@id":"https:\/\/franciscanos.org.br\/noticias\/#\/schema\/person\/image\/","url":"https:\/\/secure.gravatar.com\/avatar\/e8495742d34d0ba6448ea1c628263b3e?s=96&d=mm&r=g","contentUrl":"https:\/\/secure.gravatar.com\/avatar\/e8495742d34d0ba6448ea1c628263b3e?s=96&d=mm&r=g","caption":"admin"},"url":"https:\/\/franciscanos.org.br\/noticias\/author\/admin"}]}},"_links":{"self":[{"href":"https:\/\/franciscanos.org.br\/noticias\/wp-json\/wp\/v2\/posts\/171385"}],"collection":[{"href":"https:\/\/franciscanos.org.br\/noticias\/wp-json\/wp\/v2\/posts"}],"about":[{"href":"https:\/\/franciscanos.org.br\/noticias\/wp-json\/wp\/v2\/types\/post"}],"author":[{"embeddable":true,"href":"https:\/\/franciscanos.org.br\/noticias\/wp-json\/wp\/v2\/users\/1"}],"replies":[{"embeddable":true,"href":"https:\/\/franciscanos.org.br\/noticias\/wp-json\/wp\/v2\/comments?post=171385"}],"version-history":[{"count":0,"href":"https:\/\/franciscanos.org.br\/noticias\/wp-json\/wp\/v2\/posts\/171385\/revisions"}],"wp:featuredmedia":[{"embeddable":true,"href":"https:\/\/franciscanos.org.br\/noticias\/wp-json\/wp\/v2\/media\/221072"}],"wp:attachment":[{"href":"https:\/\/franciscanos.org.br\/noticias\/wp-json\/wp\/v2\/media?parent=171385"}],"wp:term":[{"taxonomy":"category","embeddable":true,"href":"https:\/\/franciscanos.org.br\/noticias\/wp-json\/wp\/v2\/categories?post=171385"},{"taxonomy":"post_tag","embeddable":true,"href":"https:\/\/franciscanos.org.br\/noticias\/wp-json\/wp\/v2\/tags?post=171385"}],"curies":[{"name":"wp","href":"https:\/\/api.w.org\/{rel}","templated":true}]}}