{"id":171371,"date":"2018-09-13T16:58:55","date_gmt":"2018-09-13T19:58:55","guid":{"rendered":"http:\/\/franciscanos.org.br\/?p=171371"},"modified":"2018-11-27T14:36:44","modified_gmt":"2018-11-27T16:36:44","slug":"partilha-da-experiencia-dos-capuchinhos-do-rs","status":"publish","type":"post","link":"https:\/\/franciscanos.org.br\/noticias\/partilha-da-experiencia-dos-capuchinhos-do-rs.html","title":{"rendered":"Partilha da experi\u00eancia dos Capuchinhos do RS"},"content":{"rendered":"<p><img loading=\"lazy\" class=\"alignleft\" src=\"http:\/\/franciscanos.org.br\/wp-content\/uploads\/2018\/09\/formacao_130918-830ok.jpg\" alt=\"formacao_130918 830ok\" width=\"830\" height=\"400\" \/><strong>\u00c9rika Augusto\u00a0<\/strong><\/p>\n<p><strong>S\u00e3o Paulo (SP)<\/strong> \u2013 Na quarta-feira, 12 de setembro, a Frente de Evangeliza\u00e7\u00e3o da Comunica\u00e7\u00e3o realizou o 6\u00ba encontro do Programa de Forma\u00e7\u00e3o Permanente. Neste m\u00eas, o grupo contou com a assessoria de Frei Jo\u00e3o Carlos Romanini, frade capuchinho da Prov\u00edncia do Rio Grande do Sul e presidente da Signis Brasil &#8211; Associa\u00e7\u00e3o Cat\u00f3lica de Comunica\u00e7\u00e3o. Ele partilhou com o grupo sua experi\u00eancia na gest\u00e3o da Comunica\u00e7\u00e3o dos ve\u00edculos e meios ligados \u00e0 Prov\u00edncia dos Capuchinhos do RS.<\/p>\n<p>O encontro, que acontece por videoconfer\u00eancia, contou com a presen\u00e7a de colaboradores do Col\u00e9gio Bom Jesus e FAE, de Curitiba (PR); Funda\u00e7\u00e3o Frei Rog\u00e9rio, de Curitibanos (SC); TV Sudoeste, de Pato Branco (PR); Universidade S\u00e3o Francisco, de Bragan\u00e7a Paulista (SP), Servi\u00e7o Franciscano de Solidariedade (Sefras), de S\u00e3o Paulo e da Sede Provincial (SP). Este encontro ser\u00e1 a primeira parte do Encontro Ampliado da Frente de Evangeliza\u00e7\u00e3o da Comunica\u00e7\u00e3o, por isso participaram tamb\u00e9m o Ministro Provincial, Frei Fid\u00eancio Vanboemmel e o Vig\u00e1rio Provincial, Frei C\u00e9sar K\u00fclkamp.<\/p>\n<p>Frei Jo\u00e3o partilhou com os presentes sobre o trabalho realizado na Prov\u00edncia Sagrado Cora\u00e7\u00e3o de Jesus, dos Frades Menores Capuchinhos do Rio Grande do Sul. Segundo ele, s\u00e3o 120 anos de experi\u00eancia na comunica\u00e7\u00e3o. Nos anos 90, eles iniciaram o projeto para produ\u00e7\u00e3o de um manual para os ve\u00edculos de comunica\u00e7\u00e3o da Prov\u00edncia, intitulado \u201cO nosso jeito de fazer comunica\u00e7\u00e3o\u201d. \u201cNossa Prov\u00edncia tinha na \u00e9poca o setor de Comunica\u00e7\u00e3o. Sentimos a necessidade de uma linha editorial clara e objetiva dos nossos ve\u00edculos de comunica\u00e7\u00e3o\u201d, afirmou. Ele acrescentou que \u00e9 preciso diferenciar a evangeliza\u00e7\u00e3o da prega\u00e7\u00e3o do Evangelho atrav\u00e9s dos ve\u00edculos de comunica\u00e7\u00e3o.<br \/>\nPara ele, \u00e9 importante que os ve\u00edculos de comunica\u00e7\u00e3o busquem esta integra\u00e7\u00e3o. &#8220;Quando j\u00e1 se deseja falar uma linguagem comum, j\u00e1 \u00e9 o in\u00edcio da constru\u00e7\u00e3o do caminho&#8221;, assinalou. Ele destacou tamb\u00e9m que muitas vezes s\u00f3 o caminho at\u00e9 a vers\u00e3o final do material \u00e9 mais importante que o produto final. Frei Jo\u00e3o frisou tamb\u00e9m que o manual n\u00e3o pode ser uma receita de bolo, algo a ser seguido a risca, mas um balizador do trabalho dos ve\u00edculos.<\/p>\n<p>Frei Romanini destacou que com a presen\u00e7a do Papa Francisco, a Igreja ganhou um grande aliado, pois sua fala e seus posicionamentos est\u00e3o sempre na m\u00eddia. Ele ressaltou tamb\u00e9m que \u00e9 importante levar em considera\u00e7\u00e3o o diferencial da comunica\u00e7\u00e3o &#8211; da comunica\u00e7\u00e3o franciscana, especificamente &#8211; diante dos outros ve\u00edculos de comunica\u00e7\u00e3o seculares. &#8220;Dentro dos mercados, das cidades onde estamos, quais barreiras podemos romper?&#8221;, questionou. Para ajudar nesta reflex\u00e3o e na constru\u00e7\u00e3o do manual, ele colocou as seguintes perguntas, que podem ajudar: O que queremos? O que defendemos? O que n\u00e3o defendemos? Para que finalidade queremos um manual?<\/p>\n<p><img loading=\"lazy\" class=\"aligncenter\" src=\"http:\/\/franciscanos.org.br\/wp-content\/uploads\/2018\/09\/formacao_130918-830-2.jpg\" alt=\"formacao_130918 830 2\" width=\"830\" height=\"400\" \/><br \/>\nEst\u00e1 bem clara a nossa miss\u00e3o, que \u00e9 promover a cultura de paz e bem na vida das pessoas e comunidades. &#8220;Isso define o nosso projeto de comunica\u00e7\u00e3o e de neg\u00f3cios. Quando se fala em cultura de paz e bem, teremos que comprar algumas brigas, sejam pol\u00edticas, econ\u00f4micas, etc. Se n\u00f3s somos franciscanos, que temos um ve\u00edculo de comunica\u00e7\u00e3o servindo a Igreja, n\u00f3s temos que dar a cara a tapa&#8221;, alertou o assessor. &#8220;Temos que ser prof\u00e9ticos, mission\u00e1rios, ter cuidado com a Casa Comum, valores que n\u00f3s defendemos que est\u00e3o impl\u00edcitos dentro da miss\u00e3o&#8221;, completou Frei Jo\u00e3o Romanini.<\/p>\n<p>Outro aspecto levantado por ele foi a credibilidade que os ve\u00edculos franciscanos possuem, pois aliam qualidade t\u00e9cnica com valores, sem perder a atualidade. Para isso, \u00e9 importante que os profissionais estejam sempre atentos aos crit\u00e9rios b\u00e1sicos: checagem da comunica\u00e7\u00e3o, ouvir todos os lados envolvidos nas not\u00edcias, a isen\u00e7\u00e3o e busca permanente do interesse coletivo.&#8221;\u00c9 um jornalismo que jamais deve ser pautado pelo sensacionalismo, pela &#8216;carnificina das rodovias&#8217; e &#8216;porta de cadeias&#8217;, temos que ir al\u00e9m disso, sair do assistencialismo, buscando a verdade e a \u00e9tica, com utiliza\u00e7\u00e3o de uma linguagem inclusiva&#8221;, ressaltou.<\/p>\n<p>Em seguida, os participantes fizeram suas coloca\u00e7\u00f5es e perguntas ao assessor. Frei Fid\u00eancio Vanboemmel agradeceu e disse que \u00e9 necess\u00e1rio sair dos pequenos \u201cguetos\u201d que se formam para aprender de outras experi\u00eancias, crescer a partir da partilha. Ele afirmou que \u00e9 preciso valorizar a origem e a hist\u00f3ria de cada ve\u00edculo de comunica\u00e7\u00e3o da Prov\u00edncia, que nasceu dentro de um contexto hist\u00f3rico e local, mas que a cada dia a Prov\u00edncia sente a necessidade de ter linhas e metas comuns. &#8220;Temos que ter, enquanto Ordem Franciscana, denominadores comuns, respeitando a caracter\u00edstica de cada ve\u00edculo, mas ter uma m\u00edstica comum \u00e9 muito importante&#8221;, ponderou. Frei C\u00e9sar K\u00fclkamp destacou que os encontros de forma\u00e7\u00e3o, que acontecem mensalmente, favorecem a comunh\u00e3o entre os ve\u00edculos. Para ele, ainda \u00e9 necess\u00e1rio refor\u00e7ar a identidade em tudo o que \u00e9 feito.<\/p>\n<p>O pr\u00f3ximo encontro acontece no dia 10 de outubro, concluindo a reuni\u00e3o ampliada da Frente de Evangeliza\u00e7\u00e3o da Comunica\u00e7\u00e3o.<\/p>\n","protected":false},"excerpt":{"rendered":"<p>Comunica\u00e7\u00e3o<\/p>\n","protected":false},"author":1,"featured_media":191791,"comment_status":"open","ping_status":"open","sticky":false,"template":"","format":"standard","meta":[],"categories":[1],"tags":[497,550],"acf":[],"yoast_head":"<!-- This site is optimized with the Yoast SEO plugin v19.2 - https:\/\/yoast.com\/wordpress\/plugins\/seo\/ -->\n<title>Partilha da experi\u00eancia dos Capuchinhos do RS - Not\u00edcias - Franciscanos<\/title>\n<meta name=\"robots\" content=\"index, follow, max-snippet:-1, max-image-preview:large, max-video-preview:-1\" \/>\n<link rel=\"canonical\" href=\"https:\/\/franciscanos.org.br\/noticias\/partilha-da-experiencia-dos-capuchinhos-do-rs.html\" \/>\n<meta property=\"og:locale\" content=\"pt_BR\" \/>\n<meta property=\"og:type\" content=\"article\" \/>\n<meta property=\"og:title\" content=\"Partilha da experi\u00eancia dos Capuchinhos do RS - Not\u00edcias - Franciscanos\" \/>\n<meta property=\"og:description\" content=\"Comunica\u00e7\u00e3o\" \/>\n<meta property=\"og:url\" content=\"https:\/\/franciscanos.org.br\/noticias\/partilha-da-experiencia-dos-capuchinhos-do-rs.html\" \/>\n<meta property=\"og:site_name\" content=\"Not\u00edcias - Franciscanos\" \/>\n<meta property=\"article:published_time\" content=\"2018-09-13T19:58:55+00:00\" \/>\n<meta property=\"article:modified_time\" content=\"2018-11-27T16:36:44+00:00\" \/>\n<meta property=\"og:image\" content=\"https:\/\/franciscanos.org.br\/noticias\/wp-content\/uploads\/2018\/09\/formacao_130918-830ok.jpg\" \/>\n\t<meta property=\"og:image:width\" content=\"273\" \/>\n\t<meta property=\"og:image:height\" content=\"181\" \/>\n\t<meta property=\"og:image:type\" content=\"image\/jpeg\" \/>\n<meta name=\"author\" content=\"admin\" \/>\n<meta name=\"twitter:card\" content=\"summary_large_image\" \/>\n<meta name=\"twitter:label1\" content=\"Escrito por\" \/>\n\t<meta name=\"twitter:data1\" content=\"admin\" \/>\n\t<meta name=\"twitter:label2\" content=\"Est. tempo de leitura\" \/>\n\t<meta name=\"twitter:data2\" content=\"4 minutos\" \/>\n<script type=\"application\/ld+json\" class=\"yoast-schema-graph\">{\"@context\":\"https:\/\/schema.org\",\"@graph\":[{\"@type\":\"WebSite\",\"@id\":\"https:\/\/franciscanos.org.br\/noticias\/#website\",\"url\":\"https:\/\/franciscanos.org.br\/noticias\/\",\"name\":\"Not\u00edcias - Franciscanos\",\"description\":\"Prov\u00edncia Franciscana da Imaculada Concei\u00e7\u00e3o do Brasil - Ordem dos Frades Menores - OFM\",\"potentialAction\":[{\"@type\":\"SearchAction\",\"target\":{\"@type\":\"EntryPoint\",\"urlTemplate\":\"https:\/\/franciscanos.org.br\/noticias\/?s={search_term_string}\"},\"query-input\":\"required name=search_term_string\"}],\"inLanguage\":\"pt-BR\"},{\"@type\":\"ImageObject\",\"inLanguage\":\"pt-BR\",\"@id\":\"https:\/\/franciscanos.org.br\/noticias\/partilha-da-experiencia-dos-capuchinhos-do-rs.html#primaryimage\",\"url\":\"https:\/\/franciscanos.org.br\/noticias\/wp-content\/uploads\/2018\/09\/formacao_130918-830ok.jpg\",\"contentUrl\":\"https:\/\/franciscanos.org.br\/noticias\/wp-content\/uploads\/2018\/09\/formacao_130918-830ok.jpg\",\"width\":273,\"height\":181},{\"@type\":\"WebPage\",\"@id\":\"https:\/\/franciscanos.org.br\/noticias\/partilha-da-experiencia-dos-capuchinhos-do-rs.html#webpage\",\"url\":\"https:\/\/franciscanos.org.br\/noticias\/partilha-da-experiencia-dos-capuchinhos-do-rs.html\",\"name\":\"Partilha da experi\u00eancia dos Capuchinhos do RS - Not\u00edcias - Franciscanos\",\"isPartOf\":{\"@id\":\"https:\/\/franciscanos.org.br\/noticias\/#website\"},\"primaryImageOfPage\":{\"@id\":\"https:\/\/franciscanos.org.br\/noticias\/partilha-da-experiencia-dos-capuchinhos-do-rs.html#primaryimage\"},\"datePublished\":\"2018-09-13T19:58:55+00:00\",\"dateModified\":\"2018-11-27T16:36:44+00:00\",\"author\":{\"@id\":\"https:\/\/franciscanos.org.br\/noticias\/#\/schema\/person\/b38fbf43118f02820bd932f2e4b14ad3\"},\"breadcrumb\":{\"@id\":\"https:\/\/franciscanos.org.br\/noticias\/partilha-da-experiencia-dos-capuchinhos-do-rs.html#breadcrumb\"},\"inLanguage\":\"pt-BR\",\"potentialAction\":[{\"@type\":\"ReadAction\",\"target\":[\"https:\/\/franciscanos.org.br\/noticias\/partilha-da-experiencia-dos-capuchinhos-do-rs.html\"]}]},{\"@type\":\"BreadcrumbList\",\"@id\":\"https:\/\/franciscanos.org.br\/noticias\/partilha-da-experiencia-dos-capuchinhos-do-rs.html#breadcrumb\",\"itemListElement\":[{\"@type\":\"ListItem\",\"position\":1,\"name\":\"Home\",\"item\":\"https:\/\/franciscanos.org.br\/noticias\"},{\"@type\":\"ListItem\",\"position\":2,\"name\":\"Partilha da experi\u00eancia dos Capuchinhos do RS\"}]},{\"@type\":\"Person\",\"@id\":\"https:\/\/franciscanos.org.br\/noticias\/#\/schema\/person\/b38fbf43118f02820bd932f2e4b14ad3\",\"name\":\"admin\",\"image\":{\"@type\":\"ImageObject\",\"inLanguage\":\"pt-BR\",\"@id\":\"https:\/\/franciscanos.org.br\/noticias\/#\/schema\/person\/image\/\",\"url\":\"https:\/\/secure.gravatar.com\/avatar\/e8495742d34d0ba6448ea1c628263b3e?s=96&d=mm&r=g\",\"contentUrl\":\"https:\/\/secure.gravatar.com\/avatar\/e8495742d34d0ba6448ea1c628263b3e?s=96&d=mm&r=g\",\"caption\":\"admin\"},\"url\":\"https:\/\/franciscanos.org.br\/noticias\/author\/admin\"}]}<\/script>\n<!-- \/ Yoast SEO plugin. -->","yoast_head_json":{"title":"Partilha da experi\u00eancia dos Capuchinhos do RS - Not\u00edcias - Franciscanos","robots":{"index":"index","follow":"follow","max-snippet":"max-snippet:-1","max-image-preview":"max-image-preview:large","max-video-preview":"max-video-preview:-1"},"canonical":"https:\/\/franciscanos.org.br\/noticias\/partilha-da-experiencia-dos-capuchinhos-do-rs.html","og_locale":"pt_BR","og_type":"article","og_title":"Partilha da experi\u00eancia dos Capuchinhos do RS - Not\u00edcias - Franciscanos","og_description":"Comunica\u00e7\u00e3o","og_url":"https:\/\/franciscanos.org.br\/noticias\/partilha-da-experiencia-dos-capuchinhos-do-rs.html","og_site_name":"Not\u00edcias - Franciscanos","article_published_time":"2018-09-13T19:58:55+00:00","article_modified_time":"2018-11-27T16:36:44+00:00","og_image":[{"width":273,"height":181,"url":"https:\/\/franciscanos.org.br\/noticias\/wp-content\/uploads\/2018\/09\/formacao_130918-830ok.jpg","type":"image\/jpeg"}],"author":"admin","twitter_card":"summary_large_image","twitter_misc":{"Escrito por":"admin","Est. tempo de leitura":"4 minutos"},"schema":{"@context":"https:\/\/schema.org","@graph":[{"@type":"WebSite","@id":"https:\/\/franciscanos.org.br\/noticias\/#website","url":"https:\/\/franciscanos.org.br\/noticias\/","name":"Not\u00edcias - Franciscanos","description":"Prov\u00edncia Franciscana da Imaculada Concei\u00e7\u00e3o do Brasil - Ordem dos Frades Menores - OFM","potentialAction":[{"@type":"SearchAction","target":{"@type":"EntryPoint","urlTemplate":"https:\/\/franciscanos.org.br\/noticias\/?s={search_term_string}"},"query-input":"required name=search_term_string"}],"inLanguage":"pt-BR"},{"@type":"ImageObject","inLanguage":"pt-BR","@id":"https:\/\/franciscanos.org.br\/noticias\/partilha-da-experiencia-dos-capuchinhos-do-rs.html#primaryimage","url":"https:\/\/franciscanos.org.br\/noticias\/wp-content\/uploads\/2018\/09\/formacao_130918-830ok.jpg","contentUrl":"https:\/\/franciscanos.org.br\/noticias\/wp-content\/uploads\/2018\/09\/formacao_130918-830ok.jpg","width":273,"height":181},{"@type":"WebPage","@id":"https:\/\/franciscanos.org.br\/noticias\/partilha-da-experiencia-dos-capuchinhos-do-rs.html#webpage","url":"https:\/\/franciscanos.org.br\/noticias\/partilha-da-experiencia-dos-capuchinhos-do-rs.html","name":"Partilha da experi\u00eancia dos Capuchinhos do RS - Not\u00edcias - Franciscanos","isPartOf":{"@id":"https:\/\/franciscanos.org.br\/noticias\/#website"},"primaryImageOfPage":{"@id":"https:\/\/franciscanos.org.br\/noticias\/partilha-da-experiencia-dos-capuchinhos-do-rs.html#primaryimage"},"datePublished":"2018-09-13T19:58:55+00:00","dateModified":"2018-11-27T16:36:44+00:00","author":{"@id":"https:\/\/franciscanos.org.br\/noticias\/#\/schema\/person\/b38fbf43118f02820bd932f2e4b14ad3"},"breadcrumb":{"@id":"https:\/\/franciscanos.org.br\/noticias\/partilha-da-experiencia-dos-capuchinhos-do-rs.html#breadcrumb"},"inLanguage":"pt-BR","potentialAction":[{"@type":"ReadAction","target":["https:\/\/franciscanos.org.br\/noticias\/partilha-da-experiencia-dos-capuchinhos-do-rs.html"]}]},{"@type":"BreadcrumbList","@id":"https:\/\/franciscanos.org.br\/noticias\/partilha-da-experiencia-dos-capuchinhos-do-rs.html#breadcrumb","itemListElement":[{"@type":"ListItem","position":1,"name":"Home","item":"https:\/\/franciscanos.org.br\/noticias"},{"@type":"ListItem","position":2,"name":"Partilha da experi\u00eancia dos Capuchinhos do RS"}]},{"@type":"Person","@id":"https:\/\/franciscanos.org.br\/noticias\/#\/schema\/person\/b38fbf43118f02820bd932f2e4b14ad3","name":"admin","image":{"@type":"ImageObject","inLanguage":"pt-BR","@id":"https:\/\/franciscanos.org.br\/noticias\/#\/schema\/person\/image\/","url":"https:\/\/secure.gravatar.com\/avatar\/e8495742d34d0ba6448ea1c628263b3e?s=96&d=mm&r=g","contentUrl":"https:\/\/secure.gravatar.com\/avatar\/e8495742d34d0ba6448ea1c628263b3e?s=96&d=mm&r=g","caption":"admin"},"url":"https:\/\/franciscanos.org.br\/noticias\/author\/admin"}]}},"_links":{"self":[{"href":"https:\/\/franciscanos.org.br\/noticias\/wp-json\/wp\/v2\/posts\/171371"}],"collection":[{"href":"https:\/\/franciscanos.org.br\/noticias\/wp-json\/wp\/v2\/posts"}],"about":[{"href":"https:\/\/franciscanos.org.br\/noticias\/wp-json\/wp\/v2\/types\/post"}],"author":[{"embeddable":true,"href":"https:\/\/franciscanos.org.br\/noticias\/wp-json\/wp\/v2\/users\/1"}],"replies":[{"embeddable":true,"href":"https:\/\/franciscanos.org.br\/noticias\/wp-json\/wp\/v2\/comments?post=171371"}],"version-history":[{"count":0,"href":"https:\/\/franciscanos.org.br\/noticias\/wp-json\/wp\/v2\/posts\/171371\/revisions"}],"wp:featuredmedia":[{"embeddable":true,"href":"https:\/\/franciscanos.org.br\/noticias\/wp-json\/wp\/v2\/media\/191791"}],"wp:attachment":[{"href":"https:\/\/franciscanos.org.br\/noticias\/wp-json\/wp\/v2\/media?parent=171371"}],"wp:term":[{"taxonomy":"category","embeddable":true,"href":"https:\/\/franciscanos.org.br\/noticias\/wp-json\/wp\/v2\/categories?post=171371"},{"taxonomy":"post_tag","embeddable":true,"href":"https:\/\/franciscanos.org.br\/noticias\/wp-json\/wp\/v2\/tags?post=171371"}],"curies":[{"name":"wp","href":"https:\/\/api.w.org\/{rel}","templated":true}]}}