{"id":17136,"date":"2012-05-07T07:43:54","date_gmt":"2012-05-07T10:43:54","guid":{"rendered":"http:\/\/new.franciscanos.org.br\/?p=17136"},"modified":"2019-07-03T13:52:42","modified_gmt":"2019-07-03T16:52:42","slug":"caminhada-ecologica-propoe-defesa-da-vida-no-planeta","status":"publish","type":"post","link":"https:\/\/franciscanos.org.br\/noticias\/caminhada-ecologica-propoe-defesa-da-vida-no-planeta.html","title":{"rendered":"Caminhada Ecol\u00f3gica prop\u00f5e defesa da vida no planeta"},"content":{"rendered":"<p><img loading=\"lazy\" src=\"http:\/\/franciscanos.org.br\/wp-content\/uploads\/2012\/05\/2177_070512.jpg\" alt=\"\" width=\"830\" height=\"319\" border=\"0\" \/><\/p>\n<p>Muita alegria e disposi\u00e7\u00e3o para caminhar marcaram a XIII Caminhada Ecol\u00f3gica Franciscana Paty-Petr\u00f3polis que reuniu mais de quinhentas pessoas no \u00faltimo s\u00e1bado (05\/5). A caminhada j\u00e1 se tornou tradicional para os amantes da natureza, do ar puro e de uma boa caminhada, e para aqueles que lutam em defesa da vida e por uma cultura de paz.<\/p>\n<p>Anualmente, o evento \u00e9 promovido pelo Instituto Teol\u00f3gico Franciscano, pela Par\u00f3quia do Sagrado Cora\u00e7\u00e3o de Jesus \u2013 Petr\u00f3polis &#8211; e pela Par\u00f3quia de Nossa Senhora da Concei\u00e7\u00e3o &#8211; Paty do Alferes &#8211; ambas na Regi\u00e3o Serrana do Rio de Janeiro. A caminhada tamb\u00e9m conta com a participa\u00e7\u00e3o de outras fraternidades e pessoas interessadas na tem\u00e1tica ambiental.<\/p>\n<p>O evento engloba duas caminhadas, cujos participantes, vindos de Paty do Alferes e de Petr\u00f3polis, se encontram no alto da Reserva Biol\u00f3gica do Tingu\u00e1, no conjunto da Serra dos \u00d3rg\u00e3os. A reserva se estende por uma \u00e1rea de 26 mil hectares e abrange seis munic\u00edpios. Em 1997 a reserva foi declarada Patrim\u00f4nio da Humanidade pela Unesco e est\u00e1 inclu\u00edda na reserva da biosfera da Mata Atl\u00e2ntica.<\/p>\n<p>A caminhada \u00e9 uma rica experi\u00eancia fraterna que tem como objetivo despertar a consci\u00eancia ambiental dos participantes e proporcionar um maior contato com as belezas naturais da regi\u00e3o atrav\u00e9s de reflex\u00f5es sobre a obra da Cria\u00e7\u00e3o. Outro objetivo \u00e9 mostrar para as crian\u00e7as e os jovens h\u00e1bitos saud\u00e1veis e refletir sobre as possibilidades de aliar desenvolvimento e preserva\u00e7\u00e3o ambiental para as futuras gera\u00e7\u00f5es.<\/p>\n<p>A caminhada \u00e9 realizada percorrendo a Estrada do Fac\u00e3o, antiga Estrada do Imperador, famosa por sua vegeta\u00e7\u00e3o e fauna exuberantes e de rara beleza. S\u00e3o percorridos cerca de 14km de caminhada entre ida e volta. Durante o percurso s\u00e3o feitas algumas paradas para descanso e momentos de reflex\u00e3o sobre temas relacionados ao meio ambiente.<\/p>\n<p>Al\u00e9m do tema da Campanha da Fraternidade 2012, os organizadores da caminhada destacaram o esfor\u00e7o da fam\u00edlia franciscana para a realiza\u00e7\u00e3o da C\u00fapula dos Povos, evento paralelo que servir\u00e1 de contraponto a Confer\u00eancia das Na\u00e7\u00f5es Unidas sobre Desenvolvimento Sustent\u00e1vel, a Rio+20, que se realizar\u00e1 de13 a22 de junho, na Cidade do Rio de Janeiro.<\/p>\n<p>O objetivo da confer\u00eancia \u00e9 a renova\u00e7\u00e3o do compromisso pol\u00edtico com o desenvolvimento sustent\u00e1vel, por meio da avalia\u00e7\u00e3o do progresso e das lacunas na implementa\u00e7\u00e3o das decis\u00f5es adotadas pelas principais c\u00fapulas sobre o assunto e do tratamento de temas novos e emergentes. A Rio+20 \u00e9 assim conhecida porque marca os vinte anos de realiza\u00e7\u00e3o da Confer\u00eancia das Na\u00e7\u00f5es Unidas sobre Meio Ambiente e Desenvolvimento (Rio-92) e dever\u00e1 contribuir para definir a agenda do desenvolvimento sustent\u00e1vel para as pr\u00f3ximas d\u00e9cadas.<\/p>\n<p>Esse ano a Caminhada Ecol\u00f3gica contou com a participa\u00e7\u00e3o do bispo diocesano de Valen\u00e7a (RJ), Dom Frei Elias James Manning, OFMConv. que exortou a todos sobre a import\u00e2ncia de agirmos como o bons samaritanos diante da indiferen\u00e7a humana ao pr\u00f3ximo e ao meio ambiente. O evento tamb\u00e9m contou com a presen\u00e7a das fraternidades franciscanas seculares de Duque de Caxias, Nil\u00f3polis e S\u00e3o Jo\u00e3o de Meriti, do Grupo Jovens que Acreditam no Amor (Paty do Alferes), membros da Fam\u00edlia Franciscana do Brasil (FFB) e pelos frades da Prov\u00edncia da Imaculada Concei\u00e7\u00e3o Andr\u00e9 Luiz da Rocha Henriques (Petr\u00f3polis), Ludovico Garmus (ITF), Pedro de Oliveira Rodrigues (Paty do Alferes) e Sandro Roberto da Costa (ITF) e frades estudantes de Petr\u00f3polis que prestigiaram a caminhada.<\/p>\n<p>Al\u00e9m de desfrutar um dia saud\u00e1vel, em meio ao ar puro, contemplando a bel\u00edssima natureza, os participantes sa\u00edram renovados em sua disposi\u00e7\u00e3o de defender o meio ambiente e promover a qualidade de vida para todos. Louvemos o Alt\u00edssimo e Bom Senhor pela M\u00e3e Terra e todas as suas criaturas!<\/p>\n<p><strong>Por Cl\u00e1udio Santos, especial para este site<\/strong><\/p>\n","protected":false},"excerpt":{"rendered":"<p>Ecologia<\/p>\n","protected":false},"author":1,"featured_media":207190,"comment_status":"closed","ping_status":"closed","sticky":false,"template":"","format":"standard","meta":[],"categories":[1],"tags":[763,764,60],"acf":[],"yoast_head":"<!-- This site is optimized with the Yoast SEO plugin v19.2 - https:\/\/yoast.com\/wordpress\/plugins\/seo\/ -->\n<title>Caminhada Ecol\u00f3gica prop\u00f5e defesa da vida no planeta - Not\u00edcias - Franciscanos<\/title>\n<meta name=\"robots\" content=\"index, follow, max-snippet:-1, max-image-preview:large, max-video-preview:-1\" \/>\n<link rel=\"canonical\" href=\"https:\/\/franciscanos.org.br\/noticias\/caminhada-ecologica-propoe-defesa-da-vida-no-planeta.html\" \/>\n<meta property=\"og:locale\" content=\"pt_BR\" \/>\n<meta property=\"og:type\" content=\"article\" \/>\n<meta property=\"og:title\" content=\"Caminhada Ecol\u00f3gica prop\u00f5e defesa da vida no planeta - Not\u00edcias - Franciscanos\" \/>\n<meta property=\"og:description\" content=\"Ecologia\" \/>\n<meta property=\"og:url\" content=\"https:\/\/franciscanos.org.br\/noticias\/caminhada-ecologica-propoe-defesa-da-vida-no-planeta.html\" \/>\n<meta property=\"og:site_name\" content=\"Not\u00edcias - Franciscanos\" \/>\n<meta property=\"article:published_time\" content=\"2012-05-07T10:43:54+00:00\" \/>\n<meta property=\"article:modified_time\" content=\"2019-07-03T16:52:42+00:00\" \/>\n<meta property=\"og:image\" content=\"https:\/\/franciscanos.org.br\/noticias\/wp-content\/uploads\/2012\/05\/caminhada_03.jpg\" \/>\n\t<meta property=\"og:image:width\" content=\"273\" \/>\n\t<meta property=\"og:image:height\" content=\"181\" \/>\n\t<meta property=\"og:image:type\" content=\"image\/jpeg\" \/>\n<meta name=\"author\" content=\"admin\" \/>\n<meta name=\"twitter:card\" content=\"summary_large_image\" \/>\n<meta name=\"twitter:label1\" content=\"Escrito por\" \/>\n\t<meta name=\"twitter:data1\" content=\"admin\" \/>\n\t<meta name=\"twitter:label2\" content=\"Est. tempo de leitura\" \/>\n\t<meta name=\"twitter:data2\" content=\"3 minutos\" \/>\n<script type=\"application\/ld+json\" class=\"yoast-schema-graph\">{\"@context\":\"https:\/\/schema.org\",\"@graph\":[{\"@type\":\"WebSite\",\"@id\":\"https:\/\/franciscanos.org.br\/noticias\/#website\",\"url\":\"https:\/\/franciscanos.org.br\/noticias\/\",\"name\":\"Not\u00edcias - Franciscanos\",\"description\":\"Prov\u00edncia Franciscana da Imaculada Concei\u00e7\u00e3o do Brasil - Ordem dos Frades Menores - OFM\",\"potentialAction\":[{\"@type\":\"SearchAction\",\"target\":{\"@type\":\"EntryPoint\",\"urlTemplate\":\"https:\/\/franciscanos.org.br\/noticias\/?s={search_term_string}\"},\"query-input\":\"required name=search_term_string\"}],\"inLanguage\":\"pt-BR\"},{\"@type\":\"ImageObject\",\"inLanguage\":\"pt-BR\",\"@id\":\"https:\/\/franciscanos.org.br\/noticias\/caminhada-ecologica-propoe-defesa-da-vida-no-planeta.html#primaryimage\",\"url\":\"https:\/\/franciscanos.org.br\/noticias\/wp-content\/uploads\/2012\/05\/caminhada_03.jpg\",\"contentUrl\":\"https:\/\/franciscanos.org.br\/noticias\/wp-content\/uploads\/2012\/05\/caminhada_03.jpg\",\"width\":273,\"height\":181},{\"@type\":\"WebPage\",\"@id\":\"https:\/\/franciscanos.org.br\/noticias\/caminhada-ecologica-propoe-defesa-da-vida-no-planeta.html#webpage\",\"url\":\"https:\/\/franciscanos.org.br\/noticias\/caminhada-ecologica-propoe-defesa-da-vida-no-planeta.html\",\"name\":\"Caminhada Ecol\u00f3gica prop\u00f5e defesa da vida no planeta - Not\u00edcias - Franciscanos\",\"isPartOf\":{\"@id\":\"https:\/\/franciscanos.org.br\/noticias\/#website\"},\"primaryImageOfPage\":{\"@id\":\"https:\/\/franciscanos.org.br\/noticias\/caminhada-ecologica-propoe-defesa-da-vida-no-planeta.html#primaryimage\"},\"datePublished\":\"2012-05-07T10:43:54+00:00\",\"dateModified\":\"2019-07-03T16:52:42+00:00\",\"author\":{\"@id\":\"https:\/\/franciscanos.org.br\/noticias\/#\/schema\/person\/b38fbf43118f02820bd932f2e4b14ad3\"},\"breadcrumb\":{\"@id\":\"https:\/\/franciscanos.org.br\/noticias\/caminhada-ecologica-propoe-defesa-da-vida-no-planeta.html#breadcrumb\"},\"inLanguage\":\"pt-BR\",\"potentialAction\":[{\"@type\":\"ReadAction\",\"target\":[\"https:\/\/franciscanos.org.br\/noticias\/caminhada-ecologica-propoe-defesa-da-vida-no-planeta.html\"]}]},{\"@type\":\"BreadcrumbList\",\"@id\":\"https:\/\/franciscanos.org.br\/noticias\/caminhada-ecologica-propoe-defesa-da-vida-no-planeta.html#breadcrumb\",\"itemListElement\":[{\"@type\":\"ListItem\",\"position\":1,\"name\":\"Home\",\"item\":\"https:\/\/franciscanos.org.br\/noticias\"},{\"@type\":\"ListItem\",\"position\":2,\"name\":\"Caminhada Ecol\u00f3gica prop\u00f5e defesa da vida no planeta\"}]},{\"@type\":\"Person\",\"@id\":\"https:\/\/franciscanos.org.br\/noticias\/#\/schema\/person\/b38fbf43118f02820bd932f2e4b14ad3\",\"name\":\"admin\",\"image\":{\"@type\":\"ImageObject\",\"inLanguage\":\"pt-BR\",\"@id\":\"https:\/\/franciscanos.org.br\/noticias\/#\/schema\/person\/image\/\",\"url\":\"https:\/\/secure.gravatar.com\/avatar\/e8495742d34d0ba6448ea1c628263b3e?s=96&d=mm&r=g\",\"contentUrl\":\"https:\/\/secure.gravatar.com\/avatar\/e8495742d34d0ba6448ea1c628263b3e?s=96&d=mm&r=g\",\"caption\":\"admin\"},\"url\":\"https:\/\/franciscanos.org.br\/noticias\/author\/admin\"}]}<\/script>\n<!-- \/ Yoast SEO plugin. -->","yoast_head_json":{"title":"Caminhada Ecol\u00f3gica prop\u00f5e defesa da vida no planeta - Not\u00edcias - Franciscanos","robots":{"index":"index","follow":"follow","max-snippet":"max-snippet:-1","max-image-preview":"max-image-preview:large","max-video-preview":"max-video-preview:-1"},"canonical":"https:\/\/franciscanos.org.br\/noticias\/caminhada-ecologica-propoe-defesa-da-vida-no-planeta.html","og_locale":"pt_BR","og_type":"article","og_title":"Caminhada Ecol\u00f3gica prop\u00f5e defesa da vida no planeta - Not\u00edcias - Franciscanos","og_description":"Ecologia","og_url":"https:\/\/franciscanos.org.br\/noticias\/caminhada-ecologica-propoe-defesa-da-vida-no-planeta.html","og_site_name":"Not\u00edcias - Franciscanos","article_published_time":"2012-05-07T10:43:54+00:00","article_modified_time":"2019-07-03T16:52:42+00:00","og_image":[{"width":273,"height":181,"url":"https:\/\/franciscanos.org.br\/noticias\/wp-content\/uploads\/2012\/05\/caminhada_03.jpg","type":"image\/jpeg"}],"author":"admin","twitter_card":"summary_large_image","twitter_misc":{"Escrito por":"admin","Est. tempo de leitura":"3 minutos"},"schema":{"@context":"https:\/\/schema.org","@graph":[{"@type":"WebSite","@id":"https:\/\/franciscanos.org.br\/noticias\/#website","url":"https:\/\/franciscanos.org.br\/noticias\/","name":"Not\u00edcias - Franciscanos","description":"Prov\u00edncia Franciscana da Imaculada Concei\u00e7\u00e3o do Brasil - Ordem dos Frades Menores - OFM","potentialAction":[{"@type":"SearchAction","target":{"@type":"EntryPoint","urlTemplate":"https:\/\/franciscanos.org.br\/noticias\/?s={search_term_string}"},"query-input":"required name=search_term_string"}],"inLanguage":"pt-BR"},{"@type":"ImageObject","inLanguage":"pt-BR","@id":"https:\/\/franciscanos.org.br\/noticias\/caminhada-ecologica-propoe-defesa-da-vida-no-planeta.html#primaryimage","url":"https:\/\/franciscanos.org.br\/noticias\/wp-content\/uploads\/2012\/05\/caminhada_03.jpg","contentUrl":"https:\/\/franciscanos.org.br\/noticias\/wp-content\/uploads\/2012\/05\/caminhada_03.jpg","width":273,"height":181},{"@type":"WebPage","@id":"https:\/\/franciscanos.org.br\/noticias\/caminhada-ecologica-propoe-defesa-da-vida-no-planeta.html#webpage","url":"https:\/\/franciscanos.org.br\/noticias\/caminhada-ecologica-propoe-defesa-da-vida-no-planeta.html","name":"Caminhada Ecol\u00f3gica prop\u00f5e defesa da vida no planeta - Not\u00edcias - Franciscanos","isPartOf":{"@id":"https:\/\/franciscanos.org.br\/noticias\/#website"},"primaryImageOfPage":{"@id":"https:\/\/franciscanos.org.br\/noticias\/caminhada-ecologica-propoe-defesa-da-vida-no-planeta.html#primaryimage"},"datePublished":"2012-05-07T10:43:54+00:00","dateModified":"2019-07-03T16:52:42+00:00","author":{"@id":"https:\/\/franciscanos.org.br\/noticias\/#\/schema\/person\/b38fbf43118f02820bd932f2e4b14ad3"},"breadcrumb":{"@id":"https:\/\/franciscanos.org.br\/noticias\/caminhada-ecologica-propoe-defesa-da-vida-no-planeta.html#breadcrumb"},"inLanguage":"pt-BR","potentialAction":[{"@type":"ReadAction","target":["https:\/\/franciscanos.org.br\/noticias\/caminhada-ecologica-propoe-defesa-da-vida-no-planeta.html"]}]},{"@type":"BreadcrumbList","@id":"https:\/\/franciscanos.org.br\/noticias\/caminhada-ecologica-propoe-defesa-da-vida-no-planeta.html#breadcrumb","itemListElement":[{"@type":"ListItem","position":1,"name":"Home","item":"https:\/\/franciscanos.org.br\/noticias"},{"@type":"ListItem","position":2,"name":"Caminhada Ecol\u00f3gica prop\u00f5e defesa da vida no planeta"}]},{"@type":"Person","@id":"https:\/\/franciscanos.org.br\/noticias\/#\/schema\/person\/b38fbf43118f02820bd932f2e4b14ad3","name":"admin","image":{"@type":"ImageObject","inLanguage":"pt-BR","@id":"https:\/\/franciscanos.org.br\/noticias\/#\/schema\/person\/image\/","url":"https:\/\/secure.gravatar.com\/avatar\/e8495742d34d0ba6448ea1c628263b3e?s=96&d=mm&r=g","contentUrl":"https:\/\/secure.gravatar.com\/avatar\/e8495742d34d0ba6448ea1c628263b3e?s=96&d=mm&r=g","caption":"admin"},"url":"https:\/\/franciscanos.org.br\/noticias\/author\/admin"}]}},"_links":{"self":[{"href":"https:\/\/franciscanos.org.br\/noticias\/wp-json\/wp\/v2\/posts\/17136"}],"collection":[{"href":"https:\/\/franciscanos.org.br\/noticias\/wp-json\/wp\/v2\/posts"}],"about":[{"href":"https:\/\/franciscanos.org.br\/noticias\/wp-json\/wp\/v2\/types\/post"}],"author":[{"embeddable":true,"href":"https:\/\/franciscanos.org.br\/noticias\/wp-json\/wp\/v2\/users\/1"}],"replies":[{"embeddable":true,"href":"https:\/\/franciscanos.org.br\/noticias\/wp-json\/wp\/v2\/comments?post=17136"}],"version-history":[{"count":0,"href":"https:\/\/franciscanos.org.br\/noticias\/wp-json\/wp\/v2\/posts\/17136\/revisions"}],"wp:featuredmedia":[{"embeddable":true,"href":"https:\/\/franciscanos.org.br\/noticias\/wp-json\/wp\/v2\/media\/207190"}],"wp:attachment":[{"href":"https:\/\/franciscanos.org.br\/noticias\/wp-json\/wp\/v2\/media?parent=17136"}],"wp:term":[{"taxonomy":"category","embeddable":true,"href":"https:\/\/franciscanos.org.br\/noticias\/wp-json\/wp\/v2\/categories?post=17136"},{"taxonomy":"post_tag","embeddable":true,"href":"https:\/\/franciscanos.org.br\/noticias\/wp-json\/wp\/v2\/tags?post=17136"}],"curies":[{"name":"wp","href":"https:\/\/api.w.org\/{rel}","templated":true}]}}